{"id":175129,"date":"2022-05-19T00:00:00","date_gmt":"2022-05-18T21:00:00","guid":{"rendered":"http:\/\/south.euneighbours.eu\/news\/liban-declaration-du-haut-representant-sur-les-elections-legislatives\/"},"modified":"2022-07-08T15:45:35","modified_gmt":"2022-07-08T12:45:35","slug":"liban-declaration-du-haut-representant-sur-les-elections-legislatives","status":"publish","type":"news","link":"https:\/\/www.eumedbridge.eu\/fr\/news\/liban-declaration-du-haut-representant-sur-les-elections-legislatives\/","title":{"rendered":"Liban\u00a0: d\u00e9claration du Haut repr\u00e9sentant sur les \u00e9lections l\u00e9gislatives"},"content":{"rendered":"<p>L\u2019Union europ\u00e9enne salue la tenue des \u00e9lections l\u00e9gislatives au Liban le 15\u00a0mai. Nous f\u00e9licitons les Libanais, ceux qui ont vot\u00e9 et ceux qui ont particip\u00e9 \u00e0 la pr\u00e9paration et \u00e0 la mise en \u0153uvre du processus \u00e9lectoral, pour leur participation citoyenne, malgr\u00e9 les circonstances politiques, \u00e9conomiques et sociales difficiles entourant ces \u00e9lections.<\/p>\n<p>Nous f\u00e9licitons \u00e9galement les forces de l\u2019ordre pour leur contribution au maintien d\u2019un environnement calme et s\u00fbr dans l\u2019ensemble et \u00e0 la tenue des \u00e9lections sans incidents de s\u00e9curit\u00e9 majeurs.<\/p>\n<p>L\u2019UE a contribu\u00e9 \u00e0 rendre ces \u00e9lections possibles en fournissant une assistance technique \u00e9tendue aux organes de gestion des \u00e9lections et en envoyant une mission d\u2019observation \u00e9lectorale (MOE).<\/p>\n<p>La MOE a publi\u00e9 aujourd\u2019hui ses conclusions pr\u00e9liminaires. Elle a soulign\u00e9 l\u2019absence de r\u00e8gles du jeu \u00e9quitables due au syst\u00e8me \u00e9lectoral, \u00e0 des irr\u00e9gularit\u00e9s et \u00e0 l\u2019achat de voix. Un rapport final sera publi\u00e9 prochainement.<\/p>\n<p><strong>Pour plus d&rsquo;informations<\/strong><\/p>\n<p><a href=\"https:\/\/www.eeas.europa.eu\/eeas\/lebanon-statement-high-representative-parliamentary-elections_en\">Communiqu\u00e9 de presse<\/a><\/p>\n","protected":false},"featured_media":174825,"parent":0,"template":"","news_category":[],"country":[1949],"special_action":[],"custom_tag":[2313,2821],"class_list":["post-175129","news","type-news","status-publish","has-post-thumbnail","hentry","country-liban","custom_tag-droit-de-lhomme","custom_tag-migration-fr"],"acf":[],"yoast_head":"<!-- This site is optimized with the Yoast SEO plugin v26.5 - https:\/\/yoast.com\/wordpress\/plugins\/seo\/ -->\n<title>Liban\u00a0: d\u00e9claration du Haut repr\u00e9sentant sur les \u00e9lections l\u00e9gislatives - Voisins de l&#039;UE<\/title>\n<meta name=\"robots\" content=\"index, follow, max-snippet:-1, max-image-preview:large, max-video-preview:-1\" \/>\n<link rel=\"canonical\" href=\"https:\/\/www.eumedbridge.eu\/fr\/news\/liban-declaration-du-haut-representant-sur-les-elections-legislatives\/\" \/>\n<meta property=\"og:locale\" content=\"fr_FR\" \/>\n<meta property=\"og:type\" content=\"article\" \/>\n<meta property=\"og:title\" content=\"Liban\u00a0: d\u00e9claration du Haut repr\u00e9sentant sur les \u00e9lections l\u00e9gislatives - Voisins de l&#039;UE\" \/>\n<meta property=\"og:description\" content=\"L\u2019Union europ\u00e9enne salue la tenue des \u00e9lections l\u00e9gislatives au Liban le 15\u00a0mai. Nous f\u00e9licitons les Libanais, ceux qui ont vot\u00e9 et ceux qui ont particip\u00e9 \u00e0 la pr\u00e9paration et \u00e0 la mise en \u0153uvre du processus \u00e9lectoral, pour leur participation citoyenne, malgr\u00e9 les circonstances politiques, \u00e9conomiques et sociales difficiles entourant ces \u00e9lections. Nous f\u00e9licitons \u00e9galement [&hellip;]\" \/>\n<meta property=\"og:url\" content=\"https:\/\/www.eumedbridge.eu\/fr\/news\/liban-declaration-du-haut-representant-sur-les-elections-legislatives\/\" \/>\n<meta property=\"og:site_name\" content=\"Voisins de l&#039;UE\" \/>\n<meta property=\"article:publisher\" content=\"https:\/\/www.facebook.com\/eumedbridge\/\" \/>\n<meta property=\"article:modified_time\" content=\"2022-07-08T12:45:35+00:00\" \/>\n<meta property=\"og:image\" content=\"https:\/\/www.eumedbridge.eu\/wp-content\/uploads\/2022\/05\/eu-lebanon-flags_1.jpg\" \/>\n\t<meta property=\"og:image:width\" content=\"1772\" \/>\n\t<meta property=\"og:image:height\" content=\"1181\" \/>\n\t<meta property=\"og:image:type\" content=\"image\/jpeg\" \/>\n<meta name=\"twitter:card\" content=\"summary_large_image\" \/>\n<meta name=\"twitter:site\" content=\"@eumedbridge\" \/>\n<meta name=\"twitter:label1\" content=\"Dur\u00e9e de lecture estim\u00e9e\" \/>\n\t<meta name=\"twitter:data1\" content=\"1 minute\" \/>\n<script type=\"application\/ld+json\" class=\"yoast-schema-graph\">{\"@context\":\"https:\/\/schema.org\",\"@graph\":[{\"@type\":\"WebPage\",\"@id\":\"https:\/\/www.eumedbridge.eu\/fr\/news\/liban-declaration-du-haut-representant-sur-les-elections-legislatives\/\",\"url\":\"https:\/\/www.eumedbridge.eu\/fr\/news\/liban-declaration-du-haut-representant-sur-les-elections-legislatives\/\",\"name\":\"Liban\u00a0: d\u00e9claration du Haut repr\u00e9sentant sur les \u00e9lections l\u00e9gislatives - Voisins de l'UE\",\"isPartOf\":{\"@id\":\"https:\/\/www.eumedbridge.eu\/#website\"},\"primaryImageOfPage\":{\"@id\":\"https:\/\/www.eumedbridge.eu\/fr\/news\/liban-declaration-du-haut-representant-sur-les-elections-legislatives\/#primaryimage\"},\"image\":{\"@id\":\"https:\/\/www.eumedbridge.eu\/fr\/news\/liban-declaration-du-haut-representant-sur-les-elections-legislatives\/#primaryimage\"},\"thumbnailUrl\":\"https:\/\/www.eumedbridge.eu\/wp-content\/uploads\/2022\/05\/eu-lebanon-flags_1.jpg\",\"datePublished\":\"2022-05-18T21:00:00+00:00\",\"dateModified\":\"2022-07-08T12:45:35+00:00\",\"breadcrumb\":{\"@id\":\"https:\/\/www.eumedbridge.eu\/fr\/news\/liban-declaration-du-haut-representant-sur-les-elections-legislatives\/#breadcrumb\"},\"inLanguage\":\"fr-FR\",\"potentialAction\":[{\"@type\":\"ReadAction\",\"target\":[\"https:\/\/www.eumedbridge.eu\/fr\/news\/liban-declaration-du-haut-representant-sur-les-elections-legislatives\/\"]}]},{\"@type\":\"ImageObject\",\"inLanguage\":\"fr-FR\",\"@id\":\"https:\/\/www.eumedbridge.eu\/fr\/news\/liban-declaration-du-haut-representant-sur-les-elections-legislatives\/#primaryimage\",\"url\":\"https:\/\/www.eumedbridge.eu\/wp-content\/uploads\/2022\/05\/eu-lebanon-flags_1.jpg\",\"contentUrl\":\"https:\/\/www.eumedbridge.eu\/wp-content\/uploads\/2022\/05\/eu-lebanon-flags_1.jpg\",\"width\":1772,\"height\":1181},{\"@type\":\"BreadcrumbList\",\"@id\":\"https:\/\/www.eumedbridge.eu\/fr\/news\/liban-declaration-du-haut-representant-sur-les-elections-legislatives\/#breadcrumb\",\"itemListElement\":[{\"@type\":\"ListItem\",\"position\":1,\"name\":\"Home\",\"item\":\"https:\/\/www.eumedbridge.eu\/fr\/home-page\/\"},{\"@type\":\"ListItem\",\"position\":2,\"name\":\"Actualit\u00e9s\",\"item\":\"https:\/\/www.eumedbridge.eu\/fr\/news\/\"},{\"@type\":\"ListItem\",\"position\":3,\"name\":\"Liban\u00a0: d\u00e9claration du Haut repr\u00e9sentant sur les \u00e9lections l\u00e9gislatives\"}]},{\"@type\":\"WebSite\",\"@id\":\"https:\/\/www.eumedbridge.eu\/#website\",\"url\":\"https:\/\/www.eumedbridge.eu\/\",\"name\":\"EU Medbridge\",\"description\":\"\",\"publisher\":{\"@id\":\"https:\/\/www.eumedbridge.eu\/#organization\"},\"potentialAction\":[{\"@type\":\"SearchAction\",\"target\":{\"@type\":\"EntryPoint\",\"urlTemplate\":\"https:\/\/www.eumedbridge.eu\/?s={search_term_string}\"},\"query-input\":{\"@type\":\"PropertyValueSpecification\",\"valueRequired\":true,\"valueName\":\"search_term_string\"}}],\"inLanguage\":\"fr-FR\"},{\"@type\":\"Organization\",\"@id\":\"https:\/\/www.eumedbridge.eu\/#organization\",\"name\":\"EU Medbridge\",\"url\":\"https:\/\/www.eumedbridge.eu\/\",\"logo\":{\"@type\":\"ImageObject\",\"inLanguage\":\"fr-FR\",\"@id\":\"https:\/\/www.eumedbridge.eu\/#\/schema\/logo\/image\/\",\"url\":\"https:\/\/www.eumedbridge.eu\/wp-content\/uploads\/2021\/12\/Logo.png\",\"contentUrl\":\"https:\/\/www.eumedbridge.eu\/wp-content\/uploads\/2021\/12\/Logo.png\",\"width\":325,\"height\":114,\"caption\":\"EU Medbridge\"},\"image\":{\"@id\":\"https:\/\/www.eumedbridge.eu\/#\/schema\/logo\/image\/\"},\"sameAs\":[\"https:\/\/www.facebook.com\/eumedbridge\/\",\"https:\/\/x.com\/eumedbridge\",\"https:\/\/www.linkedin.com\/company\/eumedbridge\",\"https:\/\/www.youtube.com\/@eumedbridge\",\"https:\/\/www.instagram.com\/eumedbridge\",\"https:\/\/www.flickr.com\/photos\/euneighbours-south\/\"]}]}<\/script>\n<!-- \/ Yoast SEO plugin. -->","yoast_head_json":{"title":"Liban\u00a0: d\u00e9claration du Haut repr\u00e9sentant sur les \u00e9lections l\u00e9gislatives - Voisins de l'UE","robots":{"index":"index","follow":"follow","max-snippet":"max-snippet:-1","max-image-preview":"max-image-preview:large","max-video-preview":"max-video-preview:-1"},"canonical":"https:\/\/www.eumedbridge.eu\/fr\/news\/liban-declaration-du-haut-representant-sur-les-elections-legislatives\/","og_locale":"fr_FR","og_type":"article","og_title":"Liban\u00a0: d\u00e9claration du Haut repr\u00e9sentant sur les \u00e9lections l\u00e9gislatives - Voisins de l'UE","og_description":"L\u2019Union europ\u00e9enne salue la tenue des \u00e9lections l\u00e9gislatives au Liban le 15\u00a0mai. Nous f\u00e9licitons les Libanais, ceux qui ont vot\u00e9 et ceux qui ont particip\u00e9 \u00e0 la pr\u00e9paration et \u00e0 la mise en \u0153uvre du processus \u00e9lectoral, pour leur participation citoyenne, malgr\u00e9 les circonstances politiques, \u00e9conomiques et sociales difficiles entourant ces \u00e9lections. Nous f\u00e9licitons \u00e9galement [&hellip;]","og_url":"https:\/\/www.eumedbridge.eu\/fr\/news\/liban-declaration-du-haut-representant-sur-les-elections-legislatives\/","og_site_name":"Voisins de l'UE","article_publisher":"https:\/\/www.facebook.com\/eumedbridge\/","article_modified_time":"2022-07-08T12:45:35+00:00","og_image":[{"width":1772,"height":1181,"url":"https:\/\/www.eumedbridge.eu\/wp-content\/uploads\/2022\/05\/eu-lebanon-flags_1.jpg","type":"image\/jpeg"}],"twitter_card":"summary_large_image","twitter_site":"@eumedbridge","twitter_misc":{"Dur\u00e9e de lecture estim\u00e9e":"1 minute"},"schema":{"@context":"https:\/\/schema.org","@graph":[{"@type":"WebPage","@id":"https:\/\/www.eumedbridge.eu\/fr\/news\/liban-declaration-du-haut-representant-sur-les-elections-legislatives\/","url":"https:\/\/www.eumedbridge.eu\/fr\/news\/liban-declaration-du-haut-representant-sur-les-elections-legislatives\/","name":"Liban\u00a0: d\u00e9claration du Haut repr\u00e9sentant sur les \u00e9lections l\u00e9gislatives - Voisins de l'UE","isPartOf":{"@id":"https:\/\/www.eumedbridge.eu\/#website"},"primaryImageOfPage":{"@id":"https:\/\/www.eumedbridge.eu\/fr\/news\/liban-declaration-du-haut-representant-sur-les-elections-legislatives\/#primaryimage"},"image":{"@id":"https:\/\/www.eumedbridge.eu\/fr\/news\/liban-declaration-du-haut-representant-sur-les-elections-legislatives\/#primaryimage"},"thumbnailUrl":"https:\/\/www.eumedbridge.eu\/wp-content\/uploads\/2022\/05\/eu-lebanon-flags_1.jpg","datePublished":"2022-05-18T21:00:00+00:00","dateModified":"2022-07-08T12:45:35+00:00","breadcrumb":{"@id":"https:\/\/www.eumedbridge.eu\/fr\/news\/liban-declaration-du-haut-representant-sur-les-elections-legislatives\/#breadcrumb"},"inLanguage":"fr-FR","potentialAction":[{"@type":"ReadAction","target":["https:\/\/www.eumedbridge.eu\/fr\/news\/liban-declaration-du-haut-representant-sur-les-elections-legislatives\/"]}]},{"@type":"ImageObject","inLanguage":"fr-FR","@id":"https:\/\/www.eumedbridge.eu\/fr\/news\/liban-declaration-du-haut-representant-sur-les-elections-legislatives\/#primaryimage","url":"https:\/\/www.eumedbridge.eu\/wp-content\/uploads\/2022\/05\/eu-lebanon-flags_1.jpg","contentUrl":"https:\/\/www.eumedbridge.eu\/wp-content\/uploads\/2022\/05\/eu-lebanon-flags_1.jpg","width":1772,"height":1181},{"@type":"BreadcrumbList","@id":"https:\/\/www.eumedbridge.eu\/fr\/news\/liban-declaration-du-haut-representant-sur-les-elections-legislatives\/#breadcrumb","itemListElement":[{"@type":"ListItem","position":1,"name":"Home","item":"https:\/\/www.eumedbridge.eu\/fr\/home-page\/"},{"@type":"ListItem","position":2,"name":"Actualit\u00e9s","item":"https:\/\/www.eumedbridge.eu\/fr\/news\/"},{"@type":"ListItem","position":3,"name":"Liban\u00a0: d\u00e9claration du Haut repr\u00e9sentant sur les \u00e9lections l\u00e9gislatives"}]},{"@type":"WebSite","@id":"https:\/\/www.eumedbridge.eu\/#website","url":"https:\/\/www.eumedbridge.eu\/","name":"EU Medbridge","description":"","publisher":{"@id":"https:\/\/www.eumedbridge.eu\/#organization"},"potentialAction":[{"@type":"SearchAction","target":{"@type":"EntryPoint","urlTemplate":"https:\/\/www.eumedbridge.eu\/?s={search_term_string}"},"query-input":{"@type":"PropertyValueSpecification","valueRequired":true,"valueName":"search_term_string"}}],"inLanguage":"fr-FR"},{"@type":"Organization","@id":"https:\/\/www.eumedbridge.eu\/#organization","name":"EU Medbridge","url":"https:\/\/www.eumedbridge.eu\/","logo":{"@type":"ImageObject","inLanguage":"fr-FR","@id":"https:\/\/www.eumedbridge.eu\/#\/schema\/logo\/image\/","url":"https:\/\/www.eumedbridge.eu\/wp-content\/uploads\/2021\/12\/Logo.png","contentUrl":"https:\/\/www.eumedbridge.eu\/wp-content\/uploads\/2021\/12\/Logo.png","width":325,"height":114,"caption":"EU Medbridge"},"image":{"@id":"https:\/\/www.eumedbridge.eu\/#\/schema\/logo\/image\/"},"sameAs":["https:\/\/www.facebook.com\/eumedbridge\/","https:\/\/x.com\/eumedbridge","https:\/\/www.linkedin.com\/company\/eumedbridge","https:\/\/www.youtube.com\/@eumedbridge","https:\/\/www.instagram.com\/eumedbridge","https:\/\/www.flickr.com\/photos\/euneighbours-south\/"]}]}},"_links":{"self":[{"href":"https:\/\/www.eumedbridge.eu\/fr\/wp-json\/wp\/v2\/news\/175129","targetHints":{"allow":["GET"]}}],"collection":[{"href":"https:\/\/www.eumedbridge.eu\/fr\/wp-json\/wp\/v2\/news"}],"about":[{"href":"https:\/\/www.eumedbridge.eu\/fr\/wp-json\/wp\/v2\/types\/news"}],"wp:featuredmedia":[{"embeddable":true,"href":"https:\/\/www.eumedbridge.eu\/fr\/wp-json\/wp\/v2\/media\/174825"}],"wp:attachment":[{"href":"https:\/\/www.eumedbridge.eu\/fr\/wp-json\/wp\/v2\/media?parent=175129"}],"wp:term":[{"taxonomy":"news_category","embeddable":true,"href":"https:\/\/www.eumedbridge.eu\/fr\/wp-json\/wp\/v2\/news_category?post=175129"},{"taxonomy":"country","embeddable":true,"href":"https:\/\/www.eumedbridge.eu\/fr\/wp-json\/wp\/v2\/country?post=175129"},{"taxonomy":"special_action","embeddable":true,"href":"https:\/\/www.eumedbridge.eu\/fr\/wp-json\/wp\/v2\/special_action?post=175129"},{"taxonomy":"custom_tag","embeddable":true,"href":"https:\/\/www.eumedbridge.eu\/fr\/wp-json\/wp\/v2\/custom_tag?post=175129"}],"curies":[{"name":"wp","href":"https:\/\/api.w.org\/{rel}","templated":true}]}}