{"id":175134,"date":"2022-05-16T00:00:00","date_gmt":"2022-05-15T21:00:00","guid":{"rendered":"http:\/\/south.euneighbours.eu\/news\/votez-pour-le-prix-des-competences-vertes-2022\/"},"modified":"2022-07-08T15:45:47","modified_gmt":"2022-07-08T12:45:47","slug":"votez-pour-le-prix-des-competences-vertes-2022","status":"publish","type":"news","link":"https:\/\/www.eumedbridge.eu\/fr\/news\/votez-pour-le-prix-des-competences-vertes-2022\/","title":{"rendered":"Votez pour le Prix des comp\u00e9tences vertes\u00a02022"},"content":{"rendered":"<p>La Fondation europ\u00e9enne pour la formation (ETF) a annonc\u00e9 les dix\u00a0histoires s\u00e9lectionn\u00e9es pour participer \u00e0 la finale du concours. Vous avez jusqu\u2019\u00e0 23\u00a0h\u00a059 (CET) le 5\u00a0juin\u00a02022 pour voter pour votre finaliste favori et d\u00e9signer le laur\u00e9at du Prix des comp\u00e9tences vertes\u00a02022.<\/p>\n<p>Les finalistes retenus recevront le Prix des comp\u00e9tences pour la transition verte d\u00e9cern\u00e9 par l\u2019ETF. Le laur\u00e9at pourra \u00eatre invit\u00e9 \u00e0 assister \u00e0 une c\u00e9r\u00e9monie de remise de prix (si les circonstances le permettent). Un premier prix sera attribu\u00e9 lors de la Semaine europ\u00e9enne des comp\u00e9tences professionnelles\u00a02022 organis\u00e9e par la Commission europ\u00e9enne.<\/p>\n<p>Les trois laur\u00e9ats du Prix des comp\u00e9tences vertes\u00a02022 seront annonc\u00e9s le 9\u00a0juin\u00a02022.<\/p>\n<p>La Fondation europ\u00e9enne pour la formation est l\u2019agence de l\u2019UE qui aide les pays voisins de l\u2019Union europ\u00e9enne \u00e0 r\u00e9former leurs syst\u00e8mes d\u2019\u00e9ducation, de formation et de march\u00e9 du travail. Elle collabore avec les d\u00e9cideurs politiques et les praticiens pour soutenir les r\u00e9formes, promouvoir des approches fond\u00e9es sur des donn\u00e9es probantes, documenter les changements, fournir des analyses et encourager le d\u00e9bat afin d\u2019anticiper les nouveaux besoins en mati\u00e8re de comp\u00e9tences.<\/p>\n<p><strong>Pour plus d&rsquo;informations<\/strong><\/p>\n<p><a href=\"https:\/\/www.etf.europa.eu\/en\/news-and-events\/news\/vote-green-skills-award-2022\">Communiqu\u00e9 de presse<\/a><\/p>\n","protected":false},"featured_media":174283,"parent":0,"template":"","news_category":[],"country":[1956],"special_action":[],"custom_tag":[2312,2315,1884,1970,1897],"class_list":["post-175134","news","type-news","status-publish","has-post-thumbnail","hentry","country-region-sud","custom_tag-developpement-durable","custom_tag-emploi-et-entrpreuneuriat","custom_tag-environnement-et-changement-climatique","custom_tag-jeunesse","custom_tag-medias"],"acf":[],"yoast_head":"<!-- This site is optimized with the Yoast SEO plugin v26.5 - https:\/\/yoast.com\/wordpress\/plugins\/seo\/ -->\n<title>Votez pour le Prix des comp\u00e9tences vertes\u00a02022 - Voisins de l&#039;UE<\/title>\n<meta name=\"robots\" content=\"index, follow, max-snippet:-1, max-image-preview:large, max-video-preview:-1\" \/>\n<link rel=\"canonical\" href=\"https:\/\/www.eumedbridge.eu\/fr\/news\/votez-pour-le-prix-des-competences-vertes-2022\/\" \/>\n<meta property=\"og:locale\" content=\"fr_FR\" \/>\n<meta property=\"og:type\" content=\"article\" \/>\n<meta property=\"og:title\" content=\"Votez pour le Prix des comp\u00e9tences vertes\u00a02022 - Voisins de l&#039;UE\" \/>\n<meta property=\"og:description\" content=\"La Fondation europ\u00e9enne pour la formation (ETF) a annonc\u00e9 les dix\u00a0histoires s\u00e9lectionn\u00e9es pour participer \u00e0 la finale du concours. Vous avez jusqu\u2019\u00e0 23\u00a0h\u00a059 (CET) le 5\u00a0juin\u00a02022 pour voter pour votre finaliste favori et d\u00e9signer le laur\u00e9at du Prix des comp\u00e9tences vertes\u00a02022. Les finalistes retenus recevront le Prix des comp\u00e9tences pour la transition verte d\u00e9cern\u00e9 par [&hellip;]\" \/>\n<meta property=\"og:url\" content=\"https:\/\/www.eumedbridge.eu\/fr\/news\/votez-pour-le-prix-des-competences-vertes-2022\/\" \/>\n<meta property=\"og:site_name\" content=\"Voisins de l&#039;UE\" \/>\n<meta property=\"article:publisher\" content=\"https:\/\/www.facebook.com\/eumedbridge\/\" \/>\n<meta property=\"article:modified_time\" content=\"2022-07-08T12:45:47+00:00\" \/>\n<meta property=\"og:image\" content=\"https:\/\/www.eumedbridge.eu\/wp-content\/uploads\/2022\/05\/GSA.png\" \/>\n\t<meta property=\"og:image:width\" content=\"810\" \/>\n\t<meta property=\"og:image:height\" content=\"540\" \/>\n\t<meta property=\"og:image:type\" content=\"image\/png\" \/>\n<meta name=\"twitter:card\" content=\"summary_large_image\" \/>\n<meta name=\"twitter:site\" content=\"@eumedbridge\" \/>\n<meta name=\"twitter:label1\" content=\"Dur\u00e9e de lecture estim\u00e9e\" \/>\n\t<meta name=\"twitter:data1\" content=\"1 minute\" \/>\n<script type=\"application\/ld+json\" class=\"yoast-schema-graph\">{\"@context\":\"https:\/\/schema.org\",\"@graph\":[{\"@type\":\"WebPage\",\"@id\":\"https:\/\/www.eumedbridge.eu\/fr\/news\/votez-pour-le-prix-des-competences-vertes-2022\/\",\"url\":\"https:\/\/www.eumedbridge.eu\/fr\/news\/votez-pour-le-prix-des-competences-vertes-2022\/\",\"name\":\"Votez pour le Prix des comp\u00e9tences vertes\u00a02022 - Voisins de l'UE\",\"isPartOf\":{\"@id\":\"https:\/\/www.eumedbridge.eu\/#website\"},\"primaryImageOfPage\":{\"@id\":\"https:\/\/www.eumedbridge.eu\/fr\/news\/votez-pour-le-prix-des-competences-vertes-2022\/#primaryimage\"},\"image\":{\"@id\":\"https:\/\/www.eumedbridge.eu\/fr\/news\/votez-pour-le-prix-des-competences-vertes-2022\/#primaryimage\"},\"thumbnailUrl\":\"https:\/\/www.eumedbridge.eu\/wp-content\/uploads\/2022\/05\/GSA.png\",\"datePublished\":\"2022-05-15T21:00:00+00:00\",\"dateModified\":\"2022-07-08T12:45:47+00:00\",\"breadcrumb\":{\"@id\":\"https:\/\/www.eumedbridge.eu\/fr\/news\/votez-pour-le-prix-des-competences-vertes-2022\/#breadcrumb\"},\"inLanguage\":\"fr-FR\",\"potentialAction\":[{\"@type\":\"ReadAction\",\"target\":[\"https:\/\/www.eumedbridge.eu\/fr\/news\/votez-pour-le-prix-des-competences-vertes-2022\/\"]}]},{\"@type\":\"ImageObject\",\"inLanguage\":\"fr-FR\",\"@id\":\"https:\/\/www.eumedbridge.eu\/fr\/news\/votez-pour-le-prix-des-competences-vertes-2022\/#primaryimage\",\"url\":\"https:\/\/www.eumedbridge.eu\/wp-content\/uploads\/2022\/05\/GSA.png\",\"contentUrl\":\"https:\/\/www.eumedbridge.eu\/wp-content\/uploads\/2022\/05\/GSA.png\",\"width\":810,\"height\":540},{\"@type\":\"BreadcrumbList\",\"@id\":\"https:\/\/www.eumedbridge.eu\/fr\/news\/votez-pour-le-prix-des-competences-vertes-2022\/#breadcrumb\",\"itemListElement\":[{\"@type\":\"ListItem\",\"position\":1,\"name\":\"Home\",\"item\":\"https:\/\/www.eumedbridge.eu\/fr\/home-page\/\"},{\"@type\":\"ListItem\",\"position\":2,\"name\":\"Actualit\u00e9s\",\"item\":\"https:\/\/www.eumedbridge.eu\/fr\/news\/\"},{\"@type\":\"ListItem\",\"position\":3,\"name\":\"Votez pour le Prix des comp\u00e9tences vertes\u00a02022\"}]},{\"@type\":\"WebSite\",\"@id\":\"https:\/\/www.eumedbridge.eu\/#website\",\"url\":\"https:\/\/www.eumedbridge.eu\/\",\"name\":\"EU Medbridge\",\"description\":\"\",\"publisher\":{\"@id\":\"https:\/\/www.eumedbridge.eu\/#organization\"},\"potentialAction\":[{\"@type\":\"SearchAction\",\"target\":{\"@type\":\"EntryPoint\",\"urlTemplate\":\"https:\/\/www.eumedbridge.eu\/?s={search_term_string}\"},\"query-input\":{\"@type\":\"PropertyValueSpecification\",\"valueRequired\":true,\"valueName\":\"search_term_string\"}}],\"inLanguage\":\"fr-FR\"},{\"@type\":\"Organization\",\"@id\":\"https:\/\/www.eumedbridge.eu\/#organization\",\"name\":\"EU Medbridge\",\"url\":\"https:\/\/www.eumedbridge.eu\/\",\"logo\":{\"@type\":\"ImageObject\",\"inLanguage\":\"fr-FR\",\"@id\":\"https:\/\/www.eumedbridge.eu\/#\/schema\/logo\/image\/\",\"url\":\"https:\/\/www.eumedbridge.eu\/wp-content\/uploads\/2021\/12\/Logo.png\",\"contentUrl\":\"https:\/\/www.eumedbridge.eu\/wp-content\/uploads\/2021\/12\/Logo.png\",\"width\":325,\"height\":114,\"caption\":\"EU Medbridge\"},\"image\":{\"@id\":\"https:\/\/www.eumedbridge.eu\/#\/schema\/logo\/image\/\"},\"sameAs\":[\"https:\/\/www.facebook.com\/eumedbridge\/\",\"https:\/\/x.com\/eumedbridge\",\"https:\/\/www.linkedin.com\/company\/eumedbridge\",\"https:\/\/www.youtube.com\/@eumedbridge\",\"https:\/\/www.instagram.com\/eumedbridge\",\"https:\/\/www.flickr.com\/photos\/euneighbours-south\/\"]}]}<\/script>\n<!-- \/ Yoast SEO plugin. -->","yoast_head_json":{"title":"Votez pour le Prix des comp\u00e9tences vertes\u00a02022 - Voisins de l'UE","robots":{"index":"index","follow":"follow","max-snippet":"max-snippet:-1","max-image-preview":"max-image-preview:large","max-video-preview":"max-video-preview:-1"},"canonical":"https:\/\/www.eumedbridge.eu\/fr\/news\/votez-pour-le-prix-des-competences-vertes-2022\/","og_locale":"fr_FR","og_type":"article","og_title":"Votez pour le Prix des comp\u00e9tences vertes\u00a02022 - Voisins de l'UE","og_description":"La Fondation europ\u00e9enne pour la formation (ETF) a annonc\u00e9 les dix\u00a0histoires s\u00e9lectionn\u00e9es pour participer \u00e0 la finale du concours. Vous avez jusqu\u2019\u00e0 23\u00a0h\u00a059 (CET) le 5\u00a0juin\u00a02022 pour voter pour votre finaliste favori et d\u00e9signer le laur\u00e9at du Prix des comp\u00e9tences vertes\u00a02022. Les finalistes retenus recevront le Prix des comp\u00e9tences pour la transition verte d\u00e9cern\u00e9 par [&hellip;]","og_url":"https:\/\/www.eumedbridge.eu\/fr\/news\/votez-pour-le-prix-des-competences-vertes-2022\/","og_site_name":"Voisins de l'UE","article_publisher":"https:\/\/www.facebook.com\/eumedbridge\/","article_modified_time":"2022-07-08T12:45:47+00:00","og_image":[{"width":810,"height":540,"url":"https:\/\/www.eumedbridge.eu\/wp-content\/uploads\/2022\/05\/GSA.png","type":"image\/png"}],"twitter_card":"summary_large_image","twitter_site":"@eumedbridge","twitter_misc":{"Dur\u00e9e de lecture estim\u00e9e":"1 minute"},"schema":{"@context":"https:\/\/schema.org","@graph":[{"@type":"WebPage","@id":"https:\/\/www.eumedbridge.eu\/fr\/news\/votez-pour-le-prix-des-competences-vertes-2022\/","url":"https:\/\/www.eumedbridge.eu\/fr\/news\/votez-pour-le-prix-des-competences-vertes-2022\/","name":"Votez pour le Prix des comp\u00e9tences vertes\u00a02022 - Voisins de l'UE","isPartOf":{"@id":"https:\/\/www.eumedbridge.eu\/#website"},"primaryImageOfPage":{"@id":"https:\/\/www.eumedbridge.eu\/fr\/news\/votez-pour-le-prix-des-competences-vertes-2022\/#primaryimage"},"image":{"@id":"https:\/\/www.eumedbridge.eu\/fr\/news\/votez-pour-le-prix-des-competences-vertes-2022\/#primaryimage"},"thumbnailUrl":"https:\/\/www.eumedbridge.eu\/wp-content\/uploads\/2022\/05\/GSA.png","datePublished":"2022-05-15T21:00:00+00:00","dateModified":"2022-07-08T12:45:47+00:00","breadcrumb":{"@id":"https:\/\/www.eumedbridge.eu\/fr\/news\/votez-pour-le-prix-des-competences-vertes-2022\/#breadcrumb"},"inLanguage":"fr-FR","potentialAction":[{"@type":"ReadAction","target":["https:\/\/www.eumedbridge.eu\/fr\/news\/votez-pour-le-prix-des-competences-vertes-2022\/"]}]},{"@type":"ImageObject","inLanguage":"fr-FR","@id":"https:\/\/www.eumedbridge.eu\/fr\/news\/votez-pour-le-prix-des-competences-vertes-2022\/#primaryimage","url":"https:\/\/www.eumedbridge.eu\/wp-content\/uploads\/2022\/05\/GSA.png","contentUrl":"https:\/\/www.eumedbridge.eu\/wp-content\/uploads\/2022\/05\/GSA.png","width":810,"height":540},{"@type":"BreadcrumbList","@id":"https:\/\/www.eumedbridge.eu\/fr\/news\/votez-pour-le-prix-des-competences-vertes-2022\/#breadcrumb","itemListElement":[{"@type":"ListItem","position":1,"name":"Home","item":"https:\/\/www.eumedbridge.eu\/fr\/home-page\/"},{"@type":"ListItem","position":2,"name":"Actualit\u00e9s","item":"https:\/\/www.eumedbridge.eu\/fr\/news\/"},{"@type":"ListItem","position":3,"name":"Votez pour le Prix des comp\u00e9tences vertes\u00a02022"}]},{"@type":"WebSite","@id":"https:\/\/www.eumedbridge.eu\/#website","url":"https:\/\/www.eumedbridge.eu\/","name":"EU Medbridge","description":"","publisher":{"@id":"https:\/\/www.eumedbridge.eu\/#organization"},"potentialAction":[{"@type":"SearchAction","target":{"@type":"EntryPoint","urlTemplate":"https:\/\/www.eumedbridge.eu\/?s={search_term_string}"},"query-input":{"@type":"PropertyValueSpecification","valueRequired":true,"valueName":"search_term_string"}}],"inLanguage":"fr-FR"},{"@type":"Organization","@id":"https:\/\/www.eumedbridge.eu\/#organization","name":"EU Medbridge","url":"https:\/\/www.eumedbridge.eu\/","logo":{"@type":"ImageObject","inLanguage":"fr-FR","@id":"https:\/\/www.eumedbridge.eu\/#\/schema\/logo\/image\/","url":"https:\/\/www.eumedbridge.eu\/wp-content\/uploads\/2021\/12\/Logo.png","contentUrl":"https:\/\/www.eumedbridge.eu\/wp-content\/uploads\/2021\/12\/Logo.png","width":325,"height":114,"caption":"EU Medbridge"},"image":{"@id":"https:\/\/www.eumedbridge.eu\/#\/schema\/logo\/image\/"},"sameAs":["https:\/\/www.facebook.com\/eumedbridge\/","https:\/\/x.com\/eumedbridge","https:\/\/www.linkedin.com\/company\/eumedbridge","https:\/\/www.youtube.com\/@eumedbridge","https:\/\/www.instagram.com\/eumedbridge","https:\/\/www.flickr.com\/photos\/euneighbours-south\/"]}]}},"_links":{"self":[{"href":"https:\/\/www.eumedbridge.eu\/fr\/wp-json\/wp\/v2\/news\/175134","targetHints":{"allow":["GET"]}}],"collection":[{"href":"https:\/\/www.eumedbridge.eu\/fr\/wp-json\/wp\/v2\/news"}],"about":[{"href":"https:\/\/www.eumedbridge.eu\/fr\/wp-json\/wp\/v2\/types\/news"}],"wp:featuredmedia":[{"embeddable":true,"href":"https:\/\/www.eumedbridge.eu\/fr\/wp-json\/wp\/v2\/media\/174283"}],"wp:attachment":[{"href":"https:\/\/www.eumedbridge.eu\/fr\/wp-json\/wp\/v2\/media?parent=175134"}],"wp:term":[{"taxonomy":"news_category","embeddable":true,"href":"https:\/\/www.eumedbridge.eu\/fr\/wp-json\/wp\/v2\/news_category?post=175134"},{"taxonomy":"country","embeddable":true,"href":"https:\/\/www.eumedbridge.eu\/fr\/wp-json\/wp\/v2\/country?post=175134"},{"taxonomy":"special_action","embeddable":true,"href":"https:\/\/www.eumedbridge.eu\/fr\/wp-json\/wp\/v2\/special_action?post=175134"},{"taxonomy":"custom_tag","embeddable":true,"href":"https:\/\/www.eumedbridge.eu\/fr\/wp-json\/wp\/v2\/custom_tag?post=175134"}],"curies":[{"name":"wp","href":"https:\/\/api.w.org\/{rel}","templated":true}]}}