{"id":182138,"date":"2022-05-26T00:00:00","date_gmt":"2022-05-25T21:00:00","guid":{"rendered":"http:\/\/south.euneighbours.eu\/news\/letf-et-lupm-officialisent-un-partenariat-de-longue-date-pour-le\/"},"modified":"2022-07-08T15:44:52","modified_gmt":"2022-07-08T12:44:52","slug":"letf-et-lupm-officialisent-un-partenariat-de-longue-date-pour-le","status":"publish","type":"news","link":"https:\/\/www.eumedbridge.eu\/fr\/news\/letf-et-lupm-officialisent-un-partenariat-de-longue-date-pour-le\/","title":{"rendered":"L\u2019ETF et l\u2019UpM officialisent un partenariat de longue date pour le d\u00e9veloppement des comp\u00e9tences"},"content":{"rendered":"<p><span>Lors de la conf\u00e9rence minist\u00e9rielle de l\u2019<\/span><a href=\"https:\/\/ufmsecretariat.org\/\"><strong><span>Union pour la M\u00e9diterran\u00e9e<\/span><\/strong><\/a><span> (UpM) sur l\u2019emploi et le travail, la <\/span><a href=\"https:\/\/www.etf.europa.eu\/en\"><strong><span>Fondation europ\u00e9enne pour la formation<\/span><\/strong><\/a><span> (ETF) a officialis\u00e9 un partenariat de longue date avec la signature d\u2019une d\u00e9claration d\u2019intention par le secr\u00e9taire g\u00e9n\u00e9ral de l\u2019UpM, Nasser\u00a0Kamel, et le directeur par int\u00e9rim de l\u2019ETF, Xavier Matheu.<\/span><\/p>\n<p><span>\u00c0 cette occasion, Nasser Kamel a soulign\u00e9 que l\u2019ETF est un partenaire logique et tr\u00e8s appr\u00e9ci\u00e9 du secr\u00e9tariat de l\u2019UpM pour ses efforts visant \u00e0 promouvoir un d\u00e9veloppement humain inclusif dans la r\u00e9gion euro-m\u00e9diterran\u00e9enne. Xavier Matheu a d\u00e9clar\u00e9 pour sa part\u00a0: \u00ab\u00a0Le secr\u00e9tariat de l\u2019UpM est un partenaire de longue date de l\u2019ETF. Notre coop\u00e9ration s\u2019enrichit mutuellement \u00e0 travers la r\u00e9alisation de nos objectifs strat\u00e9giques communs dans le domaine du d\u00e9veloppement du capital humain, conform\u00e9ment au nouvel agenda pour la M\u00e9diterran\u00e9e.\u00a0\u00bb <\/span><\/p>\n<p><span>La d\u00e9claration d\u2019intention ouvre la voie \u00e0 un renforcement du partage des connaissances, de l\u2019expertise et des liens entre les deux organisations en ce qui concerne le dialogue r\u00e9gional sur l\u2019emploi et le travail\u00a0; \u00e0 une augmentation des contributions \u00e0 la communaut\u00e9 de pratique de l\u2019UpM sur l\u2019emploi des jeunes, au dialogue r\u00e9gional de l\u2019UpM sur l\u2019autonomisation des femmes, et au suivi de la strat\u00e9gie en mati\u00e8re d\u2019EFP (enseignement et formation professionnels) et d\u2019enseignement sup\u00e9rieur dans la r\u00e9gion m\u00e9diterran\u00e9enne\u00a0; ainsi qu\u2019\u00e0 une meilleure diffusion des exp\u00e9riences\/produits\/pratiques lors d\u2019\u00e9v\u00e9nements communs.<\/span><\/p>\n<p><strong>Pour plus d&rsquo;informations<\/strong><\/p>\n<p><a href=\"https:\/\/www.etf.europa.eu\/en\/news-and-events\/news\/etf-and-union-mediterranean-formalise-longstanding-partnership-skills\">Communiqu\u00e9 de presse<\/a><\/p>\n","protected":false},"featured_media":175564,"parent":0,"template":"","news_category":[],"country":[1956],"special_action":[],"custom_tag":[2312,2315],"class_list":["post-182138","news","type-news","status-publish","has-post-thumbnail","hentry","country-region-sud","custom_tag-developpement-durable","custom_tag-emploi-et-entrpreuneuriat"],"acf":[],"yoast_head":"<!-- This site is optimized with the Yoast SEO plugin v26.5 - https:\/\/yoast.com\/wordpress\/plugins\/seo\/ -->\n<title>L\u2019ETF et l\u2019UpM officialisent un partenariat de longue date pour le d\u00e9veloppement des comp\u00e9tences - Voisins de l&#039;UE<\/title>\n<meta name=\"robots\" content=\"index, follow, max-snippet:-1, max-image-preview:large, max-video-preview:-1\" \/>\n<link rel=\"canonical\" href=\"https:\/\/www.eumedbridge.eu\/fr\/news\/letf-et-lupm-officialisent-un-partenariat-de-longue-date-pour-le\/\" \/>\n<meta property=\"og:locale\" content=\"fr_FR\" \/>\n<meta property=\"og:type\" content=\"article\" \/>\n<meta property=\"og:title\" content=\"L\u2019ETF et l\u2019UpM officialisent un partenariat de longue date pour le d\u00e9veloppement des comp\u00e9tences - Voisins de l&#039;UE\" \/>\n<meta property=\"og:description\" content=\"Lors de la conf\u00e9rence minist\u00e9rielle de l\u2019Union pour la M\u00e9diterran\u00e9e (UpM) sur l\u2019emploi et le travail, la Fondation europ\u00e9enne pour la formation (ETF) a officialis\u00e9 un partenariat de longue date avec la signature d\u2019une d\u00e9claration d\u2019intention par le secr\u00e9taire g\u00e9n\u00e9ral de l\u2019UpM, Nasser\u00a0Kamel, et le directeur par int\u00e9rim de l\u2019ETF, Xavier Matheu. \u00c0 cette occasion, [&hellip;]\" \/>\n<meta property=\"og:url\" content=\"https:\/\/www.eumedbridge.eu\/fr\/news\/letf-et-lupm-officialisent-un-partenariat-de-longue-date-pour-le\/\" \/>\n<meta property=\"og:site_name\" content=\"Voisins de l&#039;UE\" \/>\n<meta property=\"article:publisher\" content=\"https:\/\/www.facebook.com\/eumedbridge\/\" \/>\n<meta property=\"article:modified_time\" content=\"2022-07-08T12:44:52+00:00\" \/>\n<meta property=\"og:image\" content=\"https:\/\/www.eumedbridge.eu\/wp-content\/uploads\/2022\/05\/ufm-etf.png\" \/>\n\t<meta property=\"og:image:width\" content=\"810\" \/>\n\t<meta property=\"og:image:height\" content=\"354\" \/>\n\t<meta property=\"og:image:type\" content=\"image\/jpeg\" \/>\n<meta name=\"twitter:card\" content=\"summary_large_image\" \/>\n<meta name=\"twitter:site\" content=\"@eumedbridge\" \/>\n<meta name=\"twitter:label1\" content=\"Dur\u00e9e de lecture estim\u00e9e\" \/>\n\t<meta name=\"twitter:data1\" content=\"1 minute\" \/>\n<script type=\"application\/ld+json\" class=\"yoast-schema-graph\">{\"@context\":\"https:\/\/schema.org\",\"@graph\":[{\"@type\":\"WebPage\",\"@id\":\"https:\/\/www.eumedbridge.eu\/fr\/news\/letf-et-lupm-officialisent-un-partenariat-de-longue-date-pour-le\/\",\"url\":\"https:\/\/www.eumedbridge.eu\/fr\/news\/letf-et-lupm-officialisent-un-partenariat-de-longue-date-pour-le\/\",\"name\":\"L\u2019ETF et l\u2019UpM officialisent un partenariat de longue date pour le d\u00e9veloppement des comp\u00e9tences - Voisins de l'UE\",\"isPartOf\":{\"@id\":\"https:\/\/www.eumedbridge.eu\/#website\"},\"primaryImageOfPage\":{\"@id\":\"https:\/\/www.eumedbridge.eu\/fr\/news\/letf-et-lupm-officialisent-un-partenariat-de-longue-date-pour-le\/#primaryimage\"},\"image\":{\"@id\":\"https:\/\/www.eumedbridge.eu\/fr\/news\/letf-et-lupm-officialisent-un-partenariat-de-longue-date-pour-le\/#primaryimage\"},\"thumbnailUrl\":\"https:\/\/www.eumedbridge.eu\/wp-content\/uploads\/2022\/05\/ufm-etf.png\",\"datePublished\":\"2022-05-25T21:00:00+00:00\",\"dateModified\":\"2022-07-08T12:44:52+00:00\",\"breadcrumb\":{\"@id\":\"https:\/\/www.eumedbridge.eu\/fr\/news\/letf-et-lupm-officialisent-un-partenariat-de-longue-date-pour-le\/#breadcrumb\"},\"inLanguage\":\"fr-FR\",\"potentialAction\":[{\"@type\":\"ReadAction\",\"target\":[\"https:\/\/www.eumedbridge.eu\/fr\/news\/letf-et-lupm-officialisent-un-partenariat-de-longue-date-pour-le\/\"]}]},{\"@type\":\"ImageObject\",\"inLanguage\":\"fr-FR\",\"@id\":\"https:\/\/www.eumedbridge.eu\/fr\/news\/letf-et-lupm-officialisent-un-partenariat-de-longue-date-pour-le\/#primaryimage\",\"url\":\"https:\/\/www.eumedbridge.eu\/wp-content\/uploads\/2022\/05\/ufm-etf.png\",\"contentUrl\":\"https:\/\/www.eumedbridge.eu\/wp-content\/uploads\/2022\/05\/ufm-etf.png\",\"width\":810,\"height\":354},{\"@type\":\"BreadcrumbList\",\"@id\":\"https:\/\/www.eumedbridge.eu\/fr\/news\/letf-et-lupm-officialisent-un-partenariat-de-longue-date-pour-le\/#breadcrumb\",\"itemListElement\":[{\"@type\":\"ListItem\",\"position\":1,\"name\":\"Home\",\"item\":\"https:\/\/www.eumedbridge.eu\/fr\/home-page\/\"},{\"@type\":\"ListItem\",\"position\":2,\"name\":\"Actualit\u00e9s\",\"item\":\"https:\/\/www.eumedbridge.eu\/fr\/news\/\"},{\"@type\":\"ListItem\",\"position\":3,\"name\":\"L\u2019ETF et l\u2019UpM officialisent un partenariat de longue date pour le d\u00e9veloppement des comp\u00e9tences\"}]},{\"@type\":\"WebSite\",\"@id\":\"https:\/\/www.eumedbridge.eu\/#website\",\"url\":\"https:\/\/www.eumedbridge.eu\/\",\"name\":\"EU Medbridge\",\"description\":\"\",\"publisher\":{\"@id\":\"https:\/\/www.eumedbridge.eu\/#organization\"},\"potentialAction\":[{\"@type\":\"SearchAction\",\"target\":{\"@type\":\"EntryPoint\",\"urlTemplate\":\"https:\/\/www.eumedbridge.eu\/?s={search_term_string}\"},\"query-input\":{\"@type\":\"PropertyValueSpecification\",\"valueRequired\":true,\"valueName\":\"search_term_string\"}}],\"inLanguage\":\"fr-FR\"},{\"@type\":\"Organization\",\"@id\":\"https:\/\/www.eumedbridge.eu\/#organization\",\"name\":\"EU Medbridge\",\"url\":\"https:\/\/www.eumedbridge.eu\/\",\"logo\":{\"@type\":\"ImageObject\",\"inLanguage\":\"fr-FR\",\"@id\":\"https:\/\/www.eumedbridge.eu\/#\/schema\/logo\/image\/\",\"url\":\"https:\/\/www.eumedbridge.eu\/wp-content\/uploads\/2021\/12\/Logo.png\",\"contentUrl\":\"https:\/\/www.eumedbridge.eu\/wp-content\/uploads\/2021\/12\/Logo.png\",\"width\":325,\"height\":114,\"caption\":\"EU Medbridge\"},\"image\":{\"@id\":\"https:\/\/www.eumedbridge.eu\/#\/schema\/logo\/image\/\"},\"sameAs\":[\"https:\/\/www.facebook.com\/eumedbridge\/\",\"https:\/\/x.com\/eumedbridge\",\"https:\/\/www.linkedin.com\/company\/eumedbridge\",\"https:\/\/www.youtube.com\/@eumedbridge\",\"https:\/\/www.instagram.com\/eumedbridge\",\"https:\/\/www.flickr.com\/photos\/euneighbours-south\/\"]}]}<\/script>\n<!-- \/ Yoast SEO plugin. -->","yoast_head_json":{"title":"L\u2019ETF et l\u2019UpM officialisent un partenariat de longue date pour le d\u00e9veloppement des comp\u00e9tences - Voisins de l'UE","robots":{"index":"index","follow":"follow","max-snippet":"max-snippet:-1","max-image-preview":"max-image-preview:large","max-video-preview":"max-video-preview:-1"},"canonical":"https:\/\/www.eumedbridge.eu\/fr\/news\/letf-et-lupm-officialisent-un-partenariat-de-longue-date-pour-le\/","og_locale":"fr_FR","og_type":"article","og_title":"L\u2019ETF et l\u2019UpM officialisent un partenariat de longue date pour le d\u00e9veloppement des comp\u00e9tences - Voisins de l'UE","og_description":"Lors de la conf\u00e9rence minist\u00e9rielle de l\u2019Union pour la M\u00e9diterran\u00e9e (UpM) sur l\u2019emploi et le travail, la Fondation europ\u00e9enne pour la formation (ETF) a officialis\u00e9 un partenariat de longue date avec la signature d\u2019une d\u00e9claration d\u2019intention par le secr\u00e9taire g\u00e9n\u00e9ral de l\u2019UpM, Nasser\u00a0Kamel, et le directeur par int\u00e9rim de l\u2019ETF, Xavier Matheu. \u00c0 cette occasion, [&hellip;]","og_url":"https:\/\/www.eumedbridge.eu\/fr\/news\/letf-et-lupm-officialisent-un-partenariat-de-longue-date-pour-le\/","og_site_name":"Voisins de l'UE","article_publisher":"https:\/\/www.facebook.com\/eumedbridge\/","article_modified_time":"2022-07-08T12:44:52+00:00","og_image":[{"width":810,"height":354,"url":"https:\/\/www.eumedbridge.eu\/wp-content\/uploads\/2022\/05\/ufm-etf.png","type":"image\/jpeg"}],"twitter_card":"summary_large_image","twitter_site":"@eumedbridge","twitter_misc":{"Dur\u00e9e de lecture estim\u00e9e":"1 minute"},"schema":{"@context":"https:\/\/schema.org","@graph":[{"@type":"WebPage","@id":"https:\/\/www.eumedbridge.eu\/fr\/news\/letf-et-lupm-officialisent-un-partenariat-de-longue-date-pour-le\/","url":"https:\/\/www.eumedbridge.eu\/fr\/news\/letf-et-lupm-officialisent-un-partenariat-de-longue-date-pour-le\/","name":"L\u2019ETF et l\u2019UpM officialisent un partenariat de longue date pour le d\u00e9veloppement des comp\u00e9tences - Voisins de l'UE","isPartOf":{"@id":"https:\/\/www.eumedbridge.eu\/#website"},"primaryImageOfPage":{"@id":"https:\/\/www.eumedbridge.eu\/fr\/news\/letf-et-lupm-officialisent-un-partenariat-de-longue-date-pour-le\/#primaryimage"},"image":{"@id":"https:\/\/www.eumedbridge.eu\/fr\/news\/letf-et-lupm-officialisent-un-partenariat-de-longue-date-pour-le\/#primaryimage"},"thumbnailUrl":"https:\/\/www.eumedbridge.eu\/wp-content\/uploads\/2022\/05\/ufm-etf.png","datePublished":"2022-05-25T21:00:00+00:00","dateModified":"2022-07-08T12:44:52+00:00","breadcrumb":{"@id":"https:\/\/www.eumedbridge.eu\/fr\/news\/letf-et-lupm-officialisent-un-partenariat-de-longue-date-pour-le\/#breadcrumb"},"inLanguage":"fr-FR","potentialAction":[{"@type":"ReadAction","target":["https:\/\/www.eumedbridge.eu\/fr\/news\/letf-et-lupm-officialisent-un-partenariat-de-longue-date-pour-le\/"]}]},{"@type":"ImageObject","inLanguage":"fr-FR","@id":"https:\/\/www.eumedbridge.eu\/fr\/news\/letf-et-lupm-officialisent-un-partenariat-de-longue-date-pour-le\/#primaryimage","url":"https:\/\/www.eumedbridge.eu\/wp-content\/uploads\/2022\/05\/ufm-etf.png","contentUrl":"https:\/\/www.eumedbridge.eu\/wp-content\/uploads\/2022\/05\/ufm-etf.png","width":810,"height":354},{"@type":"BreadcrumbList","@id":"https:\/\/www.eumedbridge.eu\/fr\/news\/letf-et-lupm-officialisent-un-partenariat-de-longue-date-pour-le\/#breadcrumb","itemListElement":[{"@type":"ListItem","position":1,"name":"Home","item":"https:\/\/www.eumedbridge.eu\/fr\/home-page\/"},{"@type":"ListItem","position":2,"name":"Actualit\u00e9s","item":"https:\/\/www.eumedbridge.eu\/fr\/news\/"},{"@type":"ListItem","position":3,"name":"L\u2019ETF et l\u2019UpM officialisent un partenariat de longue date pour le d\u00e9veloppement des comp\u00e9tences"}]},{"@type":"WebSite","@id":"https:\/\/www.eumedbridge.eu\/#website","url":"https:\/\/www.eumedbridge.eu\/","name":"EU Medbridge","description":"","publisher":{"@id":"https:\/\/www.eumedbridge.eu\/#organization"},"potentialAction":[{"@type":"SearchAction","target":{"@type":"EntryPoint","urlTemplate":"https:\/\/www.eumedbridge.eu\/?s={search_term_string}"},"query-input":{"@type":"PropertyValueSpecification","valueRequired":true,"valueName":"search_term_string"}}],"inLanguage":"fr-FR"},{"@type":"Organization","@id":"https:\/\/www.eumedbridge.eu\/#organization","name":"EU Medbridge","url":"https:\/\/www.eumedbridge.eu\/","logo":{"@type":"ImageObject","inLanguage":"fr-FR","@id":"https:\/\/www.eumedbridge.eu\/#\/schema\/logo\/image\/","url":"https:\/\/www.eumedbridge.eu\/wp-content\/uploads\/2021\/12\/Logo.png","contentUrl":"https:\/\/www.eumedbridge.eu\/wp-content\/uploads\/2021\/12\/Logo.png","width":325,"height":114,"caption":"EU Medbridge"},"image":{"@id":"https:\/\/www.eumedbridge.eu\/#\/schema\/logo\/image\/"},"sameAs":["https:\/\/www.facebook.com\/eumedbridge\/","https:\/\/x.com\/eumedbridge","https:\/\/www.linkedin.com\/company\/eumedbridge","https:\/\/www.youtube.com\/@eumedbridge","https:\/\/www.instagram.com\/eumedbridge","https:\/\/www.flickr.com\/photos\/euneighbours-south\/"]}]}},"_links":{"self":[{"href":"https:\/\/www.eumedbridge.eu\/fr\/wp-json\/wp\/v2\/news\/182138","targetHints":{"allow":["GET"]}}],"collection":[{"href":"https:\/\/www.eumedbridge.eu\/fr\/wp-json\/wp\/v2\/news"}],"about":[{"href":"https:\/\/www.eumedbridge.eu\/fr\/wp-json\/wp\/v2\/types\/news"}],"wp:featuredmedia":[{"embeddable":true,"href":"https:\/\/www.eumedbridge.eu\/fr\/wp-json\/wp\/v2\/media\/175564"}],"wp:attachment":[{"href":"https:\/\/www.eumedbridge.eu\/fr\/wp-json\/wp\/v2\/media?parent=182138"}],"wp:term":[{"taxonomy":"news_category","embeddable":true,"href":"https:\/\/www.eumedbridge.eu\/fr\/wp-json\/wp\/v2\/news_category?post=182138"},{"taxonomy":"country","embeddable":true,"href":"https:\/\/www.eumedbridge.eu\/fr\/wp-json\/wp\/v2\/country?post=182138"},{"taxonomy":"special_action","embeddable":true,"href":"https:\/\/www.eumedbridge.eu\/fr\/wp-json\/wp\/v2\/special_action?post=182138"},{"taxonomy":"custom_tag","embeddable":true,"href":"https:\/\/www.eumedbridge.eu\/fr\/wp-json\/wp\/v2\/custom_tag?post=182138"}],"curies":[{"name":"wp","href":"https:\/\/api.w.org\/{rel}","templated":true}]}}