{"id":205695,"date":"2022-06-03T00:00:00","date_gmt":"2022-06-02T21:00:00","guid":{"rendered":"https:\/\/eumedbridge.eu\/news\/evenement-euromesco-linclusion-des-jeunes-et-des-femmes-sur-le-marche-du\/"},"modified":"2022-09-01T16:42:08","modified_gmt":"2022-09-01T13:42:08","slug":"evenement-euromesco-linclusion-des-jeunes-et-des-femmes-sur-le-marche-du","status":"publish","type":"news","link":"https:\/\/www.eumedbridge.eu\/fr\/news\/evenement-euromesco-linclusion-des-jeunes-et-des-femmes-sur-le-marche-du\/","title":{"rendered":"\u00c9v\u00e9nement EuroMeSco : l\u2019inclusion des jeunes et des femmes sur le march\u00e9 du travail \u2013 d\u00e9fis et perspectives pour la r\u00e9gion m\u00e9diterran\u00e9enne"},"content":{"rendered":"<p><span>Le premier \u00e9v\u00e9nement national de la <strong>conf\u00e9rence annuelle EuroMeSCo 2022<\/strong>, intitul\u00e9 \u00ab\u00a0L\u2019inclusion des jeunes et des femmes sur le march\u00e9 du travail\u00a0: d\u00e9fis et perspectives pour la r\u00e9gion m\u00e9diterran\u00e9enne\u00a0\u00bb, se tiendra \u00e0 Rabat le 9\u00a0juin.<\/span><\/p>\n<p><span>L\u2019\u00e9v\u00e9nement sera diffus\u00e9 en direct sur la\u00a0<\/span><a href=\"https:\/\/www.facebook.com\/PolicyCenterNS\"><span>page Facebook<\/span><\/a><span>\u00a0et la\u00a0<\/span><a href=\"https:\/\/www.youtube.com\/PolicyCenterfortheNewSouth\"><span>cha\u00eene YouTube<\/span><\/a><span> du Centre de politique pour le nouveau Sud, avec une couverture en direct sur\u00a0<\/span><a href=\"https:\/\/twitter.com\/euromesco\"><span>Twitter<\/span><\/a><span>.<\/span><\/p>\n<p><span><a href=\"https:\/\/www.euromesco.net\/about-us\/\"><strong><span>EuroMeSCo<\/span><\/strong><\/a><\/span><span> est le principal r\u00e9seau de centres de recherche et de groupes de r\u00e9flexion dans la r\u00e9gion euro-m\u00e9diterran\u00e9enne. Fond\u00e9 en\u00a01996, dans le sillage de la d\u00e9claration de Barcelone, le r\u00e9seau comprend actuellement <strong>117\u00a0instituts de 30\u00a0pays europ\u00e9ens et du sud de la M\u00e9diterran\u00e9e<\/strong>.<\/span><\/p>\n<p><strong><span>Pour plus d&rsquo;informations<\/span><\/strong><\/p>\n<p><a href=\"https:\/\/www.euromesco.net\/event\/country-event-morocco-youth-womens-inclusion-in-the-labor-market-challenges-and-opportunities-for-the-mediterranean-region\/\">Agenda<\/a><\/p>\n","protected":false},"featured_media":183604,"parent":0,"template":"","news_category":[],"country":[1956],"special_action":[],"custom_tag":[2312,2315],"class_list":["post-205695","news","type-news","status-publish","has-post-thumbnail","hentry","country-region-sud","custom_tag-developpement-durable","custom_tag-emploi-et-entrpreuneuriat"],"acf":[],"yoast_head":"<!-- This site is optimized with the Yoast SEO plugin v26.5 - https:\/\/yoast.com\/wordpress\/plugins\/seo\/ -->\n<title>\u00c9v\u00e9nement EuroMeSco : l\u2019inclusion des jeunes et des femmes sur le march\u00e9 du travail \u2013 d\u00e9fis et perspectives pour la r\u00e9gion m\u00e9diterran\u00e9enne - Voisins de l&#039;UE<\/title>\n<meta name=\"robots\" content=\"index, follow, max-snippet:-1, max-image-preview:large, max-video-preview:-1\" \/>\n<link rel=\"canonical\" href=\"https:\/\/www.eumedbridge.eu\/fr\/news\/evenement-euromesco-linclusion-des-jeunes-et-des-femmes-sur-le-marche-du\/\" \/>\n<meta property=\"og:locale\" content=\"fr_FR\" \/>\n<meta property=\"og:type\" content=\"article\" \/>\n<meta property=\"og:title\" content=\"\u00c9v\u00e9nement EuroMeSco : l\u2019inclusion des jeunes et des femmes sur le march\u00e9 du travail \u2013 d\u00e9fis et perspectives pour la r\u00e9gion m\u00e9diterran\u00e9enne - Voisins de l&#039;UE\" \/>\n<meta property=\"og:description\" content=\"Le premier \u00e9v\u00e9nement national de la conf\u00e9rence annuelle EuroMeSCo 2022, intitul\u00e9 \u00ab\u00a0L\u2019inclusion des jeunes et des femmes sur le march\u00e9 du travail\u00a0: d\u00e9fis et perspectives pour la r\u00e9gion m\u00e9diterran\u00e9enne\u00a0\u00bb, se tiendra \u00e0 Rabat le 9\u00a0juin. L\u2019\u00e9v\u00e9nement sera diffus\u00e9 en direct sur la\u00a0page Facebook\u00a0et la\u00a0cha\u00eene YouTube du Centre de politique pour le nouveau Sud, avec une [&hellip;]\" \/>\n<meta property=\"og:url\" content=\"https:\/\/www.eumedbridge.eu\/fr\/news\/evenement-euromesco-linclusion-des-jeunes-et-des-femmes-sur-le-marche-du\/\" \/>\n<meta property=\"og:site_name\" content=\"Voisins de l&#039;UE\" \/>\n<meta property=\"article:publisher\" content=\"https:\/\/www.facebook.com\/eumedbridge\/\" \/>\n<meta property=\"article:modified_time\" content=\"2022-09-01T13:42:08+00:00\" \/>\n<meta property=\"og:image\" content=\"https:\/\/www.eumedbridge.eu\/wp-content\/uploads\/2022\/07\/unsplash_Rabat-1280x440-1.jpg\" \/>\n\t<meta property=\"og:image:width\" content=\"1280\" \/>\n\t<meta property=\"og:image:height\" content=\"440\" \/>\n\t<meta property=\"og:image:type\" content=\"image\/jpeg\" \/>\n<meta name=\"twitter:card\" content=\"summary_large_image\" \/>\n<meta name=\"twitter:site\" content=\"@eumedbridge\" \/>\n<meta name=\"twitter:label1\" content=\"Dur\u00e9e de lecture estim\u00e9e\" \/>\n\t<meta name=\"twitter:data1\" content=\"1 minute\" \/>\n<script type=\"application\/ld+json\" class=\"yoast-schema-graph\">{\"@context\":\"https:\/\/schema.org\",\"@graph\":[{\"@type\":\"WebPage\",\"@id\":\"https:\/\/www.eumedbridge.eu\/fr\/news\/evenement-euromesco-linclusion-des-jeunes-et-des-femmes-sur-le-marche-du\/\",\"url\":\"https:\/\/www.eumedbridge.eu\/fr\/news\/evenement-euromesco-linclusion-des-jeunes-et-des-femmes-sur-le-marche-du\/\",\"name\":\"\u00c9v\u00e9nement EuroMeSco : l\u2019inclusion des jeunes et des femmes sur le march\u00e9 du travail \u2013 d\u00e9fis et perspectives pour la r\u00e9gion m\u00e9diterran\u00e9enne - Voisins de l'UE\",\"isPartOf\":{\"@id\":\"https:\/\/www.eumedbridge.eu\/#website\"},\"primaryImageOfPage\":{\"@id\":\"https:\/\/www.eumedbridge.eu\/fr\/news\/evenement-euromesco-linclusion-des-jeunes-et-des-femmes-sur-le-marche-du\/#primaryimage\"},\"image\":{\"@id\":\"https:\/\/www.eumedbridge.eu\/fr\/news\/evenement-euromesco-linclusion-des-jeunes-et-des-femmes-sur-le-marche-du\/#primaryimage\"},\"thumbnailUrl\":\"https:\/\/www.eumedbridge.eu\/wp-content\/uploads\/2022\/07\/unsplash_Rabat-1280x440-1.jpg\",\"datePublished\":\"2022-06-02T21:00:00+00:00\",\"dateModified\":\"2022-09-01T13:42:08+00:00\",\"breadcrumb\":{\"@id\":\"https:\/\/www.eumedbridge.eu\/fr\/news\/evenement-euromesco-linclusion-des-jeunes-et-des-femmes-sur-le-marche-du\/#breadcrumb\"},\"inLanguage\":\"fr-FR\",\"potentialAction\":[{\"@type\":\"ReadAction\",\"target\":[\"https:\/\/www.eumedbridge.eu\/fr\/news\/evenement-euromesco-linclusion-des-jeunes-et-des-femmes-sur-le-marche-du\/\"]}]},{\"@type\":\"ImageObject\",\"inLanguage\":\"fr-FR\",\"@id\":\"https:\/\/www.eumedbridge.eu\/fr\/news\/evenement-euromesco-linclusion-des-jeunes-et-des-femmes-sur-le-marche-du\/#primaryimage\",\"url\":\"https:\/\/www.eumedbridge.eu\/wp-content\/uploads\/2022\/07\/unsplash_Rabat-1280x440-1.jpg\",\"contentUrl\":\"https:\/\/www.eumedbridge.eu\/wp-content\/uploads\/2022\/07\/unsplash_Rabat-1280x440-1.jpg\",\"width\":1280,\"height\":440,\"caption\":\"\u00a9Unsplash\"},{\"@type\":\"BreadcrumbList\",\"@id\":\"https:\/\/www.eumedbridge.eu\/fr\/news\/evenement-euromesco-linclusion-des-jeunes-et-des-femmes-sur-le-marche-du\/#breadcrumb\",\"itemListElement\":[{\"@type\":\"ListItem\",\"position\":1,\"name\":\"Home\",\"item\":\"https:\/\/www.eumedbridge.eu\/fr\/home-page\/\"},{\"@type\":\"ListItem\",\"position\":2,\"name\":\"Actualit\u00e9s\",\"item\":\"https:\/\/www.eumedbridge.eu\/fr\/news\/\"},{\"@type\":\"ListItem\",\"position\":3,\"name\":\"\u00c9v\u00e9nement EuroMeSco : l\u2019inclusion des jeunes et des femmes sur le march\u00e9 du travail \u2013 d\u00e9fis et perspectives pour la r\u00e9gion m\u00e9diterran\u00e9enne\"}]},{\"@type\":\"WebSite\",\"@id\":\"https:\/\/www.eumedbridge.eu\/#website\",\"url\":\"https:\/\/www.eumedbridge.eu\/\",\"name\":\"EU Medbridge\",\"description\":\"\",\"publisher\":{\"@id\":\"https:\/\/www.eumedbridge.eu\/#organization\"},\"potentialAction\":[{\"@type\":\"SearchAction\",\"target\":{\"@type\":\"EntryPoint\",\"urlTemplate\":\"https:\/\/www.eumedbridge.eu\/?s={search_term_string}\"},\"query-input\":{\"@type\":\"PropertyValueSpecification\",\"valueRequired\":true,\"valueName\":\"search_term_string\"}}],\"inLanguage\":\"fr-FR\"},{\"@type\":\"Organization\",\"@id\":\"https:\/\/www.eumedbridge.eu\/#organization\",\"name\":\"EU Medbridge\",\"url\":\"https:\/\/www.eumedbridge.eu\/\",\"logo\":{\"@type\":\"ImageObject\",\"inLanguage\":\"fr-FR\",\"@id\":\"https:\/\/www.eumedbridge.eu\/#\/schema\/logo\/image\/\",\"url\":\"https:\/\/www.eumedbridge.eu\/wp-content\/uploads\/2021\/12\/Logo.png\",\"contentUrl\":\"https:\/\/www.eumedbridge.eu\/wp-content\/uploads\/2021\/12\/Logo.png\",\"width\":325,\"height\":114,\"caption\":\"EU Medbridge\"},\"image\":{\"@id\":\"https:\/\/www.eumedbridge.eu\/#\/schema\/logo\/image\/\"},\"sameAs\":[\"https:\/\/www.facebook.com\/eumedbridge\/\",\"https:\/\/x.com\/eumedbridge\",\"https:\/\/www.linkedin.com\/company\/eumedbridge\",\"https:\/\/www.youtube.com\/@eumedbridge\",\"https:\/\/www.instagram.com\/eumedbridge\",\"https:\/\/www.flickr.com\/photos\/euneighbours-south\/\"]}]}<\/script>\n<!-- \/ Yoast SEO plugin. -->","yoast_head_json":{"title":"\u00c9v\u00e9nement EuroMeSco : l\u2019inclusion des jeunes et des femmes sur le march\u00e9 du travail \u2013 d\u00e9fis et perspectives pour la r\u00e9gion m\u00e9diterran\u00e9enne - Voisins de l'UE","robots":{"index":"index","follow":"follow","max-snippet":"max-snippet:-1","max-image-preview":"max-image-preview:large","max-video-preview":"max-video-preview:-1"},"canonical":"https:\/\/www.eumedbridge.eu\/fr\/news\/evenement-euromesco-linclusion-des-jeunes-et-des-femmes-sur-le-marche-du\/","og_locale":"fr_FR","og_type":"article","og_title":"\u00c9v\u00e9nement EuroMeSco : l\u2019inclusion des jeunes et des femmes sur le march\u00e9 du travail \u2013 d\u00e9fis et perspectives pour la r\u00e9gion m\u00e9diterran\u00e9enne - Voisins de l'UE","og_description":"Le premier \u00e9v\u00e9nement national de la conf\u00e9rence annuelle EuroMeSCo 2022, intitul\u00e9 \u00ab\u00a0L\u2019inclusion des jeunes et des femmes sur le march\u00e9 du travail\u00a0: d\u00e9fis et perspectives pour la r\u00e9gion m\u00e9diterran\u00e9enne\u00a0\u00bb, se tiendra \u00e0 Rabat le 9\u00a0juin. L\u2019\u00e9v\u00e9nement sera diffus\u00e9 en direct sur la\u00a0page Facebook\u00a0et la\u00a0cha\u00eene YouTube du Centre de politique pour le nouveau Sud, avec une [&hellip;]","og_url":"https:\/\/www.eumedbridge.eu\/fr\/news\/evenement-euromesco-linclusion-des-jeunes-et-des-femmes-sur-le-marche-du\/","og_site_name":"Voisins de l'UE","article_publisher":"https:\/\/www.facebook.com\/eumedbridge\/","article_modified_time":"2022-09-01T13:42:08+00:00","og_image":[{"width":1280,"height":440,"url":"https:\/\/www.eumedbridge.eu\/wp-content\/uploads\/2022\/07\/unsplash_Rabat-1280x440-1.jpg","type":"image\/jpeg"}],"twitter_card":"summary_large_image","twitter_site":"@eumedbridge","twitter_misc":{"Dur\u00e9e de lecture estim\u00e9e":"1 minute"},"schema":{"@context":"https:\/\/schema.org","@graph":[{"@type":"WebPage","@id":"https:\/\/www.eumedbridge.eu\/fr\/news\/evenement-euromesco-linclusion-des-jeunes-et-des-femmes-sur-le-marche-du\/","url":"https:\/\/www.eumedbridge.eu\/fr\/news\/evenement-euromesco-linclusion-des-jeunes-et-des-femmes-sur-le-marche-du\/","name":"\u00c9v\u00e9nement EuroMeSco : l\u2019inclusion des jeunes et des femmes sur le march\u00e9 du travail \u2013 d\u00e9fis et perspectives pour la r\u00e9gion m\u00e9diterran\u00e9enne - Voisins de l'UE","isPartOf":{"@id":"https:\/\/www.eumedbridge.eu\/#website"},"primaryImageOfPage":{"@id":"https:\/\/www.eumedbridge.eu\/fr\/news\/evenement-euromesco-linclusion-des-jeunes-et-des-femmes-sur-le-marche-du\/#primaryimage"},"image":{"@id":"https:\/\/www.eumedbridge.eu\/fr\/news\/evenement-euromesco-linclusion-des-jeunes-et-des-femmes-sur-le-marche-du\/#primaryimage"},"thumbnailUrl":"https:\/\/www.eumedbridge.eu\/wp-content\/uploads\/2022\/07\/unsplash_Rabat-1280x440-1.jpg","datePublished":"2022-06-02T21:00:00+00:00","dateModified":"2022-09-01T13:42:08+00:00","breadcrumb":{"@id":"https:\/\/www.eumedbridge.eu\/fr\/news\/evenement-euromesco-linclusion-des-jeunes-et-des-femmes-sur-le-marche-du\/#breadcrumb"},"inLanguage":"fr-FR","potentialAction":[{"@type":"ReadAction","target":["https:\/\/www.eumedbridge.eu\/fr\/news\/evenement-euromesco-linclusion-des-jeunes-et-des-femmes-sur-le-marche-du\/"]}]},{"@type":"ImageObject","inLanguage":"fr-FR","@id":"https:\/\/www.eumedbridge.eu\/fr\/news\/evenement-euromesco-linclusion-des-jeunes-et-des-femmes-sur-le-marche-du\/#primaryimage","url":"https:\/\/www.eumedbridge.eu\/wp-content\/uploads\/2022\/07\/unsplash_Rabat-1280x440-1.jpg","contentUrl":"https:\/\/www.eumedbridge.eu\/wp-content\/uploads\/2022\/07\/unsplash_Rabat-1280x440-1.jpg","width":1280,"height":440,"caption":"\u00a9Unsplash"},{"@type":"BreadcrumbList","@id":"https:\/\/www.eumedbridge.eu\/fr\/news\/evenement-euromesco-linclusion-des-jeunes-et-des-femmes-sur-le-marche-du\/#breadcrumb","itemListElement":[{"@type":"ListItem","position":1,"name":"Home","item":"https:\/\/www.eumedbridge.eu\/fr\/home-page\/"},{"@type":"ListItem","position":2,"name":"Actualit\u00e9s","item":"https:\/\/www.eumedbridge.eu\/fr\/news\/"},{"@type":"ListItem","position":3,"name":"\u00c9v\u00e9nement EuroMeSco : l\u2019inclusion des jeunes et des femmes sur le march\u00e9 du travail \u2013 d\u00e9fis et perspectives pour la r\u00e9gion m\u00e9diterran\u00e9enne"}]},{"@type":"WebSite","@id":"https:\/\/www.eumedbridge.eu\/#website","url":"https:\/\/www.eumedbridge.eu\/","name":"EU Medbridge","description":"","publisher":{"@id":"https:\/\/www.eumedbridge.eu\/#organization"},"potentialAction":[{"@type":"SearchAction","target":{"@type":"EntryPoint","urlTemplate":"https:\/\/www.eumedbridge.eu\/?s={search_term_string}"},"query-input":{"@type":"PropertyValueSpecification","valueRequired":true,"valueName":"search_term_string"}}],"inLanguage":"fr-FR"},{"@type":"Organization","@id":"https:\/\/www.eumedbridge.eu\/#organization","name":"EU Medbridge","url":"https:\/\/www.eumedbridge.eu\/","logo":{"@type":"ImageObject","inLanguage":"fr-FR","@id":"https:\/\/www.eumedbridge.eu\/#\/schema\/logo\/image\/","url":"https:\/\/www.eumedbridge.eu\/wp-content\/uploads\/2021\/12\/Logo.png","contentUrl":"https:\/\/www.eumedbridge.eu\/wp-content\/uploads\/2021\/12\/Logo.png","width":325,"height":114,"caption":"EU Medbridge"},"image":{"@id":"https:\/\/www.eumedbridge.eu\/#\/schema\/logo\/image\/"},"sameAs":["https:\/\/www.facebook.com\/eumedbridge\/","https:\/\/x.com\/eumedbridge","https:\/\/www.linkedin.com\/company\/eumedbridge","https:\/\/www.youtube.com\/@eumedbridge","https:\/\/www.instagram.com\/eumedbridge","https:\/\/www.flickr.com\/photos\/euneighbours-south\/"]}]}},"_links":{"self":[{"href":"https:\/\/www.eumedbridge.eu\/fr\/wp-json\/wp\/v2\/news\/205695","targetHints":{"allow":["GET"]}}],"collection":[{"href":"https:\/\/www.eumedbridge.eu\/fr\/wp-json\/wp\/v2\/news"}],"about":[{"href":"https:\/\/www.eumedbridge.eu\/fr\/wp-json\/wp\/v2\/types\/news"}],"wp:featuredmedia":[{"embeddable":true,"href":"https:\/\/www.eumedbridge.eu\/fr\/wp-json\/wp\/v2\/media\/183604"}],"wp:attachment":[{"href":"https:\/\/www.eumedbridge.eu\/fr\/wp-json\/wp\/v2\/media?parent=205695"}],"wp:term":[{"taxonomy":"news_category","embeddable":true,"href":"https:\/\/www.eumedbridge.eu\/fr\/wp-json\/wp\/v2\/news_category?post=205695"},{"taxonomy":"country","embeddable":true,"href":"https:\/\/www.eumedbridge.eu\/fr\/wp-json\/wp\/v2\/country?post=205695"},{"taxonomy":"special_action","embeddable":true,"href":"https:\/\/www.eumedbridge.eu\/fr\/wp-json\/wp\/v2\/special_action?post=205695"},{"taxonomy":"custom_tag","embeddable":true,"href":"https:\/\/www.eumedbridge.eu\/fr\/wp-json\/wp\/v2\/custom_tag?post=205695"}],"curies":[{"name":"wp","href":"https:\/\/api.w.org\/{rel}","templated":true}]}}