{"id":205707,"date":"2022-06-07T00:00:00","date_gmt":"2022-06-06T21:00:00","guid":{"rendered":"https:\/\/eumedbridge.eu\/news\/letf-diffuse-sa-premiere-emission-en-direct-en-arabe\/"},"modified":"2022-09-01T16:42:41","modified_gmt":"2022-09-01T13:42:41","slug":"letf-diffuse-sa-premiere-emission-en-direct-en-arabe","status":"publish","type":"news","link":"https:\/\/www.eumedbridge.eu\/fr\/news\/letf-diffuse-sa-premiere-emission-en-direct-en-arabe\/","title":{"rendered":"L\u2019ETF diffuse sa premi\u00e8re \u00e9mission en direct en arabe"},"content":{"rendered":"<p><span>La <\/span><a href=\"https:\/\/www.etf.europa.eu\/en\"><strong><span>Fondation europ\u00e9enne pour la formation<\/span><\/strong><\/a><span> (ETF) a diffus\u00e9 sa premi\u00e8re <\/span><a href=\"https:\/\/www.facebook.com\/etfeuropa\/videos\/344772731059564\"><span>\u00c9MISSION EN DIRECT<\/span><\/a><span> en arabe afin d\u2019accro\u00eetre la port\u00e9e de ses activit\u00e9s dans les pays partenaires arabophones de la r\u00e9gion du sud et de l\u2019est de la M\u00e9diterran\u00e9e (SEMED).<\/span><\/p>\n<p><span>Dans le cadre de la campagne de l\u2019ETF sur les comp\u00e9tences vertes, cette \u00e9mission en direct visait \u00e0 promouvoir ces comp\u00e9tences et \u00e0 montrer \u00e0 quel point elles s\u2019av\u00e8rent importantes pour r\u00e9aliser la transition verte et faire progresser la durabilit\u00e9 environnementale sur les march\u00e9s du travail et les lieux de travail.<\/span><\/p>\n<p><span>L\u2019\u00e9mission a \u00e9t\u00e9 l\u2019occasion pour l\u2019ETF d\u2019\u00e9changer avec le public arabophone dans de nombreux pays voisins de l\u2019UE, \u00e0 savoir <strong><span>le Maroc, l\u2019Alg\u00e9rie, la Tunisie, la Libye, l\u2019\u00c9gypte, le Liban, la Syrie, la Jordanie et la Palestine<\/span><\/strong>, mais \u00e9galement pour le public d\u2019envoyer des questions et des commentaires pendant la discussion en ligne.<\/span><\/p>\n<p><span>La Fondation europ\u00e9enne pour la formation (ETF) est une agence de l\u2019Union europ\u00e9enne qui aide les pays en transition et en d\u00e9veloppement \u00e0 exploiter le potentiel de leur capital humain par la r\u00e9forme des syst\u00e8mes d\u2019\u00e9ducation, de formation et du march\u00e9 du travail, et ce, dans le contexte de la politique ext\u00e9rieure de l\u2019UE.<\/span><\/p>\n<p><strong><span>Pour plus d&rsquo;informations<\/span><\/strong><\/p>\n<p><a href=\"https:\/\/www.etf.europa.eu\/en\/news-and-events\/news\/green-skills-what-it-you\">Communiqu\u00e9 de presse<\/a><\/p>\n","protected":false},"featured_media":183559,"parent":0,"template":"","news_category":[],"country":[1956],"special_action":[],"custom_tag":[2312,2817,1884,1897,1870],"class_list":["post-205707","news","type-news","status-publish","has-post-thumbnail","hentry","country-region-sud","custom_tag-developpement-durable","custom_tag-education-fr","custom_tag-environnement-et-changement-climatique","custom_tag-medias","custom_tag-societe-civile"],"acf":[],"yoast_head":"<!-- This site is optimized with the Yoast SEO plugin v26.5 - https:\/\/yoast.com\/wordpress\/plugins\/seo\/ -->\n<title>L\u2019ETF diffuse sa premi\u00e8re \u00e9mission en direct en arabe - Voisins de l&#039;UE<\/title>\n<meta name=\"robots\" content=\"index, follow, max-snippet:-1, max-image-preview:large, max-video-preview:-1\" \/>\n<link rel=\"canonical\" href=\"https:\/\/www.eumedbridge.eu\/fr\/news\/letf-diffuse-sa-premiere-emission-en-direct-en-arabe\/\" \/>\n<meta property=\"og:locale\" content=\"fr_FR\" \/>\n<meta property=\"og:type\" content=\"article\" \/>\n<meta property=\"og:title\" content=\"L\u2019ETF diffuse sa premi\u00e8re \u00e9mission en direct en arabe - Voisins de l&#039;UE\" \/>\n<meta property=\"og:description\" content=\"La Fondation europ\u00e9enne pour la formation (ETF) a diffus\u00e9 sa premi\u00e8re \u00c9MISSION EN DIRECT en arabe afin d\u2019accro\u00eetre la port\u00e9e de ses activit\u00e9s dans les pays partenaires arabophones de la r\u00e9gion du sud et de l\u2019est de la M\u00e9diterran\u00e9e (SEMED). Dans le cadre de la campagne de l\u2019ETF sur les comp\u00e9tences vertes, cette \u00e9mission en [&hellip;]\" \/>\n<meta property=\"og:url\" content=\"https:\/\/www.eumedbridge.eu\/fr\/news\/letf-diffuse-sa-premiere-emission-en-direct-en-arabe\/\" \/>\n<meta property=\"og:site_name\" content=\"Voisins de l&#039;UE\" \/>\n<meta property=\"article:publisher\" content=\"https:\/\/www.facebook.com\/eumedbridge\/\" \/>\n<meta property=\"article:modified_time\" content=\"2022-09-01T13:42:41+00:00\" \/>\n<meta property=\"og:image\" content=\"https:\/\/www.eumedbridge.eu\/wp-content\/uploads\/2022\/07\/ETF-LIVE2-03.jpg\" \/>\n\t<meta property=\"og:image:width\" content=\"810\" \/>\n\t<meta property=\"og:image:height\" content=\"540\" \/>\n\t<meta property=\"og:image:type\" content=\"image\/jpeg\" \/>\n<meta name=\"twitter:card\" content=\"summary_large_image\" \/>\n<meta name=\"twitter:site\" content=\"@eumedbridge\" \/>\n<meta name=\"twitter:label1\" content=\"Dur\u00e9e de lecture estim\u00e9e\" \/>\n\t<meta name=\"twitter:data1\" content=\"1 minute\" \/>\n<script type=\"application\/ld+json\" class=\"yoast-schema-graph\">{\"@context\":\"https:\/\/schema.org\",\"@graph\":[{\"@type\":\"WebPage\",\"@id\":\"https:\/\/www.eumedbridge.eu\/fr\/news\/letf-diffuse-sa-premiere-emission-en-direct-en-arabe\/\",\"url\":\"https:\/\/www.eumedbridge.eu\/fr\/news\/letf-diffuse-sa-premiere-emission-en-direct-en-arabe\/\",\"name\":\"L\u2019ETF diffuse sa premi\u00e8re \u00e9mission en direct en arabe - Voisins de l'UE\",\"isPartOf\":{\"@id\":\"https:\/\/www.eumedbridge.eu\/#website\"},\"primaryImageOfPage\":{\"@id\":\"https:\/\/www.eumedbridge.eu\/fr\/news\/letf-diffuse-sa-premiere-emission-en-direct-en-arabe\/#primaryimage\"},\"image\":{\"@id\":\"https:\/\/www.eumedbridge.eu\/fr\/news\/letf-diffuse-sa-premiere-emission-en-direct-en-arabe\/#primaryimage\"},\"thumbnailUrl\":\"https:\/\/www.eumedbridge.eu\/wp-content\/uploads\/2022\/07\/ETF-LIVE2-03.jpg\",\"datePublished\":\"2022-06-06T21:00:00+00:00\",\"dateModified\":\"2022-09-01T13:42:41+00:00\",\"breadcrumb\":{\"@id\":\"https:\/\/www.eumedbridge.eu\/fr\/news\/letf-diffuse-sa-premiere-emission-en-direct-en-arabe\/#breadcrumb\"},\"inLanguage\":\"fr-FR\",\"potentialAction\":[{\"@type\":\"ReadAction\",\"target\":[\"https:\/\/www.eumedbridge.eu\/fr\/news\/letf-diffuse-sa-premiere-emission-en-direct-en-arabe\/\"]}]},{\"@type\":\"ImageObject\",\"inLanguage\":\"fr-FR\",\"@id\":\"https:\/\/www.eumedbridge.eu\/fr\/news\/letf-diffuse-sa-premiere-emission-en-direct-en-arabe\/#primaryimage\",\"url\":\"https:\/\/www.eumedbridge.eu\/wp-content\/uploads\/2022\/07\/ETF-LIVE2-03.jpg\",\"contentUrl\":\"https:\/\/www.eumedbridge.eu\/wp-content\/uploads\/2022\/07\/ETF-LIVE2-03.jpg\",\"width\":810,\"height\":540,\"caption\":\"ETF\"},{\"@type\":\"BreadcrumbList\",\"@id\":\"https:\/\/www.eumedbridge.eu\/fr\/news\/letf-diffuse-sa-premiere-emission-en-direct-en-arabe\/#breadcrumb\",\"itemListElement\":[{\"@type\":\"ListItem\",\"position\":1,\"name\":\"Home\",\"item\":\"https:\/\/www.eumedbridge.eu\/fr\/home-page\/\"},{\"@type\":\"ListItem\",\"position\":2,\"name\":\"Actualit\u00e9s\",\"item\":\"https:\/\/www.eumedbridge.eu\/fr\/news\/\"},{\"@type\":\"ListItem\",\"position\":3,\"name\":\"L\u2019ETF diffuse sa premi\u00e8re \u00e9mission en direct en arabe\"}]},{\"@type\":\"WebSite\",\"@id\":\"https:\/\/www.eumedbridge.eu\/#website\",\"url\":\"https:\/\/www.eumedbridge.eu\/\",\"name\":\"EU Medbridge\",\"description\":\"\",\"publisher\":{\"@id\":\"https:\/\/www.eumedbridge.eu\/#organization\"},\"potentialAction\":[{\"@type\":\"SearchAction\",\"target\":{\"@type\":\"EntryPoint\",\"urlTemplate\":\"https:\/\/www.eumedbridge.eu\/?s={search_term_string}\"},\"query-input\":{\"@type\":\"PropertyValueSpecification\",\"valueRequired\":true,\"valueName\":\"search_term_string\"}}],\"inLanguage\":\"fr-FR\"},{\"@type\":\"Organization\",\"@id\":\"https:\/\/www.eumedbridge.eu\/#organization\",\"name\":\"EU Medbridge\",\"url\":\"https:\/\/www.eumedbridge.eu\/\",\"logo\":{\"@type\":\"ImageObject\",\"inLanguage\":\"fr-FR\",\"@id\":\"https:\/\/www.eumedbridge.eu\/#\/schema\/logo\/image\/\",\"url\":\"https:\/\/www.eumedbridge.eu\/wp-content\/uploads\/2021\/12\/Logo.png\",\"contentUrl\":\"https:\/\/www.eumedbridge.eu\/wp-content\/uploads\/2021\/12\/Logo.png\",\"width\":325,\"height\":114,\"caption\":\"EU Medbridge\"},\"image\":{\"@id\":\"https:\/\/www.eumedbridge.eu\/#\/schema\/logo\/image\/\"},\"sameAs\":[\"https:\/\/www.facebook.com\/eumedbridge\/\",\"https:\/\/x.com\/eumedbridge\",\"https:\/\/www.linkedin.com\/company\/eumedbridge\",\"https:\/\/www.youtube.com\/@eumedbridge\",\"https:\/\/www.instagram.com\/eumedbridge\",\"https:\/\/www.flickr.com\/photos\/euneighbours-south\/\"]}]}<\/script>\n<!-- \/ Yoast SEO plugin. -->","yoast_head_json":{"title":"L\u2019ETF diffuse sa premi\u00e8re \u00e9mission en direct en arabe - Voisins de l'UE","robots":{"index":"index","follow":"follow","max-snippet":"max-snippet:-1","max-image-preview":"max-image-preview:large","max-video-preview":"max-video-preview:-1"},"canonical":"https:\/\/www.eumedbridge.eu\/fr\/news\/letf-diffuse-sa-premiere-emission-en-direct-en-arabe\/","og_locale":"fr_FR","og_type":"article","og_title":"L\u2019ETF diffuse sa premi\u00e8re \u00e9mission en direct en arabe - Voisins de l'UE","og_description":"La Fondation europ\u00e9enne pour la formation (ETF) a diffus\u00e9 sa premi\u00e8re \u00c9MISSION EN DIRECT en arabe afin d\u2019accro\u00eetre la port\u00e9e de ses activit\u00e9s dans les pays partenaires arabophones de la r\u00e9gion du sud et de l\u2019est de la M\u00e9diterran\u00e9e (SEMED). Dans le cadre de la campagne de l\u2019ETF sur les comp\u00e9tences vertes, cette \u00e9mission en [&hellip;]","og_url":"https:\/\/www.eumedbridge.eu\/fr\/news\/letf-diffuse-sa-premiere-emission-en-direct-en-arabe\/","og_site_name":"Voisins de l'UE","article_publisher":"https:\/\/www.facebook.com\/eumedbridge\/","article_modified_time":"2022-09-01T13:42:41+00:00","og_image":[{"width":810,"height":540,"url":"https:\/\/www.eumedbridge.eu\/wp-content\/uploads\/2022\/07\/ETF-LIVE2-03.jpg","type":"image\/jpeg"}],"twitter_card":"summary_large_image","twitter_site":"@eumedbridge","twitter_misc":{"Dur\u00e9e de lecture estim\u00e9e":"1 minute"},"schema":{"@context":"https:\/\/schema.org","@graph":[{"@type":"WebPage","@id":"https:\/\/www.eumedbridge.eu\/fr\/news\/letf-diffuse-sa-premiere-emission-en-direct-en-arabe\/","url":"https:\/\/www.eumedbridge.eu\/fr\/news\/letf-diffuse-sa-premiere-emission-en-direct-en-arabe\/","name":"L\u2019ETF diffuse sa premi\u00e8re \u00e9mission en direct en arabe - Voisins de l'UE","isPartOf":{"@id":"https:\/\/www.eumedbridge.eu\/#website"},"primaryImageOfPage":{"@id":"https:\/\/www.eumedbridge.eu\/fr\/news\/letf-diffuse-sa-premiere-emission-en-direct-en-arabe\/#primaryimage"},"image":{"@id":"https:\/\/www.eumedbridge.eu\/fr\/news\/letf-diffuse-sa-premiere-emission-en-direct-en-arabe\/#primaryimage"},"thumbnailUrl":"https:\/\/www.eumedbridge.eu\/wp-content\/uploads\/2022\/07\/ETF-LIVE2-03.jpg","datePublished":"2022-06-06T21:00:00+00:00","dateModified":"2022-09-01T13:42:41+00:00","breadcrumb":{"@id":"https:\/\/www.eumedbridge.eu\/fr\/news\/letf-diffuse-sa-premiere-emission-en-direct-en-arabe\/#breadcrumb"},"inLanguage":"fr-FR","potentialAction":[{"@type":"ReadAction","target":["https:\/\/www.eumedbridge.eu\/fr\/news\/letf-diffuse-sa-premiere-emission-en-direct-en-arabe\/"]}]},{"@type":"ImageObject","inLanguage":"fr-FR","@id":"https:\/\/www.eumedbridge.eu\/fr\/news\/letf-diffuse-sa-premiere-emission-en-direct-en-arabe\/#primaryimage","url":"https:\/\/www.eumedbridge.eu\/wp-content\/uploads\/2022\/07\/ETF-LIVE2-03.jpg","contentUrl":"https:\/\/www.eumedbridge.eu\/wp-content\/uploads\/2022\/07\/ETF-LIVE2-03.jpg","width":810,"height":540,"caption":"ETF"},{"@type":"BreadcrumbList","@id":"https:\/\/www.eumedbridge.eu\/fr\/news\/letf-diffuse-sa-premiere-emission-en-direct-en-arabe\/#breadcrumb","itemListElement":[{"@type":"ListItem","position":1,"name":"Home","item":"https:\/\/www.eumedbridge.eu\/fr\/home-page\/"},{"@type":"ListItem","position":2,"name":"Actualit\u00e9s","item":"https:\/\/www.eumedbridge.eu\/fr\/news\/"},{"@type":"ListItem","position":3,"name":"L\u2019ETF diffuse sa premi\u00e8re \u00e9mission en direct en arabe"}]},{"@type":"WebSite","@id":"https:\/\/www.eumedbridge.eu\/#website","url":"https:\/\/www.eumedbridge.eu\/","name":"EU Medbridge","description":"","publisher":{"@id":"https:\/\/www.eumedbridge.eu\/#organization"},"potentialAction":[{"@type":"SearchAction","target":{"@type":"EntryPoint","urlTemplate":"https:\/\/www.eumedbridge.eu\/?s={search_term_string}"},"query-input":{"@type":"PropertyValueSpecification","valueRequired":true,"valueName":"search_term_string"}}],"inLanguage":"fr-FR"},{"@type":"Organization","@id":"https:\/\/www.eumedbridge.eu\/#organization","name":"EU Medbridge","url":"https:\/\/www.eumedbridge.eu\/","logo":{"@type":"ImageObject","inLanguage":"fr-FR","@id":"https:\/\/www.eumedbridge.eu\/#\/schema\/logo\/image\/","url":"https:\/\/www.eumedbridge.eu\/wp-content\/uploads\/2021\/12\/Logo.png","contentUrl":"https:\/\/www.eumedbridge.eu\/wp-content\/uploads\/2021\/12\/Logo.png","width":325,"height":114,"caption":"EU Medbridge"},"image":{"@id":"https:\/\/www.eumedbridge.eu\/#\/schema\/logo\/image\/"},"sameAs":["https:\/\/www.facebook.com\/eumedbridge\/","https:\/\/x.com\/eumedbridge","https:\/\/www.linkedin.com\/company\/eumedbridge","https:\/\/www.youtube.com\/@eumedbridge","https:\/\/www.instagram.com\/eumedbridge","https:\/\/www.flickr.com\/photos\/euneighbours-south\/"]}]}},"_links":{"self":[{"href":"https:\/\/www.eumedbridge.eu\/fr\/wp-json\/wp\/v2\/news\/205707","targetHints":{"allow":["GET"]}}],"collection":[{"href":"https:\/\/www.eumedbridge.eu\/fr\/wp-json\/wp\/v2\/news"}],"about":[{"href":"https:\/\/www.eumedbridge.eu\/fr\/wp-json\/wp\/v2\/types\/news"}],"wp:featuredmedia":[{"embeddable":true,"href":"https:\/\/www.eumedbridge.eu\/fr\/wp-json\/wp\/v2\/media\/183559"}],"wp:attachment":[{"href":"https:\/\/www.eumedbridge.eu\/fr\/wp-json\/wp\/v2\/media?parent=205707"}],"wp:term":[{"taxonomy":"news_category","embeddable":true,"href":"https:\/\/www.eumedbridge.eu\/fr\/wp-json\/wp\/v2\/news_category?post=205707"},{"taxonomy":"country","embeddable":true,"href":"https:\/\/www.eumedbridge.eu\/fr\/wp-json\/wp\/v2\/country?post=205707"},{"taxonomy":"special_action","embeddable":true,"href":"https:\/\/www.eumedbridge.eu\/fr\/wp-json\/wp\/v2\/special_action?post=205707"},{"taxonomy":"custom_tag","embeddable":true,"href":"https:\/\/www.eumedbridge.eu\/fr\/wp-json\/wp\/v2\/custom_tag?post=205707"}],"curies":[{"name":"wp","href":"https:\/\/api.w.org\/{rel}","templated":true}]}}