{"id":205709,"date":"2022-06-08T00:00:00","date_gmt":"2022-06-07T21:00:00","guid":{"rendered":"https:\/\/eumedbridge.eu\/news\/une-conference-regionale-marque-le-10eme-anniversaire-du-programme-sud\/"},"modified":"2022-09-01T16:42:45","modified_gmt":"2022-09-01T13:42:45","slug":"une-conference-regionale-marque-le-10eme-anniversaire-du-programme-sud","status":"publish","type":"news","link":"https:\/\/www.eumedbridge.eu\/fr\/news\/une-conference-regionale-marque-le-10eme-anniversaire-du-programme-sud\/","title":{"rendered":"Une conf\u00e9rence r\u00e9gionale marque le 10\u00e8me anniversaire du Programme Sud"},"content":{"rendered":"<p>La conf\u00e9rence fera le bilan des r\u00e9sultats et enseignements tir\u00e9s depuis le lancement du <a href=\"https:\/\/pjp-eu.coe.int\/fr\/web\/south-programme\"><strong>Programme Sud<\/strong><\/a> en 2021 et visera \u00e0 identifier les tendances et d\u00e9fis communs dans la r\u00e9gion du <strong>Sud de la M\u00e9diterran\u00e9e<\/strong>, contribuant ainsi \u00e0 d\u00e9finir les priorit\u00e9s de futures actions conjointes.<\/p>\n<p>La conf\u00e9rence sera\u00a0une opportunit\u00e9 de r\u00e9seautage pour les participants (repr\u00e9sentants d\u2019institutions nationales, parlementaires, professionnels, soci\u00e9t\u00e9 civile et jeunes leaders) du Sud de la M\u00e9diterran\u00e9e et leurs homologues europ\u00e9ens. Elle encouragera le partage d\u2019id\u00e9es et d\u2019exp\u00e9riences pour renforcer davantage la coop\u00e9ration dans les domaines th\u00e9matiques prioritaires.<\/p>\n<p>La conf\u00e9rence est organis\u00e9e dans le cadre du Programme Sud IV\u00a0<strong>\u00ab\u00a0Soutien r\u00e9gional \u00e0 la consolidation des droits de l&rsquo;homme, de l&rsquo;\u00c9tat de droit et de la d\u00e9mocratie dans le sud de la M\u00e9diterran\u00e9e\u00a0\u00bb\u00a0<\/strong>avec le soutien du Minist\u00e8re des Affaires Etrang\u00e8res de l&rsquo;Espagne, et la participation du Secr\u00e9taire d&rsquo;\u00c9tat \u00e0 l&rsquo;Union europ\u00e9enne.<\/p>\n<p><strong>Pour plus d&rsquo;informations<\/strong><\/p>\n<p><a href=\"https:\/\/pjp-eu.coe.int\/en\/web\/south-programme\/closing-event?fbclid=IwAR0Dd_0DFAFY9H7t1OMzvKsVu7n86GCpH6rWDw4DhDB6RvjmadAJ2qo4jOA\">Communiqu\u00e9 de presse<\/a><\/p>\n","protected":false},"featured_media":183551,"parent":0,"template":"","news_category":[],"country":[1956],"special_action":[],"custom_tag":[2313,2821],"class_list":["post-205709","news","type-news","status-publish","has-post-thumbnail","hentry","country-region-sud","custom_tag-droit-de-lhomme","custom_tag-migration-fr"],"acf":[],"yoast_head":"<!-- This site is optimized with the Yoast SEO plugin v26.5 - https:\/\/yoast.com\/wordpress\/plugins\/seo\/ -->\n<title>Une conf\u00e9rence r\u00e9gionale marque le 10\u00e8me anniversaire du Programme Sud - Voisins de l&#039;UE<\/title>\n<meta name=\"robots\" content=\"index, follow, max-snippet:-1, max-image-preview:large, max-video-preview:-1\" \/>\n<link rel=\"canonical\" href=\"https:\/\/www.eumedbridge.eu\/fr\/news\/une-conference-regionale-marque-le-10eme-anniversaire-du-programme-sud\/\" \/>\n<meta property=\"og:locale\" content=\"fr_FR\" \/>\n<meta property=\"og:type\" content=\"article\" \/>\n<meta property=\"og:title\" content=\"Une conf\u00e9rence r\u00e9gionale marque le 10\u00e8me anniversaire du Programme Sud - Voisins de l&#039;UE\" \/>\n<meta property=\"og:description\" content=\"La conf\u00e9rence fera le bilan des r\u00e9sultats et enseignements tir\u00e9s depuis le lancement du Programme Sud en 2021 et visera \u00e0 identifier les tendances et d\u00e9fis communs dans la r\u00e9gion du Sud de la M\u00e9diterran\u00e9e, contribuant ainsi \u00e0 d\u00e9finir les priorit\u00e9s de futures actions conjointes. La conf\u00e9rence sera\u00a0une opportunit\u00e9 de r\u00e9seautage pour les participants (repr\u00e9sentants [&hellip;]\" \/>\n<meta property=\"og:url\" content=\"https:\/\/www.eumedbridge.eu\/fr\/news\/une-conference-regionale-marque-le-10eme-anniversaire-du-programme-sud\/\" \/>\n<meta property=\"og:site_name\" content=\"Voisins de l&#039;UE\" \/>\n<meta property=\"article:publisher\" content=\"https:\/\/www.facebook.com\/eumedbridge\/\" \/>\n<meta property=\"article:modified_time\" content=\"2022-09-01T13:42:45+00:00\" \/>\n<meta property=\"og:image\" content=\"https:\/\/www.eumedbridge.eu\/wp-content\/uploads\/2022\/07\/sp.png\" \/>\n\t<meta property=\"og:image:width\" content=\"988\" \/>\n\t<meta property=\"og:image:height\" content=\"401\" \/>\n\t<meta property=\"og:image:type\" content=\"image\/png\" \/>\n<meta name=\"twitter:card\" content=\"summary_large_image\" \/>\n<meta name=\"twitter:site\" content=\"@eumedbridge\" \/>\n<meta name=\"twitter:label1\" content=\"Dur\u00e9e de lecture estim\u00e9e\" \/>\n\t<meta name=\"twitter:data1\" content=\"1 minute\" \/>\n<script type=\"application\/ld+json\" class=\"yoast-schema-graph\">{\"@context\":\"https:\/\/schema.org\",\"@graph\":[{\"@type\":\"WebPage\",\"@id\":\"https:\/\/www.eumedbridge.eu\/fr\/news\/une-conference-regionale-marque-le-10eme-anniversaire-du-programme-sud\/\",\"url\":\"https:\/\/www.eumedbridge.eu\/fr\/news\/une-conference-regionale-marque-le-10eme-anniversaire-du-programme-sud\/\",\"name\":\"Une conf\u00e9rence r\u00e9gionale marque le 10\u00e8me anniversaire du Programme Sud - Voisins de l'UE\",\"isPartOf\":{\"@id\":\"https:\/\/www.eumedbridge.eu\/#website\"},\"primaryImageOfPage\":{\"@id\":\"https:\/\/www.eumedbridge.eu\/fr\/news\/une-conference-regionale-marque-le-10eme-anniversaire-du-programme-sud\/#primaryimage\"},\"image\":{\"@id\":\"https:\/\/www.eumedbridge.eu\/fr\/news\/une-conference-regionale-marque-le-10eme-anniversaire-du-programme-sud\/#primaryimage\"},\"thumbnailUrl\":\"https:\/\/www.eumedbridge.eu\/wp-content\/uploads\/2022\/07\/sp.png\",\"datePublished\":\"2022-06-07T21:00:00+00:00\",\"dateModified\":\"2022-09-01T13:42:45+00:00\",\"breadcrumb\":{\"@id\":\"https:\/\/www.eumedbridge.eu\/fr\/news\/une-conference-regionale-marque-le-10eme-anniversaire-du-programme-sud\/#breadcrumb\"},\"inLanguage\":\"fr-FR\",\"potentialAction\":[{\"@type\":\"ReadAction\",\"target\":[\"https:\/\/www.eumedbridge.eu\/fr\/news\/une-conference-regionale-marque-le-10eme-anniversaire-du-programme-sud\/\"]}]},{\"@type\":\"ImageObject\",\"inLanguage\":\"fr-FR\",\"@id\":\"https:\/\/www.eumedbridge.eu\/fr\/news\/une-conference-regionale-marque-le-10eme-anniversaire-du-programme-sud\/#primaryimage\",\"url\":\"https:\/\/www.eumedbridge.eu\/wp-content\/uploads\/2022\/07\/sp.png\",\"contentUrl\":\"https:\/\/www.eumedbridge.eu\/wp-content\/uploads\/2022\/07\/sp.png\",\"width\":988,\"height\":401,\"caption\":\"South Programme IV\"},{\"@type\":\"BreadcrumbList\",\"@id\":\"https:\/\/www.eumedbridge.eu\/fr\/news\/une-conference-regionale-marque-le-10eme-anniversaire-du-programme-sud\/#breadcrumb\",\"itemListElement\":[{\"@type\":\"ListItem\",\"position\":1,\"name\":\"Home\",\"item\":\"https:\/\/www.eumedbridge.eu\/fr\/home-page\/\"},{\"@type\":\"ListItem\",\"position\":2,\"name\":\"Actualit\u00e9s\",\"item\":\"https:\/\/www.eumedbridge.eu\/fr\/news\/\"},{\"@type\":\"ListItem\",\"position\":3,\"name\":\"Une conf\u00e9rence r\u00e9gionale marque le 10\u00e8me anniversaire du Programme Sud\"}]},{\"@type\":\"WebSite\",\"@id\":\"https:\/\/www.eumedbridge.eu\/#website\",\"url\":\"https:\/\/www.eumedbridge.eu\/\",\"name\":\"EU Medbridge\",\"description\":\"\",\"publisher\":{\"@id\":\"https:\/\/www.eumedbridge.eu\/#organization\"},\"potentialAction\":[{\"@type\":\"SearchAction\",\"target\":{\"@type\":\"EntryPoint\",\"urlTemplate\":\"https:\/\/www.eumedbridge.eu\/?s={search_term_string}\"},\"query-input\":{\"@type\":\"PropertyValueSpecification\",\"valueRequired\":true,\"valueName\":\"search_term_string\"}}],\"inLanguage\":\"fr-FR\"},{\"@type\":\"Organization\",\"@id\":\"https:\/\/www.eumedbridge.eu\/#organization\",\"name\":\"EU Medbridge\",\"url\":\"https:\/\/www.eumedbridge.eu\/\",\"logo\":{\"@type\":\"ImageObject\",\"inLanguage\":\"fr-FR\",\"@id\":\"https:\/\/www.eumedbridge.eu\/#\/schema\/logo\/image\/\",\"url\":\"https:\/\/www.eumedbridge.eu\/wp-content\/uploads\/2021\/12\/Logo.png\",\"contentUrl\":\"https:\/\/www.eumedbridge.eu\/wp-content\/uploads\/2021\/12\/Logo.png\",\"width\":325,\"height\":114,\"caption\":\"EU Medbridge\"},\"image\":{\"@id\":\"https:\/\/www.eumedbridge.eu\/#\/schema\/logo\/image\/\"},\"sameAs\":[\"https:\/\/www.facebook.com\/eumedbridge\/\",\"https:\/\/x.com\/eumedbridge\",\"https:\/\/www.linkedin.com\/company\/eumedbridge\",\"https:\/\/www.youtube.com\/@eumedbridge\",\"https:\/\/www.instagram.com\/eumedbridge\",\"https:\/\/www.flickr.com\/photos\/euneighbours-south\/\"]}]}<\/script>\n<!-- \/ Yoast SEO plugin. -->","yoast_head_json":{"title":"Une conf\u00e9rence r\u00e9gionale marque le 10\u00e8me anniversaire du Programme Sud - Voisins de l'UE","robots":{"index":"index","follow":"follow","max-snippet":"max-snippet:-1","max-image-preview":"max-image-preview:large","max-video-preview":"max-video-preview:-1"},"canonical":"https:\/\/www.eumedbridge.eu\/fr\/news\/une-conference-regionale-marque-le-10eme-anniversaire-du-programme-sud\/","og_locale":"fr_FR","og_type":"article","og_title":"Une conf\u00e9rence r\u00e9gionale marque le 10\u00e8me anniversaire du Programme Sud - Voisins de l'UE","og_description":"La conf\u00e9rence fera le bilan des r\u00e9sultats et enseignements tir\u00e9s depuis le lancement du Programme Sud en 2021 et visera \u00e0 identifier les tendances et d\u00e9fis communs dans la r\u00e9gion du Sud de la M\u00e9diterran\u00e9e, contribuant ainsi \u00e0 d\u00e9finir les priorit\u00e9s de futures actions conjointes. La conf\u00e9rence sera\u00a0une opportunit\u00e9 de r\u00e9seautage pour les participants (repr\u00e9sentants [&hellip;]","og_url":"https:\/\/www.eumedbridge.eu\/fr\/news\/une-conference-regionale-marque-le-10eme-anniversaire-du-programme-sud\/","og_site_name":"Voisins de l'UE","article_publisher":"https:\/\/www.facebook.com\/eumedbridge\/","article_modified_time":"2022-09-01T13:42:45+00:00","og_image":[{"width":988,"height":401,"url":"https:\/\/www.eumedbridge.eu\/wp-content\/uploads\/2022\/07\/sp.png","type":"image\/png"}],"twitter_card":"summary_large_image","twitter_site":"@eumedbridge","twitter_misc":{"Dur\u00e9e de lecture estim\u00e9e":"1 minute"},"schema":{"@context":"https:\/\/schema.org","@graph":[{"@type":"WebPage","@id":"https:\/\/www.eumedbridge.eu\/fr\/news\/une-conference-regionale-marque-le-10eme-anniversaire-du-programme-sud\/","url":"https:\/\/www.eumedbridge.eu\/fr\/news\/une-conference-regionale-marque-le-10eme-anniversaire-du-programme-sud\/","name":"Une conf\u00e9rence r\u00e9gionale marque le 10\u00e8me anniversaire du Programme Sud - Voisins de l'UE","isPartOf":{"@id":"https:\/\/www.eumedbridge.eu\/#website"},"primaryImageOfPage":{"@id":"https:\/\/www.eumedbridge.eu\/fr\/news\/une-conference-regionale-marque-le-10eme-anniversaire-du-programme-sud\/#primaryimage"},"image":{"@id":"https:\/\/www.eumedbridge.eu\/fr\/news\/une-conference-regionale-marque-le-10eme-anniversaire-du-programme-sud\/#primaryimage"},"thumbnailUrl":"https:\/\/www.eumedbridge.eu\/wp-content\/uploads\/2022\/07\/sp.png","datePublished":"2022-06-07T21:00:00+00:00","dateModified":"2022-09-01T13:42:45+00:00","breadcrumb":{"@id":"https:\/\/www.eumedbridge.eu\/fr\/news\/une-conference-regionale-marque-le-10eme-anniversaire-du-programme-sud\/#breadcrumb"},"inLanguage":"fr-FR","potentialAction":[{"@type":"ReadAction","target":["https:\/\/www.eumedbridge.eu\/fr\/news\/une-conference-regionale-marque-le-10eme-anniversaire-du-programme-sud\/"]}]},{"@type":"ImageObject","inLanguage":"fr-FR","@id":"https:\/\/www.eumedbridge.eu\/fr\/news\/une-conference-regionale-marque-le-10eme-anniversaire-du-programme-sud\/#primaryimage","url":"https:\/\/www.eumedbridge.eu\/wp-content\/uploads\/2022\/07\/sp.png","contentUrl":"https:\/\/www.eumedbridge.eu\/wp-content\/uploads\/2022\/07\/sp.png","width":988,"height":401,"caption":"South Programme IV"},{"@type":"BreadcrumbList","@id":"https:\/\/www.eumedbridge.eu\/fr\/news\/une-conference-regionale-marque-le-10eme-anniversaire-du-programme-sud\/#breadcrumb","itemListElement":[{"@type":"ListItem","position":1,"name":"Home","item":"https:\/\/www.eumedbridge.eu\/fr\/home-page\/"},{"@type":"ListItem","position":2,"name":"Actualit\u00e9s","item":"https:\/\/www.eumedbridge.eu\/fr\/news\/"},{"@type":"ListItem","position":3,"name":"Une conf\u00e9rence r\u00e9gionale marque le 10\u00e8me anniversaire du Programme Sud"}]},{"@type":"WebSite","@id":"https:\/\/www.eumedbridge.eu\/#website","url":"https:\/\/www.eumedbridge.eu\/","name":"EU Medbridge","description":"","publisher":{"@id":"https:\/\/www.eumedbridge.eu\/#organization"},"potentialAction":[{"@type":"SearchAction","target":{"@type":"EntryPoint","urlTemplate":"https:\/\/www.eumedbridge.eu\/?s={search_term_string}"},"query-input":{"@type":"PropertyValueSpecification","valueRequired":true,"valueName":"search_term_string"}}],"inLanguage":"fr-FR"},{"@type":"Organization","@id":"https:\/\/www.eumedbridge.eu\/#organization","name":"EU Medbridge","url":"https:\/\/www.eumedbridge.eu\/","logo":{"@type":"ImageObject","inLanguage":"fr-FR","@id":"https:\/\/www.eumedbridge.eu\/#\/schema\/logo\/image\/","url":"https:\/\/www.eumedbridge.eu\/wp-content\/uploads\/2021\/12\/Logo.png","contentUrl":"https:\/\/www.eumedbridge.eu\/wp-content\/uploads\/2021\/12\/Logo.png","width":325,"height":114,"caption":"EU Medbridge"},"image":{"@id":"https:\/\/www.eumedbridge.eu\/#\/schema\/logo\/image\/"},"sameAs":["https:\/\/www.facebook.com\/eumedbridge\/","https:\/\/x.com\/eumedbridge","https:\/\/www.linkedin.com\/company\/eumedbridge","https:\/\/www.youtube.com\/@eumedbridge","https:\/\/www.instagram.com\/eumedbridge","https:\/\/www.flickr.com\/photos\/euneighbours-south\/"]}]}},"_links":{"self":[{"href":"https:\/\/www.eumedbridge.eu\/fr\/wp-json\/wp\/v2\/news\/205709","targetHints":{"allow":["GET"]}}],"collection":[{"href":"https:\/\/www.eumedbridge.eu\/fr\/wp-json\/wp\/v2\/news"}],"about":[{"href":"https:\/\/www.eumedbridge.eu\/fr\/wp-json\/wp\/v2\/types\/news"}],"wp:featuredmedia":[{"embeddable":true,"href":"https:\/\/www.eumedbridge.eu\/fr\/wp-json\/wp\/v2\/media\/183551"}],"wp:attachment":[{"href":"https:\/\/www.eumedbridge.eu\/fr\/wp-json\/wp\/v2\/media?parent=205709"}],"wp:term":[{"taxonomy":"news_category","embeddable":true,"href":"https:\/\/www.eumedbridge.eu\/fr\/wp-json\/wp\/v2\/news_category?post=205709"},{"taxonomy":"country","embeddable":true,"href":"https:\/\/www.eumedbridge.eu\/fr\/wp-json\/wp\/v2\/country?post=205709"},{"taxonomy":"special_action","embeddable":true,"href":"https:\/\/www.eumedbridge.eu\/fr\/wp-json\/wp\/v2\/special_action?post=205709"},{"taxonomy":"custom_tag","embeddable":true,"href":"https:\/\/www.eumedbridge.eu\/fr\/wp-json\/wp\/v2\/custom_tag?post=205709"}],"curies":[{"name":"wp","href":"https:\/\/api.w.org\/{rel}","templated":true}]}}