{"id":205766,"date":"2022-06-27T00:00:00","date_gmt":"2022-06-26T21:00:00","guid":{"rendered":"https:\/\/eumedbridge.eu\/news\/journee-internationale-pour-le-soutien-aux-victimes-de-la-torture\/"},"modified":"2022-09-01T16:45:04","modified_gmt":"2022-09-01T13:45:04","slug":"journee-internationale-pour-le-soutien-aux-victimes-de-la-torture","status":"publish","type":"news","link":"https:\/\/www.eumedbridge.eu\/fr\/news\/journee-internationale-pour-le-soutien-aux-victimes-de-la-torture\/","title":{"rendered":"Journ\u00e9e internationale pour le soutien aux victimes de la torture: d\u00e9claration du haut repr\u00e9sentant\/vice-pr\u00e9sident Josep Borrell"},"content":{"rendered":"<p>\u00ab\u00a0La torture n\u2019a sa place dans aucune soci\u00e9t\u00e9. Aucune circonstance, y compris la guerre ou des situations d\u2019urgence, ne peut justifier le recours \u00e0 la torture. Pourtant, des milliers d\u2019\u00eatres humains dans le monde continuent de subir des tortures et autres mauvais traitements, les auteurs jouissant d&rsquo;une impunit\u00e9 presque totale.<\/p>\n<p>\u00c0 l\u2019occasion de la Journ\u00e9e internationale pour le soutien aux victimes de la torture, nous sommes solidaires avec toutes les victimes de la torture et leurs familles, et r\u00e9affirmons notre ferme d\u00e9termination \u00e0 lutter contre la torture, partout dans le monde et dans tous les contextes, notamment dans les lieux de d\u00e9tention.<\/p>\n<p>Parall\u00e8lement \u00e0 la multiplication des conflits et des crises, le recours \u00e0 la torture se g\u00e9n\u00e9ralise. L\u2019UE d\u00e9plore les nombreux signalements de torture, d\u2019ex\u00e9cutions extrajudiciaires et d\u2019autres atrocit\u00e9s commises dans le cadre de la guerre d\u2019agression ill\u00e9gale men\u00e9e par la Russie contre l\u2019Ukraine. Ces actes ne resteront pas impunis. Les auteurs de violations graves des droits de l\u2019homme et d\u2019atteintes graves \u00e0 ces droits, en Ukraine comme partout ailleurs dans le monde, doivent r\u00e9pondre de leurs actes.<\/p>\n<p>La d\u00e9fense d\u2019un ordre international fond\u00e9 sur des r\u00e8gles est plus cruciale que jamais. Il est essentiel de soutenir les enqu\u00eates de la Cour p\u00e9nale internationale, les commissions d\u2019enqu\u00eate mandat\u00e9es par les Nations unies et d\u2019autres m\u00e9canismes d\u2019enqu\u00eate ind\u00e9pendants pour rendre justice aux victimes et garantir que les auteurs de violations graves du droit international relatif aux droits de l\u2019homme et du droit humanitaire international rendent des comptes.\u00a0\u00bb<\/p>\n<p><strong>Pour plus d&rsquo;informations<\/strong><\/p>\n<p><a href=\"https:\/\/www.eeas.europa.eu\/eeas\/international-day-support-victims-torture-statement-high-representativevice-president-josep-0_en?s=203\">D\u00e9claration compl\u00e8te<\/a><\/p>\n","protected":false},"featured_media":183347,"parent":0,"template":"","news_category":[],"country":[1956],"special_action":[],"custom_tag":[2313,2821],"class_list":["post-205766","news","type-news","status-publish","has-post-thumbnail","hentry","country-region-sud","custom_tag-droit-de-lhomme","custom_tag-migration-fr"],"acf":[],"yoast_head":"<!-- This site is optimized with the Yoast SEO plugin v26.5 - https:\/\/yoast.com\/wordpress\/plugins\/seo\/ -->\n<title>Journ\u00e9e internationale pour le soutien aux victimes de la torture: d\u00e9claration du haut repr\u00e9sentant\/vice-pr\u00e9sident Josep Borrell - Voisins de l&#039;UE<\/title>\n<meta name=\"robots\" content=\"index, follow, max-snippet:-1, max-image-preview:large, max-video-preview:-1\" \/>\n<link rel=\"canonical\" href=\"https:\/\/www.eumedbridge.eu\/fr\/news\/journee-internationale-pour-le-soutien-aux-victimes-de-la-torture\/\" \/>\n<meta property=\"og:locale\" content=\"fr_FR\" \/>\n<meta property=\"og:type\" content=\"article\" \/>\n<meta property=\"og:title\" content=\"Journ\u00e9e internationale pour le soutien aux victimes de la torture: d\u00e9claration du haut repr\u00e9sentant\/vice-pr\u00e9sident Josep Borrell - Voisins de l&#039;UE\" \/>\n<meta property=\"og:description\" content=\"\u00ab\u00a0La torture n\u2019a sa place dans aucune soci\u00e9t\u00e9. Aucune circonstance, y compris la guerre ou des situations d\u2019urgence, ne peut justifier le recours \u00e0 la torture. Pourtant, des milliers d\u2019\u00eatres humains dans le monde continuent de subir des tortures et autres mauvais traitements, les auteurs jouissant d&rsquo;une impunit\u00e9 presque totale. \u00c0 l\u2019occasion de la Journ\u00e9e [&hellip;]\" \/>\n<meta property=\"og:url\" content=\"https:\/\/www.eumedbridge.eu\/fr\/news\/journee-internationale-pour-le-soutien-aux-victimes-de-la-torture\/\" \/>\n<meta property=\"og:site_name\" content=\"Voisins de l&#039;UE\" \/>\n<meta property=\"article:publisher\" content=\"https:\/\/www.facebook.com\/eumedbridge\/\" \/>\n<meta property=\"article:modified_time\" content=\"2022-09-01T13:45:04+00:00\" \/>\n<meta property=\"og:image\" content=\"https:\/\/www.eumedbridge.eu\/wp-content\/uploads\/2022\/07\/eu_2.jpg\" \/>\n\t<meta property=\"og:image:width\" content=\"1680\" \/>\n\t<meta property=\"og:image:height\" content=\"750\" \/>\n\t<meta property=\"og:image:type\" content=\"image\/jpeg\" \/>\n<meta name=\"twitter:card\" content=\"summary_large_image\" \/>\n<meta name=\"twitter:site\" content=\"@eumedbridge\" \/>\n<meta name=\"twitter:label1\" content=\"Dur\u00e9e de lecture estim\u00e9e\" \/>\n\t<meta name=\"twitter:data1\" content=\"1 minute\" \/>\n<script type=\"application\/ld+json\" class=\"yoast-schema-graph\">{\"@context\":\"https:\/\/schema.org\",\"@graph\":[{\"@type\":\"WebPage\",\"@id\":\"https:\/\/www.eumedbridge.eu\/fr\/news\/journee-internationale-pour-le-soutien-aux-victimes-de-la-torture\/\",\"url\":\"https:\/\/www.eumedbridge.eu\/fr\/news\/journee-internationale-pour-le-soutien-aux-victimes-de-la-torture\/\",\"name\":\"Journ\u00e9e internationale pour le soutien aux victimes de la torture: d\u00e9claration du haut repr\u00e9sentant\/vice-pr\u00e9sident Josep Borrell - Voisins de l'UE\",\"isPartOf\":{\"@id\":\"https:\/\/www.eumedbridge.eu\/#website\"},\"primaryImageOfPage\":{\"@id\":\"https:\/\/www.eumedbridge.eu\/fr\/news\/journee-internationale-pour-le-soutien-aux-victimes-de-la-torture\/#primaryimage\"},\"image\":{\"@id\":\"https:\/\/www.eumedbridge.eu\/fr\/news\/journee-internationale-pour-le-soutien-aux-victimes-de-la-torture\/#primaryimage\"},\"thumbnailUrl\":\"https:\/\/www.eumedbridge.eu\/wp-content\/uploads\/2022\/07\/eu_2.jpg\",\"datePublished\":\"2022-06-26T21:00:00+00:00\",\"dateModified\":\"2022-09-01T13:45:04+00:00\",\"breadcrumb\":{\"@id\":\"https:\/\/www.eumedbridge.eu\/fr\/news\/journee-internationale-pour-le-soutien-aux-victimes-de-la-torture\/#breadcrumb\"},\"inLanguage\":\"fr-FR\",\"potentialAction\":[{\"@type\":\"ReadAction\",\"target\":[\"https:\/\/www.eumedbridge.eu\/fr\/news\/journee-internationale-pour-le-soutien-aux-victimes-de-la-torture\/\"]}]},{\"@type\":\"ImageObject\",\"inLanguage\":\"fr-FR\",\"@id\":\"https:\/\/www.eumedbridge.eu\/fr\/news\/journee-internationale-pour-le-soutien-aux-victimes-de-la-torture\/#primaryimage\",\"url\":\"https:\/\/www.eumedbridge.eu\/wp-content\/uploads\/2022\/07\/eu_2.jpg\",\"contentUrl\":\"https:\/\/www.eumedbridge.eu\/wp-content\/uploads\/2022\/07\/eu_2.jpg\",\"width\":1680,\"height\":750,\"caption\":\"\u00a9European Union\"},{\"@type\":\"BreadcrumbList\",\"@id\":\"https:\/\/www.eumedbridge.eu\/fr\/news\/journee-internationale-pour-le-soutien-aux-victimes-de-la-torture\/#breadcrumb\",\"itemListElement\":[{\"@type\":\"ListItem\",\"position\":1,\"name\":\"Home\",\"item\":\"https:\/\/www.eumedbridge.eu\/fr\/home-page\/\"},{\"@type\":\"ListItem\",\"position\":2,\"name\":\"Actualit\u00e9s\",\"item\":\"https:\/\/www.eumedbridge.eu\/fr\/news\/\"},{\"@type\":\"ListItem\",\"position\":3,\"name\":\"Journ\u00e9e internationale pour le soutien aux victimes de la torture: d\u00e9claration du haut repr\u00e9sentant\/vice-pr\u00e9sident Josep Borrell\"}]},{\"@type\":\"WebSite\",\"@id\":\"https:\/\/www.eumedbridge.eu\/#website\",\"url\":\"https:\/\/www.eumedbridge.eu\/\",\"name\":\"EU Medbridge\",\"description\":\"\",\"publisher\":{\"@id\":\"https:\/\/www.eumedbridge.eu\/#organization\"},\"potentialAction\":[{\"@type\":\"SearchAction\",\"target\":{\"@type\":\"EntryPoint\",\"urlTemplate\":\"https:\/\/www.eumedbridge.eu\/?s={search_term_string}\"},\"query-input\":{\"@type\":\"PropertyValueSpecification\",\"valueRequired\":true,\"valueName\":\"search_term_string\"}}],\"inLanguage\":\"fr-FR\"},{\"@type\":\"Organization\",\"@id\":\"https:\/\/www.eumedbridge.eu\/#organization\",\"name\":\"EU Medbridge\",\"url\":\"https:\/\/www.eumedbridge.eu\/\",\"logo\":{\"@type\":\"ImageObject\",\"inLanguage\":\"fr-FR\",\"@id\":\"https:\/\/www.eumedbridge.eu\/#\/schema\/logo\/image\/\",\"url\":\"https:\/\/www.eumedbridge.eu\/wp-content\/uploads\/2021\/12\/Logo.png\",\"contentUrl\":\"https:\/\/www.eumedbridge.eu\/wp-content\/uploads\/2021\/12\/Logo.png\",\"width\":325,\"height\":114,\"caption\":\"EU Medbridge\"},\"image\":{\"@id\":\"https:\/\/www.eumedbridge.eu\/#\/schema\/logo\/image\/\"},\"sameAs\":[\"https:\/\/www.facebook.com\/eumedbridge\/\",\"https:\/\/x.com\/eumedbridge\",\"https:\/\/www.linkedin.com\/company\/eumedbridge\",\"https:\/\/www.youtube.com\/@eumedbridge\",\"https:\/\/www.instagram.com\/eumedbridge\",\"https:\/\/www.flickr.com\/photos\/euneighbours-south\/\"]}]}<\/script>\n<!-- \/ Yoast SEO plugin. -->","yoast_head_json":{"title":"Journ\u00e9e internationale pour le soutien aux victimes de la torture: d\u00e9claration du haut repr\u00e9sentant\/vice-pr\u00e9sident Josep Borrell - Voisins de l'UE","robots":{"index":"index","follow":"follow","max-snippet":"max-snippet:-1","max-image-preview":"max-image-preview:large","max-video-preview":"max-video-preview:-1"},"canonical":"https:\/\/www.eumedbridge.eu\/fr\/news\/journee-internationale-pour-le-soutien-aux-victimes-de-la-torture\/","og_locale":"fr_FR","og_type":"article","og_title":"Journ\u00e9e internationale pour le soutien aux victimes de la torture: d\u00e9claration du haut repr\u00e9sentant\/vice-pr\u00e9sident Josep Borrell - Voisins de l'UE","og_description":"\u00ab\u00a0La torture n\u2019a sa place dans aucune soci\u00e9t\u00e9. Aucune circonstance, y compris la guerre ou des situations d\u2019urgence, ne peut justifier le recours \u00e0 la torture. Pourtant, des milliers d\u2019\u00eatres humains dans le monde continuent de subir des tortures et autres mauvais traitements, les auteurs jouissant d&rsquo;une impunit\u00e9 presque totale. \u00c0 l\u2019occasion de la Journ\u00e9e [&hellip;]","og_url":"https:\/\/www.eumedbridge.eu\/fr\/news\/journee-internationale-pour-le-soutien-aux-victimes-de-la-torture\/","og_site_name":"Voisins de l'UE","article_publisher":"https:\/\/www.facebook.com\/eumedbridge\/","article_modified_time":"2022-09-01T13:45:04+00:00","og_image":[{"width":1680,"height":750,"url":"https:\/\/www.eumedbridge.eu\/wp-content\/uploads\/2022\/07\/eu_2.jpg","type":"image\/jpeg"}],"twitter_card":"summary_large_image","twitter_site":"@eumedbridge","twitter_misc":{"Dur\u00e9e de lecture estim\u00e9e":"1 minute"},"schema":{"@context":"https:\/\/schema.org","@graph":[{"@type":"WebPage","@id":"https:\/\/www.eumedbridge.eu\/fr\/news\/journee-internationale-pour-le-soutien-aux-victimes-de-la-torture\/","url":"https:\/\/www.eumedbridge.eu\/fr\/news\/journee-internationale-pour-le-soutien-aux-victimes-de-la-torture\/","name":"Journ\u00e9e internationale pour le soutien aux victimes de la torture: d\u00e9claration du haut repr\u00e9sentant\/vice-pr\u00e9sident Josep Borrell - Voisins de l'UE","isPartOf":{"@id":"https:\/\/www.eumedbridge.eu\/#website"},"primaryImageOfPage":{"@id":"https:\/\/www.eumedbridge.eu\/fr\/news\/journee-internationale-pour-le-soutien-aux-victimes-de-la-torture\/#primaryimage"},"image":{"@id":"https:\/\/www.eumedbridge.eu\/fr\/news\/journee-internationale-pour-le-soutien-aux-victimes-de-la-torture\/#primaryimage"},"thumbnailUrl":"https:\/\/www.eumedbridge.eu\/wp-content\/uploads\/2022\/07\/eu_2.jpg","datePublished":"2022-06-26T21:00:00+00:00","dateModified":"2022-09-01T13:45:04+00:00","breadcrumb":{"@id":"https:\/\/www.eumedbridge.eu\/fr\/news\/journee-internationale-pour-le-soutien-aux-victimes-de-la-torture\/#breadcrumb"},"inLanguage":"fr-FR","potentialAction":[{"@type":"ReadAction","target":["https:\/\/www.eumedbridge.eu\/fr\/news\/journee-internationale-pour-le-soutien-aux-victimes-de-la-torture\/"]}]},{"@type":"ImageObject","inLanguage":"fr-FR","@id":"https:\/\/www.eumedbridge.eu\/fr\/news\/journee-internationale-pour-le-soutien-aux-victimes-de-la-torture\/#primaryimage","url":"https:\/\/www.eumedbridge.eu\/wp-content\/uploads\/2022\/07\/eu_2.jpg","contentUrl":"https:\/\/www.eumedbridge.eu\/wp-content\/uploads\/2022\/07\/eu_2.jpg","width":1680,"height":750,"caption":"\u00a9European Union"},{"@type":"BreadcrumbList","@id":"https:\/\/www.eumedbridge.eu\/fr\/news\/journee-internationale-pour-le-soutien-aux-victimes-de-la-torture\/#breadcrumb","itemListElement":[{"@type":"ListItem","position":1,"name":"Home","item":"https:\/\/www.eumedbridge.eu\/fr\/home-page\/"},{"@type":"ListItem","position":2,"name":"Actualit\u00e9s","item":"https:\/\/www.eumedbridge.eu\/fr\/news\/"},{"@type":"ListItem","position":3,"name":"Journ\u00e9e internationale pour le soutien aux victimes de la torture: d\u00e9claration du haut repr\u00e9sentant\/vice-pr\u00e9sident Josep Borrell"}]},{"@type":"WebSite","@id":"https:\/\/www.eumedbridge.eu\/#website","url":"https:\/\/www.eumedbridge.eu\/","name":"EU Medbridge","description":"","publisher":{"@id":"https:\/\/www.eumedbridge.eu\/#organization"},"potentialAction":[{"@type":"SearchAction","target":{"@type":"EntryPoint","urlTemplate":"https:\/\/www.eumedbridge.eu\/?s={search_term_string}"},"query-input":{"@type":"PropertyValueSpecification","valueRequired":true,"valueName":"search_term_string"}}],"inLanguage":"fr-FR"},{"@type":"Organization","@id":"https:\/\/www.eumedbridge.eu\/#organization","name":"EU Medbridge","url":"https:\/\/www.eumedbridge.eu\/","logo":{"@type":"ImageObject","inLanguage":"fr-FR","@id":"https:\/\/www.eumedbridge.eu\/#\/schema\/logo\/image\/","url":"https:\/\/www.eumedbridge.eu\/wp-content\/uploads\/2021\/12\/Logo.png","contentUrl":"https:\/\/www.eumedbridge.eu\/wp-content\/uploads\/2021\/12\/Logo.png","width":325,"height":114,"caption":"EU Medbridge"},"image":{"@id":"https:\/\/www.eumedbridge.eu\/#\/schema\/logo\/image\/"},"sameAs":["https:\/\/www.facebook.com\/eumedbridge\/","https:\/\/x.com\/eumedbridge","https:\/\/www.linkedin.com\/company\/eumedbridge","https:\/\/www.youtube.com\/@eumedbridge","https:\/\/www.instagram.com\/eumedbridge","https:\/\/www.flickr.com\/photos\/euneighbours-south\/"]}]}},"_links":{"self":[{"href":"https:\/\/www.eumedbridge.eu\/fr\/wp-json\/wp\/v2\/news\/205766","targetHints":{"allow":["GET"]}}],"collection":[{"href":"https:\/\/www.eumedbridge.eu\/fr\/wp-json\/wp\/v2\/news"}],"about":[{"href":"https:\/\/www.eumedbridge.eu\/fr\/wp-json\/wp\/v2\/types\/news"}],"wp:featuredmedia":[{"embeddable":true,"href":"https:\/\/www.eumedbridge.eu\/fr\/wp-json\/wp\/v2\/media\/183347"}],"wp:attachment":[{"href":"https:\/\/www.eumedbridge.eu\/fr\/wp-json\/wp\/v2\/media?parent=205766"}],"wp:term":[{"taxonomy":"news_category","embeddable":true,"href":"https:\/\/www.eumedbridge.eu\/fr\/wp-json\/wp\/v2\/news_category?post=205766"},{"taxonomy":"country","embeddable":true,"href":"https:\/\/www.eumedbridge.eu\/fr\/wp-json\/wp\/v2\/country?post=205766"},{"taxonomy":"special_action","embeddable":true,"href":"https:\/\/www.eumedbridge.eu\/fr\/wp-json\/wp\/v2\/special_action?post=205766"},{"taxonomy":"custom_tag","embeddable":true,"href":"https:\/\/www.eumedbridge.eu\/fr\/wp-json\/wp\/v2\/custom_tag?post=205766"}],"curies":[{"name":"wp","href":"https:\/\/api.w.org\/{rel}","templated":true}]}}