{"id":205812,"date":"2022-07-15T00:00:00","date_gmt":"2022-07-14T21:00:00","guid":{"rendered":"https:\/\/eumedbridge.eu\/news\/batir-un-espace-juridique-commun-une-decennie-daction-conjointe-dans-la\/"},"modified":"2022-09-01T16:46:58","modified_gmt":"2022-09-01T13:46:58","slug":"batir-un-espace-juridique-commun-une-decennie-daction-conjointe-dans-la","status":"publish","type":"news","link":"https:\/\/www.eumedbridge.eu\/fr\/news\/batir-un-espace-juridique-commun-une-decennie-daction-conjointe-dans-la\/","title":{"rendered":"B\u00e2tir un espace juridique commun : une d\u00e9cennie d\u2019action conjointe dans la r\u00e9gion du Sud de la M\u00e9diterran\u00e9e"},"content":{"rendered":"<p><span>La conf\u00e9rence r\u00e9gionale du <\/span><a href=\"https:\/\/pjp-eu.coe.int\/fr\/web\/south-programme\"><strong><span>Programme Sud <\/span><\/strong><\/a><span>\u00ab\u00a0<\/span><a href=\"https:\/\/pjp-eu.coe.int\/fr\/web\/south-programme\/closing-event\"><span>B\u00e2tir un espace juridique commun :<\/span><\/a> <a href=\"https:\/\/pjp-eu.coe.int\/fr\/web\/south-programme\/closing-event\"><span>une d\u00e9cennie d\u2019action conjointe dans la r\u00e9gion du sud de la M\u00e9diterran\u00e9e<\/span><\/a><span>\u00a0\u00bb s\u2019est tenue \u00e0 la Casa Mediterr\u00e1neo \u00e0 Alicante, les 8 et 9\u00a0juin\u00a02022.<\/span><\/p>\n<p><span>La conf\u00e9rence a permis de tirer les enseignements d\u2019une d\u00e9cennie de coop\u00e9ration tripartite entre l\u2019Union europ\u00e9enne, le Conseil de l\u2019Europe et les b\u00e9n\u00e9ficiaires du programme dans la r\u00e9gion, et a fourni une plateforme d\u2019\u00e9change sur les d\u00e9fis et les perspectives \u00e0 venir afin de poursuivre l\u2019action conjointe dans la prochaine phase du Programme Sud qui sera lanc\u00e9e \u00e0 l\u2019automne\u00a02022.<\/span><\/p>\n<p><span>Plus de 100\u00a0professionnels, repr\u00e9sentants d\u2019autorit\u00e9s, d\u2019institutions gouvernementales et ind\u00e9pendantes, d\u2019organisations de la soci\u00e9t\u00e9 civile de la r\u00e9gion ainsi que des repr\u00e9sentants de l\u2019Union europ\u00e9enne et du Conseil de l\u2019Europe ont particip\u00e9 aux tables rondes consacr\u00e9es aux r\u00e9sultats obtenus, aux le\u00e7ons apprises, aux tendances communes identifi\u00e9es et aux d\u00e9fis rencontr\u00e9s par le Programme Sud.<\/span><\/p>\n<p><span>Le programme <strong>\u00ab\u00a0Soutien r\u00e9gional \u00e0 la consolidation des droits de l\u2019homme, de l\u2019\u00c9tat de droit et de la d\u00e9mocratie dans le sud de la M\u00e9diterran\u00e9e\u00a0\u00bb (Programme Sud\u00a0IV)<\/strong> est une initiative conjointe entre l\u2019Union europ\u00e9enne et le Conseil de l\u2019Europe men\u00e9e durant la p\u00e9riode mars\u00a02020 &#8211; ao\u00fbt\u00a02022, dont l\u2019objectif est d\u2019accompagner les r\u00e9formes d\u00e9mocratiques dans la r\u00e9gion du sud de la M\u00e9diterran\u00e9e.<\/span><\/p>\n<p><strong><span>Pour plus d&rsquo;informations<\/span><\/strong><\/p>\n<p><a href=\"https:\/\/pjp-eu.coe.int\/en\/web\/south-programme\/-\/regional-conference-to-mark-the-10th-anniversary-of-the-south-programme-a-joint-initiative-between-the-european-union-and-the-council-of-europe\">Communiqu\u00e9 de presse<\/a><\/p>\n","protected":false},"featured_media":205041,"parent":0,"template":"","news_category":[],"country":[1956],"special_action":[],"custom_tag":[2313,2821],"class_list":["post-205812","news","type-news","status-publish","has-post-thumbnail","hentry","country-region-sud","custom_tag-droit-de-lhomme","custom_tag-migration-fr"],"acf":[],"yoast_head":"<!-- This site is optimized with the Yoast SEO plugin v26.5 - https:\/\/yoast.com\/wordpress\/plugins\/seo\/ -->\n<title>B\u00e2tir un espace juridique commun : une d\u00e9cennie d\u2019action conjointe dans la r\u00e9gion du Sud de la M\u00e9diterran\u00e9e - Voisins de l&#039;UE<\/title>\n<meta name=\"robots\" content=\"index, follow, max-snippet:-1, max-image-preview:large, max-video-preview:-1\" \/>\n<link rel=\"canonical\" href=\"https:\/\/www.eumedbridge.eu\/fr\/news\/batir-un-espace-juridique-commun-une-decennie-daction-conjointe-dans-la\/\" \/>\n<meta property=\"og:locale\" content=\"fr_FR\" \/>\n<meta property=\"og:type\" content=\"article\" \/>\n<meta property=\"og:title\" content=\"B\u00e2tir un espace juridique commun : une d\u00e9cennie d\u2019action conjointe dans la r\u00e9gion du Sud de la M\u00e9diterran\u00e9e - Voisins de l&#039;UE\" \/>\n<meta property=\"og:description\" content=\"La conf\u00e9rence r\u00e9gionale du Programme Sud \u00ab\u00a0B\u00e2tir un espace juridique commun : une d\u00e9cennie d\u2019action conjointe dans la r\u00e9gion du sud de la M\u00e9diterran\u00e9e\u00a0\u00bb s\u2019est tenue \u00e0 la Casa Mediterr\u00e1neo \u00e0 Alicante, les 8 et 9\u00a0juin\u00a02022. La conf\u00e9rence a permis de tirer les enseignements d\u2019une d\u00e9cennie de coop\u00e9ration tripartite entre l\u2019Union europ\u00e9enne, le Conseil de [&hellip;]\" \/>\n<meta property=\"og:url\" content=\"https:\/\/www.eumedbridge.eu\/fr\/news\/batir-un-espace-juridique-commun-une-decennie-daction-conjointe-dans-la\/\" \/>\n<meta property=\"og:site_name\" content=\"Voisins de l&#039;UE\" \/>\n<meta property=\"article:publisher\" content=\"https:\/\/www.facebook.com\/eumedbridge\/\" \/>\n<meta property=\"article:modified_time\" content=\"2022-09-01T13:46:58+00:00\" \/>\n<meta property=\"og:image\" content=\"https:\/\/www.eumedbridge.eu\/wp-content\/uploads\/2022\/08\/SP-regional-conference.png\" \/>\n\t<meta property=\"og:image:width\" content=\"870\" \/>\n\t<meta property=\"og:image:height\" content=\"489\" \/>\n\t<meta property=\"og:image:type\" content=\"image\/png\" \/>\n<meta name=\"twitter:card\" content=\"summary_large_image\" \/>\n<meta name=\"twitter:site\" content=\"@eumedbridge\" \/>\n<meta name=\"twitter:label1\" content=\"Dur\u00e9e de lecture estim\u00e9e\" \/>\n\t<meta name=\"twitter:data1\" content=\"1 minute\" \/>\n<script type=\"application\/ld+json\" class=\"yoast-schema-graph\">{\"@context\":\"https:\/\/schema.org\",\"@graph\":[{\"@type\":\"WebPage\",\"@id\":\"https:\/\/www.eumedbridge.eu\/fr\/news\/batir-un-espace-juridique-commun-une-decennie-daction-conjointe-dans-la\/\",\"url\":\"https:\/\/www.eumedbridge.eu\/fr\/news\/batir-un-espace-juridique-commun-une-decennie-daction-conjointe-dans-la\/\",\"name\":\"B\u00e2tir un espace juridique commun : une d\u00e9cennie d\u2019action conjointe dans la r\u00e9gion du Sud de la M\u00e9diterran\u00e9e - Voisins de l'UE\",\"isPartOf\":{\"@id\":\"https:\/\/www.eumedbridge.eu\/#website\"},\"primaryImageOfPage\":{\"@id\":\"https:\/\/www.eumedbridge.eu\/fr\/news\/batir-un-espace-juridique-commun-une-decennie-daction-conjointe-dans-la\/#primaryimage\"},\"image\":{\"@id\":\"https:\/\/www.eumedbridge.eu\/fr\/news\/batir-un-espace-juridique-commun-une-decennie-daction-conjointe-dans-la\/#primaryimage\"},\"thumbnailUrl\":\"https:\/\/www.eumedbridge.eu\/wp-content\/uploads\/2022\/08\/SP-regional-conference.png\",\"datePublished\":\"2022-07-14T21:00:00+00:00\",\"dateModified\":\"2022-09-01T13:46:58+00:00\",\"breadcrumb\":{\"@id\":\"https:\/\/www.eumedbridge.eu\/fr\/news\/batir-un-espace-juridique-commun-une-decennie-daction-conjointe-dans-la\/#breadcrumb\"},\"inLanguage\":\"fr-FR\",\"potentialAction\":[{\"@type\":\"ReadAction\",\"target\":[\"https:\/\/www.eumedbridge.eu\/fr\/news\/batir-un-espace-juridique-commun-une-decennie-daction-conjointe-dans-la\/\"]}]},{\"@type\":\"ImageObject\",\"inLanguage\":\"fr-FR\",\"@id\":\"https:\/\/www.eumedbridge.eu\/fr\/news\/batir-un-espace-juridique-commun-une-decennie-daction-conjointe-dans-la\/#primaryimage\",\"url\":\"https:\/\/www.eumedbridge.eu\/wp-content\/uploads\/2022\/08\/SP-regional-conference.png\",\"contentUrl\":\"https:\/\/www.eumedbridge.eu\/wp-content\/uploads\/2022\/08\/SP-regional-conference.png\",\"width\":870,\"height\":489,\"caption\":\"South Programme IV\"},{\"@type\":\"BreadcrumbList\",\"@id\":\"https:\/\/www.eumedbridge.eu\/fr\/news\/batir-un-espace-juridique-commun-une-decennie-daction-conjointe-dans-la\/#breadcrumb\",\"itemListElement\":[{\"@type\":\"ListItem\",\"position\":1,\"name\":\"Home\",\"item\":\"https:\/\/www.eumedbridge.eu\/fr\/home-page\/\"},{\"@type\":\"ListItem\",\"position\":2,\"name\":\"Actualit\u00e9s\",\"item\":\"https:\/\/www.eumedbridge.eu\/fr\/news\/\"},{\"@type\":\"ListItem\",\"position\":3,\"name\":\"B\u00e2tir un espace juridique commun : une d\u00e9cennie d\u2019action conjointe dans la r\u00e9gion du Sud de la M\u00e9diterran\u00e9e\"}]},{\"@type\":\"WebSite\",\"@id\":\"https:\/\/www.eumedbridge.eu\/#website\",\"url\":\"https:\/\/www.eumedbridge.eu\/\",\"name\":\"EU Medbridge\",\"description\":\"\",\"publisher\":{\"@id\":\"https:\/\/www.eumedbridge.eu\/#organization\"},\"potentialAction\":[{\"@type\":\"SearchAction\",\"target\":{\"@type\":\"EntryPoint\",\"urlTemplate\":\"https:\/\/www.eumedbridge.eu\/?s={search_term_string}\"},\"query-input\":{\"@type\":\"PropertyValueSpecification\",\"valueRequired\":true,\"valueName\":\"search_term_string\"}}],\"inLanguage\":\"fr-FR\"},{\"@type\":\"Organization\",\"@id\":\"https:\/\/www.eumedbridge.eu\/#organization\",\"name\":\"EU Medbridge\",\"url\":\"https:\/\/www.eumedbridge.eu\/\",\"logo\":{\"@type\":\"ImageObject\",\"inLanguage\":\"fr-FR\",\"@id\":\"https:\/\/www.eumedbridge.eu\/#\/schema\/logo\/image\/\",\"url\":\"https:\/\/www.eumedbridge.eu\/wp-content\/uploads\/2021\/12\/Logo.png\",\"contentUrl\":\"https:\/\/www.eumedbridge.eu\/wp-content\/uploads\/2021\/12\/Logo.png\",\"width\":325,\"height\":114,\"caption\":\"EU Medbridge\"},\"image\":{\"@id\":\"https:\/\/www.eumedbridge.eu\/#\/schema\/logo\/image\/\"},\"sameAs\":[\"https:\/\/www.facebook.com\/eumedbridge\/\",\"https:\/\/x.com\/eumedbridge\",\"https:\/\/www.linkedin.com\/company\/eumedbridge\",\"https:\/\/www.youtube.com\/@eumedbridge\",\"https:\/\/www.instagram.com\/eumedbridge\",\"https:\/\/www.flickr.com\/photos\/euneighbours-south\/\"]}]}<\/script>\n<!-- \/ Yoast SEO plugin. -->","yoast_head_json":{"title":"B\u00e2tir un espace juridique commun : une d\u00e9cennie d\u2019action conjointe dans la r\u00e9gion du Sud de la M\u00e9diterran\u00e9e - Voisins de l'UE","robots":{"index":"index","follow":"follow","max-snippet":"max-snippet:-1","max-image-preview":"max-image-preview:large","max-video-preview":"max-video-preview:-1"},"canonical":"https:\/\/www.eumedbridge.eu\/fr\/news\/batir-un-espace-juridique-commun-une-decennie-daction-conjointe-dans-la\/","og_locale":"fr_FR","og_type":"article","og_title":"B\u00e2tir un espace juridique commun : une d\u00e9cennie d\u2019action conjointe dans la r\u00e9gion du Sud de la M\u00e9diterran\u00e9e - Voisins de l'UE","og_description":"La conf\u00e9rence r\u00e9gionale du Programme Sud \u00ab\u00a0B\u00e2tir un espace juridique commun : une d\u00e9cennie d\u2019action conjointe dans la r\u00e9gion du sud de la M\u00e9diterran\u00e9e\u00a0\u00bb s\u2019est tenue \u00e0 la Casa Mediterr\u00e1neo \u00e0 Alicante, les 8 et 9\u00a0juin\u00a02022. La conf\u00e9rence a permis de tirer les enseignements d\u2019une d\u00e9cennie de coop\u00e9ration tripartite entre l\u2019Union europ\u00e9enne, le Conseil de [&hellip;]","og_url":"https:\/\/www.eumedbridge.eu\/fr\/news\/batir-un-espace-juridique-commun-une-decennie-daction-conjointe-dans-la\/","og_site_name":"Voisins de l'UE","article_publisher":"https:\/\/www.facebook.com\/eumedbridge\/","article_modified_time":"2022-09-01T13:46:58+00:00","og_image":[{"width":870,"height":489,"url":"https:\/\/www.eumedbridge.eu\/wp-content\/uploads\/2022\/08\/SP-regional-conference.png","type":"image\/png"}],"twitter_card":"summary_large_image","twitter_site":"@eumedbridge","twitter_misc":{"Dur\u00e9e de lecture estim\u00e9e":"1 minute"},"schema":{"@context":"https:\/\/schema.org","@graph":[{"@type":"WebPage","@id":"https:\/\/www.eumedbridge.eu\/fr\/news\/batir-un-espace-juridique-commun-une-decennie-daction-conjointe-dans-la\/","url":"https:\/\/www.eumedbridge.eu\/fr\/news\/batir-un-espace-juridique-commun-une-decennie-daction-conjointe-dans-la\/","name":"B\u00e2tir un espace juridique commun : une d\u00e9cennie d\u2019action conjointe dans la r\u00e9gion du Sud de la M\u00e9diterran\u00e9e - Voisins de l'UE","isPartOf":{"@id":"https:\/\/www.eumedbridge.eu\/#website"},"primaryImageOfPage":{"@id":"https:\/\/www.eumedbridge.eu\/fr\/news\/batir-un-espace-juridique-commun-une-decennie-daction-conjointe-dans-la\/#primaryimage"},"image":{"@id":"https:\/\/www.eumedbridge.eu\/fr\/news\/batir-un-espace-juridique-commun-une-decennie-daction-conjointe-dans-la\/#primaryimage"},"thumbnailUrl":"https:\/\/www.eumedbridge.eu\/wp-content\/uploads\/2022\/08\/SP-regional-conference.png","datePublished":"2022-07-14T21:00:00+00:00","dateModified":"2022-09-01T13:46:58+00:00","breadcrumb":{"@id":"https:\/\/www.eumedbridge.eu\/fr\/news\/batir-un-espace-juridique-commun-une-decennie-daction-conjointe-dans-la\/#breadcrumb"},"inLanguage":"fr-FR","potentialAction":[{"@type":"ReadAction","target":["https:\/\/www.eumedbridge.eu\/fr\/news\/batir-un-espace-juridique-commun-une-decennie-daction-conjointe-dans-la\/"]}]},{"@type":"ImageObject","inLanguage":"fr-FR","@id":"https:\/\/www.eumedbridge.eu\/fr\/news\/batir-un-espace-juridique-commun-une-decennie-daction-conjointe-dans-la\/#primaryimage","url":"https:\/\/www.eumedbridge.eu\/wp-content\/uploads\/2022\/08\/SP-regional-conference.png","contentUrl":"https:\/\/www.eumedbridge.eu\/wp-content\/uploads\/2022\/08\/SP-regional-conference.png","width":870,"height":489,"caption":"South Programme IV"},{"@type":"BreadcrumbList","@id":"https:\/\/www.eumedbridge.eu\/fr\/news\/batir-un-espace-juridique-commun-une-decennie-daction-conjointe-dans-la\/#breadcrumb","itemListElement":[{"@type":"ListItem","position":1,"name":"Home","item":"https:\/\/www.eumedbridge.eu\/fr\/home-page\/"},{"@type":"ListItem","position":2,"name":"Actualit\u00e9s","item":"https:\/\/www.eumedbridge.eu\/fr\/news\/"},{"@type":"ListItem","position":3,"name":"B\u00e2tir un espace juridique commun : une d\u00e9cennie d\u2019action conjointe dans la r\u00e9gion du Sud de la M\u00e9diterran\u00e9e"}]},{"@type":"WebSite","@id":"https:\/\/www.eumedbridge.eu\/#website","url":"https:\/\/www.eumedbridge.eu\/","name":"EU Medbridge","description":"","publisher":{"@id":"https:\/\/www.eumedbridge.eu\/#organization"},"potentialAction":[{"@type":"SearchAction","target":{"@type":"EntryPoint","urlTemplate":"https:\/\/www.eumedbridge.eu\/?s={search_term_string}"},"query-input":{"@type":"PropertyValueSpecification","valueRequired":true,"valueName":"search_term_string"}}],"inLanguage":"fr-FR"},{"@type":"Organization","@id":"https:\/\/www.eumedbridge.eu\/#organization","name":"EU Medbridge","url":"https:\/\/www.eumedbridge.eu\/","logo":{"@type":"ImageObject","inLanguage":"fr-FR","@id":"https:\/\/www.eumedbridge.eu\/#\/schema\/logo\/image\/","url":"https:\/\/www.eumedbridge.eu\/wp-content\/uploads\/2021\/12\/Logo.png","contentUrl":"https:\/\/www.eumedbridge.eu\/wp-content\/uploads\/2021\/12\/Logo.png","width":325,"height":114,"caption":"EU Medbridge"},"image":{"@id":"https:\/\/www.eumedbridge.eu\/#\/schema\/logo\/image\/"},"sameAs":["https:\/\/www.facebook.com\/eumedbridge\/","https:\/\/x.com\/eumedbridge","https:\/\/www.linkedin.com\/company\/eumedbridge","https:\/\/www.youtube.com\/@eumedbridge","https:\/\/www.instagram.com\/eumedbridge","https:\/\/www.flickr.com\/photos\/euneighbours-south\/"]}]}},"_links":{"self":[{"href":"https:\/\/www.eumedbridge.eu\/fr\/wp-json\/wp\/v2\/news\/205812","targetHints":{"allow":["GET"]}}],"collection":[{"href":"https:\/\/www.eumedbridge.eu\/fr\/wp-json\/wp\/v2\/news"}],"about":[{"href":"https:\/\/www.eumedbridge.eu\/fr\/wp-json\/wp\/v2\/types\/news"}],"wp:featuredmedia":[{"embeddable":true,"href":"https:\/\/www.eumedbridge.eu\/fr\/wp-json\/wp\/v2\/media\/205041"}],"wp:attachment":[{"href":"https:\/\/www.eumedbridge.eu\/fr\/wp-json\/wp\/v2\/media?parent=205812"}],"wp:term":[{"taxonomy":"news_category","embeddable":true,"href":"https:\/\/www.eumedbridge.eu\/fr\/wp-json\/wp\/v2\/news_category?post=205812"},{"taxonomy":"country","embeddable":true,"href":"https:\/\/www.eumedbridge.eu\/fr\/wp-json\/wp\/v2\/country?post=205812"},{"taxonomy":"special_action","embeddable":true,"href":"https:\/\/www.eumedbridge.eu\/fr\/wp-json\/wp\/v2\/special_action?post=205812"},{"taxonomy":"custom_tag","embeddable":true,"href":"https:\/\/www.eumedbridge.eu\/fr\/wp-json\/wp\/v2\/custom_tag?post=205812"}],"curies":[{"name":"wp","href":"https:\/\/api.w.org\/{rel}","templated":true}]}}