{"id":207949,"date":"2022-09-20T10:46:19","date_gmt":"2022-09-20T07:46:19","guid":{"rendered":"https:\/\/eumedbridge.eu\/news\/launch-of-the-south-programme-v\/"},"modified":"2022-09-21T18:09:51","modified_gmt":"2022-09-21T15:09:51","slug":"launch-of-the-south-programme-v","status":"publish","type":"news","link":"https:\/\/www.eumedbridge.eu\/fr\/news\/launch-of-the-south-programme-v\/","title":{"rendered":"Ve Forum Euromed des jeunes chercheurs"},"content":{"rendered":"<p>Dans le cadre de cette \u00e9dition, 24\u00a0participants de toute la r\u00e9gion m\u00e9diterran\u00e9enne et des r\u00e9gions voisines\u00a0se r\u00e9uniront \u00e0 Mollina, en Espagne, pour \u00e9changer avec des d\u00e9cideurs politiques, des professionnels et d\u2019autres jeunes experts sur des questions cl\u00e9s concernant la zone euro-m\u00e9diterran\u00e9enne et contribuer \u00e0 l\u2019\u00e9laboration des politiques dans la r\u00e9gion.<\/p>\n<p>Le Forum Euromed des jeunes chercheurs\u00a0fait partie du Laboratoire Euromed des jeunes chercheurs, une initiative du projet \u00ab\u00a0EuroMeSCo\u00a0: Connecting the Dots\u00a0\u00bb cofinanc\u00e9 par l\u2019Union europ\u00e9enne et l\u2019Institut europ\u00e9en de la M\u00e9diterran\u00e9e.<\/p>\n<p>Le Laboratoire Euromed des jeunes chercheurs vise \u00e0 renforcer les capacit\u00e9s de recherche des jeunes experts de la r\u00e9gion m\u00e9diterran\u00e9enne, \u00e0 donner de la visibilit\u00e9 \u00e0 leurs travaux et \u00e0 les faire reconna\u00eetre, \u00e0 intensifier les \u00e9changes et \u00e0 stimuler la recherche sur des questions d\u2019int\u00e9r\u00eat commun.<\/p>\n","protected":false},"featured_media":207873,"parent":0,"template":"","news_category":[],"country":[328],"special_action":[],"custom_tag":[311,2312,2315,1884,2148],"class_list":["post-207949","news","type-news","status-publish","has-post-thumbnail","hentry","country-region-south","custom_tag-civil-society","custom_tag-developpement-durable","custom_tag-emploi-et-entrpreuneuriat","custom_tag-environnement-et-changement-climatique","custom_tag-human-rights"],"acf":[],"yoast_head":"<!-- This site is optimized with the Yoast SEO plugin v26.5 - https:\/\/yoast.com\/wordpress\/plugins\/seo\/ -->\n<title>Ve Forum Euromed des jeunes chercheurs - Voisins de l&#039;UE<\/title>\n<meta name=\"robots\" content=\"index, follow, max-snippet:-1, max-image-preview:large, max-video-preview:-1\" \/>\n<link rel=\"canonical\" href=\"https:\/\/www.eumedbridge.eu\/news\/launch-of-the-south-programme-v\/\" \/>\n<meta property=\"og:locale\" content=\"fr_FR\" \/>\n<meta property=\"og:type\" content=\"article\" \/>\n<meta property=\"og:title\" content=\"Ve Forum Euromed des jeunes chercheurs - Voisins de l&#039;UE\" \/>\n<meta property=\"og:description\" content=\"Dans le cadre de cette \u00e9dition, 24\u00a0participants de toute la r\u00e9gion m\u00e9diterran\u00e9enne et des r\u00e9gions voisines\u00a0se r\u00e9uniront \u00e0 Mollina, en Espagne, pour \u00e9changer avec des d\u00e9cideurs politiques, des professionnels et d\u2019autres jeunes experts sur des questions cl\u00e9s concernant la zone euro-m\u00e9diterran\u00e9enne et contribuer \u00e0 l\u2019\u00e9laboration des politiques dans la r\u00e9gion. Le Forum Euromed des jeunes [&hellip;]\" \/>\n<meta property=\"og:url\" content=\"https:\/\/www.eumedbridge.eu\/news\/launch-of-the-south-programme-v\/\" \/>\n<meta property=\"og:site_name\" content=\"Voisins de l&#039;UE\" \/>\n<meta property=\"article:publisher\" content=\"https:\/\/www.facebook.com\/eumedbridge\/\" \/>\n<meta property=\"article:modified_time\" content=\"2022-09-21T15:09:51+00:00\" \/>\n<meta property=\"og:image\" content=\"https:\/\/www.eumedbridge.eu\/wp-content\/uploads\/2022\/09\/SPV.png\" \/>\n\t<meta property=\"og:image:width\" content=\"870\" \/>\n\t<meta property=\"og:image:height\" content=\"489\" \/>\n\t<meta property=\"og:image:type\" content=\"image\/png\" \/>\n<meta name=\"twitter:card\" content=\"summary_large_image\" \/>\n<meta name=\"twitter:site\" content=\"@eumedbridge\" \/>\n<meta name=\"twitter:label1\" content=\"Dur\u00e9e de lecture estim\u00e9e\" \/>\n\t<meta name=\"twitter:data1\" content=\"1 minute\" \/>\n<script type=\"application\/ld+json\" class=\"yoast-schema-graph\">{\"@context\":\"https:\/\/schema.org\",\"@graph\":[{\"@type\":\"WebPage\",\"@id\":\"https:\/\/www.eumedbridge.eu\/news\/launch-of-the-south-programme-v\/\",\"url\":\"https:\/\/www.eumedbridge.eu\/news\/launch-of-the-south-programme-v\/\",\"name\":\"Ve Forum Euromed des jeunes chercheurs - Voisins de l'UE\",\"isPartOf\":{\"@id\":\"https:\/\/www.eumedbridge.eu\/#website\"},\"primaryImageOfPage\":{\"@id\":\"https:\/\/www.eumedbridge.eu\/news\/launch-of-the-south-programme-v\/#primaryimage\"},\"image\":{\"@id\":\"https:\/\/www.eumedbridge.eu\/news\/launch-of-the-south-programme-v\/#primaryimage\"},\"thumbnailUrl\":\"https:\/\/www.eumedbridge.eu\/wp-content\/uploads\/2022\/09\/SPV.png\",\"datePublished\":\"2022-09-20T07:46:19+00:00\",\"dateModified\":\"2022-09-21T15:09:51+00:00\",\"breadcrumb\":{\"@id\":\"https:\/\/www.eumedbridge.eu\/news\/launch-of-the-south-programme-v\/#breadcrumb\"},\"inLanguage\":\"fr-FR\",\"potentialAction\":[{\"@type\":\"ReadAction\",\"target\":[\"https:\/\/www.eumedbridge.eu\/news\/launch-of-the-south-programme-v\/\"]}]},{\"@type\":\"ImageObject\",\"inLanguage\":\"fr-FR\",\"@id\":\"https:\/\/www.eumedbridge.eu\/news\/launch-of-the-south-programme-v\/#primaryimage\",\"url\":\"https:\/\/www.eumedbridge.eu\/wp-content\/uploads\/2022\/09\/SPV.png\",\"contentUrl\":\"https:\/\/www.eumedbridge.eu\/wp-content\/uploads\/2022\/09\/SPV.png\",\"width\":870,\"height\":489},{\"@type\":\"BreadcrumbList\",\"@id\":\"https:\/\/www.eumedbridge.eu\/news\/launch-of-the-south-programme-v\/#breadcrumb\",\"itemListElement\":[{\"@type\":\"ListItem\",\"position\":1,\"name\":\"Home\",\"item\":\"https:\/\/www.eumedbridge.eu\/fr\/home-page\/\"},{\"@type\":\"ListItem\",\"position\":2,\"name\":\"Actualit\u00e9s\",\"item\":\"https:\/\/www.eumedbridge.eu\/fr\/news\/\"},{\"@type\":\"ListItem\",\"position\":3,\"name\":\"Ve Forum Euromed des jeunes chercheurs\"}]},{\"@type\":\"WebSite\",\"@id\":\"https:\/\/www.eumedbridge.eu\/#website\",\"url\":\"https:\/\/www.eumedbridge.eu\/\",\"name\":\"EU Medbridge\",\"description\":\"\",\"publisher\":{\"@id\":\"https:\/\/www.eumedbridge.eu\/#organization\"},\"potentialAction\":[{\"@type\":\"SearchAction\",\"target\":{\"@type\":\"EntryPoint\",\"urlTemplate\":\"https:\/\/www.eumedbridge.eu\/?s={search_term_string}\"},\"query-input\":{\"@type\":\"PropertyValueSpecification\",\"valueRequired\":true,\"valueName\":\"search_term_string\"}}],\"inLanguage\":\"fr-FR\"},{\"@type\":\"Organization\",\"@id\":\"https:\/\/www.eumedbridge.eu\/#organization\",\"name\":\"EU Medbridge\",\"url\":\"https:\/\/www.eumedbridge.eu\/\",\"logo\":{\"@type\":\"ImageObject\",\"inLanguage\":\"fr-FR\",\"@id\":\"https:\/\/www.eumedbridge.eu\/#\/schema\/logo\/image\/\",\"url\":\"https:\/\/www.eumedbridge.eu\/wp-content\/uploads\/2021\/12\/Logo.png\",\"contentUrl\":\"https:\/\/www.eumedbridge.eu\/wp-content\/uploads\/2021\/12\/Logo.png\",\"width\":325,\"height\":114,\"caption\":\"EU Medbridge\"},\"image\":{\"@id\":\"https:\/\/www.eumedbridge.eu\/#\/schema\/logo\/image\/\"},\"sameAs\":[\"https:\/\/www.facebook.com\/eumedbridge\/\",\"https:\/\/x.com\/eumedbridge\",\"https:\/\/www.linkedin.com\/company\/eumedbridge\",\"https:\/\/www.youtube.com\/@eumedbridge\",\"https:\/\/www.instagram.com\/eumedbridge\",\"https:\/\/www.flickr.com\/photos\/euneighbours-south\/\"]}]}<\/script>\n<!-- \/ Yoast SEO plugin. -->","yoast_head_json":{"title":"Ve Forum Euromed des jeunes chercheurs - Voisins de l'UE","robots":{"index":"index","follow":"follow","max-snippet":"max-snippet:-1","max-image-preview":"max-image-preview:large","max-video-preview":"max-video-preview:-1"},"canonical":"https:\/\/www.eumedbridge.eu\/news\/launch-of-the-south-programme-v\/","og_locale":"fr_FR","og_type":"article","og_title":"Ve Forum Euromed des jeunes chercheurs - Voisins de l'UE","og_description":"Dans le cadre de cette \u00e9dition, 24\u00a0participants de toute la r\u00e9gion m\u00e9diterran\u00e9enne et des r\u00e9gions voisines\u00a0se r\u00e9uniront \u00e0 Mollina, en Espagne, pour \u00e9changer avec des d\u00e9cideurs politiques, des professionnels et d\u2019autres jeunes experts sur des questions cl\u00e9s concernant la zone euro-m\u00e9diterran\u00e9enne et contribuer \u00e0 l\u2019\u00e9laboration des politiques dans la r\u00e9gion. Le Forum Euromed des jeunes [&hellip;]","og_url":"https:\/\/www.eumedbridge.eu\/news\/launch-of-the-south-programme-v\/","og_site_name":"Voisins de l'UE","article_publisher":"https:\/\/www.facebook.com\/eumedbridge\/","article_modified_time":"2022-09-21T15:09:51+00:00","og_image":[{"width":870,"height":489,"url":"https:\/\/www.eumedbridge.eu\/wp-content\/uploads\/2022\/09\/SPV.png","type":"image\/png"}],"twitter_card":"summary_large_image","twitter_site":"@eumedbridge","twitter_misc":{"Dur\u00e9e de lecture estim\u00e9e":"1 minute"},"schema":{"@context":"https:\/\/schema.org","@graph":[{"@type":"WebPage","@id":"https:\/\/www.eumedbridge.eu\/news\/launch-of-the-south-programme-v\/","url":"https:\/\/www.eumedbridge.eu\/news\/launch-of-the-south-programme-v\/","name":"Ve Forum Euromed des jeunes chercheurs - Voisins de l'UE","isPartOf":{"@id":"https:\/\/www.eumedbridge.eu\/#website"},"primaryImageOfPage":{"@id":"https:\/\/www.eumedbridge.eu\/news\/launch-of-the-south-programme-v\/#primaryimage"},"image":{"@id":"https:\/\/www.eumedbridge.eu\/news\/launch-of-the-south-programme-v\/#primaryimage"},"thumbnailUrl":"https:\/\/www.eumedbridge.eu\/wp-content\/uploads\/2022\/09\/SPV.png","datePublished":"2022-09-20T07:46:19+00:00","dateModified":"2022-09-21T15:09:51+00:00","breadcrumb":{"@id":"https:\/\/www.eumedbridge.eu\/news\/launch-of-the-south-programme-v\/#breadcrumb"},"inLanguage":"fr-FR","potentialAction":[{"@type":"ReadAction","target":["https:\/\/www.eumedbridge.eu\/news\/launch-of-the-south-programme-v\/"]}]},{"@type":"ImageObject","inLanguage":"fr-FR","@id":"https:\/\/www.eumedbridge.eu\/news\/launch-of-the-south-programme-v\/#primaryimage","url":"https:\/\/www.eumedbridge.eu\/wp-content\/uploads\/2022\/09\/SPV.png","contentUrl":"https:\/\/www.eumedbridge.eu\/wp-content\/uploads\/2022\/09\/SPV.png","width":870,"height":489},{"@type":"BreadcrumbList","@id":"https:\/\/www.eumedbridge.eu\/news\/launch-of-the-south-programme-v\/#breadcrumb","itemListElement":[{"@type":"ListItem","position":1,"name":"Home","item":"https:\/\/www.eumedbridge.eu\/fr\/home-page\/"},{"@type":"ListItem","position":2,"name":"Actualit\u00e9s","item":"https:\/\/www.eumedbridge.eu\/fr\/news\/"},{"@type":"ListItem","position":3,"name":"Ve Forum Euromed des jeunes chercheurs"}]},{"@type":"WebSite","@id":"https:\/\/www.eumedbridge.eu\/#website","url":"https:\/\/www.eumedbridge.eu\/","name":"EU Medbridge","description":"","publisher":{"@id":"https:\/\/www.eumedbridge.eu\/#organization"},"potentialAction":[{"@type":"SearchAction","target":{"@type":"EntryPoint","urlTemplate":"https:\/\/www.eumedbridge.eu\/?s={search_term_string}"},"query-input":{"@type":"PropertyValueSpecification","valueRequired":true,"valueName":"search_term_string"}}],"inLanguage":"fr-FR"},{"@type":"Organization","@id":"https:\/\/www.eumedbridge.eu\/#organization","name":"EU Medbridge","url":"https:\/\/www.eumedbridge.eu\/","logo":{"@type":"ImageObject","inLanguage":"fr-FR","@id":"https:\/\/www.eumedbridge.eu\/#\/schema\/logo\/image\/","url":"https:\/\/www.eumedbridge.eu\/wp-content\/uploads\/2021\/12\/Logo.png","contentUrl":"https:\/\/www.eumedbridge.eu\/wp-content\/uploads\/2021\/12\/Logo.png","width":325,"height":114,"caption":"EU Medbridge"},"image":{"@id":"https:\/\/www.eumedbridge.eu\/#\/schema\/logo\/image\/"},"sameAs":["https:\/\/www.facebook.com\/eumedbridge\/","https:\/\/x.com\/eumedbridge","https:\/\/www.linkedin.com\/company\/eumedbridge","https:\/\/www.youtube.com\/@eumedbridge","https:\/\/www.instagram.com\/eumedbridge","https:\/\/www.flickr.com\/photos\/euneighbours-south\/"]}]}},"_links":{"self":[{"href":"https:\/\/www.eumedbridge.eu\/fr\/wp-json\/wp\/v2\/news\/207949","targetHints":{"allow":["GET"]}}],"collection":[{"href":"https:\/\/www.eumedbridge.eu\/fr\/wp-json\/wp\/v2\/news"}],"about":[{"href":"https:\/\/www.eumedbridge.eu\/fr\/wp-json\/wp\/v2\/types\/news"}],"wp:featuredmedia":[{"embeddable":true,"href":"https:\/\/www.eumedbridge.eu\/fr\/wp-json\/wp\/v2\/media\/207873"}],"wp:attachment":[{"href":"https:\/\/www.eumedbridge.eu\/fr\/wp-json\/wp\/v2\/media?parent=207949"}],"wp:term":[{"taxonomy":"news_category","embeddable":true,"href":"https:\/\/www.eumedbridge.eu\/fr\/wp-json\/wp\/v2\/news_category?post=207949"},{"taxonomy":"country","embeddable":true,"href":"https:\/\/www.eumedbridge.eu\/fr\/wp-json\/wp\/v2\/country?post=207949"},{"taxonomy":"special_action","embeddable":true,"href":"https:\/\/www.eumedbridge.eu\/fr\/wp-json\/wp\/v2\/special_action?post=207949"},{"taxonomy":"custom_tag","embeddable":true,"href":"https:\/\/www.eumedbridge.eu\/fr\/wp-json\/wp\/v2\/custom_tag?post=207949"}],"curies":[{"name":"wp","href":"https:\/\/api.w.org\/{rel}","templated":true}]}}