{"id":208497,"date":"2022-09-28T10:12:54","date_gmt":"2022-09-28T07:12:54","guid":{"rendered":"https:\/\/eumedbridge.eu\/news\/growth-in-southern-and-eastern-mediterranean-to-slow-to-2-9-per-cent-in-2022\/"},"modified":"2022-10-07T15:47:43","modified_gmt":"2022-10-07T12:47:43","slug":"growth-in-southern-and-eastern-mediterranean-to-slow-to-2-9-per-cent-in-2022","status":"publish","type":"news","link":"https:\/\/www.eumedbridge.eu\/fr\/news\/growth-in-southern-and-eastern-mediterranean-to-slow-to-2-9-per-cent-in-2022\/","title":{"rendered":"La croissance dans la r\u00e9gion du sud et de l\u2019est de la M\u00e9diterran\u00e9e devrait ralentir en 2022 pour passer \u00e0 2,9 %"},"content":{"rendered":"<p><strong>La Banque europ\u00e9enne pour la reconstruction et le d\u00e9veloppement<\/strong> (BERD) table sur un ralentissement de la croissance \u00e9conomique dans la r\u00e9gion du sud et de l\u2019est de la M\u00e9diterran\u00e9e (SEMED), qui passerait de 6\u00a0% en\u00a02021 \u00e0 2,9\u00a0% en\u00a02022, selon son dernier rapport sur les perspectives \u00e9conomiques r\u00e9gionales.<\/p>\n<p>Cette estimation est une l\u00e9g\u00e8re r\u00e9vision \u00e0 la hausse par rapport \u00e0 la pr\u00e9c\u00e9dente projection au mois de mai, la Banque tablant alors sur une croissance de 2,5\u00a0% pour cette ann\u00e9e. L\u2019impact de la guerre en Ukraine sur la r\u00e9gion SEMED se fait sentir par la hausse des prix \u00e0 la consommation des produits p\u00e9troliers et alimentaires, avec des cons\u00e9quences importantes pour les budgets publics, la s\u00e9curit\u00e9 alimentaire et les moteurs de la croissance \u00e0 moyen terme.<\/p>\n<p>Tous les pays de la r\u00e9gion, et plus particuli\u00e8rement l\u2019\u00c9gypte, la Tunisie et la Jordanie, sont des importateurs nets de carburants et d\u00e9pendent des importations de produits alimentaires. En cons\u00e9quence, l\u2019inflation s\u2019est envol\u00e9e en\u00a02022 et les pressions sur les r\u00e9serves de change se sont accentu\u00e9es.<\/p>\n<p>L\u2019impact sur le tourisme a \u00e9t\u00e9 variable mais a, dans l\u2019ensemble, pes\u00e9 sur la reprise dans la plupart des pays de la r\u00e9gion SEMED. En outre, les perturbations de la cha\u00eene d\u2019approvisionnement ont des r\u00e9percussions sur les \u00e9conomies de la r\u00e9gion d\u00e9pendant davantage des exportations, notamment le Maroc et la Tunisie, qui sont tous deux affect\u00e9s par le ralentissement de la demande europ\u00e9enne.<\/p>\n","protected":false},"featured_media":208233,"parent":0,"template":"","news_category":[],"country":[328],"special_action":[],"custom_tag":[2149,332,2145],"class_list":["post-208497","news","type-news","status-publish","has-post-thumbnail","hentry","country-region-south","custom_tag-employement-entrepreneurship","custom_tag-environment-climate-change","custom_tag-sustainable-development"],"acf":[],"yoast_head":"<!-- This site is optimized with the Yoast SEO plugin v26.5 - https:\/\/yoast.com\/wordpress\/plugins\/seo\/ -->\n<title>La croissance dans la r\u00e9gion du sud et de l\u2019est de la M\u00e9diterran\u00e9e devrait ralentir en 2022 pour passer \u00e0 2,9 % - Voisins de l&#039;UE<\/title>\n<meta name=\"robots\" content=\"index, follow, max-snippet:-1, max-image-preview:large, max-video-preview:-1\" \/>\n<link rel=\"canonical\" href=\"https:\/\/www.eumedbridge.eu\/fr\/news\/growth-in-southern-and-eastern-mediterranean-to-slow-to-2-9-per-cent-in-2022\/\" \/>\n<meta property=\"og:locale\" content=\"fr_FR\" \/>\n<meta property=\"og:type\" content=\"article\" \/>\n<meta property=\"og:title\" content=\"La croissance dans la r\u00e9gion du sud et de l\u2019est de la M\u00e9diterran\u00e9e devrait ralentir en 2022 pour passer \u00e0 2,9 % - Voisins de l&#039;UE\" \/>\n<meta property=\"og:description\" content=\"La Banque europ\u00e9enne pour la reconstruction et le d\u00e9veloppement (BERD) table sur un ralentissement de la croissance \u00e9conomique dans la r\u00e9gion du sud et de l\u2019est de la M\u00e9diterran\u00e9e (SEMED), qui passerait de 6\u00a0% en\u00a02021 \u00e0 2,9\u00a0% en\u00a02022, selon son dernier rapport sur les perspectives \u00e9conomiques r\u00e9gionales. Cette estimation est une l\u00e9g\u00e8re r\u00e9vision \u00e0 la [&hellip;]\" \/>\n<meta property=\"og:url\" content=\"https:\/\/www.eumedbridge.eu\/fr\/news\/growth-in-southern-and-eastern-mediterranean-to-slow-to-2-9-per-cent-in-2022\/\" \/>\n<meta property=\"og:site_name\" content=\"Voisins de l&#039;UE\" \/>\n<meta property=\"article:publisher\" content=\"https:\/\/www.facebook.com\/eumedbridge\/\" \/>\n<meta property=\"article:modified_time\" content=\"2022-10-07T12:47:43+00:00\" \/>\n<meta property=\"og:image\" content=\"https:\/\/www.eumedbridge.eu\/wp-content\/uploads\/2022\/09\/1395308622535.jpg\" \/>\n\t<meta property=\"og:image:width\" content=\"750\" \/>\n\t<meta property=\"og:image:height\" content=\"354\" \/>\n\t<meta property=\"og:image:type\" content=\"image\/jpeg\" \/>\n<meta name=\"twitter:card\" content=\"summary_large_image\" \/>\n<meta name=\"twitter:site\" content=\"@eumedbridge\" \/>\n<meta name=\"twitter:label1\" content=\"Dur\u00e9e de lecture estim\u00e9e\" \/>\n\t<meta name=\"twitter:data1\" content=\"1 minute\" \/>\n<script type=\"application\/ld+json\" class=\"yoast-schema-graph\">{\"@context\":\"https:\/\/schema.org\",\"@graph\":[{\"@type\":\"WebPage\",\"@id\":\"https:\/\/www.eumedbridge.eu\/fr\/news\/growth-in-southern-and-eastern-mediterranean-to-slow-to-2-9-per-cent-in-2022\/\",\"url\":\"https:\/\/www.eumedbridge.eu\/fr\/news\/growth-in-southern-and-eastern-mediterranean-to-slow-to-2-9-per-cent-in-2022\/\",\"name\":\"La croissance dans la r\u00e9gion du sud et de l\u2019est de la M\u00e9diterran\u00e9e devrait ralentir en 2022 pour passer \u00e0 2,9 % - Voisins de l'UE\",\"isPartOf\":{\"@id\":\"https:\/\/www.eumedbridge.eu\/#website\"},\"primaryImageOfPage\":{\"@id\":\"https:\/\/www.eumedbridge.eu\/fr\/news\/growth-in-southern-and-eastern-mediterranean-to-slow-to-2-9-per-cent-in-2022\/#primaryimage\"},\"image\":{\"@id\":\"https:\/\/www.eumedbridge.eu\/fr\/news\/growth-in-southern-and-eastern-mediterranean-to-slow-to-2-9-per-cent-in-2022\/#primaryimage\"},\"thumbnailUrl\":\"https:\/\/www.eumedbridge.eu\/wp-content\/uploads\/2022\/09\/1395308622535.jpg\",\"datePublished\":\"2022-09-28T07:12:54+00:00\",\"dateModified\":\"2022-10-07T12:47:43+00:00\",\"breadcrumb\":{\"@id\":\"https:\/\/www.eumedbridge.eu\/fr\/news\/growth-in-southern-and-eastern-mediterranean-to-slow-to-2-9-per-cent-in-2022\/#breadcrumb\"},\"inLanguage\":\"fr-FR\",\"potentialAction\":[{\"@type\":\"ReadAction\",\"target\":[\"https:\/\/www.eumedbridge.eu\/fr\/news\/growth-in-southern-and-eastern-mediterranean-to-slow-to-2-9-per-cent-in-2022\/\"]}]},{\"@type\":\"ImageObject\",\"inLanguage\":\"fr-FR\",\"@id\":\"https:\/\/www.eumedbridge.eu\/fr\/news\/growth-in-southern-and-eastern-mediterranean-to-slow-to-2-9-per-cent-in-2022\/#primaryimage\",\"url\":\"https:\/\/www.eumedbridge.eu\/wp-content\/uploads\/2022\/09\/1395308622535.jpg\",\"contentUrl\":\"https:\/\/www.eumedbridge.eu\/wp-content\/uploads\/2022\/09\/1395308622535.jpg\",\"width\":750,\"height\":354},{\"@type\":\"BreadcrumbList\",\"@id\":\"https:\/\/www.eumedbridge.eu\/fr\/news\/growth-in-southern-and-eastern-mediterranean-to-slow-to-2-9-per-cent-in-2022\/#breadcrumb\",\"itemListElement\":[{\"@type\":\"ListItem\",\"position\":1,\"name\":\"Home\",\"item\":\"https:\/\/www.eumedbridge.eu\/fr\/home-page\/\"},{\"@type\":\"ListItem\",\"position\":2,\"name\":\"Actualit\u00e9s\",\"item\":\"https:\/\/www.eumedbridge.eu\/fr\/news\/\"},{\"@type\":\"ListItem\",\"position\":3,\"name\":\"La croissance dans la r\u00e9gion du sud et de l\u2019est de la M\u00e9diterran\u00e9e devrait ralentir en 2022 pour passer \u00e0 2,9 %\"}]},{\"@type\":\"WebSite\",\"@id\":\"https:\/\/www.eumedbridge.eu\/#website\",\"url\":\"https:\/\/www.eumedbridge.eu\/\",\"name\":\"EU Medbridge\",\"description\":\"\",\"publisher\":{\"@id\":\"https:\/\/www.eumedbridge.eu\/#organization\"},\"potentialAction\":[{\"@type\":\"SearchAction\",\"target\":{\"@type\":\"EntryPoint\",\"urlTemplate\":\"https:\/\/www.eumedbridge.eu\/?s={search_term_string}\"},\"query-input\":{\"@type\":\"PropertyValueSpecification\",\"valueRequired\":true,\"valueName\":\"search_term_string\"}}],\"inLanguage\":\"fr-FR\"},{\"@type\":\"Organization\",\"@id\":\"https:\/\/www.eumedbridge.eu\/#organization\",\"name\":\"EU Medbridge\",\"url\":\"https:\/\/www.eumedbridge.eu\/\",\"logo\":{\"@type\":\"ImageObject\",\"inLanguage\":\"fr-FR\",\"@id\":\"https:\/\/www.eumedbridge.eu\/#\/schema\/logo\/image\/\",\"url\":\"https:\/\/www.eumedbridge.eu\/wp-content\/uploads\/2021\/12\/Logo.png\",\"contentUrl\":\"https:\/\/www.eumedbridge.eu\/wp-content\/uploads\/2021\/12\/Logo.png\",\"width\":325,\"height\":114,\"caption\":\"EU Medbridge\"},\"image\":{\"@id\":\"https:\/\/www.eumedbridge.eu\/#\/schema\/logo\/image\/\"},\"sameAs\":[\"https:\/\/www.facebook.com\/eumedbridge\/\",\"https:\/\/x.com\/eumedbridge\",\"https:\/\/www.linkedin.com\/company\/eumedbridge\",\"https:\/\/www.youtube.com\/@eumedbridge\",\"https:\/\/www.instagram.com\/eumedbridge\",\"https:\/\/www.flickr.com\/photos\/euneighbours-south\/\"]}]}<\/script>\n<!-- \/ Yoast SEO plugin. -->","yoast_head_json":{"title":"La croissance dans la r\u00e9gion du sud et de l\u2019est de la M\u00e9diterran\u00e9e devrait ralentir en 2022 pour passer \u00e0 2,9 % - Voisins de l'UE","robots":{"index":"index","follow":"follow","max-snippet":"max-snippet:-1","max-image-preview":"max-image-preview:large","max-video-preview":"max-video-preview:-1"},"canonical":"https:\/\/www.eumedbridge.eu\/fr\/news\/growth-in-southern-and-eastern-mediterranean-to-slow-to-2-9-per-cent-in-2022\/","og_locale":"fr_FR","og_type":"article","og_title":"La croissance dans la r\u00e9gion du sud et de l\u2019est de la M\u00e9diterran\u00e9e devrait ralentir en 2022 pour passer \u00e0 2,9 % - Voisins de l'UE","og_description":"La Banque europ\u00e9enne pour la reconstruction et le d\u00e9veloppement (BERD) table sur un ralentissement de la croissance \u00e9conomique dans la r\u00e9gion du sud et de l\u2019est de la M\u00e9diterran\u00e9e (SEMED), qui passerait de 6\u00a0% en\u00a02021 \u00e0 2,9\u00a0% en\u00a02022, selon son dernier rapport sur les perspectives \u00e9conomiques r\u00e9gionales. Cette estimation est une l\u00e9g\u00e8re r\u00e9vision \u00e0 la [&hellip;]","og_url":"https:\/\/www.eumedbridge.eu\/fr\/news\/growth-in-southern-and-eastern-mediterranean-to-slow-to-2-9-per-cent-in-2022\/","og_site_name":"Voisins de l'UE","article_publisher":"https:\/\/www.facebook.com\/eumedbridge\/","article_modified_time":"2022-10-07T12:47:43+00:00","og_image":[{"width":750,"height":354,"url":"https:\/\/www.eumedbridge.eu\/wp-content\/uploads\/2022\/09\/1395308622535.jpg","type":"image\/jpeg"}],"twitter_card":"summary_large_image","twitter_site":"@eumedbridge","twitter_misc":{"Dur\u00e9e de lecture estim\u00e9e":"1 minute"},"schema":{"@context":"https:\/\/schema.org","@graph":[{"@type":"WebPage","@id":"https:\/\/www.eumedbridge.eu\/fr\/news\/growth-in-southern-and-eastern-mediterranean-to-slow-to-2-9-per-cent-in-2022\/","url":"https:\/\/www.eumedbridge.eu\/fr\/news\/growth-in-southern-and-eastern-mediterranean-to-slow-to-2-9-per-cent-in-2022\/","name":"La croissance dans la r\u00e9gion du sud et de l\u2019est de la M\u00e9diterran\u00e9e devrait ralentir en 2022 pour passer \u00e0 2,9 % - Voisins de l'UE","isPartOf":{"@id":"https:\/\/www.eumedbridge.eu\/#website"},"primaryImageOfPage":{"@id":"https:\/\/www.eumedbridge.eu\/fr\/news\/growth-in-southern-and-eastern-mediterranean-to-slow-to-2-9-per-cent-in-2022\/#primaryimage"},"image":{"@id":"https:\/\/www.eumedbridge.eu\/fr\/news\/growth-in-southern-and-eastern-mediterranean-to-slow-to-2-9-per-cent-in-2022\/#primaryimage"},"thumbnailUrl":"https:\/\/www.eumedbridge.eu\/wp-content\/uploads\/2022\/09\/1395308622535.jpg","datePublished":"2022-09-28T07:12:54+00:00","dateModified":"2022-10-07T12:47:43+00:00","breadcrumb":{"@id":"https:\/\/www.eumedbridge.eu\/fr\/news\/growth-in-southern-and-eastern-mediterranean-to-slow-to-2-9-per-cent-in-2022\/#breadcrumb"},"inLanguage":"fr-FR","potentialAction":[{"@type":"ReadAction","target":["https:\/\/www.eumedbridge.eu\/fr\/news\/growth-in-southern-and-eastern-mediterranean-to-slow-to-2-9-per-cent-in-2022\/"]}]},{"@type":"ImageObject","inLanguage":"fr-FR","@id":"https:\/\/www.eumedbridge.eu\/fr\/news\/growth-in-southern-and-eastern-mediterranean-to-slow-to-2-9-per-cent-in-2022\/#primaryimage","url":"https:\/\/www.eumedbridge.eu\/wp-content\/uploads\/2022\/09\/1395308622535.jpg","contentUrl":"https:\/\/www.eumedbridge.eu\/wp-content\/uploads\/2022\/09\/1395308622535.jpg","width":750,"height":354},{"@type":"BreadcrumbList","@id":"https:\/\/www.eumedbridge.eu\/fr\/news\/growth-in-southern-and-eastern-mediterranean-to-slow-to-2-9-per-cent-in-2022\/#breadcrumb","itemListElement":[{"@type":"ListItem","position":1,"name":"Home","item":"https:\/\/www.eumedbridge.eu\/fr\/home-page\/"},{"@type":"ListItem","position":2,"name":"Actualit\u00e9s","item":"https:\/\/www.eumedbridge.eu\/fr\/news\/"},{"@type":"ListItem","position":3,"name":"La croissance dans la r\u00e9gion du sud et de l\u2019est de la M\u00e9diterran\u00e9e devrait ralentir en 2022 pour passer \u00e0 2,9 %"}]},{"@type":"WebSite","@id":"https:\/\/www.eumedbridge.eu\/#website","url":"https:\/\/www.eumedbridge.eu\/","name":"EU Medbridge","description":"","publisher":{"@id":"https:\/\/www.eumedbridge.eu\/#organization"},"potentialAction":[{"@type":"SearchAction","target":{"@type":"EntryPoint","urlTemplate":"https:\/\/www.eumedbridge.eu\/?s={search_term_string}"},"query-input":{"@type":"PropertyValueSpecification","valueRequired":true,"valueName":"search_term_string"}}],"inLanguage":"fr-FR"},{"@type":"Organization","@id":"https:\/\/www.eumedbridge.eu\/#organization","name":"EU Medbridge","url":"https:\/\/www.eumedbridge.eu\/","logo":{"@type":"ImageObject","inLanguage":"fr-FR","@id":"https:\/\/www.eumedbridge.eu\/#\/schema\/logo\/image\/","url":"https:\/\/www.eumedbridge.eu\/wp-content\/uploads\/2021\/12\/Logo.png","contentUrl":"https:\/\/www.eumedbridge.eu\/wp-content\/uploads\/2021\/12\/Logo.png","width":325,"height":114,"caption":"EU Medbridge"},"image":{"@id":"https:\/\/www.eumedbridge.eu\/#\/schema\/logo\/image\/"},"sameAs":["https:\/\/www.facebook.com\/eumedbridge\/","https:\/\/x.com\/eumedbridge","https:\/\/www.linkedin.com\/company\/eumedbridge","https:\/\/www.youtube.com\/@eumedbridge","https:\/\/www.instagram.com\/eumedbridge","https:\/\/www.flickr.com\/photos\/euneighbours-south\/"]}]}},"_links":{"self":[{"href":"https:\/\/www.eumedbridge.eu\/fr\/wp-json\/wp\/v2\/news\/208497","targetHints":{"allow":["GET"]}}],"collection":[{"href":"https:\/\/www.eumedbridge.eu\/fr\/wp-json\/wp\/v2\/news"}],"about":[{"href":"https:\/\/www.eumedbridge.eu\/fr\/wp-json\/wp\/v2\/types\/news"}],"wp:featuredmedia":[{"embeddable":true,"href":"https:\/\/www.eumedbridge.eu\/fr\/wp-json\/wp\/v2\/media\/208233"}],"wp:attachment":[{"href":"https:\/\/www.eumedbridge.eu\/fr\/wp-json\/wp\/v2\/media?parent=208497"}],"wp:term":[{"taxonomy":"news_category","embeddable":true,"href":"https:\/\/www.eumedbridge.eu\/fr\/wp-json\/wp\/v2\/news_category?post=208497"},{"taxonomy":"country","embeddable":true,"href":"https:\/\/www.eumedbridge.eu\/fr\/wp-json\/wp\/v2\/country?post=208497"},{"taxonomy":"special_action","embeddable":true,"href":"https:\/\/www.eumedbridge.eu\/fr\/wp-json\/wp\/v2\/special_action?post=208497"},{"taxonomy":"custom_tag","embeddable":true,"href":"https:\/\/www.eumedbridge.eu\/fr\/wp-json\/wp\/v2\/custom_tag?post=208497"}],"curies":[{"name":"wp","href":"https:\/\/api.w.org\/{rel}","templated":true}]}}