{"id":208999,"date":"2022-10-13T17:35:00","date_gmt":"2022-10-13T14:35:00","guid":{"rendered":"https:\/\/eumedbridge.eu\/news\/erasmusdays-2022-3-days-of-celebration-of-the-erasmus-programme\/"},"modified":"2022-10-15T15:08:48","modified_gmt":"2022-10-15T12:08:48","slug":"erasmusdays-2022-3-days-of-celebration-of-the-erasmus-programme","status":"publish","type":"news","link":"https:\/\/www.eumedbridge.eu\/fr\/news\/erasmusdays-2022-3-days-of-celebration-of-the-erasmus-programme\/","title":{"rendered":"ErasmusDays 2022 \u2013 3 jours pour c\u00e9l\u00e9brer le programme Erasmus+"},"content":{"rendered":"<p>Les <a href=\"https:\/\/www.erasmusdays.eu\/\"><strong>#ErasmusDays<\/strong><\/a>\u00a02022 se d\u00e9rouleront du 13\u00a0au 15\u00a0octobre\u00a02022 partout en Europe et dans le monde ! Cette c\u00e9l\u00e9bration internationale repose sur un concept tr\u00e8s simple\u00a0: promouvoir, pendant trois jours, les valeurs europ\u00e9ennes, les avantages de la mobilit\u00e9 et les r\u00e9sultats du programme Erasmus+, afin de renforcer leur visibilit\u00e9 aupr\u00e8s des citoyens, des parties prenantes, des m\u00e9dias et des responsables politiques.<\/p>\n<p>L\u2019ann\u00e9e derni\u00e8re, 5\u00a0670\u00a0\u00e9v\u00e9nements ont \u00e9t\u00e9 organis\u00e9s dans 67\u00a0pays \u00e0 l\u2019occasion des #ErasmusDays.<\/p>\n<p>En\u00a02022, les #ErasmusDays sont organis\u00e9s dans le cadre du 35<sup>e<\/sup>\u00a0anniversaire du programme Erasmus+ et de l\u2019Ann\u00e9e europ\u00e9enne de la jeunesse sur le th\u00e8me\u00a0: \u00ab\u00a0<em>Unis avec la jeunesse autour des valeurs europ\u00e9ennes\u00a0: depuis 35\u00a0ans et pour bien plus encore<\/em>\u00a0\u00bb.<\/p>\n","protected":false},"featured_media":208873,"parent":0,"template":"","news_category":[],"country":[328],"special_action":[],"custom_tag":[311,2817,327],"class_list":["post-208999","news","type-news","status-publish","has-post-thumbnail","hentry","country-region-south","custom_tag-civil-society","custom_tag-education-fr","custom_tag-youth"],"acf":[],"yoast_head":"<!-- This site is optimized with the Yoast SEO plugin v26.5 - https:\/\/yoast.com\/wordpress\/plugins\/seo\/ -->\n<title>ErasmusDays 2022 \u2013 3 jours pour c\u00e9l\u00e9brer le programme Erasmus+ - Voisins de l&#039;UE<\/title>\n<meta name=\"robots\" content=\"index, follow, max-snippet:-1, max-image-preview:large, max-video-preview:-1\" \/>\n<link rel=\"canonical\" href=\"https:\/\/www.eumedbridge.eu\/fr\/news\/erasmusdays-2022-3-days-of-celebration-of-the-erasmus-programme\/\" \/>\n<meta property=\"og:locale\" content=\"fr_FR\" \/>\n<meta property=\"og:type\" content=\"article\" \/>\n<meta property=\"og:title\" content=\"ErasmusDays 2022 \u2013 3 jours pour c\u00e9l\u00e9brer le programme Erasmus+ - Voisins de l&#039;UE\" \/>\n<meta property=\"og:description\" content=\"Les #ErasmusDays\u00a02022 se d\u00e9rouleront du 13\u00a0au 15\u00a0octobre\u00a02022 partout en Europe et dans le monde ! Cette c\u00e9l\u00e9bration internationale repose sur un concept tr\u00e8s simple\u00a0: promouvoir, pendant trois jours, les valeurs europ\u00e9ennes, les avantages de la mobilit\u00e9 et les r\u00e9sultats du programme Erasmus+, afin de renforcer leur visibilit\u00e9 aupr\u00e8s des citoyens, des parties prenantes, des m\u00e9dias [&hellip;]\" \/>\n<meta property=\"og:url\" content=\"https:\/\/www.eumedbridge.eu\/fr\/news\/erasmusdays-2022-3-days-of-celebration-of-the-erasmus-programme\/\" \/>\n<meta property=\"og:site_name\" content=\"Voisins de l&#039;UE\" \/>\n<meta property=\"article:publisher\" content=\"https:\/\/www.facebook.com\/eumedbridge\/\" \/>\n<meta property=\"article:modified_time\" content=\"2022-10-15T12:08:48+00:00\" \/>\n<meta property=\"og:image\" content=\"https:\/\/www.eumedbridge.eu\/wp-content\/uploads\/2022\/10\/erasmusdays-2022-EN.jpg\" \/>\n\t<meta property=\"og:image:width\" content=\"771\" \/>\n\t<meta property=\"og:image:height\" content=\"771\" \/>\n\t<meta property=\"og:image:type\" content=\"image\/jpeg\" \/>\n<meta name=\"twitter:card\" content=\"summary_large_image\" \/>\n<meta name=\"twitter:site\" content=\"@eumedbridge\" \/>\n<meta name=\"twitter:label1\" content=\"Dur\u00e9e de lecture estim\u00e9e\" \/>\n\t<meta name=\"twitter:data1\" content=\"1 minute\" \/>\n<script type=\"application\/ld+json\" class=\"yoast-schema-graph\">{\"@context\":\"https:\/\/schema.org\",\"@graph\":[{\"@type\":\"WebPage\",\"@id\":\"https:\/\/www.eumedbridge.eu\/fr\/news\/erasmusdays-2022-3-days-of-celebration-of-the-erasmus-programme\/\",\"url\":\"https:\/\/www.eumedbridge.eu\/fr\/news\/erasmusdays-2022-3-days-of-celebration-of-the-erasmus-programme\/\",\"name\":\"ErasmusDays 2022 \u2013 3 jours pour c\u00e9l\u00e9brer le programme Erasmus+ - Voisins de l'UE\",\"isPartOf\":{\"@id\":\"https:\/\/www.eumedbridge.eu\/#website\"},\"primaryImageOfPage\":{\"@id\":\"https:\/\/www.eumedbridge.eu\/fr\/news\/erasmusdays-2022-3-days-of-celebration-of-the-erasmus-programme\/#primaryimage\"},\"image\":{\"@id\":\"https:\/\/www.eumedbridge.eu\/fr\/news\/erasmusdays-2022-3-days-of-celebration-of-the-erasmus-programme\/#primaryimage\"},\"thumbnailUrl\":\"https:\/\/www.eumedbridge.eu\/wp-content\/uploads\/2022\/10\/erasmusdays-2022-EN.jpg\",\"datePublished\":\"2022-10-13T14:35:00+00:00\",\"dateModified\":\"2022-10-15T12:08:48+00:00\",\"breadcrumb\":{\"@id\":\"https:\/\/www.eumedbridge.eu\/fr\/news\/erasmusdays-2022-3-days-of-celebration-of-the-erasmus-programme\/#breadcrumb\"},\"inLanguage\":\"fr-FR\",\"potentialAction\":[{\"@type\":\"ReadAction\",\"target\":[\"https:\/\/www.eumedbridge.eu\/fr\/news\/erasmusdays-2022-3-days-of-celebration-of-the-erasmus-programme\/\"]}]},{\"@type\":\"ImageObject\",\"inLanguage\":\"fr-FR\",\"@id\":\"https:\/\/www.eumedbridge.eu\/fr\/news\/erasmusdays-2022-3-days-of-celebration-of-the-erasmus-programme\/#primaryimage\",\"url\":\"https:\/\/www.eumedbridge.eu\/wp-content\/uploads\/2022\/10\/erasmusdays-2022-EN.jpg\",\"contentUrl\":\"https:\/\/www.eumedbridge.eu\/wp-content\/uploads\/2022\/10\/erasmusdays-2022-EN.jpg\",\"width\":771,\"height\":771},{\"@type\":\"BreadcrumbList\",\"@id\":\"https:\/\/www.eumedbridge.eu\/fr\/news\/erasmusdays-2022-3-days-of-celebration-of-the-erasmus-programme\/#breadcrumb\",\"itemListElement\":[{\"@type\":\"ListItem\",\"position\":1,\"name\":\"Home\",\"item\":\"https:\/\/www.eumedbridge.eu\/fr\/home-page\/\"},{\"@type\":\"ListItem\",\"position\":2,\"name\":\"Actualit\u00e9s\",\"item\":\"https:\/\/www.eumedbridge.eu\/fr\/news\/\"},{\"@type\":\"ListItem\",\"position\":3,\"name\":\"ErasmusDays 2022 \u2013 3 jours pour c\u00e9l\u00e9brer le programme Erasmus+\"}]},{\"@type\":\"WebSite\",\"@id\":\"https:\/\/www.eumedbridge.eu\/#website\",\"url\":\"https:\/\/www.eumedbridge.eu\/\",\"name\":\"EU Medbridge\",\"description\":\"\",\"publisher\":{\"@id\":\"https:\/\/www.eumedbridge.eu\/#organization\"},\"potentialAction\":[{\"@type\":\"SearchAction\",\"target\":{\"@type\":\"EntryPoint\",\"urlTemplate\":\"https:\/\/www.eumedbridge.eu\/?s={search_term_string}\"},\"query-input\":{\"@type\":\"PropertyValueSpecification\",\"valueRequired\":true,\"valueName\":\"search_term_string\"}}],\"inLanguage\":\"fr-FR\"},{\"@type\":\"Organization\",\"@id\":\"https:\/\/www.eumedbridge.eu\/#organization\",\"name\":\"EU Medbridge\",\"url\":\"https:\/\/www.eumedbridge.eu\/\",\"logo\":{\"@type\":\"ImageObject\",\"inLanguage\":\"fr-FR\",\"@id\":\"https:\/\/www.eumedbridge.eu\/#\/schema\/logo\/image\/\",\"url\":\"https:\/\/www.eumedbridge.eu\/wp-content\/uploads\/2021\/12\/Logo.png\",\"contentUrl\":\"https:\/\/www.eumedbridge.eu\/wp-content\/uploads\/2021\/12\/Logo.png\",\"width\":325,\"height\":114,\"caption\":\"EU Medbridge\"},\"image\":{\"@id\":\"https:\/\/www.eumedbridge.eu\/#\/schema\/logo\/image\/\"},\"sameAs\":[\"https:\/\/www.facebook.com\/eumedbridge\/\",\"https:\/\/x.com\/eumedbridge\",\"https:\/\/www.linkedin.com\/company\/eumedbridge\",\"https:\/\/www.youtube.com\/@eumedbridge\",\"https:\/\/www.instagram.com\/eumedbridge\",\"https:\/\/www.flickr.com\/photos\/euneighbours-south\/\"]}]}<\/script>\n<!-- \/ Yoast SEO plugin. -->","yoast_head_json":{"title":"ErasmusDays 2022 \u2013 3 jours pour c\u00e9l\u00e9brer le programme Erasmus+ - Voisins de l'UE","robots":{"index":"index","follow":"follow","max-snippet":"max-snippet:-1","max-image-preview":"max-image-preview:large","max-video-preview":"max-video-preview:-1"},"canonical":"https:\/\/www.eumedbridge.eu\/fr\/news\/erasmusdays-2022-3-days-of-celebration-of-the-erasmus-programme\/","og_locale":"fr_FR","og_type":"article","og_title":"ErasmusDays 2022 \u2013 3 jours pour c\u00e9l\u00e9brer le programme Erasmus+ - Voisins de l'UE","og_description":"Les #ErasmusDays\u00a02022 se d\u00e9rouleront du 13\u00a0au 15\u00a0octobre\u00a02022 partout en Europe et dans le monde ! Cette c\u00e9l\u00e9bration internationale repose sur un concept tr\u00e8s simple\u00a0: promouvoir, pendant trois jours, les valeurs europ\u00e9ennes, les avantages de la mobilit\u00e9 et les r\u00e9sultats du programme Erasmus+, afin de renforcer leur visibilit\u00e9 aupr\u00e8s des citoyens, des parties prenantes, des m\u00e9dias [&hellip;]","og_url":"https:\/\/www.eumedbridge.eu\/fr\/news\/erasmusdays-2022-3-days-of-celebration-of-the-erasmus-programme\/","og_site_name":"Voisins de l'UE","article_publisher":"https:\/\/www.facebook.com\/eumedbridge\/","article_modified_time":"2022-10-15T12:08:48+00:00","og_image":[{"width":771,"height":771,"url":"https:\/\/www.eumedbridge.eu\/wp-content\/uploads\/2022\/10\/erasmusdays-2022-EN.jpg","type":"image\/jpeg"}],"twitter_card":"summary_large_image","twitter_site":"@eumedbridge","twitter_misc":{"Dur\u00e9e de lecture estim\u00e9e":"1 minute"},"schema":{"@context":"https:\/\/schema.org","@graph":[{"@type":"WebPage","@id":"https:\/\/www.eumedbridge.eu\/fr\/news\/erasmusdays-2022-3-days-of-celebration-of-the-erasmus-programme\/","url":"https:\/\/www.eumedbridge.eu\/fr\/news\/erasmusdays-2022-3-days-of-celebration-of-the-erasmus-programme\/","name":"ErasmusDays 2022 \u2013 3 jours pour c\u00e9l\u00e9brer le programme Erasmus+ - Voisins de l'UE","isPartOf":{"@id":"https:\/\/www.eumedbridge.eu\/#website"},"primaryImageOfPage":{"@id":"https:\/\/www.eumedbridge.eu\/fr\/news\/erasmusdays-2022-3-days-of-celebration-of-the-erasmus-programme\/#primaryimage"},"image":{"@id":"https:\/\/www.eumedbridge.eu\/fr\/news\/erasmusdays-2022-3-days-of-celebration-of-the-erasmus-programme\/#primaryimage"},"thumbnailUrl":"https:\/\/www.eumedbridge.eu\/wp-content\/uploads\/2022\/10\/erasmusdays-2022-EN.jpg","datePublished":"2022-10-13T14:35:00+00:00","dateModified":"2022-10-15T12:08:48+00:00","breadcrumb":{"@id":"https:\/\/www.eumedbridge.eu\/fr\/news\/erasmusdays-2022-3-days-of-celebration-of-the-erasmus-programme\/#breadcrumb"},"inLanguage":"fr-FR","potentialAction":[{"@type":"ReadAction","target":["https:\/\/www.eumedbridge.eu\/fr\/news\/erasmusdays-2022-3-days-of-celebration-of-the-erasmus-programme\/"]}]},{"@type":"ImageObject","inLanguage":"fr-FR","@id":"https:\/\/www.eumedbridge.eu\/fr\/news\/erasmusdays-2022-3-days-of-celebration-of-the-erasmus-programme\/#primaryimage","url":"https:\/\/www.eumedbridge.eu\/wp-content\/uploads\/2022\/10\/erasmusdays-2022-EN.jpg","contentUrl":"https:\/\/www.eumedbridge.eu\/wp-content\/uploads\/2022\/10\/erasmusdays-2022-EN.jpg","width":771,"height":771},{"@type":"BreadcrumbList","@id":"https:\/\/www.eumedbridge.eu\/fr\/news\/erasmusdays-2022-3-days-of-celebration-of-the-erasmus-programme\/#breadcrumb","itemListElement":[{"@type":"ListItem","position":1,"name":"Home","item":"https:\/\/www.eumedbridge.eu\/fr\/home-page\/"},{"@type":"ListItem","position":2,"name":"Actualit\u00e9s","item":"https:\/\/www.eumedbridge.eu\/fr\/news\/"},{"@type":"ListItem","position":3,"name":"ErasmusDays 2022 \u2013 3 jours pour c\u00e9l\u00e9brer le programme Erasmus+"}]},{"@type":"WebSite","@id":"https:\/\/www.eumedbridge.eu\/#website","url":"https:\/\/www.eumedbridge.eu\/","name":"EU Medbridge","description":"","publisher":{"@id":"https:\/\/www.eumedbridge.eu\/#organization"},"potentialAction":[{"@type":"SearchAction","target":{"@type":"EntryPoint","urlTemplate":"https:\/\/www.eumedbridge.eu\/?s={search_term_string}"},"query-input":{"@type":"PropertyValueSpecification","valueRequired":true,"valueName":"search_term_string"}}],"inLanguage":"fr-FR"},{"@type":"Organization","@id":"https:\/\/www.eumedbridge.eu\/#organization","name":"EU Medbridge","url":"https:\/\/www.eumedbridge.eu\/","logo":{"@type":"ImageObject","inLanguage":"fr-FR","@id":"https:\/\/www.eumedbridge.eu\/#\/schema\/logo\/image\/","url":"https:\/\/www.eumedbridge.eu\/wp-content\/uploads\/2021\/12\/Logo.png","contentUrl":"https:\/\/www.eumedbridge.eu\/wp-content\/uploads\/2021\/12\/Logo.png","width":325,"height":114,"caption":"EU Medbridge"},"image":{"@id":"https:\/\/www.eumedbridge.eu\/#\/schema\/logo\/image\/"},"sameAs":["https:\/\/www.facebook.com\/eumedbridge\/","https:\/\/x.com\/eumedbridge","https:\/\/www.linkedin.com\/company\/eumedbridge","https:\/\/www.youtube.com\/@eumedbridge","https:\/\/www.instagram.com\/eumedbridge","https:\/\/www.flickr.com\/photos\/euneighbours-south\/"]}]}},"_links":{"self":[{"href":"https:\/\/www.eumedbridge.eu\/fr\/wp-json\/wp\/v2\/news\/208999","targetHints":{"allow":["GET"]}}],"collection":[{"href":"https:\/\/www.eumedbridge.eu\/fr\/wp-json\/wp\/v2\/news"}],"about":[{"href":"https:\/\/www.eumedbridge.eu\/fr\/wp-json\/wp\/v2\/types\/news"}],"wp:featuredmedia":[{"embeddable":true,"href":"https:\/\/www.eumedbridge.eu\/fr\/wp-json\/wp\/v2\/media\/208873"}],"wp:attachment":[{"href":"https:\/\/www.eumedbridge.eu\/fr\/wp-json\/wp\/v2\/media?parent=208999"}],"wp:term":[{"taxonomy":"news_category","embeddable":true,"href":"https:\/\/www.eumedbridge.eu\/fr\/wp-json\/wp\/v2\/news_category?post=208999"},{"taxonomy":"country","embeddable":true,"href":"https:\/\/www.eumedbridge.eu\/fr\/wp-json\/wp\/v2\/country?post=208999"},{"taxonomy":"special_action","embeddable":true,"href":"https:\/\/www.eumedbridge.eu\/fr\/wp-json\/wp\/v2\/special_action?post=208999"},{"taxonomy":"custom_tag","embeddable":true,"href":"https:\/\/www.eumedbridge.eu\/fr\/wp-json\/wp\/v2\/custom_tag?post=208999"}],"curies":[{"name":"wp","href":"https:\/\/api.w.org\/{rel}","templated":true}]}}