{"id":209145,"date":"2022-10-17T10:19:13","date_gmt":"2022-10-17T07:19:13","guid":{"rendered":"https:\/\/eumedbridge.eu\/news\/prosecutors-general-from-eu-and-south-partner-countries-strengthen-their-cooperation\/"},"modified":"2022-10-18T19:44:27","modified_gmt":"2022-10-18T16:44:27","slug":"prosecutors-general-from-eu-and-south-partner-countries-strengthen-their-cooperation","status":"publish","type":"news","link":"https:\/\/www.eumedbridge.eu\/fr\/news\/prosecutors-general-from-eu-and-south-partner-countries-strengthen-their-cooperation\/","title":{"rendered":"Les procureurs g\u00e9n\u00e9raux de l\u2019UE et des pays partenaires du Sud renforcent leur coop\u00e9ration"},"content":{"rendered":"<p>Le\u00a0<strong>4<sup>e<\/sup> Forum EuroMed des procureurs g\u00e9n\u00e9raux<\/strong>\u00a0a rassembl\u00e9 des hauts fonctionnaires des minist\u00e8res publics de tous les\u00a0<strong>\u00c9tats membres de l\u2019Union europ\u00e9enne<\/strong>\u00a0ainsi que d\u2019Alg\u00e9rie, d\u2019\u00c9gypte, de Jordanie, du Liban, du Maroc, de Palestine et, pour la premi\u00e8re fois, de Libye.<\/p>\n<p>Les participants au forum ont discut\u00e9 de la strat\u00e9gie transm\u00e9diterran\u00e9enne 2022-2025, qui vise \u00e0 renforcer la collaboration et \u00e0 d\u00e9velopper des perspectives communes pour lutter contre la criminalit\u00e9 transfrontali\u00e8re.<\/p>\n<p>Les procureurs g\u00e9n\u00e9raux ont \u00e9valu\u00e9 les progr\u00e8s r\u00e9alis\u00e9s et discut\u00e9 des prochaines \u00e9tapes de la mise en \u0153uvre de la strat\u00e9gie 2022-2025 et des plans d\u2019action visant \u00e0 lutter contre la traite des \u00eatres humains et le trafic de migrants, ainsi que de la confiscation des produits du crime et du recouvrement des avoirs dans la r\u00e9gion m\u00e9diterran\u00e9enne. Ces plans ont \u00e9t\u00e9 adopt\u00e9s lors du 3<sup>e<\/sup> Forum EuroMed des procureurs g\u00e9n\u00e9raux en novembre 2021.<\/p>\n<p>Le Forum a \u00e9t\u00e9 pr\u00e9c\u00e9d\u00e9 par une r\u00e9union de CrimEx, le groupe d\u2019experts en mati\u00e8re p\u00e9nale du\u00a0<a href=\"https:\/\/euromedjustice.eu\/\"><strong>programme EMJ<\/strong><\/a>, qui a apport\u00e9 une contribution suppl\u00e9mentaire \u00e0 la discussion.<\/p>\n<p>Le Forum EuroMed des procureurs g\u00e9n\u00e9raux repr\u00e9sente une \u00e9tape cl\u00e9 vers l\u2019am\u00e9lioration de la coop\u00e9ration judiciaire entre les \u00c9tats membres de l\u2019UE, les pays partenaires du Sud et Eurojust. C\u2019est aussi la pierre angulaire d\u2019un m\u00e9canisme interr\u00e9gional de haut niveau pour la consultation et le dialogue, dont nous avons tant besoin.<\/p>\n","protected":false},"featured_media":209037,"parent":0,"template":"","news_category":[],"country":[328],"special_action":[],"custom_tag":[2148],"class_list":["post-209145","news","type-news","status-publish","has-post-thumbnail","hentry","country-region-south","custom_tag-human-rights"],"acf":[],"yoast_head":"<!-- This site is optimized with the Yoast SEO plugin v26.5 - https:\/\/yoast.com\/wordpress\/plugins\/seo\/ -->\n<title>Les procureurs g\u00e9n\u00e9raux de l\u2019UE et des pays partenaires du Sud renforcent leur coop\u00e9ration - Voisins de l&#039;UE<\/title>\n<meta name=\"robots\" content=\"index, follow, max-snippet:-1, max-image-preview:large, max-video-preview:-1\" \/>\n<link rel=\"canonical\" href=\"https:\/\/www.eumedbridge.eu\/fr\/news\/prosecutors-general-from-eu-and-south-partner-countries-strengthen-their-cooperation\/\" \/>\n<meta property=\"og:locale\" content=\"fr_FR\" \/>\n<meta property=\"og:type\" content=\"article\" \/>\n<meta property=\"og:title\" content=\"Les procureurs g\u00e9n\u00e9raux de l\u2019UE et des pays partenaires du Sud renforcent leur coop\u00e9ration - Voisins de l&#039;UE\" \/>\n<meta property=\"og:description\" content=\"Le\u00a04e Forum EuroMed des procureurs g\u00e9n\u00e9raux\u00a0a rassembl\u00e9 des hauts fonctionnaires des minist\u00e8res publics de tous les\u00a0\u00c9tats membres de l\u2019Union europ\u00e9enne\u00a0ainsi que d\u2019Alg\u00e9rie, d\u2019\u00c9gypte, de Jordanie, du Liban, du Maroc, de Palestine et, pour la premi\u00e8re fois, de Libye. Les participants au forum ont discut\u00e9 de la strat\u00e9gie transm\u00e9diterran\u00e9enne 2022-2025, qui vise \u00e0 renforcer la collaboration [&hellip;]\" \/>\n<meta property=\"og:url\" content=\"https:\/\/www.eumedbridge.eu\/fr\/news\/prosecutors-general-from-eu-and-south-partner-countries-strengthen-their-cooperation\/\" \/>\n<meta property=\"og:site_name\" content=\"Voisins de l&#039;UE\" \/>\n<meta property=\"article:publisher\" content=\"https:\/\/www.facebook.com\/eumedbridge\/\" \/>\n<meta property=\"article:modified_time\" content=\"2022-10-18T16:44:27+00:00\" \/>\n<meta property=\"og:image\" content=\"https:\/\/www.eumedbridge.eu\/wp-content\/uploads\/2022\/10\/4th-euromed-forum.png\" \/>\n\t<meta property=\"og:image:width\" content=\"750\" \/>\n\t<meta property=\"og:image:height\" content=\"502\" \/>\n\t<meta property=\"og:image:type\" content=\"image\/png\" \/>\n<meta name=\"twitter:card\" content=\"summary_large_image\" \/>\n<meta name=\"twitter:site\" content=\"@eumedbridge\" \/>\n<meta name=\"twitter:label1\" content=\"Dur\u00e9e de lecture estim\u00e9e\" \/>\n\t<meta name=\"twitter:data1\" content=\"2 minutes\" \/>\n<script type=\"application\/ld+json\" class=\"yoast-schema-graph\">{\"@context\":\"https:\/\/schema.org\",\"@graph\":[{\"@type\":\"WebPage\",\"@id\":\"https:\/\/www.eumedbridge.eu\/fr\/news\/prosecutors-general-from-eu-and-south-partner-countries-strengthen-their-cooperation\/\",\"url\":\"https:\/\/www.eumedbridge.eu\/fr\/news\/prosecutors-general-from-eu-and-south-partner-countries-strengthen-their-cooperation\/\",\"name\":\"Les procureurs g\u00e9n\u00e9raux de l\u2019UE et des pays partenaires du Sud renforcent leur coop\u00e9ration - Voisins de l'UE\",\"isPartOf\":{\"@id\":\"https:\/\/www.eumedbridge.eu\/#website\"},\"primaryImageOfPage\":{\"@id\":\"https:\/\/www.eumedbridge.eu\/fr\/news\/prosecutors-general-from-eu-and-south-partner-countries-strengthen-their-cooperation\/#primaryimage\"},\"image\":{\"@id\":\"https:\/\/www.eumedbridge.eu\/fr\/news\/prosecutors-general-from-eu-and-south-partner-countries-strengthen-their-cooperation\/#primaryimage\"},\"thumbnailUrl\":\"https:\/\/www.eumedbridge.eu\/wp-content\/uploads\/2022\/10\/4th-euromed-forum.png\",\"datePublished\":\"2022-10-17T07:19:13+00:00\",\"dateModified\":\"2022-10-18T16:44:27+00:00\",\"breadcrumb\":{\"@id\":\"https:\/\/www.eumedbridge.eu\/fr\/news\/prosecutors-general-from-eu-and-south-partner-countries-strengthen-their-cooperation\/#breadcrumb\"},\"inLanguage\":\"fr-FR\",\"potentialAction\":[{\"@type\":\"ReadAction\",\"target\":[\"https:\/\/www.eumedbridge.eu\/fr\/news\/prosecutors-general-from-eu-and-south-partner-countries-strengthen-their-cooperation\/\"]}]},{\"@type\":\"ImageObject\",\"inLanguage\":\"fr-FR\",\"@id\":\"https:\/\/www.eumedbridge.eu\/fr\/news\/prosecutors-general-from-eu-and-south-partner-countries-strengthen-their-cooperation\/#primaryimage\",\"url\":\"https:\/\/www.eumedbridge.eu\/wp-content\/uploads\/2022\/10\/4th-euromed-forum.png\",\"contentUrl\":\"https:\/\/www.eumedbridge.eu\/wp-content\/uploads\/2022\/10\/4th-euromed-forum.png\",\"width\":750,\"height\":502},{\"@type\":\"BreadcrumbList\",\"@id\":\"https:\/\/www.eumedbridge.eu\/fr\/news\/prosecutors-general-from-eu-and-south-partner-countries-strengthen-their-cooperation\/#breadcrumb\",\"itemListElement\":[{\"@type\":\"ListItem\",\"position\":1,\"name\":\"Home\",\"item\":\"https:\/\/www.eumedbridge.eu\/fr\/home-page\/\"},{\"@type\":\"ListItem\",\"position\":2,\"name\":\"Actualit\u00e9s\",\"item\":\"https:\/\/www.eumedbridge.eu\/fr\/news\/\"},{\"@type\":\"ListItem\",\"position\":3,\"name\":\"Les procureurs g\u00e9n\u00e9raux de l\u2019UE et des pays partenaires du Sud renforcent leur coop\u00e9ration\"}]},{\"@type\":\"WebSite\",\"@id\":\"https:\/\/www.eumedbridge.eu\/#website\",\"url\":\"https:\/\/www.eumedbridge.eu\/\",\"name\":\"EU Medbridge\",\"description\":\"\",\"publisher\":{\"@id\":\"https:\/\/www.eumedbridge.eu\/#organization\"},\"potentialAction\":[{\"@type\":\"SearchAction\",\"target\":{\"@type\":\"EntryPoint\",\"urlTemplate\":\"https:\/\/www.eumedbridge.eu\/?s={search_term_string}\"},\"query-input\":{\"@type\":\"PropertyValueSpecification\",\"valueRequired\":true,\"valueName\":\"search_term_string\"}}],\"inLanguage\":\"fr-FR\"},{\"@type\":\"Organization\",\"@id\":\"https:\/\/www.eumedbridge.eu\/#organization\",\"name\":\"EU Medbridge\",\"url\":\"https:\/\/www.eumedbridge.eu\/\",\"logo\":{\"@type\":\"ImageObject\",\"inLanguage\":\"fr-FR\",\"@id\":\"https:\/\/www.eumedbridge.eu\/#\/schema\/logo\/image\/\",\"url\":\"https:\/\/www.eumedbridge.eu\/wp-content\/uploads\/2021\/12\/Logo.png\",\"contentUrl\":\"https:\/\/www.eumedbridge.eu\/wp-content\/uploads\/2021\/12\/Logo.png\",\"width\":325,\"height\":114,\"caption\":\"EU Medbridge\"},\"image\":{\"@id\":\"https:\/\/www.eumedbridge.eu\/#\/schema\/logo\/image\/\"},\"sameAs\":[\"https:\/\/www.facebook.com\/eumedbridge\/\",\"https:\/\/x.com\/eumedbridge\",\"https:\/\/www.linkedin.com\/company\/eumedbridge\",\"https:\/\/www.youtube.com\/@eumedbridge\",\"https:\/\/www.instagram.com\/eumedbridge\",\"https:\/\/www.flickr.com\/photos\/euneighbours-south\/\"]}]}<\/script>\n<!-- \/ Yoast SEO plugin. -->","yoast_head_json":{"title":"Les procureurs g\u00e9n\u00e9raux de l\u2019UE et des pays partenaires du Sud renforcent leur coop\u00e9ration - Voisins de l'UE","robots":{"index":"index","follow":"follow","max-snippet":"max-snippet:-1","max-image-preview":"max-image-preview:large","max-video-preview":"max-video-preview:-1"},"canonical":"https:\/\/www.eumedbridge.eu\/fr\/news\/prosecutors-general-from-eu-and-south-partner-countries-strengthen-their-cooperation\/","og_locale":"fr_FR","og_type":"article","og_title":"Les procureurs g\u00e9n\u00e9raux de l\u2019UE et des pays partenaires du Sud renforcent leur coop\u00e9ration - Voisins de l'UE","og_description":"Le\u00a04e Forum EuroMed des procureurs g\u00e9n\u00e9raux\u00a0a rassembl\u00e9 des hauts fonctionnaires des minist\u00e8res publics de tous les\u00a0\u00c9tats membres de l\u2019Union europ\u00e9enne\u00a0ainsi que d\u2019Alg\u00e9rie, d\u2019\u00c9gypte, de Jordanie, du Liban, du Maroc, de Palestine et, pour la premi\u00e8re fois, de Libye. Les participants au forum ont discut\u00e9 de la strat\u00e9gie transm\u00e9diterran\u00e9enne 2022-2025, qui vise \u00e0 renforcer la collaboration [&hellip;]","og_url":"https:\/\/www.eumedbridge.eu\/fr\/news\/prosecutors-general-from-eu-and-south-partner-countries-strengthen-their-cooperation\/","og_site_name":"Voisins de l'UE","article_publisher":"https:\/\/www.facebook.com\/eumedbridge\/","article_modified_time":"2022-10-18T16:44:27+00:00","og_image":[{"width":750,"height":502,"url":"https:\/\/www.eumedbridge.eu\/wp-content\/uploads\/2022\/10\/4th-euromed-forum.png","type":"image\/png"}],"twitter_card":"summary_large_image","twitter_site":"@eumedbridge","twitter_misc":{"Dur\u00e9e de lecture estim\u00e9e":"2 minutes"},"schema":{"@context":"https:\/\/schema.org","@graph":[{"@type":"WebPage","@id":"https:\/\/www.eumedbridge.eu\/fr\/news\/prosecutors-general-from-eu-and-south-partner-countries-strengthen-their-cooperation\/","url":"https:\/\/www.eumedbridge.eu\/fr\/news\/prosecutors-general-from-eu-and-south-partner-countries-strengthen-their-cooperation\/","name":"Les procureurs g\u00e9n\u00e9raux de l\u2019UE et des pays partenaires du Sud renforcent leur coop\u00e9ration - Voisins de l'UE","isPartOf":{"@id":"https:\/\/www.eumedbridge.eu\/#website"},"primaryImageOfPage":{"@id":"https:\/\/www.eumedbridge.eu\/fr\/news\/prosecutors-general-from-eu-and-south-partner-countries-strengthen-their-cooperation\/#primaryimage"},"image":{"@id":"https:\/\/www.eumedbridge.eu\/fr\/news\/prosecutors-general-from-eu-and-south-partner-countries-strengthen-their-cooperation\/#primaryimage"},"thumbnailUrl":"https:\/\/www.eumedbridge.eu\/wp-content\/uploads\/2022\/10\/4th-euromed-forum.png","datePublished":"2022-10-17T07:19:13+00:00","dateModified":"2022-10-18T16:44:27+00:00","breadcrumb":{"@id":"https:\/\/www.eumedbridge.eu\/fr\/news\/prosecutors-general-from-eu-and-south-partner-countries-strengthen-their-cooperation\/#breadcrumb"},"inLanguage":"fr-FR","potentialAction":[{"@type":"ReadAction","target":["https:\/\/www.eumedbridge.eu\/fr\/news\/prosecutors-general-from-eu-and-south-partner-countries-strengthen-their-cooperation\/"]}]},{"@type":"ImageObject","inLanguage":"fr-FR","@id":"https:\/\/www.eumedbridge.eu\/fr\/news\/prosecutors-general-from-eu-and-south-partner-countries-strengthen-their-cooperation\/#primaryimage","url":"https:\/\/www.eumedbridge.eu\/wp-content\/uploads\/2022\/10\/4th-euromed-forum.png","contentUrl":"https:\/\/www.eumedbridge.eu\/wp-content\/uploads\/2022\/10\/4th-euromed-forum.png","width":750,"height":502},{"@type":"BreadcrumbList","@id":"https:\/\/www.eumedbridge.eu\/fr\/news\/prosecutors-general-from-eu-and-south-partner-countries-strengthen-their-cooperation\/#breadcrumb","itemListElement":[{"@type":"ListItem","position":1,"name":"Home","item":"https:\/\/www.eumedbridge.eu\/fr\/home-page\/"},{"@type":"ListItem","position":2,"name":"Actualit\u00e9s","item":"https:\/\/www.eumedbridge.eu\/fr\/news\/"},{"@type":"ListItem","position":3,"name":"Les procureurs g\u00e9n\u00e9raux de l\u2019UE et des pays partenaires du Sud renforcent leur coop\u00e9ration"}]},{"@type":"WebSite","@id":"https:\/\/www.eumedbridge.eu\/#website","url":"https:\/\/www.eumedbridge.eu\/","name":"EU Medbridge","description":"","publisher":{"@id":"https:\/\/www.eumedbridge.eu\/#organization"},"potentialAction":[{"@type":"SearchAction","target":{"@type":"EntryPoint","urlTemplate":"https:\/\/www.eumedbridge.eu\/?s={search_term_string}"},"query-input":{"@type":"PropertyValueSpecification","valueRequired":true,"valueName":"search_term_string"}}],"inLanguage":"fr-FR"},{"@type":"Organization","@id":"https:\/\/www.eumedbridge.eu\/#organization","name":"EU Medbridge","url":"https:\/\/www.eumedbridge.eu\/","logo":{"@type":"ImageObject","inLanguage":"fr-FR","@id":"https:\/\/www.eumedbridge.eu\/#\/schema\/logo\/image\/","url":"https:\/\/www.eumedbridge.eu\/wp-content\/uploads\/2021\/12\/Logo.png","contentUrl":"https:\/\/www.eumedbridge.eu\/wp-content\/uploads\/2021\/12\/Logo.png","width":325,"height":114,"caption":"EU Medbridge"},"image":{"@id":"https:\/\/www.eumedbridge.eu\/#\/schema\/logo\/image\/"},"sameAs":["https:\/\/www.facebook.com\/eumedbridge\/","https:\/\/x.com\/eumedbridge","https:\/\/www.linkedin.com\/company\/eumedbridge","https:\/\/www.youtube.com\/@eumedbridge","https:\/\/www.instagram.com\/eumedbridge","https:\/\/www.flickr.com\/photos\/euneighbours-south\/"]}]}},"_links":{"self":[{"href":"https:\/\/www.eumedbridge.eu\/fr\/wp-json\/wp\/v2\/news\/209145","targetHints":{"allow":["GET"]}}],"collection":[{"href":"https:\/\/www.eumedbridge.eu\/fr\/wp-json\/wp\/v2\/news"}],"about":[{"href":"https:\/\/www.eumedbridge.eu\/fr\/wp-json\/wp\/v2\/types\/news"}],"wp:featuredmedia":[{"embeddable":true,"href":"https:\/\/www.eumedbridge.eu\/fr\/wp-json\/wp\/v2\/media\/209037"}],"wp:attachment":[{"href":"https:\/\/www.eumedbridge.eu\/fr\/wp-json\/wp\/v2\/media?parent=209145"}],"wp:term":[{"taxonomy":"news_category","embeddable":true,"href":"https:\/\/www.eumedbridge.eu\/fr\/wp-json\/wp\/v2\/news_category?post=209145"},{"taxonomy":"country","embeddable":true,"href":"https:\/\/www.eumedbridge.eu\/fr\/wp-json\/wp\/v2\/country?post=209145"},{"taxonomy":"special_action","embeddable":true,"href":"https:\/\/www.eumedbridge.eu\/fr\/wp-json\/wp\/v2\/special_action?post=209145"},{"taxonomy":"custom_tag","embeddable":true,"href":"https:\/\/www.eumedbridge.eu\/fr\/wp-json\/wp\/v2\/custom_tag?post=209145"}],"curies":[{"name":"wp","href":"https:\/\/api.w.org\/{rel}","templated":true}]}}