{"id":209255,"date":"2022-10-19T09:46:21","date_gmt":"2022-10-19T06:46:21","guid":{"rendered":"https:\/\/eumedbridge.eu\/news\/launch-of-the-mayor-pawel-adamowicz-award\/"},"modified":"2022-10-20T21:33:16","modified_gmt":"2022-10-20T18:33:16","slug":"launch-of-the-mayor-pawel-adamowicz-award","status":"publish","type":"news","link":"https:\/\/www.eumedbridge.eu\/fr\/news\/launch-of-the-mayor-pawel-adamowicz-award\/","title":{"rendered":"Lancement du prix Pawel Adamowicz"},"content":{"rendered":"<p>Le\u00a0<strong>Comit\u00e9 des r\u00e9gions<\/strong> a lanc\u00e9 le <a href=\"https:\/\/cor.europa.eu\/en\/our-work\/Pages\/mayor-pawe%C5%82-adamowicz-award.aspx\"><strong>prix Pawe\u0142 Adamowicz<\/strong><\/a>, qui r\u00e9compense le courage et l\u2019excellence en mati\u00e8re de promotion de la libert\u00e9, de la solidarit\u00e9 et de l\u2019\u00e9galit\u00e9.<\/p>\n<p>Pawe\u0142 Adamowicz \u00e9tait le maire de la ville de Gda\u0144sk depuis de nombreuses ann\u00e9es lorsqu\u2019il a \u00e9t\u00e9 assassin\u00e9 en janvier\u00a02019 dans l\u2019exercice de ses fonctions publiques.<\/p>\n<p>Tout en \u0153uvrant au profit de la d\u00e9mocratie et en la repr\u00e9sentant \u00e0 l\u2019\u00e9chelon local, il s\u2019est engag\u00e9 aupr\u00e8s de ceux qui, trop souvent, n\u2019ont pas leur mot \u00e0 dire, a fait preuve de solidarit\u00e9 envers ceux qui en avaient le plus besoin et a plaid\u00e9 en faveur de la diversit\u00e9, qui rend nos soci\u00e9t\u00e9s plus ouvertes et plus riches.<\/p>\n<p>Le prix Pawe\u0142 Adamowicz envoie un signal fort d\u2019espoir \u00e0 tous les \u00e9lus, fonctionnaires et citoyens ordinaires qui, malgr\u00e9 les risques, se d\u00e9vouent pour faire fonctionner la d\u00e9mocratie \u00e0 l\u2019\u00e9chelon local en s\u2019engageant en faveur de collectivit\u00e9s plus solides et plus ouvertes.<\/p>\n","protected":false},"featured_media":209150,"parent":0,"template":"","news_category":[],"country":[328],"special_action":[],"custom_tag":[2148],"class_list":["post-209255","news","type-news","status-publish","has-post-thumbnail","hentry","country-region-south","custom_tag-human-rights"],"acf":[],"yoast_head":"<!-- This site is optimized with the Yoast SEO plugin v26.5 - https:\/\/yoast.com\/wordpress\/plugins\/seo\/ -->\n<title>Lancement du prix Pawel Adamowicz - Voisins de l&#039;UE<\/title>\n<meta name=\"robots\" content=\"index, follow, max-snippet:-1, max-image-preview:large, max-video-preview:-1\" \/>\n<link rel=\"canonical\" href=\"https:\/\/www.eumedbridge.eu\/fr\/news\/launch-of-the-mayor-pawel-adamowicz-award\/\" \/>\n<meta property=\"og:locale\" content=\"fr_FR\" \/>\n<meta property=\"og:type\" content=\"article\" \/>\n<meta property=\"og:title\" content=\"Lancement du prix Pawel Adamowicz - Voisins de l&#039;UE\" \/>\n<meta property=\"og:description\" content=\"Le\u00a0Comit\u00e9 des r\u00e9gions a lanc\u00e9 le prix Pawe\u0142 Adamowicz, qui r\u00e9compense le courage et l\u2019excellence en mati\u00e8re de promotion de la libert\u00e9, de la solidarit\u00e9 et de l\u2019\u00e9galit\u00e9. Pawe\u0142 Adamowicz \u00e9tait le maire de la ville de Gda\u0144sk depuis de nombreuses ann\u00e9es lorsqu\u2019il a \u00e9t\u00e9 assassin\u00e9 en janvier\u00a02019 dans l\u2019exercice de ses fonctions publiques. Tout [&hellip;]\" \/>\n<meta property=\"og:url\" content=\"https:\/\/www.eumedbridge.eu\/fr\/news\/launch-of-the-mayor-pawel-adamowicz-award\/\" \/>\n<meta property=\"og:site_name\" content=\"Voisins de l&#039;UE\" \/>\n<meta property=\"article:publisher\" content=\"https:\/\/www.facebook.com\/eumedbridge\/\" \/>\n<meta property=\"article:modified_time\" content=\"2022-10-20T18:33:16+00:00\" \/>\n<meta property=\"og:image\" content=\"https:\/\/www.eumedbridge.eu\/wp-content\/uploads\/2022\/10\/4494-spotlight-02.png\" \/>\n\t<meta property=\"og:image:width\" content=\"1201\" \/>\n\t<meta property=\"og:image:height\" content=\"901\" \/>\n\t<meta property=\"og:image:type\" content=\"image\/png\" \/>\n<meta name=\"twitter:card\" content=\"summary_large_image\" \/>\n<meta name=\"twitter:site\" content=\"@eumedbridge\" \/>\n<meta name=\"twitter:label1\" content=\"Dur\u00e9e de lecture estim\u00e9e\" \/>\n\t<meta name=\"twitter:data1\" content=\"1 minute\" \/>\n<script type=\"application\/ld+json\" class=\"yoast-schema-graph\">{\"@context\":\"https:\/\/schema.org\",\"@graph\":[{\"@type\":\"WebPage\",\"@id\":\"https:\/\/www.eumedbridge.eu\/fr\/news\/launch-of-the-mayor-pawel-adamowicz-award\/\",\"url\":\"https:\/\/www.eumedbridge.eu\/fr\/news\/launch-of-the-mayor-pawel-adamowicz-award\/\",\"name\":\"Lancement du prix Pawel Adamowicz - Voisins de l'UE\",\"isPartOf\":{\"@id\":\"https:\/\/www.eumedbridge.eu\/#website\"},\"primaryImageOfPage\":{\"@id\":\"https:\/\/www.eumedbridge.eu\/fr\/news\/launch-of-the-mayor-pawel-adamowicz-award\/#primaryimage\"},\"image\":{\"@id\":\"https:\/\/www.eumedbridge.eu\/fr\/news\/launch-of-the-mayor-pawel-adamowicz-award\/#primaryimage\"},\"thumbnailUrl\":\"https:\/\/www.eumedbridge.eu\/wp-content\/uploads\/2022\/10\/4494-spotlight-02.png\",\"datePublished\":\"2022-10-19T06:46:21+00:00\",\"dateModified\":\"2022-10-20T18:33:16+00:00\",\"breadcrumb\":{\"@id\":\"https:\/\/www.eumedbridge.eu\/fr\/news\/launch-of-the-mayor-pawel-adamowicz-award\/#breadcrumb\"},\"inLanguage\":\"fr-FR\",\"potentialAction\":[{\"@type\":\"ReadAction\",\"target\":[\"https:\/\/www.eumedbridge.eu\/fr\/news\/launch-of-the-mayor-pawel-adamowicz-award\/\"]}]},{\"@type\":\"ImageObject\",\"inLanguage\":\"fr-FR\",\"@id\":\"https:\/\/www.eumedbridge.eu\/fr\/news\/launch-of-the-mayor-pawel-adamowicz-award\/#primaryimage\",\"url\":\"https:\/\/www.eumedbridge.eu\/wp-content\/uploads\/2022\/10\/4494-spotlight-02.png\",\"contentUrl\":\"https:\/\/www.eumedbridge.eu\/wp-content\/uploads\/2022\/10\/4494-spotlight-02.png\",\"width\":1201,\"height\":901},{\"@type\":\"BreadcrumbList\",\"@id\":\"https:\/\/www.eumedbridge.eu\/fr\/news\/launch-of-the-mayor-pawel-adamowicz-award\/#breadcrumb\",\"itemListElement\":[{\"@type\":\"ListItem\",\"position\":1,\"name\":\"Home\",\"item\":\"https:\/\/www.eumedbridge.eu\/fr\/home-page\/\"},{\"@type\":\"ListItem\",\"position\":2,\"name\":\"Actualit\u00e9s\",\"item\":\"https:\/\/www.eumedbridge.eu\/fr\/news\/\"},{\"@type\":\"ListItem\",\"position\":3,\"name\":\"Lancement du prix Pawel Adamowicz\"}]},{\"@type\":\"WebSite\",\"@id\":\"https:\/\/www.eumedbridge.eu\/#website\",\"url\":\"https:\/\/www.eumedbridge.eu\/\",\"name\":\"EU Medbridge\",\"description\":\"\",\"publisher\":{\"@id\":\"https:\/\/www.eumedbridge.eu\/#organization\"},\"potentialAction\":[{\"@type\":\"SearchAction\",\"target\":{\"@type\":\"EntryPoint\",\"urlTemplate\":\"https:\/\/www.eumedbridge.eu\/?s={search_term_string}\"},\"query-input\":{\"@type\":\"PropertyValueSpecification\",\"valueRequired\":true,\"valueName\":\"search_term_string\"}}],\"inLanguage\":\"fr-FR\"},{\"@type\":\"Organization\",\"@id\":\"https:\/\/www.eumedbridge.eu\/#organization\",\"name\":\"EU Medbridge\",\"url\":\"https:\/\/www.eumedbridge.eu\/\",\"logo\":{\"@type\":\"ImageObject\",\"inLanguage\":\"fr-FR\",\"@id\":\"https:\/\/www.eumedbridge.eu\/#\/schema\/logo\/image\/\",\"url\":\"https:\/\/www.eumedbridge.eu\/wp-content\/uploads\/2021\/12\/Logo.png\",\"contentUrl\":\"https:\/\/www.eumedbridge.eu\/wp-content\/uploads\/2021\/12\/Logo.png\",\"width\":325,\"height\":114,\"caption\":\"EU Medbridge\"},\"image\":{\"@id\":\"https:\/\/www.eumedbridge.eu\/#\/schema\/logo\/image\/\"},\"sameAs\":[\"https:\/\/www.facebook.com\/eumedbridge\/\",\"https:\/\/x.com\/eumedbridge\",\"https:\/\/www.linkedin.com\/company\/eumedbridge\",\"https:\/\/www.youtube.com\/@eumedbridge\",\"https:\/\/www.instagram.com\/eumedbridge\",\"https:\/\/www.flickr.com\/photos\/euneighbours-south\/\"]}]}<\/script>\n<!-- \/ Yoast SEO plugin. -->","yoast_head_json":{"title":"Lancement du prix Pawel Adamowicz - Voisins de l'UE","robots":{"index":"index","follow":"follow","max-snippet":"max-snippet:-1","max-image-preview":"max-image-preview:large","max-video-preview":"max-video-preview:-1"},"canonical":"https:\/\/www.eumedbridge.eu\/fr\/news\/launch-of-the-mayor-pawel-adamowicz-award\/","og_locale":"fr_FR","og_type":"article","og_title":"Lancement du prix Pawel Adamowicz - Voisins de l'UE","og_description":"Le\u00a0Comit\u00e9 des r\u00e9gions a lanc\u00e9 le prix Pawe\u0142 Adamowicz, qui r\u00e9compense le courage et l\u2019excellence en mati\u00e8re de promotion de la libert\u00e9, de la solidarit\u00e9 et de l\u2019\u00e9galit\u00e9. Pawe\u0142 Adamowicz \u00e9tait le maire de la ville de Gda\u0144sk depuis de nombreuses ann\u00e9es lorsqu\u2019il a \u00e9t\u00e9 assassin\u00e9 en janvier\u00a02019 dans l\u2019exercice de ses fonctions publiques. Tout [&hellip;]","og_url":"https:\/\/www.eumedbridge.eu\/fr\/news\/launch-of-the-mayor-pawel-adamowicz-award\/","og_site_name":"Voisins de l'UE","article_publisher":"https:\/\/www.facebook.com\/eumedbridge\/","article_modified_time":"2022-10-20T18:33:16+00:00","og_image":[{"width":1201,"height":901,"url":"https:\/\/www.eumedbridge.eu\/wp-content\/uploads\/2022\/10\/4494-spotlight-02.png","type":"image\/png"}],"twitter_card":"summary_large_image","twitter_site":"@eumedbridge","twitter_misc":{"Dur\u00e9e de lecture estim\u00e9e":"1 minute"},"schema":{"@context":"https:\/\/schema.org","@graph":[{"@type":"WebPage","@id":"https:\/\/www.eumedbridge.eu\/fr\/news\/launch-of-the-mayor-pawel-adamowicz-award\/","url":"https:\/\/www.eumedbridge.eu\/fr\/news\/launch-of-the-mayor-pawel-adamowicz-award\/","name":"Lancement du prix Pawel Adamowicz - Voisins de l'UE","isPartOf":{"@id":"https:\/\/www.eumedbridge.eu\/#website"},"primaryImageOfPage":{"@id":"https:\/\/www.eumedbridge.eu\/fr\/news\/launch-of-the-mayor-pawel-adamowicz-award\/#primaryimage"},"image":{"@id":"https:\/\/www.eumedbridge.eu\/fr\/news\/launch-of-the-mayor-pawel-adamowicz-award\/#primaryimage"},"thumbnailUrl":"https:\/\/www.eumedbridge.eu\/wp-content\/uploads\/2022\/10\/4494-spotlight-02.png","datePublished":"2022-10-19T06:46:21+00:00","dateModified":"2022-10-20T18:33:16+00:00","breadcrumb":{"@id":"https:\/\/www.eumedbridge.eu\/fr\/news\/launch-of-the-mayor-pawel-adamowicz-award\/#breadcrumb"},"inLanguage":"fr-FR","potentialAction":[{"@type":"ReadAction","target":["https:\/\/www.eumedbridge.eu\/fr\/news\/launch-of-the-mayor-pawel-adamowicz-award\/"]}]},{"@type":"ImageObject","inLanguage":"fr-FR","@id":"https:\/\/www.eumedbridge.eu\/fr\/news\/launch-of-the-mayor-pawel-adamowicz-award\/#primaryimage","url":"https:\/\/www.eumedbridge.eu\/wp-content\/uploads\/2022\/10\/4494-spotlight-02.png","contentUrl":"https:\/\/www.eumedbridge.eu\/wp-content\/uploads\/2022\/10\/4494-spotlight-02.png","width":1201,"height":901},{"@type":"BreadcrumbList","@id":"https:\/\/www.eumedbridge.eu\/fr\/news\/launch-of-the-mayor-pawel-adamowicz-award\/#breadcrumb","itemListElement":[{"@type":"ListItem","position":1,"name":"Home","item":"https:\/\/www.eumedbridge.eu\/fr\/home-page\/"},{"@type":"ListItem","position":2,"name":"Actualit\u00e9s","item":"https:\/\/www.eumedbridge.eu\/fr\/news\/"},{"@type":"ListItem","position":3,"name":"Lancement du prix Pawel Adamowicz"}]},{"@type":"WebSite","@id":"https:\/\/www.eumedbridge.eu\/#website","url":"https:\/\/www.eumedbridge.eu\/","name":"EU Medbridge","description":"","publisher":{"@id":"https:\/\/www.eumedbridge.eu\/#organization"},"potentialAction":[{"@type":"SearchAction","target":{"@type":"EntryPoint","urlTemplate":"https:\/\/www.eumedbridge.eu\/?s={search_term_string}"},"query-input":{"@type":"PropertyValueSpecification","valueRequired":true,"valueName":"search_term_string"}}],"inLanguage":"fr-FR"},{"@type":"Organization","@id":"https:\/\/www.eumedbridge.eu\/#organization","name":"EU Medbridge","url":"https:\/\/www.eumedbridge.eu\/","logo":{"@type":"ImageObject","inLanguage":"fr-FR","@id":"https:\/\/www.eumedbridge.eu\/#\/schema\/logo\/image\/","url":"https:\/\/www.eumedbridge.eu\/wp-content\/uploads\/2021\/12\/Logo.png","contentUrl":"https:\/\/www.eumedbridge.eu\/wp-content\/uploads\/2021\/12\/Logo.png","width":325,"height":114,"caption":"EU Medbridge"},"image":{"@id":"https:\/\/www.eumedbridge.eu\/#\/schema\/logo\/image\/"},"sameAs":["https:\/\/www.facebook.com\/eumedbridge\/","https:\/\/x.com\/eumedbridge","https:\/\/www.linkedin.com\/company\/eumedbridge","https:\/\/www.youtube.com\/@eumedbridge","https:\/\/www.instagram.com\/eumedbridge","https:\/\/www.flickr.com\/photos\/euneighbours-south\/"]}]}},"_links":{"self":[{"href":"https:\/\/www.eumedbridge.eu\/fr\/wp-json\/wp\/v2\/news\/209255","targetHints":{"allow":["GET"]}}],"collection":[{"href":"https:\/\/www.eumedbridge.eu\/fr\/wp-json\/wp\/v2\/news"}],"about":[{"href":"https:\/\/www.eumedbridge.eu\/fr\/wp-json\/wp\/v2\/types\/news"}],"wp:featuredmedia":[{"embeddable":true,"href":"https:\/\/www.eumedbridge.eu\/fr\/wp-json\/wp\/v2\/media\/209150"}],"wp:attachment":[{"href":"https:\/\/www.eumedbridge.eu\/fr\/wp-json\/wp\/v2\/media?parent=209255"}],"wp:term":[{"taxonomy":"news_category","embeddable":true,"href":"https:\/\/www.eumedbridge.eu\/fr\/wp-json\/wp\/v2\/news_category?post=209255"},{"taxonomy":"country","embeddable":true,"href":"https:\/\/www.eumedbridge.eu\/fr\/wp-json\/wp\/v2\/country?post=209255"},{"taxonomy":"special_action","embeddable":true,"href":"https:\/\/www.eumedbridge.eu\/fr\/wp-json\/wp\/v2\/special_action?post=209255"},{"taxonomy":"custom_tag","embeddable":true,"href":"https:\/\/www.eumedbridge.eu\/fr\/wp-json\/wp\/v2\/custom_tag?post=209255"}],"curies":[{"name":"wp","href":"https:\/\/api.w.org\/{rel}","templated":true}]}}