{"id":210344,"date":"2022-11-21T22:34:00","date_gmt":"2022-11-21T20:34:00","guid":{"rendered":"https:\/\/eumedbridge.eu\/?post_type=news&#038;p=210344"},"modified":"2022-11-21T22:34:00","modified_gmt":"2022-11-21T20:34:00","slug":"a-vos-agendas-la-ceremonie-de-remise-des-prix-wemed-aura-lieu-le-21-novembre","status":"publish","type":"news","link":"https:\/\/www.eumedbridge.eu\/fr\/news\/a-vos-agendas-la-ceremonie-de-remise-des-prix-wemed-aura-lieu-le-21-novembre\/","title":{"rendered":"\u00c0 vos agendas ! La c\u00e9r\u00e9monie de remise des prix WeMed aura lieu le 21 novembre"},"content":{"rendered":"<div class=\"top-cnt-rgt\">\n<p>La c\u00e9r\u00e9monie de remise des\u00a0<a href=\"https:\/\/www.wemedaward.org\/\"><u>Prix WeMed 2022<\/u><\/a>\u00a0aura lieu le 21 novembre 2022. Elle consistera \u00e0 r\u00e9compenser les 4 meilleures start-ups du textile et de l\u2019habillement des pays du Nord et du Sud.<\/p>\n<p>Pour cette deuxi\u00e8me \u00e9dition, organis\u00e9e par\u00a0<a href=\"https:\/\/www.medwaves-centre.org\/\"><u>MedWaves, le Plan d\u2019action pour la M\u00e9diterran\u00e9e du Programme des Nations unies pour l\u2019environnement (PNUE\/PAM)<\/u><\/a>Centre d\u2019activit\u00e9s r\u00e9gionales pour la Consommation et la Production Durables (CPD) et\u00a0<a href=\"https:\/\/www.texfor.es\/es\/\"><u>Texfor \u2013 Conf\u00e9d\u00e9ration espagnole de l\u2019industrie textile<\/u><\/a>, le prix r\u00e9compense les r\u00e9ussites d\u2019entreprises durables dans le secteur du textile et de l\u2019habillement.<\/p>\n<\/div>\n<div class=\"cont-lft\">\n<p>\u00c0 l\u2019occasion de cette c\u00e9r\u00e9monie, nous apprendrons \u00e0 conna\u00eetre les initiatives publiques et priv\u00e9es favorisant la transition vers un secteur du textile et de l\u2019habillement plus circulaire, provenant des deux rives de la M\u00e9diterran\u00e9e. Nous aurons \u00e9galement l\u2019occasion d\u2019entendre des start-ups \u00e0 succ\u00e8s venant d\u2019\u00c9gypte, d\u2019Italie, du Liban, d\u2019Espagne et de Tunisie.<\/p>\n<p>En marge de cet \u00e9v\u00e9nement, certaines des start-ups textiles les plus remarquables de la r\u00e9gion m\u00e9diterran\u00e9enne exposeront leurs produits.<\/p>\n<\/div>\n","protected":false},"featured_media":210173,"parent":0,"template":"","news_category":[],"country":[1956],"special_action":[],"custom_tag":[2312,2315,1884],"class_list":["post-210344","news","type-news","status-publish","has-post-thumbnail","hentry","country-region-sud","custom_tag-developpement-durable","custom_tag-emploi-et-entrpreuneuriat","custom_tag-environnement-et-changement-climatique"],"acf":[],"yoast_head":"<!-- This site is optimized with the Yoast SEO plugin v26.5 - https:\/\/yoast.com\/wordpress\/plugins\/seo\/ -->\n<title>\u00c0 vos agendas ! La c\u00e9r\u00e9monie de remise des prix WeMed aura lieu le 21 novembre - Voisins de l&#039;UE<\/title>\n<meta name=\"robots\" content=\"index, follow, max-snippet:-1, max-image-preview:large, max-video-preview:-1\" \/>\n<link rel=\"canonical\" href=\"https:\/\/www.eumedbridge.eu\/fr\/news\/a-vos-agendas-la-ceremonie-de-remise-des-prix-wemed-aura-lieu-le-21-novembre\/\" \/>\n<meta property=\"og:locale\" content=\"fr_FR\" \/>\n<meta property=\"og:type\" content=\"article\" \/>\n<meta property=\"og:title\" content=\"\u00c0 vos agendas ! La c\u00e9r\u00e9monie de remise des prix WeMed aura lieu le 21 novembre - Voisins de l&#039;UE\" \/>\n<meta property=\"og:description\" content=\"La c\u00e9r\u00e9monie de remise des\u00a0Prix WeMed 2022\u00a0aura lieu le 21 novembre 2022. Elle consistera \u00e0 r\u00e9compenser les 4 meilleures start-ups du textile et de l\u2019habillement des pays du Nord et du Sud. Pour cette deuxi\u00e8me \u00e9dition, organis\u00e9e par\u00a0MedWaves, le Plan d\u2019action pour la M\u00e9diterran\u00e9e du Programme des Nations unies pour l\u2019environnement (PNUE\/PAM)Centre d\u2019activit\u00e9s r\u00e9gionales pour [&hellip;]\" \/>\n<meta property=\"og:url\" content=\"https:\/\/www.eumedbridge.eu\/fr\/news\/a-vos-agendas-la-ceremonie-de-remise-des-prix-wemed-aura-lieu-le-21-novembre\/\" \/>\n<meta property=\"og:site_name\" content=\"Voisins de l&#039;UE\" \/>\n<meta property=\"article:publisher\" content=\"https:\/\/www.facebook.com\/eumedbridge\/\" \/>\n<meta property=\"og:image\" content=\"https:\/\/www.eumedbridge.eu\/wp-content\/uploads\/2022\/11\/Artboard_15_copy_30wemed-e1668589525865.png\" \/>\n\t<meta property=\"og:image:width\" content=\"571\" \/>\n\t<meta property=\"og:image:height\" content=\"321\" \/>\n\t<meta property=\"og:image:type\" content=\"image\/png\" \/>\n<meta name=\"twitter:card\" content=\"summary_large_image\" \/>\n<meta name=\"twitter:site\" content=\"@eumedbridge\" \/>\n<meta name=\"twitter:label1\" content=\"Dur\u00e9e de lecture estim\u00e9e\" \/>\n\t<meta name=\"twitter:data1\" content=\"1 minute\" \/>\n<script type=\"application\/ld+json\" class=\"yoast-schema-graph\">{\"@context\":\"https:\/\/schema.org\",\"@graph\":[{\"@type\":\"WebPage\",\"@id\":\"https:\/\/www.eumedbridge.eu\/fr\/news\/a-vos-agendas-la-ceremonie-de-remise-des-prix-wemed-aura-lieu-le-21-novembre\/\",\"url\":\"https:\/\/www.eumedbridge.eu\/fr\/news\/a-vos-agendas-la-ceremonie-de-remise-des-prix-wemed-aura-lieu-le-21-novembre\/\",\"name\":\"\u00c0 vos agendas ! La c\u00e9r\u00e9monie de remise des prix WeMed aura lieu le 21 novembre - Voisins de l'UE\",\"isPartOf\":{\"@id\":\"https:\/\/www.eumedbridge.eu\/#website\"},\"primaryImageOfPage\":{\"@id\":\"https:\/\/www.eumedbridge.eu\/fr\/news\/a-vos-agendas-la-ceremonie-de-remise-des-prix-wemed-aura-lieu-le-21-novembre\/#primaryimage\"},\"image\":{\"@id\":\"https:\/\/www.eumedbridge.eu\/fr\/news\/a-vos-agendas-la-ceremonie-de-remise-des-prix-wemed-aura-lieu-le-21-novembre\/#primaryimage\"},\"thumbnailUrl\":\"https:\/\/www.eumedbridge.eu\/wp-content\/uploads\/2022\/11\/Artboard_15_copy_30wemed-e1668589525865.png\",\"datePublished\":\"2022-11-21T20:34:00+00:00\",\"breadcrumb\":{\"@id\":\"https:\/\/www.eumedbridge.eu\/fr\/news\/a-vos-agendas-la-ceremonie-de-remise-des-prix-wemed-aura-lieu-le-21-novembre\/#breadcrumb\"},\"inLanguage\":\"fr-FR\",\"potentialAction\":[{\"@type\":\"ReadAction\",\"target\":[\"https:\/\/www.eumedbridge.eu\/fr\/news\/a-vos-agendas-la-ceremonie-de-remise-des-prix-wemed-aura-lieu-le-21-novembre\/\"]}]},{\"@type\":\"ImageObject\",\"inLanguage\":\"fr-FR\",\"@id\":\"https:\/\/www.eumedbridge.eu\/fr\/news\/a-vos-agendas-la-ceremonie-de-remise-des-prix-wemed-aura-lieu-le-21-novembre\/#primaryimage\",\"url\":\"https:\/\/www.eumedbridge.eu\/wp-content\/uploads\/2022\/11\/Artboard_15_copy_30wemed-e1668589525865.png\",\"contentUrl\":\"https:\/\/www.eumedbridge.eu\/wp-content\/uploads\/2022\/11\/Artboard_15_copy_30wemed-e1668589525865.png\",\"width\":571,\"height\":321},{\"@type\":\"BreadcrumbList\",\"@id\":\"https:\/\/www.eumedbridge.eu\/fr\/news\/a-vos-agendas-la-ceremonie-de-remise-des-prix-wemed-aura-lieu-le-21-novembre\/#breadcrumb\",\"itemListElement\":[{\"@type\":\"ListItem\",\"position\":1,\"name\":\"Home\",\"item\":\"https:\/\/www.eumedbridge.eu\/fr\/home-page\/\"},{\"@type\":\"ListItem\",\"position\":2,\"name\":\"Actualit\u00e9s\",\"item\":\"https:\/\/www.eumedbridge.eu\/fr\/news\/\"},{\"@type\":\"ListItem\",\"position\":3,\"name\":\"\u00c0 vos agendas ! La c\u00e9r\u00e9monie de remise des prix WeMed aura lieu le 21 novembre\"}]},{\"@type\":\"WebSite\",\"@id\":\"https:\/\/www.eumedbridge.eu\/#website\",\"url\":\"https:\/\/www.eumedbridge.eu\/\",\"name\":\"EU Medbridge\",\"description\":\"\",\"publisher\":{\"@id\":\"https:\/\/www.eumedbridge.eu\/#organization\"},\"potentialAction\":[{\"@type\":\"SearchAction\",\"target\":{\"@type\":\"EntryPoint\",\"urlTemplate\":\"https:\/\/www.eumedbridge.eu\/?s={search_term_string}\"},\"query-input\":{\"@type\":\"PropertyValueSpecification\",\"valueRequired\":true,\"valueName\":\"search_term_string\"}}],\"inLanguage\":\"fr-FR\"},{\"@type\":\"Organization\",\"@id\":\"https:\/\/www.eumedbridge.eu\/#organization\",\"name\":\"EU Medbridge\",\"url\":\"https:\/\/www.eumedbridge.eu\/\",\"logo\":{\"@type\":\"ImageObject\",\"inLanguage\":\"fr-FR\",\"@id\":\"https:\/\/www.eumedbridge.eu\/#\/schema\/logo\/image\/\",\"url\":\"https:\/\/www.eumedbridge.eu\/wp-content\/uploads\/2021\/12\/Logo.png\",\"contentUrl\":\"https:\/\/www.eumedbridge.eu\/wp-content\/uploads\/2021\/12\/Logo.png\",\"width\":325,\"height\":114,\"caption\":\"EU Medbridge\"},\"image\":{\"@id\":\"https:\/\/www.eumedbridge.eu\/#\/schema\/logo\/image\/\"},\"sameAs\":[\"https:\/\/www.facebook.com\/eumedbridge\/\",\"https:\/\/x.com\/eumedbridge\",\"https:\/\/www.linkedin.com\/company\/eumedbridge\",\"https:\/\/www.youtube.com\/@eumedbridge\",\"https:\/\/www.instagram.com\/eumedbridge\",\"https:\/\/www.flickr.com\/photos\/euneighbours-south\/\"]}]}<\/script>\n<!-- \/ Yoast SEO plugin. -->","yoast_head_json":{"title":"\u00c0 vos agendas ! La c\u00e9r\u00e9monie de remise des prix WeMed aura lieu le 21 novembre - Voisins de l'UE","robots":{"index":"index","follow":"follow","max-snippet":"max-snippet:-1","max-image-preview":"max-image-preview:large","max-video-preview":"max-video-preview:-1"},"canonical":"https:\/\/www.eumedbridge.eu\/fr\/news\/a-vos-agendas-la-ceremonie-de-remise-des-prix-wemed-aura-lieu-le-21-novembre\/","og_locale":"fr_FR","og_type":"article","og_title":"\u00c0 vos agendas ! La c\u00e9r\u00e9monie de remise des prix WeMed aura lieu le 21 novembre - Voisins de l'UE","og_description":"La c\u00e9r\u00e9monie de remise des\u00a0Prix WeMed 2022\u00a0aura lieu le 21 novembre 2022. Elle consistera \u00e0 r\u00e9compenser les 4 meilleures start-ups du textile et de l\u2019habillement des pays du Nord et du Sud. Pour cette deuxi\u00e8me \u00e9dition, organis\u00e9e par\u00a0MedWaves, le Plan d\u2019action pour la M\u00e9diterran\u00e9e du Programme des Nations unies pour l\u2019environnement (PNUE\/PAM)Centre d\u2019activit\u00e9s r\u00e9gionales pour [&hellip;]","og_url":"https:\/\/www.eumedbridge.eu\/fr\/news\/a-vos-agendas-la-ceremonie-de-remise-des-prix-wemed-aura-lieu-le-21-novembre\/","og_site_name":"Voisins de l'UE","article_publisher":"https:\/\/www.facebook.com\/eumedbridge\/","og_image":[{"width":571,"height":321,"url":"https:\/\/www.eumedbridge.eu\/wp-content\/uploads\/2022\/11\/Artboard_15_copy_30wemed-e1668589525865.png","type":"image\/png"}],"twitter_card":"summary_large_image","twitter_site":"@eumedbridge","twitter_misc":{"Dur\u00e9e de lecture estim\u00e9e":"1 minute"},"schema":{"@context":"https:\/\/schema.org","@graph":[{"@type":"WebPage","@id":"https:\/\/www.eumedbridge.eu\/fr\/news\/a-vos-agendas-la-ceremonie-de-remise-des-prix-wemed-aura-lieu-le-21-novembre\/","url":"https:\/\/www.eumedbridge.eu\/fr\/news\/a-vos-agendas-la-ceremonie-de-remise-des-prix-wemed-aura-lieu-le-21-novembre\/","name":"\u00c0 vos agendas ! La c\u00e9r\u00e9monie de remise des prix WeMed aura lieu le 21 novembre - Voisins de l'UE","isPartOf":{"@id":"https:\/\/www.eumedbridge.eu\/#website"},"primaryImageOfPage":{"@id":"https:\/\/www.eumedbridge.eu\/fr\/news\/a-vos-agendas-la-ceremonie-de-remise-des-prix-wemed-aura-lieu-le-21-novembre\/#primaryimage"},"image":{"@id":"https:\/\/www.eumedbridge.eu\/fr\/news\/a-vos-agendas-la-ceremonie-de-remise-des-prix-wemed-aura-lieu-le-21-novembre\/#primaryimage"},"thumbnailUrl":"https:\/\/www.eumedbridge.eu\/wp-content\/uploads\/2022\/11\/Artboard_15_copy_30wemed-e1668589525865.png","datePublished":"2022-11-21T20:34:00+00:00","breadcrumb":{"@id":"https:\/\/www.eumedbridge.eu\/fr\/news\/a-vos-agendas-la-ceremonie-de-remise-des-prix-wemed-aura-lieu-le-21-novembre\/#breadcrumb"},"inLanguage":"fr-FR","potentialAction":[{"@type":"ReadAction","target":["https:\/\/www.eumedbridge.eu\/fr\/news\/a-vos-agendas-la-ceremonie-de-remise-des-prix-wemed-aura-lieu-le-21-novembre\/"]}]},{"@type":"ImageObject","inLanguage":"fr-FR","@id":"https:\/\/www.eumedbridge.eu\/fr\/news\/a-vos-agendas-la-ceremonie-de-remise-des-prix-wemed-aura-lieu-le-21-novembre\/#primaryimage","url":"https:\/\/www.eumedbridge.eu\/wp-content\/uploads\/2022\/11\/Artboard_15_copy_30wemed-e1668589525865.png","contentUrl":"https:\/\/www.eumedbridge.eu\/wp-content\/uploads\/2022\/11\/Artboard_15_copy_30wemed-e1668589525865.png","width":571,"height":321},{"@type":"BreadcrumbList","@id":"https:\/\/www.eumedbridge.eu\/fr\/news\/a-vos-agendas-la-ceremonie-de-remise-des-prix-wemed-aura-lieu-le-21-novembre\/#breadcrumb","itemListElement":[{"@type":"ListItem","position":1,"name":"Home","item":"https:\/\/www.eumedbridge.eu\/fr\/home-page\/"},{"@type":"ListItem","position":2,"name":"Actualit\u00e9s","item":"https:\/\/www.eumedbridge.eu\/fr\/news\/"},{"@type":"ListItem","position":3,"name":"\u00c0 vos agendas ! La c\u00e9r\u00e9monie de remise des prix WeMed aura lieu le 21 novembre"}]},{"@type":"WebSite","@id":"https:\/\/www.eumedbridge.eu\/#website","url":"https:\/\/www.eumedbridge.eu\/","name":"EU Medbridge","description":"","publisher":{"@id":"https:\/\/www.eumedbridge.eu\/#organization"},"potentialAction":[{"@type":"SearchAction","target":{"@type":"EntryPoint","urlTemplate":"https:\/\/www.eumedbridge.eu\/?s={search_term_string}"},"query-input":{"@type":"PropertyValueSpecification","valueRequired":true,"valueName":"search_term_string"}}],"inLanguage":"fr-FR"},{"@type":"Organization","@id":"https:\/\/www.eumedbridge.eu\/#organization","name":"EU Medbridge","url":"https:\/\/www.eumedbridge.eu\/","logo":{"@type":"ImageObject","inLanguage":"fr-FR","@id":"https:\/\/www.eumedbridge.eu\/#\/schema\/logo\/image\/","url":"https:\/\/www.eumedbridge.eu\/wp-content\/uploads\/2021\/12\/Logo.png","contentUrl":"https:\/\/www.eumedbridge.eu\/wp-content\/uploads\/2021\/12\/Logo.png","width":325,"height":114,"caption":"EU Medbridge"},"image":{"@id":"https:\/\/www.eumedbridge.eu\/#\/schema\/logo\/image\/"},"sameAs":["https:\/\/www.facebook.com\/eumedbridge\/","https:\/\/x.com\/eumedbridge","https:\/\/www.linkedin.com\/company\/eumedbridge","https:\/\/www.youtube.com\/@eumedbridge","https:\/\/www.instagram.com\/eumedbridge","https:\/\/www.flickr.com\/photos\/euneighbours-south\/"]}]}},"_links":{"self":[{"href":"https:\/\/www.eumedbridge.eu\/fr\/wp-json\/wp\/v2\/news\/210344","targetHints":{"allow":["GET"]}}],"collection":[{"href":"https:\/\/www.eumedbridge.eu\/fr\/wp-json\/wp\/v2\/news"}],"about":[{"href":"https:\/\/www.eumedbridge.eu\/fr\/wp-json\/wp\/v2\/types\/news"}],"wp:featuredmedia":[{"embeddable":true,"href":"https:\/\/www.eumedbridge.eu\/fr\/wp-json\/wp\/v2\/media\/210173"}],"wp:attachment":[{"href":"https:\/\/www.eumedbridge.eu\/fr\/wp-json\/wp\/v2\/media?parent=210344"}],"wp:term":[{"taxonomy":"news_category","embeddable":true,"href":"https:\/\/www.eumedbridge.eu\/fr\/wp-json\/wp\/v2\/news_category?post=210344"},{"taxonomy":"country","embeddable":true,"href":"https:\/\/www.eumedbridge.eu\/fr\/wp-json\/wp\/v2\/country?post=210344"},{"taxonomy":"special_action","embeddable":true,"href":"https:\/\/www.eumedbridge.eu\/fr\/wp-json\/wp\/v2\/special_action?post=210344"},{"taxonomy":"custom_tag","embeddable":true,"href":"https:\/\/www.eumedbridge.eu\/fr\/wp-json\/wp\/v2\/custom_tag?post=210344"}],"curies":[{"name":"wp","href":"https:\/\/api.w.org\/{rel}","templated":true}]}}