{"id":210384,"date":"2022-11-22T22:31:42","date_gmt":"2022-11-22T20:31:42","guid":{"rendered":"https:\/\/eumedbridge.eu\/?post_type=news&#038;p=210384"},"modified":"2022-11-22T22:31:42","modified_gmt":"2022-11-22T20:31:42","slug":"un-nouveau-directeur-general-pour-la-dg-near-a-partir-du-16-janvier-2023","status":"publish","type":"news","link":"https:\/\/www.eumedbridge.eu\/fr\/news\/un-nouveau-directeur-general-pour-la-dg-near-a-partir-du-16-janvier-2023\/","title":{"rendered":"Un nouveau directeur g\u00e9n\u00e9ral pour la DG NEAR \u00e0 partir du 16 janvier 2023"},"content":{"rendered":"<p>Le 16\u00a0novembre\u00a02023, la <strong>Commission europ\u00e9enne<\/strong>\u00a0a d\u00e9cid\u00e9 de nommer Gert Jan Koopman, de nationalit\u00e9 n\u00e9erlandaise, comme nouveau directeur g\u00e9n\u00e9ral de la <a href=\"https:\/\/neighbourhood-enlargement.ec.europa.eu\/index_en\"><strong>DG\u00a0NEAR<\/strong><\/a> \u00e0 compter du 16\u00a0janvier\u00a02023.<\/p>\n<p>Gert Jan Koopman est actuellement le directeur g\u00e9n\u00e9ral du service de la Commission europ\u00e9enne responsable de la gestion du budget (DG\u00a0BUDG), poste qu\u2019il occupe depuis\u00a02018. Auparavant, il \u00e9tait le directeur g\u00e9n\u00e9ral adjoint charg\u00e9 du contr\u00f4le des aides d\u2019\u00c9tat \u00e0 la direction g\u00e9n\u00e9rale de la Concurrence (DG\u00a0COMP).<\/p>\n<p>Il a \u00e9galement occup\u00e9 des postes d\u2019encadrement sup\u00e9rieur \u00e0 la direction g\u00e9n\u00e9rale des Affaires \u00e9conomiques et financi\u00e8res (DG\u00a0ECFIN) ainsi qu\u2019\u00e0 celle du March\u00e9 int\u00e9rieur, de l\u2019Industrie, de l\u2019Entrepreneuriat et des PME (DG\u00a0GROW). Au d\u00e9but de sa carri\u00e8re, il a \u00e9t\u00e9 membre du comit\u00e9 d\u2019analyse d\u2019impact de la Commission charg\u00e9 d\u2019\u00e9valuer si les projets de l\u00e9gislation europ\u00e9enne pouvaient produire les r\u00e9sultats escompt\u00e9s.<\/p>\n","protected":false},"featured_media":210275,"parent":0,"template":"","news_category":[],"country":[1956],"special_action":[],"custom_tag":[2312,2315,1884],"class_list":["post-210384","news","type-news","status-publish","has-post-thumbnail","hentry","country-region-sud","custom_tag-developpement-durable","custom_tag-emploi-et-entrpreuneuriat","custom_tag-environnement-et-changement-climatique"],"acf":[],"yoast_head":"<!-- This site is optimized with the Yoast SEO plugin v26.5 - https:\/\/yoast.com\/wordpress\/plugins\/seo\/ -->\n<title>Un nouveau directeur g\u00e9n\u00e9ral pour la DG NEAR \u00e0 partir du 16 janvier 2023 - Voisins de l&#039;UE<\/title>\n<meta name=\"robots\" content=\"index, follow, max-snippet:-1, max-image-preview:large, max-video-preview:-1\" \/>\n<link rel=\"canonical\" href=\"https:\/\/www.eumedbridge.eu\/fr\/news\/un-nouveau-directeur-general-pour-la-dg-near-a-partir-du-16-janvier-2023\/\" \/>\n<meta property=\"og:locale\" content=\"fr_FR\" \/>\n<meta property=\"og:type\" content=\"article\" \/>\n<meta property=\"og:title\" content=\"Un nouveau directeur g\u00e9n\u00e9ral pour la DG NEAR \u00e0 partir du 16 janvier 2023 - Voisins de l&#039;UE\" \/>\n<meta property=\"og:description\" content=\"Le 16\u00a0novembre\u00a02023, la Commission europ\u00e9enne\u00a0a d\u00e9cid\u00e9 de nommer Gert Jan Koopman, de nationalit\u00e9 n\u00e9erlandaise, comme nouveau directeur g\u00e9n\u00e9ral de la DG\u00a0NEAR \u00e0 compter du 16\u00a0janvier\u00a02023. Gert Jan Koopman est actuellement le directeur g\u00e9n\u00e9ral du service de la Commission europ\u00e9enne responsable de la gestion du budget (DG\u00a0BUDG), poste qu\u2019il occupe depuis\u00a02018. Auparavant, il \u00e9tait le directeur [&hellip;]\" \/>\n<meta property=\"og:url\" content=\"https:\/\/www.eumedbridge.eu\/fr\/news\/un-nouveau-directeur-general-pour-la-dg-near-a-partir-du-16-janvier-2023\/\" \/>\n<meta property=\"og:site_name\" content=\"Voisins de l&#039;UE\" \/>\n<meta property=\"article:publisher\" content=\"https:\/\/www.facebook.com\/eumedbridge\/\" \/>\n<meta property=\"og:image\" content=\"https:\/\/www.eumedbridge.eu\/wp-content\/uploads\/2022\/11\/2022117-new-DG.png\" \/>\n\t<meta property=\"og:image:width\" content=\"640\" \/>\n\t<meta property=\"og:image:height\" content=\"640\" \/>\n\t<meta property=\"og:image:type\" content=\"image\/png\" \/>\n<meta name=\"twitter:card\" content=\"summary_large_image\" \/>\n<meta name=\"twitter:site\" content=\"@eumedbridge\" \/>\n<meta name=\"twitter:label1\" content=\"Dur\u00e9e de lecture estim\u00e9e\" \/>\n\t<meta name=\"twitter:data1\" content=\"1 minute\" \/>\n<script type=\"application\/ld+json\" class=\"yoast-schema-graph\">{\"@context\":\"https:\/\/schema.org\",\"@graph\":[{\"@type\":\"WebPage\",\"@id\":\"https:\/\/www.eumedbridge.eu\/fr\/news\/un-nouveau-directeur-general-pour-la-dg-near-a-partir-du-16-janvier-2023\/\",\"url\":\"https:\/\/www.eumedbridge.eu\/fr\/news\/un-nouveau-directeur-general-pour-la-dg-near-a-partir-du-16-janvier-2023\/\",\"name\":\"Un nouveau directeur g\u00e9n\u00e9ral pour la DG NEAR \u00e0 partir du 16 janvier 2023 - Voisins de l'UE\",\"isPartOf\":{\"@id\":\"https:\/\/www.eumedbridge.eu\/#website\"},\"primaryImageOfPage\":{\"@id\":\"https:\/\/www.eumedbridge.eu\/fr\/news\/un-nouveau-directeur-general-pour-la-dg-near-a-partir-du-16-janvier-2023\/#primaryimage\"},\"image\":{\"@id\":\"https:\/\/www.eumedbridge.eu\/fr\/news\/un-nouveau-directeur-general-pour-la-dg-near-a-partir-du-16-janvier-2023\/#primaryimage\"},\"thumbnailUrl\":\"https:\/\/www.eumedbridge.eu\/wp-content\/uploads\/2022\/11\/2022117-new-DG.png\",\"datePublished\":\"2022-11-22T20:31:42+00:00\",\"breadcrumb\":{\"@id\":\"https:\/\/www.eumedbridge.eu\/fr\/news\/un-nouveau-directeur-general-pour-la-dg-near-a-partir-du-16-janvier-2023\/#breadcrumb\"},\"inLanguage\":\"fr-FR\",\"potentialAction\":[{\"@type\":\"ReadAction\",\"target\":[\"https:\/\/www.eumedbridge.eu\/fr\/news\/un-nouveau-directeur-general-pour-la-dg-near-a-partir-du-16-janvier-2023\/\"]}]},{\"@type\":\"ImageObject\",\"inLanguage\":\"fr-FR\",\"@id\":\"https:\/\/www.eumedbridge.eu\/fr\/news\/un-nouveau-directeur-general-pour-la-dg-near-a-partir-du-16-janvier-2023\/#primaryimage\",\"url\":\"https:\/\/www.eumedbridge.eu\/wp-content\/uploads\/2022\/11\/2022117-new-DG.png\",\"contentUrl\":\"https:\/\/www.eumedbridge.eu\/wp-content\/uploads\/2022\/11\/2022117-new-DG.png\",\"width\":640,\"height\":640},{\"@type\":\"BreadcrumbList\",\"@id\":\"https:\/\/www.eumedbridge.eu\/fr\/news\/un-nouveau-directeur-general-pour-la-dg-near-a-partir-du-16-janvier-2023\/#breadcrumb\",\"itemListElement\":[{\"@type\":\"ListItem\",\"position\":1,\"name\":\"Home\",\"item\":\"https:\/\/www.eumedbridge.eu\/fr\/home-page\/\"},{\"@type\":\"ListItem\",\"position\":2,\"name\":\"Actualit\u00e9s\",\"item\":\"https:\/\/www.eumedbridge.eu\/fr\/news\/\"},{\"@type\":\"ListItem\",\"position\":3,\"name\":\"Un nouveau directeur g\u00e9n\u00e9ral pour la DG NEAR \u00e0 partir du 16 janvier 2023\"}]},{\"@type\":\"WebSite\",\"@id\":\"https:\/\/www.eumedbridge.eu\/#website\",\"url\":\"https:\/\/www.eumedbridge.eu\/\",\"name\":\"EU Medbridge\",\"description\":\"\",\"publisher\":{\"@id\":\"https:\/\/www.eumedbridge.eu\/#organization\"},\"potentialAction\":[{\"@type\":\"SearchAction\",\"target\":{\"@type\":\"EntryPoint\",\"urlTemplate\":\"https:\/\/www.eumedbridge.eu\/?s={search_term_string}\"},\"query-input\":{\"@type\":\"PropertyValueSpecification\",\"valueRequired\":true,\"valueName\":\"search_term_string\"}}],\"inLanguage\":\"fr-FR\"},{\"@type\":\"Organization\",\"@id\":\"https:\/\/www.eumedbridge.eu\/#organization\",\"name\":\"EU Medbridge\",\"url\":\"https:\/\/www.eumedbridge.eu\/\",\"logo\":{\"@type\":\"ImageObject\",\"inLanguage\":\"fr-FR\",\"@id\":\"https:\/\/www.eumedbridge.eu\/#\/schema\/logo\/image\/\",\"url\":\"https:\/\/www.eumedbridge.eu\/wp-content\/uploads\/2021\/12\/Logo.png\",\"contentUrl\":\"https:\/\/www.eumedbridge.eu\/wp-content\/uploads\/2021\/12\/Logo.png\",\"width\":325,\"height\":114,\"caption\":\"EU Medbridge\"},\"image\":{\"@id\":\"https:\/\/www.eumedbridge.eu\/#\/schema\/logo\/image\/\"},\"sameAs\":[\"https:\/\/www.facebook.com\/eumedbridge\/\",\"https:\/\/x.com\/eumedbridge\",\"https:\/\/www.linkedin.com\/company\/eumedbridge\",\"https:\/\/www.youtube.com\/@eumedbridge\",\"https:\/\/www.instagram.com\/eumedbridge\",\"https:\/\/www.flickr.com\/photos\/euneighbours-south\/\"]}]}<\/script>\n<!-- \/ Yoast SEO plugin. -->","yoast_head_json":{"title":"Un nouveau directeur g\u00e9n\u00e9ral pour la DG NEAR \u00e0 partir du 16 janvier 2023 - Voisins de l'UE","robots":{"index":"index","follow":"follow","max-snippet":"max-snippet:-1","max-image-preview":"max-image-preview:large","max-video-preview":"max-video-preview:-1"},"canonical":"https:\/\/www.eumedbridge.eu\/fr\/news\/un-nouveau-directeur-general-pour-la-dg-near-a-partir-du-16-janvier-2023\/","og_locale":"fr_FR","og_type":"article","og_title":"Un nouveau directeur g\u00e9n\u00e9ral pour la DG NEAR \u00e0 partir du 16 janvier 2023 - Voisins de l'UE","og_description":"Le 16\u00a0novembre\u00a02023, la Commission europ\u00e9enne\u00a0a d\u00e9cid\u00e9 de nommer Gert Jan Koopman, de nationalit\u00e9 n\u00e9erlandaise, comme nouveau directeur g\u00e9n\u00e9ral de la DG\u00a0NEAR \u00e0 compter du 16\u00a0janvier\u00a02023. Gert Jan Koopman est actuellement le directeur g\u00e9n\u00e9ral du service de la Commission europ\u00e9enne responsable de la gestion du budget (DG\u00a0BUDG), poste qu\u2019il occupe depuis\u00a02018. Auparavant, il \u00e9tait le directeur [&hellip;]","og_url":"https:\/\/www.eumedbridge.eu\/fr\/news\/un-nouveau-directeur-general-pour-la-dg-near-a-partir-du-16-janvier-2023\/","og_site_name":"Voisins de l'UE","article_publisher":"https:\/\/www.facebook.com\/eumedbridge\/","og_image":[{"width":640,"height":640,"url":"https:\/\/www.eumedbridge.eu\/wp-content\/uploads\/2022\/11\/2022117-new-DG.png","type":"image\/png"}],"twitter_card":"summary_large_image","twitter_site":"@eumedbridge","twitter_misc":{"Dur\u00e9e de lecture estim\u00e9e":"1 minute"},"schema":{"@context":"https:\/\/schema.org","@graph":[{"@type":"WebPage","@id":"https:\/\/www.eumedbridge.eu\/fr\/news\/un-nouveau-directeur-general-pour-la-dg-near-a-partir-du-16-janvier-2023\/","url":"https:\/\/www.eumedbridge.eu\/fr\/news\/un-nouveau-directeur-general-pour-la-dg-near-a-partir-du-16-janvier-2023\/","name":"Un nouveau directeur g\u00e9n\u00e9ral pour la DG NEAR \u00e0 partir du 16 janvier 2023 - Voisins de l'UE","isPartOf":{"@id":"https:\/\/www.eumedbridge.eu\/#website"},"primaryImageOfPage":{"@id":"https:\/\/www.eumedbridge.eu\/fr\/news\/un-nouveau-directeur-general-pour-la-dg-near-a-partir-du-16-janvier-2023\/#primaryimage"},"image":{"@id":"https:\/\/www.eumedbridge.eu\/fr\/news\/un-nouveau-directeur-general-pour-la-dg-near-a-partir-du-16-janvier-2023\/#primaryimage"},"thumbnailUrl":"https:\/\/www.eumedbridge.eu\/wp-content\/uploads\/2022\/11\/2022117-new-DG.png","datePublished":"2022-11-22T20:31:42+00:00","breadcrumb":{"@id":"https:\/\/www.eumedbridge.eu\/fr\/news\/un-nouveau-directeur-general-pour-la-dg-near-a-partir-du-16-janvier-2023\/#breadcrumb"},"inLanguage":"fr-FR","potentialAction":[{"@type":"ReadAction","target":["https:\/\/www.eumedbridge.eu\/fr\/news\/un-nouveau-directeur-general-pour-la-dg-near-a-partir-du-16-janvier-2023\/"]}]},{"@type":"ImageObject","inLanguage":"fr-FR","@id":"https:\/\/www.eumedbridge.eu\/fr\/news\/un-nouveau-directeur-general-pour-la-dg-near-a-partir-du-16-janvier-2023\/#primaryimage","url":"https:\/\/www.eumedbridge.eu\/wp-content\/uploads\/2022\/11\/2022117-new-DG.png","contentUrl":"https:\/\/www.eumedbridge.eu\/wp-content\/uploads\/2022\/11\/2022117-new-DG.png","width":640,"height":640},{"@type":"BreadcrumbList","@id":"https:\/\/www.eumedbridge.eu\/fr\/news\/un-nouveau-directeur-general-pour-la-dg-near-a-partir-du-16-janvier-2023\/#breadcrumb","itemListElement":[{"@type":"ListItem","position":1,"name":"Home","item":"https:\/\/www.eumedbridge.eu\/fr\/home-page\/"},{"@type":"ListItem","position":2,"name":"Actualit\u00e9s","item":"https:\/\/www.eumedbridge.eu\/fr\/news\/"},{"@type":"ListItem","position":3,"name":"Un nouveau directeur g\u00e9n\u00e9ral pour la DG NEAR \u00e0 partir du 16 janvier 2023"}]},{"@type":"WebSite","@id":"https:\/\/www.eumedbridge.eu\/#website","url":"https:\/\/www.eumedbridge.eu\/","name":"EU Medbridge","description":"","publisher":{"@id":"https:\/\/www.eumedbridge.eu\/#organization"},"potentialAction":[{"@type":"SearchAction","target":{"@type":"EntryPoint","urlTemplate":"https:\/\/www.eumedbridge.eu\/?s={search_term_string}"},"query-input":{"@type":"PropertyValueSpecification","valueRequired":true,"valueName":"search_term_string"}}],"inLanguage":"fr-FR"},{"@type":"Organization","@id":"https:\/\/www.eumedbridge.eu\/#organization","name":"EU Medbridge","url":"https:\/\/www.eumedbridge.eu\/","logo":{"@type":"ImageObject","inLanguage":"fr-FR","@id":"https:\/\/www.eumedbridge.eu\/#\/schema\/logo\/image\/","url":"https:\/\/www.eumedbridge.eu\/wp-content\/uploads\/2021\/12\/Logo.png","contentUrl":"https:\/\/www.eumedbridge.eu\/wp-content\/uploads\/2021\/12\/Logo.png","width":325,"height":114,"caption":"EU Medbridge"},"image":{"@id":"https:\/\/www.eumedbridge.eu\/#\/schema\/logo\/image\/"},"sameAs":["https:\/\/www.facebook.com\/eumedbridge\/","https:\/\/x.com\/eumedbridge","https:\/\/www.linkedin.com\/company\/eumedbridge","https:\/\/www.youtube.com\/@eumedbridge","https:\/\/www.instagram.com\/eumedbridge","https:\/\/www.flickr.com\/photos\/euneighbours-south\/"]}]}},"_links":{"self":[{"href":"https:\/\/www.eumedbridge.eu\/fr\/wp-json\/wp\/v2\/news\/210384","targetHints":{"allow":["GET"]}}],"collection":[{"href":"https:\/\/www.eumedbridge.eu\/fr\/wp-json\/wp\/v2\/news"}],"about":[{"href":"https:\/\/www.eumedbridge.eu\/fr\/wp-json\/wp\/v2\/types\/news"}],"wp:featuredmedia":[{"embeddable":true,"href":"https:\/\/www.eumedbridge.eu\/fr\/wp-json\/wp\/v2\/media\/210275"}],"wp:attachment":[{"href":"https:\/\/www.eumedbridge.eu\/fr\/wp-json\/wp\/v2\/media?parent=210384"}],"wp:term":[{"taxonomy":"news_category","embeddable":true,"href":"https:\/\/www.eumedbridge.eu\/fr\/wp-json\/wp\/v2\/news_category?post=210384"},{"taxonomy":"country","embeddable":true,"href":"https:\/\/www.eumedbridge.eu\/fr\/wp-json\/wp\/v2\/country?post=210384"},{"taxonomy":"special_action","embeddable":true,"href":"https:\/\/www.eumedbridge.eu\/fr\/wp-json\/wp\/v2\/special_action?post=210384"},{"taxonomy":"custom_tag","embeddable":true,"href":"https:\/\/www.eumedbridge.eu\/fr\/wp-json\/wp\/v2\/custom_tag?post=210384"}],"curies":[{"name":"wp","href":"https:\/\/api.w.org\/{rel}","templated":true}]}}