{"id":210727,"date":"2022-11-30T22:40:13","date_gmt":"2022-11-30T20:40:13","guid":{"rendered":"https:\/\/eumedbridge.eu\/?post_type=news&#038;p=210727"},"modified":"2022-11-30T22:40:13","modified_gmt":"2022-11-30T20:40:13","slug":"face-aux-crises-regionales-les-etats-membres-de-lupm-se-reunissent-pour-faire-progresser-leur-cooperation","status":"publish","type":"news","link":"https:\/\/www.eumedbridge.eu\/fr\/news\/face-aux-crises-regionales-les-etats-membres-de-lupm-se-reunissent-pour-faire-progresser-leur-cooperation\/","title":{"rendered":"Face aux crises r\u00e9gionales, les \u00c9tats membres de l\u2019UpM se r\u00e9unissent pour faire progresser leur coop\u00e9ration"},"content":{"rendered":"<p>Dans le cadre des c\u00e9l\u00e9brations de la <strong>Journ\u00e9e de la M\u00e9diterran\u00e9e<\/strong>, approuv\u00e9e \u00e0 l\u2019unanimit\u00e9 par les \u00c9tats membres de l\u2019UpM en\u00a02020, le 7<sup>e<\/sup>\u00a0Forum r\u00e9gional de l\u2019Union pour la M\u00e9diterran\u00e9e (UpM) s\u2019est tenu \u00e0 Barcelone. Au cours de la r\u00e9union, les ministres des Affaires \u00e9trang\u00e8res des \u00c9tats membres de l\u2019UpM ont reconnu la n\u00e9cessit\u00e9 d\u2019intensifier la coop\u00e9ration et l\u2019int\u00e9gration r\u00e9gionales pour faire face aux taux de ch\u00f4mage \u00e9lev\u00e9s, \u00e0 l\u2019urgence climatique et \u00e0 la croissance d\u00e9s\u00e9quilibr\u00e9e dans une r\u00e9gion d\u00e9sint\u00e9gr\u00e9e, que la guerre en Ukraine a aggrav\u00e9. Les ministres ont \u00e9galement approuv\u00e9 une d\u00e9claration minist\u00e9rielle sur l\u2019adh\u00e9sion de la Mac\u00e9doine du Nord \u00e0 l\u2019Union pour la M\u00e9diterran\u00e9e et ont souhait\u00e9 la bienvenue \u00e0 ce nouvel \u00c9tat au sein de l\u2019organisation.<\/p>\n<p>En marge du forum, le secr\u00e9tariat de l\u2019UpM et la Fondation Anna Lindh ont organis\u00e9 une rencontre avec la jeunesse euro-m\u00e9diterran\u00e9enne. Des jeunes repr\u00e9sentant des organisations de la soci\u00e9t\u00e9 civile de la r\u00e9gion m\u00e9diterran\u00e9enne ont pr\u00e9sent\u00e9 aux ministres des Affaires \u00e9trang\u00e8res leurs attentes et leurs propositions de solutions concr\u00e8tes pour renforcer la durabilit\u00e9, la prosp\u00e9rit\u00e9 et l\u2019int\u00e9gration dans la r\u00e9gion. Plus de 200\u00a0jeunes repr\u00e9sentants de la soci\u00e9t\u00e9 civile de 20\u00a0pays ont travaill\u00e9 sur ces propositions tout au long de\u00a02021 et\u00a02022.<\/p>\n<p>Cette r\u00e9union a \u00e9galement \u00e9t\u00e9 l\u2019occasion de pr\u00e9senter un aper\u00e7u des progr\u00e8s r\u00e9alis\u00e9s depuis l\u2019adoption des cinq domaines d\u2019action prioritaires convenus \u00e0 l\u2019occasion du 25<sup>e<\/sup>\u00a0anniversaire du processus de Barcelone en\u00a02020, \u00e0 savoir l\u2019action en faveur de l\u2019environnement et du climat, le d\u00e9veloppement \u00e9conomique et humain durable et inclusif, l\u2019inclusion sociale et l\u2019\u00e9galit\u00e9, la transformation num\u00e9rique et la protection civile.<\/p>\n<p>&nbsp;<\/p>\n","protected":false},"featured_media":210664,"parent":0,"template":"","news_category":[],"country":[1956],"special_action":[],"custom_tag":[2312,2315],"class_list":["post-210727","news","type-news","status-publish","has-post-thumbnail","hentry","country-region-sud","custom_tag-developpement-durable","custom_tag-emploi-et-entrpreuneuriat"],"acf":[],"yoast_head":"<!-- This site is optimized with the Yoast SEO plugin v26.5 - https:\/\/yoast.com\/wordpress\/plugins\/seo\/ -->\n<title>Face aux crises r\u00e9gionales, les \u00c9tats membres de l\u2019UpM se r\u00e9unissent pour faire progresser leur coop\u00e9ration - Voisins de l&#039;UE<\/title>\n<meta name=\"robots\" content=\"index, follow, max-snippet:-1, max-image-preview:large, max-video-preview:-1\" \/>\n<link rel=\"canonical\" href=\"https:\/\/www.eumedbridge.eu\/fr\/news\/face-aux-crises-regionales-les-etats-membres-de-lupm-se-reunissent-pour-faire-progresser-leur-cooperation\/\" \/>\n<meta property=\"og:locale\" content=\"fr_FR\" \/>\n<meta property=\"og:type\" content=\"article\" \/>\n<meta property=\"og:title\" content=\"Face aux crises r\u00e9gionales, les \u00c9tats membres de l\u2019UpM se r\u00e9unissent pour faire progresser leur coop\u00e9ration - Voisins de l&#039;UE\" \/>\n<meta property=\"og:description\" content=\"Dans le cadre des c\u00e9l\u00e9brations de la Journ\u00e9e de la M\u00e9diterran\u00e9e, approuv\u00e9e \u00e0 l\u2019unanimit\u00e9 par les \u00c9tats membres de l\u2019UpM en\u00a02020, le 7e\u00a0Forum r\u00e9gional de l\u2019Union pour la M\u00e9diterran\u00e9e (UpM) s\u2019est tenu \u00e0 Barcelone. Au cours de la r\u00e9union, les ministres des Affaires \u00e9trang\u00e8res des \u00c9tats membres de l\u2019UpM ont reconnu la n\u00e9cessit\u00e9 d\u2019intensifier la [&hellip;]\" \/>\n<meta property=\"og:url\" content=\"https:\/\/www.eumedbridge.eu\/fr\/news\/face-aux-crises-regionales-les-etats-membres-de-lupm-se-reunissent-pour-faire-progresser-leur-cooperation\/\" \/>\n<meta property=\"og:site_name\" content=\"Voisins de l&#039;UE\" \/>\n<meta property=\"article:publisher\" content=\"https:\/\/www.facebook.com\/eumedbridge\/\" \/>\n<meta property=\"og:image\" content=\"https:\/\/www.eumedbridge.eu\/wp-content\/uploads\/2022\/11\/OMC7571-2-1170x440-1.jpg\" \/>\n\t<meta property=\"og:image:width\" content=\"1170\" \/>\n\t<meta property=\"og:image:height\" content=\"440\" \/>\n\t<meta property=\"og:image:type\" content=\"image\/jpeg\" \/>\n<meta name=\"twitter:card\" content=\"summary_large_image\" \/>\n<meta name=\"twitter:site\" content=\"@eumedbridge\" \/>\n<meta name=\"twitter:label1\" content=\"Dur\u00e9e de lecture estim\u00e9e\" \/>\n\t<meta name=\"twitter:data1\" content=\"2 minutes\" \/>\n<script type=\"application\/ld+json\" class=\"yoast-schema-graph\">{\"@context\":\"https:\/\/schema.org\",\"@graph\":[{\"@type\":\"WebPage\",\"@id\":\"https:\/\/www.eumedbridge.eu\/fr\/news\/face-aux-crises-regionales-les-etats-membres-de-lupm-se-reunissent-pour-faire-progresser-leur-cooperation\/\",\"url\":\"https:\/\/www.eumedbridge.eu\/fr\/news\/face-aux-crises-regionales-les-etats-membres-de-lupm-se-reunissent-pour-faire-progresser-leur-cooperation\/\",\"name\":\"Face aux crises r\u00e9gionales, les \u00c9tats membres de l\u2019UpM se r\u00e9unissent pour faire progresser leur coop\u00e9ration - Voisins de l'UE\",\"isPartOf\":{\"@id\":\"https:\/\/www.eumedbridge.eu\/#website\"},\"primaryImageOfPage\":{\"@id\":\"https:\/\/www.eumedbridge.eu\/fr\/news\/face-aux-crises-regionales-les-etats-membres-de-lupm-se-reunissent-pour-faire-progresser-leur-cooperation\/#primaryimage\"},\"image\":{\"@id\":\"https:\/\/www.eumedbridge.eu\/fr\/news\/face-aux-crises-regionales-les-etats-membres-de-lupm-se-reunissent-pour-faire-progresser-leur-cooperation\/#primaryimage\"},\"thumbnailUrl\":\"https:\/\/www.eumedbridge.eu\/wp-content\/uploads\/2022\/11\/OMC7571-2-1170x440-1.jpg\",\"datePublished\":\"2022-11-30T20:40:13+00:00\",\"breadcrumb\":{\"@id\":\"https:\/\/www.eumedbridge.eu\/fr\/news\/face-aux-crises-regionales-les-etats-membres-de-lupm-se-reunissent-pour-faire-progresser-leur-cooperation\/#breadcrumb\"},\"inLanguage\":\"fr-FR\",\"potentialAction\":[{\"@type\":\"ReadAction\",\"target\":[\"https:\/\/www.eumedbridge.eu\/fr\/news\/face-aux-crises-regionales-les-etats-membres-de-lupm-se-reunissent-pour-faire-progresser-leur-cooperation\/\"]}]},{\"@type\":\"ImageObject\",\"inLanguage\":\"fr-FR\",\"@id\":\"https:\/\/www.eumedbridge.eu\/fr\/news\/face-aux-crises-regionales-les-etats-membres-de-lupm-se-reunissent-pour-faire-progresser-leur-cooperation\/#primaryimage\",\"url\":\"https:\/\/www.eumedbridge.eu\/wp-content\/uploads\/2022\/11\/OMC7571-2-1170x440-1.jpg\",\"contentUrl\":\"https:\/\/www.eumedbridge.eu\/wp-content\/uploads\/2022\/11\/OMC7571-2-1170x440-1.jpg\",\"width\":1170,\"height\":440},{\"@type\":\"BreadcrumbList\",\"@id\":\"https:\/\/www.eumedbridge.eu\/fr\/news\/face-aux-crises-regionales-les-etats-membres-de-lupm-se-reunissent-pour-faire-progresser-leur-cooperation\/#breadcrumb\",\"itemListElement\":[{\"@type\":\"ListItem\",\"position\":1,\"name\":\"Home\",\"item\":\"https:\/\/www.eumedbridge.eu\/fr\/home-page\/\"},{\"@type\":\"ListItem\",\"position\":2,\"name\":\"Actualit\u00e9s\",\"item\":\"https:\/\/www.eumedbridge.eu\/fr\/news\/\"},{\"@type\":\"ListItem\",\"position\":3,\"name\":\"Face aux crises r\u00e9gionales, les \u00c9tats membres de l\u2019UpM se r\u00e9unissent pour faire progresser leur coop\u00e9ration\"}]},{\"@type\":\"WebSite\",\"@id\":\"https:\/\/www.eumedbridge.eu\/#website\",\"url\":\"https:\/\/www.eumedbridge.eu\/\",\"name\":\"EU Medbridge\",\"description\":\"\",\"publisher\":{\"@id\":\"https:\/\/www.eumedbridge.eu\/#organization\"},\"potentialAction\":[{\"@type\":\"SearchAction\",\"target\":{\"@type\":\"EntryPoint\",\"urlTemplate\":\"https:\/\/www.eumedbridge.eu\/?s={search_term_string}\"},\"query-input\":{\"@type\":\"PropertyValueSpecification\",\"valueRequired\":true,\"valueName\":\"search_term_string\"}}],\"inLanguage\":\"fr-FR\"},{\"@type\":\"Organization\",\"@id\":\"https:\/\/www.eumedbridge.eu\/#organization\",\"name\":\"EU Medbridge\",\"url\":\"https:\/\/www.eumedbridge.eu\/\",\"logo\":{\"@type\":\"ImageObject\",\"inLanguage\":\"fr-FR\",\"@id\":\"https:\/\/www.eumedbridge.eu\/#\/schema\/logo\/image\/\",\"url\":\"https:\/\/www.eumedbridge.eu\/wp-content\/uploads\/2021\/12\/Logo.png\",\"contentUrl\":\"https:\/\/www.eumedbridge.eu\/wp-content\/uploads\/2021\/12\/Logo.png\",\"width\":325,\"height\":114,\"caption\":\"EU Medbridge\"},\"image\":{\"@id\":\"https:\/\/www.eumedbridge.eu\/#\/schema\/logo\/image\/\"},\"sameAs\":[\"https:\/\/www.facebook.com\/eumedbridge\/\",\"https:\/\/x.com\/eumedbridge\",\"https:\/\/www.linkedin.com\/company\/eumedbridge\",\"https:\/\/www.youtube.com\/@eumedbridge\",\"https:\/\/www.instagram.com\/eumedbridge\",\"https:\/\/www.flickr.com\/photos\/euneighbours-south\/\"]}]}<\/script>\n<!-- \/ Yoast SEO plugin. -->","yoast_head_json":{"title":"Face aux crises r\u00e9gionales, les \u00c9tats membres de l\u2019UpM se r\u00e9unissent pour faire progresser leur coop\u00e9ration - Voisins de l'UE","robots":{"index":"index","follow":"follow","max-snippet":"max-snippet:-1","max-image-preview":"max-image-preview:large","max-video-preview":"max-video-preview:-1"},"canonical":"https:\/\/www.eumedbridge.eu\/fr\/news\/face-aux-crises-regionales-les-etats-membres-de-lupm-se-reunissent-pour-faire-progresser-leur-cooperation\/","og_locale":"fr_FR","og_type":"article","og_title":"Face aux crises r\u00e9gionales, les \u00c9tats membres de l\u2019UpM se r\u00e9unissent pour faire progresser leur coop\u00e9ration - Voisins de l'UE","og_description":"Dans le cadre des c\u00e9l\u00e9brations de la Journ\u00e9e de la M\u00e9diterran\u00e9e, approuv\u00e9e \u00e0 l\u2019unanimit\u00e9 par les \u00c9tats membres de l\u2019UpM en\u00a02020, le 7e\u00a0Forum r\u00e9gional de l\u2019Union pour la M\u00e9diterran\u00e9e (UpM) s\u2019est tenu \u00e0 Barcelone. Au cours de la r\u00e9union, les ministres des Affaires \u00e9trang\u00e8res des \u00c9tats membres de l\u2019UpM ont reconnu la n\u00e9cessit\u00e9 d\u2019intensifier la [&hellip;]","og_url":"https:\/\/www.eumedbridge.eu\/fr\/news\/face-aux-crises-regionales-les-etats-membres-de-lupm-se-reunissent-pour-faire-progresser-leur-cooperation\/","og_site_name":"Voisins de l'UE","article_publisher":"https:\/\/www.facebook.com\/eumedbridge\/","og_image":[{"width":1170,"height":440,"url":"https:\/\/www.eumedbridge.eu\/wp-content\/uploads\/2022\/11\/OMC7571-2-1170x440-1.jpg","type":"image\/jpeg"}],"twitter_card":"summary_large_image","twitter_site":"@eumedbridge","twitter_misc":{"Dur\u00e9e de lecture estim\u00e9e":"2 minutes"},"schema":{"@context":"https:\/\/schema.org","@graph":[{"@type":"WebPage","@id":"https:\/\/www.eumedbridge.eu\/fr\/news\/face-aux-crises-regionales-les-etats-membres-de-lupm-se-reunissent-pour-faire-progresser-leur-cooperation\/","url":"https:\/\/www.eumedbridge.eu\/fr\/news\/face-aux-crises-regionales-les-etats-membres-de-lupm-se-reunissent-pour-faire-progresser-leur-cooperation\/","name":"Face aux crises r\u00e9gionales, les \u00c9tats membres de l\u2019UpM se r\u00e9unissent pour faire progresser leur coop\u00e9ration - Voisins de l'UE","isPartOf":{"@id":"https:\/\/www.eumedbridge.eu\/#website"},"primaryImageOfPage":{"@id":"https:\/\/www.eumedbridge.eu\/fr\/news\/face-aux-crises-regionales-les-etats-membres-de-lupm-se-reunissent-pour-faire-progresser-leur-cooperation\/#primaryimage"},"image":{"@id":"https:\/\/www.eumedbridge.eu\/fr\/news\/face-aux-crises-regionales-les-etats-membres-de-lupm-se-reunissent-pour-faire-progresser-leur-cooperation\/#primaryimage"},"thumbnailUrl":"https:\/\/www.eumedbridge.eu\/wp-content\/uploads\/2022\/11\/OMC7571-2-1170x440-1.jpg","datePublished":"2022-11-30T20:40:13+00:00","breadcrumb":{"@id":"https:\/\/www.eumedbridge.eu\/fr\/news\/face-aux-crises-regionales-les-etats-membres-de-lupm-se-reunissent-pour-faire-progresser-leur-cooperation\/#breadcrumb"},"inLanguage":"fr-FR","potentialAction":[{"@type":"ReadAction","target":["https:\/\/www.eumedbridge.eu\/fr\/news\/face-aux-crises-regionales-les-etats-membres-de-lupm-se-reunissent-pour-faire-progresser-leur-cooperation\/"]}]},{"@type":"ImageObject","inLanguage":"fr-FR","@id":"https:\/\/www.eumedbridge.eu\/fr\/news\/face-aux-crises-regionales-les-etats-membres-de-lupm-se-reunissent-pour-faire-progresser-leur-cooperation\/#primaryimage","url":"https:\/\/www.eumedbridge.eu\/wp-content\/uploads\/2022\/11\/OMC7571-2-1170x440-1.jpg","contentUrl":"https:\/\/www.eumedbridge.eu\/wp-content\/uploads\/2022\/11\/OMC7571-2-1170x440-1.jpg","width":1170,"height":440},{"@type":"BreadcrumbList","@id":"https:\/\/www.eumedbridge.eu\/fr\/news\/face-aux-crises-regionales-les-etats-membres-de-lupm-se-reunissent-pour-faire-progresser-leur-cooperation\/#breadcrumb","itemListElement":[{"@type":"ListItem","position":1,"name":"Home","item":"https:\/\/www.eumedbridge.eu\/fr\/home-page\/"},{"@type":"ListItem","position":2,"name":"Actualit\u00e9s","item":"https:\/\/www.eumedbridge.eu\/fr\/news\/"},{"@type":"ListItem","position":3,"name":"Face aux crises r\u00e9gionales, les \u00c9tats membres de l\u2019UpM se r\u00e9unissent pour faire progresser leur coop\u00e9ration"}]},{"@type":"WebSite","@id":"https:\/\/www.eumedbridge.eu\/#website","url":"https:\/\/www.eumedbridge.eu\/","name":"EU Medbridge","description":"","publisher":{"@id":"https:\/\/www.eumedbridge.eu\/#organization"},"potentialAction":[{"@type":"SearchAction","target":{"@type":"EntryPoint","urlTemplate":"https:\/\/www.eumedbridge.eu\/?s={search_term_string}"},"query-input":{"@type":"PropertyValueSpecification","valueRequired":true,"valueName":"search_term_string"}}],"inLanguage":"fr-FR"},{"@type":"Organization","@id":"https:\/\/www.eumedbridge.eu\/#organization","name":"EU Medbridge","url":"https:\/\/www.eumedbridge.eu\/","logo":{"@type":"ImageObject","inLanguage":"fr-FR","@id":"https:\/\/www.eumedbridge.eu\/#\/schema\/logo\/image\/","url":"https:\/\/www.eumedbridge.eu\/wp-content\/uploads\/2021\/12\/Logo.png","contentUrl":"https:\/\/www.eumedbridge.eu\/wp-content\/uploads\/2021\/12\/Logo.png","width":325,"height":114,"caption":"EU Medbridge"},"image":{"@id":"https:\/\/www.eumedbridge.eu\/#\/schema\/logo\/image\/"},"sameAs":["https:\/\/www.facebook.com\/eumedbridge\/","https:\/\/x.com\/eumedbridge","https:\/\/www.linkedin.com\/company\/eumedbridge","https:\/\/www.youtube.com\/@eumedbridge","https:\/\/www.instagram.com\/eumedbridge","https:\/\/www.flickr.com\/photos\/euneighbours-south\/"]}]}},"_links":{"self":[{"href":"https:\/\/www.eumedbridge.eu\/fr\/wp-json\/wp\/v2\/news\/210727","targetHints":{"allow":["GET"]}}],"collection":[{"href":"https:\/\/www.eumedbridge.eu\/fr\/wp-json\/wp\/v2\/news"}],"about":[{"href":"https:\/\/www.eumedbridge.eu\/fr\/wp-json\/wp\/v2\/types\/news"}],"wp:featuredmedia":[{"embeddable":true,"href":"https:\/\/www.eumedbridge.eu\/fr\/wp-json\/wp\/v2\/media\/210664"}],"wp:attachment":[{"href":"https:\/\/www.eumedbridge.eu\/fr\/wp-json\/wp\/v2\/media?parent=210727"}],"wp:term":[{"taxonomy":"news_category","embeddable":true,"href":"https:\/\/www.eumedbridge.eu\/fr\/wp-json\/wp\/v2\/news_category?post=210727"},{"taxonomy":"country","embeddable":true,"href":"https:\/\/www.eumedbridge.eu\/fr\/wp-json\/wp\/v2\/country?post=210727"},{"taxonomy":"special_action","embeddable":true,"href":"https:\/\/www.eumedbridge.eu\/fr\/wp-json\/wp\/v2\/special_action?post=210727"},{"taxonomy":"custom_tag","embeddable":true,"href":"https:\/\/www.eumedbridge.eu\/fr\/wp-json\/wp\/v2\/custom_tag?post=210727"}],"curies":[{"name":"wp","href":"https:\/\/api.w.org\/{rel}","templated":true}]}}