{"id":212349,"date":"2023-02-01T20:57:00","date_gmt":"2023-02-01T18:57:00","guid":{"rendered":"https:\/\/eumedbridge.eu\/?post_type=news&#038;p=212349"},"modified":"2023-02-01T20:57:00","modified_gmt":"2023-02-01T18:57:00","slug":"groupe-de-travail-sur-la-jeunesse-laction-pour-le-climat-lenergie-et-les-affaires-civiles-et-sociales","status":"publish","type":"news","link":"https:\/\/www.eumedbridge.eu\/fr\/news\/groupe-de-travail-sur-la-jeunesse-laction-pour-le-climat-lenergie-et-les-affaires-civiles-et-sociales\/","title":{"rendered":"Groupe de travail sur la jeunesse, l\u2019action pour le climat, l\u2019\u00e9nergie et les affaires civiles et sociales"},"content":{"rendered":"<p>La premi\u00e8re r\u00e9union du <strong>R\u00e9seau de points focaux nationaux<\/strong> (RPFN) sur la Jeunesse s\u2019est d\u00e9roul\u00e9e le 11\u00a0novembre\u00a02022 en ligne, avec la participation active des points focaux de diff\u00e9rents \u00c9tats membres de l\u2019<a href=\"https:\/\/ufmsecretariat.org\/fr\/\"><strong>UpM<\/strong><\/a>. Des repr\u00e9sentants de la copr\u00e9sidence de l\u2019UpM, assur\u00e9e par un minist\u00e8re jordanien et la DG NEAR, ont assist\u00e9 \u00e0 la r\u00e9union et prononc\u00e9 des discours d\u2019ouverture. Des repr\u00e9sentants des d\u00e9l\u00e9gations de l\u2019UE et de la direction g\u00e9n\u00e9rale \u00c9ducation, jeunesse et culture y ont \u00e9galement particip\u00e9.<\/p>\n<p>La premi\u00e8re r\u00e9union du RPFN sur la Jeunesse a permis aux participants d\u2019\u00e9changer des points de vue sur les \u00e9l\u00e9ments qui devront \u00eatre prioritaires lors des r\u00e9unions du groupe de travail en\u00a02023 pour la mise en \u0153uvre de la Strat\u00e9gie pour la jeunesse, qui d\u00e9bouchera sur le Plan d\u2019action.<\/p>\n<p>Les pays se sont activement impliqu\u00e9s pour d\u00e9signer les experts nationaux qui participeront aux quatre (4) r\u00e9unions du groupe de travail th\u00e9matique qui seront organis\u00e9es tout au long de 2023 afin de recueillir des recommandations et des suggestions pour l\u2019\u00e9laboration du Plan d\u2019action pour la jeunesse. Les organisations de la soci\u00e9t\u00e9 civile et autres organisations dirig\u00e9es par des jeunes qui ont contribu\u00e9 \u00e0 l\u2019\u00e9laboration de la Strat\u00e9gie et<\/p>\n<p>souhaitent \u00eatre associ\u00e9es \u00e0 la pr\u00e9paration du Plan d\u2019action (qui sera adopt\u00e9 et pr\u00e9sent\u00e9 d\u2019ici octobre\u00a02023) participeront elles aussi aux r\u00e9unions de ce groupe de travail.<\/p>\n<p>La premi\u00e8re r\u00e9union aura lieu en ligne dans la matin\u00e9e du 23\u00a0f\u00e9vrier\u00a02023 et sera consacr\u00e9e aux th\u00e8mes suivants\u00a0: <strong>jeunesse, action pour le climat et \u00e9nergie<\/strong>.<\/p>\n","protected":false},"featured_media":207476,"parent":0,"template":"","news_category":[],"country":[1956],"special_action":[],"custom_tag":[2312,2817,2315],"class_list":["post-212349","news","type-news","status-publish","has-post-thumbnail","hentry","country-region-sud","custom_tag-developpement-durable","custom_tag-education-fr","custom_tag-emploi-et-entrpreuneuriat"],"acf":[],"yoast_head":"<!-- This site is optimized with the Yoast SEO plugin v26.5 - https:\/\/yoast.com\/wordpress\/plugins\/seo\/ -->\n<title>Groupe de travail sur la jeunesse, l\u2019action pour le climat, l\u2019\u00e9nergie et les affaires civiles et sociales - Voisins de l&#039;UE<\/title>\n<meta name=\"robots\" content=\"index, follow, max-snippet:-1, max-image-preview:large, max-video-preview:-1\" \/>\n<link rel=\"canonical\" href=\"https:\/\/www.eumedbridge.eu\/fr\/news\/groupe-de-travail-sur-la-jeunesse-laction-pour-le-climat-lenergie-et-les-affaires-civiles-et-sociales\/\" \/>\n<meta property=\"og:locale\" content=\"fr_FR\" \/>\n<meta property=\"og:type\" content=\"article\" \/>\n<meta property=\"og:title\" content=\"Groupe de travail sur la jeunesse, l\u2019action pour le climat, l\u2019\u00e9nergie et les affaires civiles et sociales - Voisins de l&#039;UE\" \/>\n<meta property=\"og:description\" content=\"La premi\u00e8re r\u00e9union du R\u00e9seau de points focaux nationaux (RPFN) sur la Jeunesse s\u2019est d\u00e9roul\u00e9e le 11\u00a0novembre\u00a02022 en ligne, avec la participation active des points focaux de diff\u00e9rents \u00c9tats membres de l\u2019UpM. Des repr\u00e9sentants de la copr\u00e9sidence de l\u2019UpM, assur\u00e9e par un minist\u00e8re jordanien et la DG NEAR, ont assist\u00e9 \u00e0 la r\u00e9union et prononc\u00e9 [&hellip;]\" \/>\n<meta property=\"og:url\" content=\"https:\/\/www.eumedbridge.eu\/fr\/news\/groupe-de-travail-sur-la-jeunesse-laction-pour-le-climat-lenergie-et-les-affaires-civiles-et-sociales\/\" \/>\n<meta property=\"og:site_name\" content=\"Voisins de l&#039;UE\" \/>\n<meta property=\"article:publisher\" content=\"https:\/\/www.facebook.com\/eumedbridge\/\" \/>\n<meta property=\"og:image\" content=\"https:\/\/www.eumedbridge.eu\/wp-content\/uploads\/2022\/09\/ufm.png\" \/>\n\t<meta property=\"og:image:width\" content=\"1600\" \/>\n\t<meta property=\"og:image:height\" content=\"900\" \/>\n\t<meta property=\"og:image:type\" content=\"image\/png\" \/>\n<meta name=\"twitter:card\" content=\"summary_large_image\" \/>\n<meta name=\"twitter:site\" content=\"@eumedbridge\" \/>\n<meta name=\"twitter:label1\" content=\"Dur\u00e9e de lecture estim\u00e9e\" \/>\n\t<meta name=\"twitter:data1\" content=\"1 minute\" \/>\n<script type=\"application\/ld+json\" class=\"yoast-schema-graph\">{\"@context\":\"https:\/\/schema.org\",\"@graph\":[{\"@type\":\"WebPage\",\"@id\":\"https:\/\/www.eumedbridge.eu\/fr\/news\/groupe-de-travail-sur-la-jeunesse-laction-pour-le-climat-lenergie-et-les-affaires-civiles-et-sociales\/\",\"url\":\"https:\/\/www.eumedbridge.eu\/fr\/news\/groupe-de-travail-sur-la-jeunesse-laction-pour-le-climat-lenergie-et-les-affaires-civiles-et-sociales\/\",\"name\":\"Groupe de travail sur la jeunesse, l\u2019action pour le climat, l\u2019\u00e9nergie et les affaires civiles et sociales - Voisins de l'UE\",\"isPartOf\":{\"@id\":\"https:\/\/www.eumedbridge.eu\/#website\"},\"primaryImageOfPage\":{\"@id\":\"https:\/\/www.eumedbridge.eu\/fr\/news\/groupe-de-travail-sur-la-jeunesse-laction-pour-le-climat-lenergie-et-les-affaires-civiles-et-sociales\/#primaryimage\"},\"image\":{\"@id\":\"https:\/\/www.eumedbridge.eu\/fr\/news\/groupe-de-travail-sur-la-jeunesse-laction-pour-le-climat-lenergie-et-les-affaires-civiles-et-sociales\/#primaryimage\"},\"thumbnailUrl\":\"https:\/\/www.eumedbridge.eu\/wp-content\/uploads\/2022\/09\/ufm.png\",\"datePublished\":\"2023-02-01T18:57:00+00:00\",\"breadcrumb\":{\"@id\":\"https:\/\/www.eumedbridge.eu\/fr\/news\/groupe-de-travail-sur-la-jeunesse-laction-pour-le-climat-lenergie-et-les-affaires-civiles-et-sociales\/#breadcrumb\"},\"inLanguage\":\"fr-FR\",\"potentialAction\":[{\"@type\":\"ReadAction\",\"target\":[\"https:\/\/www.eumedbridge.eu\/fr\/news\/groupe-de-travail-sur-la-jeunesse-laction-pour-le-climat-lenergie-et-les-affaires-civiles-et-sociales\/\"]}]},{\"@type\":\"ImageObject\",\"inLanguage\":\"fr-FR\",\"@id\":\"https:\/\/www.eumedbridge.eu\/fr\/news\/groupe-de-travail-sur-la-jeunesse-laction-pour-le-climat-lenergie-et-les-affaires-civiles-et-sociales\/#primaryimage\",\"url\":\"https:\/\/www.eumedbridge.eu\/wp-content\/uploads\/2022\/09\/ufm.png\",\"contentUrl\":\"https:\/\/www.eumedbridge.eu\/wp-content\/uploads\/2022\/09\/ufm.png\",\"width\":1600,\"height\":900},{\"@type\":\"BreadcrumbList\",\"@id\":\"https:\/\/www.eumedbridge.eu\/fr\/news\/groupe-de-travail-sur-la-jeunesse-laction-pour-le-climat-lenergie-et-les-affaires-civiles-et-sociales\/#breadcrumb\",\"itemListElement\":[{\"@type\":\"ListItem\",\"position\":1,\"name\":\"Home\",\"item\":\"https:\/\/www.eumedbridge.eu\/fr\/home-page\/\"},{\"@type\":\"ListItem\",\"position\":2,\"name\":\"Actualit\u00e9s\",\"item\":\"https:\/\/www.eumedbridge.eu\/fr\/news\/\"},{\"@type\":\"ListItem\",\"position\":3,\"name\":\"Groupe de travail sur la jeunesse, l\u2019action pour le climat, l\u2019\u00e9nergie et les affaires civiles et sociales\"}]},{\"@type\":\"WebSite\",\"@id\":\"https:\/\/www.eumedbridge.eu\/#website\",\"url\":\"https:\/\/www.eumedbridge.eu\/\",\"name\":\"EU Medbridge\",\"description\":\"\",\"publisher\":{\"@id\":\"https:\/\/www.eumedbridge.eu\/#organization\"},\"potentialAction\":[{\"@type\":\"SearchAction\",\"target\":{\"@type\":\"EntryPoint\",\"urlTemplate\":\"https:\/\/www.eumedbridge.eu\/?s={search_term_string}\"},\"query-input\":{\"@type\":\"PropertyValueSpecification\",\"valueRequired\":true,\"valueName\":\"search_term_string\"}}],\"inLanguage\":\"fr-FR\"},{\"@type\":\"Organization\",\"@id\":\"https:\/\/www.eumedbridge.eu\/#organization\",\"name\":\"EU Medbridge\",\"url\":\"https:\/\/www.eumedbridge.eu\/\",\"logo\":{\"@type\":\"ImageObject\",\"inLanguage\":\"fr-FR\",\"@id\":\"https:\/\/www.eumedbridge.eu\/#\/schema\/logo\/image\/\",\"url\":\"https:\/\/www.eumedbridge.eu\/wp-content\/uploads\/2021\/12\/Logo.png\",\"contentUrl\":\"https:\/\/www.eumedbridge.eu\/wp-content\/uploads\/2021\/12\/Logo.png\",\"width\":325,\"height\":114,\"caption\":\"EU Medbridge\"},\"image\":{\"@id\":\"https:\/\/www.eumedbridge.eu\/#\/schema\/logo\/image\/\"},\"sameAs\":[\"https:\/\/www.facebook.com\/eumedbridge\/\",\"https:\/\/x.com\/eumedbridge\",\"https:\/\/www.linkedin.com\/company\/eumedbridge\",\"https:\/\/www.youtube.com\/@eumedbridge\",\"https:\/\/www.instagram.com\/eumedbridge\",\"https:\/\/www.flickr.com\/photos\/euneighbours-south\/\"]}]}<\/script>\n<!-- \/ Yoast SEO plugin. -->","yoast_head_json":{"title":"Groupe de travail sur la jeunesse, l\u2019action pour le climat, l\u2019\u00e9nergie et les affaires civiles et sociales - Voisins de l'UE","robots":{"index":"index","follow":"follow","max-snippet":"max-snippet:-1","max-image-preview":"max-image-preview:large","max-video-preview":"max-video-preview:-1"},"canonical":"https:\/\/www.eumedbridge.eu\/fr\/news\/groupe-de-travail-sur-la-jeunesse-laction-pour-le-climat-lenergie-et-les-affaires-civiles-et-sociales\/","og_locale":"fr_FR","og_type":"article","og_title":"Groupe de travail sur la jeunesse, l\u2019action pour le climat, l\u2019\u00e9nergie et les affaires civiles et sociales - Voisins de l'UE","og_description":"La premi\u00e8re r\u00e9union du R\u00e9seau de points focaux nationaux (RPFN) sur la Jeunesse s\u2019est d\u00e9roul\u00e9e le 11\u00a0novembre\u00a02022 en ligne, avec la participation active des points focaux de diff\u00e9rents \u00c9tats membres de l\u2019UpM. Des repr\u00e9sentants de la copr\u00e9sidence de l\u2019UpM, assur\u00e9e par un minist\u00e8re jordanien et la DG NEAR, ont assist\u00e9 \u00e0 la r\u00e9union et prononc\u00e9 [&hellip;]","og_url":"https:\/\/www.eumedbridge.eu\/fr\/news\/groupe-de-travail-sur-la-jeunesse-laction-pour-le-climat-lenergie-et-les-affaires-civiles-et-sociales\/","og_site_name":"Voisins de l'UE","article_publisher":"https:\/\/www.facebook.com\/eumedbridge\/","og_image":[{"width":1600,"height":900,"url":"https:\/\/www.eumedbridge.eu\/wp-content\/uploads\/2022\/09\/ufm.png","type":"image\/png"}],"twitter_card":"summary_large_image","twitter_site":"@eumedbridge","twitter_misc":{"Dur\u00e9e de lecture estim\u00e9e":"1 minute"},"schema":{"@context":"https:\/\/schema.org","@graph":[{"@type":"WebPage","@id":"https:\/\/www.eumedbridge.eu\/fr\/news\/groupe-de-travail-sur-la-jeunesse-laction-pour-le-climat-lenergie-et-les-affaires-civiles-et-sociales\/","url":"https:\/\/www.eumedbridge.eu\/fr\/news\/groupe-de-travail-sur-la-jeunesse-laction-pour-le-climat-lenergie-et-les-affaires-civiles-et-sociales\/","name":"Groupe de travail sur la jeunesse, l\u2019action pour le climat, l\u2019\u00e9nergie et les affaires civiles et sociales - Voisins de l'UE","isPartOf":{"@id":"https:\/\/www.eumedbridge.eu\/#website"},"primaryImageOfPage":{"@id":"https:\/\/www.eumedbridge.eu\/fr\/news\/groupe-de-travail-sur-la-jeunesse-laction-pour-le-climat-lenergie-et-les-affaires-civiles-et-sociales\/#primaryimage"},"image":{"@id":"https:\/\/www.eumedbridge.eu\/fr\/news\/groupe-de-travail-sur-la-jeunesse-laction-pour-le-climat-lenergie-et-les-affaires-civiles-et-sociales\/#primaryimage"},"thumbnailUrl":"https:\/\/www.eumedbridge.eu\/wp-content\/uploads\/2022\/09\/ufm.png","datePublished":"2023-02-01T18:57:00+00:00","breadcrumb":{"@id":"https:\/\/www.eumedbridge.eu\/fr\/news\/groupe-de-travail-sur-la-jeunesse-laction-pour-le-climat-lenergie-et-les-affaires-civiles-et-sociales\/#breadcrumb"},"inLanguage":"fr-FR","potentialAction":[{"@type":"ReadAction","target":["https:\/\/www.eumedbridge.eu\/fr\/news\/groupe-de-travail-sur-la-jeunesse-laction-pour-le-climat-lenergie-et-les-affaires-civiles-et-sociales\/"]}]},{"@type":"ImageObject","inLanguage":"fr-FR","@id":"https:\/\/www.eumedbridge.eu\/fr\/news\/groupe-de-travail-sur-la-jeunesse-laction-pour-le-climat-lenergie-et-les-affaires-civiles-et-sociales\/#primaryimage","url":"https:\/\/www.eumedbridge.eu\/wp-content\/uploads\/2022\/09\/ufm.png","contentUrl":"https:\/\/www.eumedbridge.eu\/wp-content\/uploads\/2022\/09\/ufm.png","width":1600,"height":900},{"@type":"BreadcrumbList","@id":"https:\/\/www.eumedbridge.eu\/fr\/news\/groupe-de-travail-sur-la-jeunesse-laction-pour-le-climat-lenergie-et-les-affaires-civiles-et-sociales\/#breadcrumb","itemListElement":[{"@type":"ListItem","position":1,"name":"Home","item":"https:\/\/www.eumedbridge.eu\/fr\/home-page\/"},{"@type":"ListItem","position":2,"name":"Actualit\u00e9s","item":"https:\/\/www.eumedbridge.eu\/fr\/news\/"},{"@type":"ListItem","position":3,"name":"Groupe de travail sur la jeunesse, l\u2019action pour le climat, l\u2019\u00e9nergie et les affaires civiles et sociales"}]},{"@type":"WebSite","@id":"https:\/\/www.eumedbridge.eu\/#website","url":"https:\/\/www.eumedbridge.eu\/","name":"EU Medbridge","description":"","publisher":{"@id":"https:\/\/www.eumedbridge.eu\/#organization"},"potentialAction":[{"@type":"SearchAction","target":{"@type":"EntryPoint","urlTemplate":"https:\/\/www.eumedbridge.eu\/?s={search_term_string}"},"query-input":{"@type":"PropertyValueSpecification","valueRequired":true,"valueName":"search_term_string"}}],"inLanguage":"fr-FR"},{"@type":"Organization","@id":"https:\/\/www.eumedbridge.eu\/#organization","name":"EU Medbridge","url":"https:\/\/www.eumedbridge.eu\/","logo":{"@type":"ImageObject","inLanguage":"fr-FR","@id":"https:\/\/www.eumedbridge.eu\/#\/schema\/logo\/image\/","url":"https:\/\/www.eumedbridge.eu\/wp-content\/uploads\/2021\/12\/Logo.png","contentUrl":"https:\/\/www.eumedbridge.eu\/wp-content\/uploads\/2021\/12\/Logo.png","width":325,"height":114,"caption":"EU Medbridge"},"image":{"@id":"https:\/\/www.eumedbridge.eu\/#\/schema\/logo\/image\/"},"sameAs":["https:\/\/www.facebook.com\/eumedbridge\/","https:\/\/x.com\/eumedbridge","https:\/\/www.linkedin.com\/company\/eumedbridge","https:\/\/www.youtube.com\/@eumedbridge","https:\/\/www.instagram.com\/eumedbridge","https:\/\/www.flickr.com\/photos\/euneighbours-south\/"]}]}},"_links":{"self":[{"href":"https:\/\/www.eumedbridge.eu\/fr\/wp-json\/wp\/v2\/news\/212349","targetHints":{"allow":["GET"]}}],"collection":[{"href":"https:\/\/www.eumedbridge.eu\/fr\/wp-json\/wp\/v2\/news"}],"about":[{"href":"https:\/\/www.eumedbridge.eu\/fr\/wp-json\/wp\/v2\/types\/news"}],"wp:featuredmedia":[{"embeddable":true,"href":"https:\/\/www.eumedbridge.eu\/fr\/wp-json\/wp\/v2\/media\/207476"}],"wp:attachment":[{"href":"https:\/\/www.eumedbridge.eu\/fr\/wp-json\/wp\/v2\/media?parent=212349"}],"wp:term":[{"taxonomy":"news_category","embeddable":true,"href":"https:\/\/www.eumedbridge.eu\/fr\/wp-json\/wp\/v2\/news_category?post=212349"},{"taxonomy":"country","embeddable":true,"href":"https:\/\/www.eumedbridge.eu\/fr\/wp-json\/wp\/v2\/country?post=212349"},{"taxonomy":"special_action","embeddable":true,"href":"https:\/\/www.eumedbridge.eu\/fr\/wp-json\/wp\/v2\/special_action?post=212349"},{"taxonomy":"custom_tag","embeddable":true,"href":"https:\/\/www.eumedbridge.eu\/fr\/wp-json\/wp\/v2\/custom_tag?post=212349"}],"curies":[{"name":"wp","href":"https:\/\/api.w.org\/{rel}","templated":true}]}}