{"id":214011,"date":"2023-04-04T19:55:38","date_gmt":"2023-04-04T16:55:38","guid":{"rendered":"https:\/\/eumedbridge.eu\/?post_type=news&#038;p=214011"},"modified":"2023-04-04T19:55:38","modified_gmt":"2023-04-04T16:55:38","slug":"appel-a-participation-alfinmotion-deuxieme-edition","status":"publish","type":"news","link":"https:\/\/www.eumedbridge.eu\/fr\/news\/appel-a-participation-alfinmotion-deuxieme-edition\/","title":{"rendered":"Appel \u00e0 participation \u2013 ALFinMOTION, deuxi\u00e8me \u00e9dition"},"content":{"rendered":"<p>La <a href=\"https:\/\/www.annalindhfoundation.org\/fr\"><strong>Fondation Anna Lindh<\/strong><\/a> a lanc\u00e9 la deuxi\u00e8me \u00e9dition de <a href=\"https:\/\/www.annalindhfoundation.org\/fr\/alfinmotion\"><strong>ALFinMOTION<\/strong><\/a>, son programme de mobilit\u00e9 interdisciplinaire et intersectoriel, pour soutenir les initiatives de collaboration visant \u00e0 renforcer les partenariats \u00e9galitaires et \u00e0 encourager les actions de dialogue interculturel.<\/p>\n<p>&nbsp;<\/p>\n<p>ALFinMOTION a pour objectif d\u2019encourager les actions de dialogue interculturel entre les deux rives de la M\u00e9diterran\u00e9e gr\u00e2ce \u00e0 des projets de mobilit\u00e9 physique impliquant diff\u00e9rents types d\u2019expertise, de savoir-faire et de profils. Le programme de mobilit\u00e9 est structur\u00e9 autour de quatre modalit\u00e9s r\u00e9pondant aux diff\u00e9rents besoins en mati\u00e8re de dialogue interculturel\u00a0: l\u2019action, la connaissance, le partenariat et la cr\u00e9ativit\u00e9.<\/p>\n<p>&nbsp;<\/p>\n<p>Les candidatures doivent \u00eatre soumises au plus tard le 30\u00a0avril\u00a02023 \u00e0 23\u00a0h\u00a059 (heure de l\u2019Europe centrale).<\/p>\n","protected":false},"featured_media":213954,"parent":0,"template":"","news_category":[],"country":[1956],"special_action":[],"custom_tag":[1874,2315,1870],"class_list":["post-214011","news","type-news","status-publish","has-post-thumbnail","hentry","country-region-sud","custom_tag-culture-fr","custom_tag-emploi-et-entrpreuneuriat","custom_tag-societe-civile"],"acf":[],"yoast_head":"<!-- This site is optimized with the Yoast SEO plugin v26.5 - https:\/\/yoast.com\/wordpress\/plugins\/seo\/ -->\n<title>Appel \u00e0 participation \u2013 ALFinMOTION, deuxi\u00e8me \u00e9dition - Voisins de l&#039;UE<\/title>\n<meta name=\"robots\" content=\"index, follow, max-snippet:-1, max-image-preview:large, max-video-preview:-1\" \/>\n<link rel=\"canonical\" href=\"https:\/\/www.eumedbridge.eu\/fr\/news\/appel-a-participation-alfinmotion-deuxieme-edition\/\" \/>\n<meta property=\"og:locale\" content=\"fr_FR\" \/>\n<meta property=\"og:type\" content=\"article\" \/>\n<meta property=\"og:title\" content=\"Appel \u00e0 participation \u2013 ALFinMOTION, deuxi\u00e8me \u00e9dition - Voisins de l&#039;UE\" \/>\n<meta property=\"og:description\" content=\"La Fondation Anna Lindh a lanc\u00e9 la deuxi\u00e8me \u00e9dition de ALFinMOTION, son programme de mobilit\u00e9 interdisciplinaire et intersectoriel, pour soutenir les initiatives de collaboration visant \u00e0 renforcer les partenariats \u00e9galitaires et \u00e0 encourager les actions de dialogue interculturel. &nbsp; ALFinMOTION a pour objectif d\u2019encourager les actions de dialogue interculturel entre les deux rives de la [&hellip;]\" \/>\n<meta property=\"og:url\" content=\"https:\/\/www.eumedbridge.eu\/fr\/news\/appel-a-participation-alfinmotion-deuxieme-edition\/\" \/>\n<meta property=\"og:site_name\" content=\"Voisins de l&#039;UE\" \/>\n<meta property=\"article:publisher\" content=\"https:\/\/www.facebook.com\/eumedbridge\/\" \/>\n<meta property=\"og:image\" content=\"https:\/\/www.eumedbridge.eu\/wp-content\/uploads\/2023\/04\/ALFinMOTION_Call_Second_Edition.jpg\" \/>\n\t<meta property=\"og:image:width\" content=\"1800\" \/>\n\t<meta property=\"og:image:height\" content=\"1013\" \/>\n\t<meta property=\"og:image:type\" content=\"image\/jpeg\" \/>\n<meta name=\"twitter:card\" content=\"summary_large_image\" \/>\n<meta name=\"twitter:site\" content=\"@eumedbridge\" \/>\n<meta name=\"twitter:label1\" content=\"Dur\u00e9e de lecture estim\u00e9e\" \/>\n\t<meta name=\"twitter:data1\" content=\"1 minute\" \/>\n<script type=\"application\/ld+json\" class=\"yoast-schema-graph\">{\"@context\":\"https:\/\/schema.org\",\"@graph\":[{\"@type\":\"WebPage\",\"@id\":\"https:\/\/www.eumedbridge.eu\/fr\/news\/appel-a-participation-alfinmotion-deuxieme-edition\/\",\"url\":\"https:\/\/www.eumedbridge.eu\/fr\/news\/appel-a-participation-alfinmotion-deuxieme-edition\/\",\"name\":\"Appel \u00e0 participation \u2013 ALFinMOTION, deuxi\u00e8me \u00e9dition - Voisins de l'UE\",\"isPartOf\":{\"@id\":\"https:\/\/www.eumedbridge.eu\/#website\"},\"primaryImageOfPage\":{\"@id\":\"https:\/\/www.eumedbridge.eu\/fr\/news\/appel-a-participation-alfinmotion-deuxieme-edition\/#primaryimage\"},\"image\":{\"@id\":\"https:\/\/www.eumedbridge.eu\/fr\/news\/appel-a-participation-alfinmotion-deuxieme-edition\/#primaryimage\"},\"thumbnailUrl\":\"https:\/\/www.eumedbridge.eu\/wp-content\/uploads\/2023\/04\/ALFinMOTION_Call_Second_Edition.jpg\",\"datePublished\":\"2023-04-04T16:55:38+00:00\",\"breadcrumb\":{\"@id\":\"https:\/\/www.eumedbridge.eu\/fr\/news\/appel-a-participation-alfinmotion-deuxieme-edition\/#breadcrumb\"},\"inLanguage\":\"fr-FR\",\"potentialAction\":[{\"@type\":\"ReadAction\",\"target\":[\"https:\/\/www.eumedbridge.eu\/fr\/news\/appel-a-participation-alfinmotion-deuxieme-edition\/\"]}]},{\"@type\":\"ImageObject\",\"inLanguage\":\"fr-FR\",\"@id\":\"https:\/\/www.eumedbridge.eu\/fr\/news\/appel-a-participation-alfinmotion-deuxieme-edition\/#primaryimage\",\"url\":\"https:\/\/www.eumedbridge.eu\/wp-content\/uploads\/2023\/04\/ALFinMOTION_Call_Second_Edition.jpg\",\"contentUrl\":\"https:\/\/www.eumedbridge.eu\/wp-content\/uploads\/2023\/04\/ALFinMOTION_Call_Second_Edition.jpg\",\"width\":1800,\"height\":1013},{\"@type\":\"BreadcrumbList\",\"@id\":\"https:\/\/www.eumedbridge.eu\/fr\/news\/appel-a-participation-alfinmotion-deuxieme-edition\/#breadcrumb\",\"itemListElement\":[{\"@type\":\"ListItem\",\"position\":1,\"name\":\"Home\",\"item\":\"https:\/\/www.eumedbridge.eu\/fr\/home-page\/\"},{\"@type\":\"ListItem\",\"position\":2,\"name\":\"Actualit\u00e9s\",\"item\":\"https:\/\/www.eumedbridge.eu\/fr\/news\/\"},{\"@type\":\"ListItem\",\"position\":3,\"name\":\"Appel \u00e0 participation \u2013 ALFinMOTION, deuxi\u00e8me \u00e9dition\"}]},{\"@type\":\"WebSite\",\"@id\":\"https:\/\/www.eumedbridge.eu\/#website\",\"url\":\"https:\/\/www.eumedbridge.eu\/\",\"name\":\"EU Medbridge\",\"description\":\"\",\"publisher\":{\"@id\":\"https:\/\/www.eumedbridge.eu\/#organization\"},\"potentialAction\":[{\"@type\":\"SearchAction\",\"target\":{\"@type\":\"EntryPoint\",\"urlTemplate\":\"https:\/\/www.eumedbridge.eu\/?s={search_term_string}\"},\"query-input\":{\"@type\":\"PropertyValueSpecification\",\"valueRequired\":true,\"valueName\":\"search_term_string\"}}],\"inLanguage\":\"fr-FR\"},{\"@type\":\"Organization\",\"@id\":\"https:\/\/www.eumedbridge.eu\/#organization\",\"name\":\"EU Medbridge\",\"url\":\"https:\/\/www.eumedbridge.eu\/\",\"logo\":{\"@type\":\"ImageObject\",\"inLanguage\":\"fr-FR\",\"@id\":\"https:\/\/www.eumedbridge.eu\/#\/schema\/logo\/image\/\",\"url\":\"https:\/\/www.eumedbridge.eu\/wp-content\/uploads\/2021\/12\/Logo.png\",\"contentUrl\":\"https:\/\/www.eumedbridge.eu\/wp-content\/uploads\/2021\/12\/Logo.png\",\"width\":325,\"height\":114,\"caption\":\"EU Medbridge\"},\"image\":{\"@id\":\"https:\/\/www.eumedbridge.eu\/#\/schema\/logo\/image\/\"},\"sameAs\":[\"https:\/\/www.facebook.com\/eumedbridge\/\",\"https:\/\/x.com\/eumedbridge\",\"https:\/\/www.linkedin.com\/company\/eumedbridge\",\"https:\/\/www.youtube.com\/@eumedbridge\",\"https:\/\/www.instagram.com\/eumedbridge\",\"https:\/\/www.flickr.com\/photos\/euneighbours-south\/\"]}]}<\/script>\n<!-- \/ Yoast SEO plugin. -->","yoast_head_json":{"title":"Appel \u00e0 participation \u2013 ALFinMOTION, deuxi\u00e8me \u00e9dition - Voisins de l'UE","robots":{"index":"index","follow":"follow","max-snippet":"max-snippet:-1","max-image-preview":"max-image-preview:large","max-video-preview":"max-video-preview:-1"},"canonical":"https:\/\/www.eumedbridge.eu\/fr\/news\/appel-a-participation-alfinmotion-deuxieme-edition\/","og_locale":"fr_FR","og_type":"article","og_title":"Appel \u00e0 participation \u2013 ALFinMOTION, deuxi\u00e8me \u00e9dition - Voisins de l'UE","og_description":"La Fondation Anna Lindh a lanc\u00e9 la deuxi\u00e8me \u00e9dition de ALFinMOTION, son programme de mobilit\u00e9 interdisciplinaire et intersectoriel, pour soutenir les initiatives de collaboration visant \u00e0 renforcer les partenariats \u00e9galitaires et \u00e0 encourager les actions de dialogue interculturel. &nbsp; ALFinMOTION a pour objectif d\u2019encourager les actions de dialogue interculturel entre les deux rives de la [&hellip;]","og_url":"https:\/\/www.eumedbridge.eu\/fr\/news\/appel-a-participation-alfinmotion-deuxieme-edition\/","og_site_name":"Voisins de l'UE","article_publisher":"https:\/\/www.facebook.com\/eumedbridge\/","og_image":[{"width":1800,"height":1013,"url":"https:\/\/www.eumedbridge.eu\/wp-content\/uploads\/2023\/04\/ALFinMOTION_Call_Second_Edition.jpg","type":"image\/jpeg"}],"twitter_card":"summary_large_image","twitter_site":"@eumedbridge","twitter_misc":{"Dur\u00e9e de lecture estim\u00e9e":"1 minute"},"schema":{"@context":"https:\/\/schema.org","@graph":[{"@type":"WebPage","@id":"https:\/\/www.eumedbridge.eu\/fr\/news\/appel-a-participation-alfinmotion-deuxieme-edition\/","url":"https:\/\/www.eumedbridge.eu\/fr\/news\/appel-a-participation-alfinmotion-deuxieme-edition\/","name":"Appel \u00e0 participation \u2013 ALFinMOTION, deuxi\u00e8me \u00e9dition - Voisins de l'UE","isPartOf":{"@id":"https:\/\/www.eumedbridge.eu\/#website"},"primaryImageOfPage":{"@id":"https:\/\/www.eumedbridge.eu\/fr\/news\/appel-a-participation-alfinmotion-deuxieme-edition\/#primaryimage"},"image":{"@id":"https:\/\/www.eumedbridge.eu\/fr\/news\/appel-a-participation-alfinmotion-deuxieme-edition\/#primaryimage"},"thumbnailUrl":"https:\/\/www.eumedbridge.eu\/wp-content\/uploads\/2023\/04\/ALFinMOTION_Call_Second_Edition.jpg","datePublished":"2023-04-04T16:55:38+00:00","breadcrumb":{"@id":"https:\/\/www.eumedbridge.eu\/fr\/news\/appel-a-participation-alfinmotion-deuxieme-edition\/#breadcrumb"},"inLanguage":"fr-FR","potentialAction":[{"@type":"ReadAction","target":["https:\/\/www.eumedbridge.eu\/fr\/news\/appel-a-participation-alfinmotion-deuxieme-edition\/"]}]},{"@type":"ImageObject","inLanguage":"fr-FR","@id":"https:\/\/www.eumedbridge.eu\/fr\/news\/appel-a-participation-alfinmotion-deuxieme-edition\/#primaryimage","url":"https:\/\/www.eumedbridge.eu\/wp-content\/uploads\/2023\/04\/ALFinMOTION_Call_Second_Edition.jpg","contentUrl":"https:\/\/www.eumedbridge.eu\/wp-content\/uploads\/2023\/04\/ALFinMOTION_Call_Second_Edition.jpg","width":1800,"height":1013},{"@type":"BreadcrumbList","@id":"https:\/\/www.eumedbridge.eu\/fr\/news\/appel-a-participation-alfinmotion-deuxieme-edition\/#breadcrumb","itemListElement":[{"@type":"ListItem","position":1,"name":"Home","item":"https:\/\/www.eumedbridge.eu\/fr\/home-page\/"},{"@type":"ListItem","position":2,"name":"Actualit\u00e9s","item":"https:\/\/www.eumedbridge.eu\/fr\/news\/"},{"@type":"ListItem","position":3,"name":"Appel \u00e0 participation \u2013 ALFinMOTION, deuxi\u00e8me \u00e9dition"}]},{"@type":"WebSite","@id":"https:\/\/www.eumedbridge.eu\/#website","url":"https:\/\/www.eumedbridge.eu\/","name":"EU Medbridge","description":"","publisher":{"@id":"https:\/\/www.eumedbridge.eu\/#organization"},"potentialAction":[{"@type":"SearchAction","target":{"@type":"EntryPoint","urlTemplate":"https:\/\/www.eumedbridge.eu\/?s={search_term_string}"},"query-input":{"@type":"PropertyValueSpecification","valueRequired":true,"valueName":"search_term_string"}}],"inLanguage":"fr-FR"},{"@type":"Organization","@id":"https:\/\/www.eumedbridge.eu\/#organization","name":"EU Medbridge","url":"https:\/\/www.eumedbridge.eu\/","logo":{"@type":"ImageObject","inLanguage":"fr-FR","@id":"https:\/\/www.eumedbridge.eu\/#\/schema\/logo\/image\/","url":"https:\/\/www.eumedbridge.eu\/wp-content\/uploads\/2021\/12\/Logo.png","contentUrl":"https:\/\/www.eumedbridge.eu\/wp-content\/uploads\/2021\/12\/Logo.png","width":325,"height":114,"caption":"EU Medbridge"},"image":{"@id":"https:\/\/www.eumedbridge.eu\/#\/schema\/logo\/image\/"},"sameAs":["https:\/\/www.facebook.com\/eumedbridge\/","https:\/\/x.com\/eumedbridge","https:\/\/www.linkedin.com\/company\/eumedbridge","https:\/\/www.youtube.com\/@eumedbridge","https:\/\/www.instagram.com\/eumedbridge","https:\/\/www.flickr.com\/photos\/euneighbours-south\/"]}]}},"_links":{"self":[{"href":"https:\/\/www.eumedbridge.eu\/fr\/wp-json\/wp\/v2\/news\/214011","targetHints":{"allow":["GET"]}}],"collection":[{"href":"https:\/\/www.eumedbridge.eu\/fr\/wp-json\/wp\/v2\/news"}],"about":[{"href":"https:\/\/www.eumedbridge.eu\/fr\/wp-json\/wp\/v2\/types\/news"}],"wp:featuredmedia":[{"embeddable":true,"href":"https:\/\/www.eumedbridge.eu\/fr\/wp-json\/wp\/v2\/media\/213954"}],"wp:attachment":[{"href":"https:\/\/www.eumedbridge.eu\/fr\/wp-json\/wp\/v2\/media?parent=214011"}],"wp:term":[{"taxonomy":"news_category","embeddable":true,"href":"https:\/\/www.eumedbridge.eu\/fr\/wp-json\/wp\/v2\/news_category?post=214011"},{"taxonomy":"country","embeddable":true,"href":"https:\/\/www.eumedbridge.eu\/fr\/wp-json\/wp\/v2\/country?post=214011"},{"taxonomy":"special_action","embeddable":true,"href":"https:\/\/www.eumedbridge.eu\/fr\/wp-json\/wp\/v2\/special_action?post=214011"},{"taxonomy":"custom_tag","embeddable":true,"href":"https:\/\/www.eumedbridge.eu\/fr\/wp-json\/wp\/v2\/custom_tag?post=214011"}],"curies":[{"name":"wp","href":"https:\/\/api.w.org\/{rel}","templated":true}]}}