{"id":214046,"date":"2023-04-06T00:31:07","date_gmt":"2023-04-05T21:31:07","guid":{"rendered":"https:\/\/eumedbridge.eu\/?post_type=news&#038;p=214046"},"modified":"2023-04-06T00:31:07","modified_gmt":"2023-04-05T21:31:07","slug":"encourager-lengagement-et-la-gestion-responsable-du-secteur-prive-dans-leconomie-bleue-mediterraneenne","status":"publish","type":"news","link":"https:\/\/www.eumedbridge.eu\/fr\/news\/encourager-lengagement-et-la-gestion-responsable-du-secteur-prive-dans-leconomie-bleue-mediterraneenne\/","title":{"rendered":"Encourager l\u2019engagement et la gestion responsable du secteur priv\u00e9 dans l\u2019\u00e9conomie bleue m\u00e9diterran\u00e9enne"},"content":{"rendered":"<p>En \u00e9troite coordination avec la copr\u00e9sidence de l\u2019UpM, assur\u00e9e par l\u2019Union europ\u00e9enne (DG MARE) et la Jordanie, l\u2019<a href=\"https:\/\/ufmsecretariat.org\/wp-content\/uploads\/2021\/02\/Declaration-UfM-Blue-Economy-FR-1.pdf\"><strong>Union pour la M\u00e9diterran\u00e9e<\/strong><\/a> (UpM) et le <a href=\"https:\/\/www.oceancouncil.org\/\"><strong>Conseil mondial des oc\u00e9ans<\/strong><\/a> ont sign\u00e9 un protocole d\u2019accord dans le cadre de la d\u00e9claration minist\u00e9rielle de l\u2019UpM de\u00a02021 sur l\u2019\u00e9conomie bleue durable et de la feuille de route pour sa mise en \u0153uvre, ainsi que de l\u2019<a href=\"https:\/\/westmed-initiative.ec.europa.eu\/?lang=fr\">initiative WestMED<\/a> soutenue par l\u2019UpM et la <strong>Commission europ\u00e9enne<\/strong>. Sur la base de l\u2019exp\u00e9rience acquise gr\u00e2ce aux strat\u00e9gies relatives aux bassins maritimes et aux strat\u00e9gies macror\u00e9gionales, l\u2019initiative WestMED a \u00e9t\u00e9 adopt\u00e9e par la Commission europ\u00e9enne et approuv\u00e9e par le Conseil de l\u2019Union europ\u00e9enne en\u00a02017.<\/p>\n<p>&nbsp;<\/p>\n<p>Le protocole d\u2019accord d\u00e9taille les principaux axes de collaboration pour promouvoir la coop\u00e9ration, le ferme engagement, la bonne gestion et la responsabilit\u00e9 des entreprises et des communaut\u00e9s d\u2019investissement dans les secteurs et les activit\u00e9s maritimes et marines dans la r\u00e9gion m\u00e9diterran\u00e9enne. La coop\u00e9ration strat\u00e9gique sera ax\u00e9e, entre autres, sur le d\u00e9veloppement des entreprises et de l\u2019entrepreneuriat dans l\u2019\u00e9conomie bleue\u00a0; les comp\u00e9tences bleues, les carri\u00e8res, les emplois et l\u2019employabilit\u00e9 dans les secteurs d\u2019activit\u00e9 de l\u2019\u00e9conomie bleue m\u00e9diterran\u00e9enne\u00a0; les investissements durables dans l\u2019\u00e9conomie bleue\u00a0; et le processus de financement de l\u2019\u00e9conomie bleue dans la r\u00e9gion m\u00e9diterran\u00e9enne.<\/p>\n<p>&nbsp;<\/p>\n<p>Jouant un r\u00f4le moteur dans cette r\u00e9gion, l\u2019\u00e9conomie bleue durable pr\u00e9sente un fort potentiel pour stimuler le d\u00e9veloppement durable des secteurs maritimes traditionnels et \u00e9mergents, soutenir les moyens de subsistance en cr\u00e9ant de nouveaux emplois \u00ab\u00a0bleus\u00a0\u00bb de qualit\u00e9 dans toute la r\u00e9gion, lutter contre le changement climatique et prot\u00e9ger la sant\u00e9 des \u00e9cosyst\u00e8mes marins et c\u00f4tiers tout en pr\u00e9servant les services environnementaux cruciaux qu\u2019ils fournissent.<\/p>\n","protected":false},"featured_media":213989,"parent":0,"template":"","news_category":[],"country":[1956],"special_action":[],"custom_tag":[2312,1884],"class_list":["post-214046","news","type-news","status-publish","has-post-thumbnail","hentry","country-region-sud","custom_tag-developpement-durable","custom_tag-environnement-et-changement-climatique"],"acf":[],"yoast_head":"<!-- This site is optimized with the Yoast SEO plugin v26.5 - https:\/\/yoast.com\/wordpress\/plugins\/seo\/ -->\n<title>Encourager l\u2019engagement et la gestion responsable du secteur priv\u00e9 dans l\u2019\u00e9conomie bleue m\u00e9diterran\u00e9enne - Voisins de l&#039;UE<\/title>\n<meta name=\"robots\" content=\"index, follow, max-snippet:-1, max-image-preview:large, max-video-preview:-1\" \/>\n<link rel=\"canonical\" href=\"https:\/\/www.eumedbridge.eu\/fr\/news\/encourager-lengagement-et-la-gestion-responsable-du-secteur-prive-dans-leconomie-bleue-mediterraneenne\/\" \/>\n<meta property=\"og:locale\" content=\"fr_FR\" \/>\n<meta property=\"og:type\" content=\"article\" \/>\n<meta property=\"og:title\" content=\"Encourager l\u2019engagement et la gestion responsable du secteur priv\u00e9 dans l\u2019\u00e9conomie bleue m\u00e9diterran\u00e9enne - Voisins de l&#039;UE\" \/>\n<meta property=\"og:description\" content=\"En \u00e9troite coordination avec la copr\u00e9sidence de l\u2019UpM, assur\u00e9e par l\u2019Union europ\u00e9enne (DG MARE) et la Jordanie, l\u2019Union pour la M\u00e9diterran\u00e9e (UpM) et le Conseil mondial des oc\u00e9ans ont sign\u00e9 un protocole d\u2019accord dans le cadre de la d\u00e9claration minist\u00e9rielle de l\u2019UpM de\u00a02021 sur l\u2019\u00e9conomie bleue durable et de la feuille de route pour sa [&hellip;]\" \/>\n<meta property=\"og:url\" content=\"https:\/\/www.eumedbridge.eu\/fr\/news\/encourager-lengagement-et-la-gestion-responsable-du-secteur-prive-dans-leconomie-bleue-mediterraneenne\/\" \/>\n<meta property=\"og:site_name\" content=\"Voisins de l&#039;UE\" \/>\n<meta property=\"article:publisher\" content=\"https:\/\/www.facebook.com\/eumedbridge\/\" \/>\n<meta property=\"og:image\" content=\"https:\/\/www.eumedbridge.eu\/wp-content\/uploads\/2023\/04\/DSC_6114-copy-1024x385-1.jpg\" \/>\n\t<meta property=\"og:image:width\" content=\"1024\" \/>\n\t<meta property=\"og:image:height\" content=\"385\" \/>\n\t<meta property=\"og:image:type\" content=\"image\/jpeg\" \/>\n<meta name=\"twitter:card\" content=\"summary_large_image\" \/>\n<meta name=\"twitter:site\" content=\"@eumedbridge\" \/>\n<meta name=\"twitter:label1\" content=\"Dur\u00e9e de lecture estim\u00e9e\" \/>\n\t<meta name=\"twitter:data1\" content=\"2 minutes\" \/>\n<script type=\"application\/ld+json\" class=\"yoast-schema-graph\">{\"@context\":\"https:\/\/schema.org\",\"@graph\":[{\"@type\":\"WebPage\",\"@id\":\"https:\/\/www.eumedbridge.eu\/fr\/news\/encourager-lengagement-et-la-gestion-responsable-du-secteur-prive-dans-leconomie-bleue-mediterraneenne\/\",\"url\":\"https:\/\/www.eumedbridge.eu\/fr\/news\/encourager-lengagement-et-la-gestion-responsable-du-secteur-prive-dans-leconomie-bleue-mediterraneenne\/\",\"name\":\"Encourager l\u2019engagement et la gestion responsable du secteur priv\u00e9 dans l\u2019\u00e9conomie bleue m\u00e9diterran\u00e9enne - Voisins de l'UE\",\"isPartOf\":{\"@id\":\"https:\/\/www.eumedbridge.eu\/#website\"},\"primaryImageOfPage\":{\"@id\":\"https:\/\/www.eumedbridge.eu\/fr\/news\/encourager-lengagement-et-la-gestion-responsable-du-secteur-prive-dans-leconomie-bleue-mediterraneenne\/#primaryimage\"},\"image\":{\"@id\":\"https:\/\/www.eumedbridge.eu\/fr\/news\/encourager-lengagement-et-la-gestion-responsable-du-secteur-prive-dans-leconomie-bleue-mediterraneenne\/#primaryimage\"},\"thumbnailUrl\":\"https:\/\/www.eumedbridge.eu\/wp-content\/uploads\/2023\/04\/DSC_6114-copy-1024x385-1.jpg\",\"datePublished\":\"2023-04-05T21:31:07+00:00\",\"breadcrumb\":{\"@id\":\"https:\/\/www.eumedbridge.eu\/fr\/news\/encourager-lengagement-et-la-gestion-responsable-du-secteur-prive-dans-leconomie-bleue-mediterraneenne\/#breadcrumb\"},\"inLanguage\":\"fr-FR\",\"potentialAction\":[{\"@type\":\"ReadAction\",\"target\":[\"https:\/\/www.eumedbridge.eu\/fr\/news\/encourager-lengagement-et-la-gestion-responsable-du-secteur-prive-dans-leconomie-bleue-mediterraneenne\/\"]}]},{\"@type\":\"ImageObject\",\"inLanguage\":\"fr-FR\",\"@id\":\"https:\/\/www.eumedbridge.eu\/fr\/news\/encourager-lengagement-et-la-gestion-responsable-du-secteur-prive-dans-leconomie-bleue-mediterraneenne\/#primaryimage\",\"url\":\"https:\/\/www.eumedbridge.eu\/wp-content\/uploads\/2023\/04\/DSC_6114-copy-1024x385-1.jpg\",\"contentUrl\":\"https:\/\/www.eumedbridge.eu\/wp-content\/uploads\/2023\/04\/DSC_6114-copy-1024x385-1.jpg\",\"width\":1024,\"height\":385},{\"@type\":\"BreadcrumbList\",\"@id\":\"https:\/\/www.eumedbridge.eu\/fr\/news\/encourager-lengagement-et-la-gestion-responsable-du-secteur-prive-dans-leconomie-bleue-mediterraneenne\/#breadcrumb\",\"itemListElement\":[{\"@type\":\"ListItem\",\"position\":1,\"name\":\"Home\",\"item\":\"https:\/\/www.eumedbridge.eu\/fr\/home-page\/\"},{\"@type\":\"ListItem\",\"position\":2,\"name\":\"Actualit\u00e9s\",\"item\":\"https:\/\/www.eumedbridge.eu\/fr\/news\/\"},{\"@type\":\"ListItem\",\"position\":3,\"name\":\"Encourager l\u2019engagement et la gestion responsable du secteur priv\u00e9 dans l\u2019\u00e9conomie bleue m\u00e9diterran\u00e9enne\"}]},{\"@type\":\"WebSite\",\"@id\":\"https:\/\/www.eumedbridge.eu\/#website\",\"url\":\"https:\/\/www.eumedbridge.eu\/\",\"name\":\"EU Medbridge\",\"description\":\"\",\"publisher\":{\"@id\":\"https:\/\/www.eumedbridge.eu\/#organization\"},\"potentialAction\":[{\"@type\":\"SearchAction\",\"target\":{\"@type\":\"EntryPoint\",\"urlTemplate\":\"https:\/\/www.eumedbridge.eu\/?s={search_term_string}\"},\"query-input\":{\"@type\":\"PropertyValueSpecification\",\"valueRequired\":true,\"valueName\":\"search_term_string\"}}],\"inLanguage\":\"fr-FR\"},{\"@type\":\"Organization\",\"@id\":\"https:\/\/www.eumedbridge.eu\/#organization\",\"name\":\"EU Medbridge\",\"url\":\"https:\/\/www.eumedbridge.eu\/\",\"logo\":{\"@type\":\"ImageObject\",\"inLanguage\":\"fr-FR\",\"@id\":\"https:\/\/www.eumedbridge.eu\/#\/schema\/logo\/image\/\",\"url\":\"https:\/\/www.eumedbridge.eu\/wp-content\/uploads\/2021\/12\/Logo.png\",\"contentUrl\":\"https:\/\/www.eumedbridge.eu\/wp-content\/uploads\/2021\/12\/Logo.png\",\"width\":325,\"height\":114,\"caption\":\"EU Medbridge\"},\"image\":{\"@id\":\"https:\/\/www.eumedbridge.eu\/#\/schema\/logo\/image\/\"},\"sameAs\":[\"https:\/\/www.facebook.com\/eumedbridge\/\",\"https:\/\/x.com\/eumedbridge\",\"https:\/\/www.linkedin.com\/company\/eumedbridge\",\"https:\/\/www.youtube.com\/@eumedbridge\",\"https:\/\/www.instagram.com\/eumedbridge\",\"https:\/\/www.flickr.com\/photos\/euneighbours-south\/\"]}]}<\/script>\n<!-- \/ Yoast SEO plugin. -->","yoast_head_json":{"title":"Encourager l\u2019engagement et la gestion responsable du secteur priv\u00e9 dans l\u2019\u00e9conomie bleue m\u00e9diterran\u00e9enne - Voisins de l'UE","robots":{"index":"index","follow":"follow","max-snippet":"max-snippet:-1","max-image-preview":"max-image-preview:large","max-video-preview":"max-video-preview:-1"},"canonical":"https:\/\/www.eumedbridge.eu\/fr\/news\/encourager-lengagement-et-la-gestion-responsable-du-secteur-prive-dans-leconomie-bleue-mediterraneenne\/","og_locale":"fr_FR","og_type":"article","og_title":"Encourager l\u2019engagement et la gestion responsable du secteur priv\u00e9 dans l\u2019\u00e9conomie bleue m\u00e9diterran\u00e9enne - Voisins de l'UE","og_description":"En \u00e9troite coordination avec la copr\u00e9sidence de l\u2019UpM, assur\u00e9e par l\u2019Union europ\u00e9enne (DG MARE) et la Jordanie, l\u2019Union pour la M\u00e9diterran\u00e9e (UpM) et le Conseil mondial des oc\u00e9ans ont sign\u00e9 un protocole d\u2019accord dans le cadre de la d\u00e9claration minist\u00e9rielle de l\u2019UpM de\u00a02021 sur l\u2019\u00e9conomie bleue durable et de la feuille de route pour sa [&hellip;]","og_url":"https:\/\/www.eumedbridge.eu\/fr\/news\/encourager-lengagement-et-la-gestion-responsable-du-secteur-prive-dans-leconomie-bleue-mediterraneenne\/","og_site_name":"Voisins de l'UE","article_publisher":"https:\/\/www.facebook.com\/eumedbridge\/","og_image":[{"width":1024,"height":385,"url":"https:\/\/www.eumedbridge.eu\/wp-content\/uploads\/2023\/04\/DSC_6114-copy-1024x385-1.jpg","type":"image\/jpeg"}],"twitter_card":"summary_large_image","twitter_site":"@eumedbridge","twitter_misc":{"Dur\u00e9e de lecture estim\u00e9e":"2 minutes"},"schema":{"@context":"https:\/\/schema.org","@graph":[{"@type":"WebPage","@id":"https:\/\/www.eumedbridge.eu\/fr\/news\/encourager-lengagement-et-la-gestion-responsable-du-secteur-prive-dans-leconomie-bleue-mediterraneenne\/","url":"https:\/\/www.eumedbridge.eu\/fr\/news\/encourager-lengagement-et-la-gestion-responsable-du-secteur-prive-dans-leconomie-bleue-mediterraneenne\/","name":"Encourager l\u2019engagement et la gestion responsable du secteur priv\u00e9 dans l\u2019\u00e9conomie bleue m\u00e9diterran\u00e9enne - Voisins de l'UE","isPartOf":{"@id":"https:\/\/www.eumedbridge.eu\/#website"},"primaryImageOfPage":{"@id":"https:\/\/www.eumedbridge.eu\/fr\/news\/encourager-lengagement-et-la-gestion-responsable-du-secteur-prive-dans-leconomie-bleue-mediterraneenne\/#primaryimage"},"image":{"@id":"https:\/\/www.eumedbridge.eu\/fr\/news\/encourager-lengagement-et-la-gestion-responsable-du-secteur-prive-dans-leconomie-bleue-mediterraneenne\/#primaryimage"},"thumbnailUrl":"https:\/\/www.eumedbridge.eu\/wp-content\/uploads\/2023\/04\/DSC_6114-copy-1024x385-1.jpg","datePublished":"2023-04-05T21:31:07+00:00","breadcrumb":{"@id":"https:\/\/www.eumedbridge.eu\/fr\/news\/encourager-lengagement-et-la-gestion-responsable-du-secteur-prive-dans-leconomie-bleue-mediterraneenne\/#breadcrumb"},"inLanguage":"fr-FR","potentialAction":[{"@type":"ReadAction","target":["https:\/\/www.eumedbridge.eu\/fr\/news\/encourager-lengagement-et-la-gestion-responsable-du-secteur-prive-dans-leconomie-bleue-mediterraneenne\/"]}]},{"@type":"ImageObject","inLanguage":"fr-FR","@id":"https:\/\/www.eumedbridge.eu\/fr\/news\/encourager-lengagement-et-la-gestion-responsable-du-secteur-prive-dans-leconomie-bleue-mediterraneenne\/#primaryimage","url":"https:\/\/www.eumedbridge.eu\/wp-content\/uploads\/2023\/04\/DSC_6114-copy-1024x385-1.jpg","contentUrl":"https:\/\/www.eumedbridge.eu\/wp-content\/uploads\/2023\/04\/DSC_6114-copy-1024x385-1.jpg","width":1024,"height":385},{"@type":"BreadcrumbList","@id":"https:\/\/www.eumedbridge.eu\/fr\/news\/encourager-lengagement-et-la-gestion-responsable-du-secteur-prive-dans-leconomie-bleue-mediterraneenne\/#breadcrumb","itemListElement":[{"@type":"ListItem","position":1,"name":"Home","item":"https:\/\/www.eumedbridge.eu\/fr\/home-page\/"},{"@type":"ListItem","position":2,"name":"Actualit\u00e9s","item":"https:\/\/www.eumedbridge.eu\/fr\/news\/"},{"@type":"ListItem","position":3,"name":"Encourager l\u2019engagement et la gestion responsable du secteur priv\u00e9 dans l\u2019\u00e9conomie bleue m\u00e9diterran\u00e9enne"}]},{"@type":"WebSite","@id":"https:\/\/www.eumedbridge.eu\/#website","url":"https:\/\/www.eumedbridge.eu\/","name":"EU Medbridge","description":"","publisher":{"@id":"https:\/\/www.eumedbridge.eu\/#organization"},"potentialAction":[{"@type":"SearchAction","target":{"@type":"EntryPoint","urlTemplate":"https:\/\/www.eumedbridge.eu\/?s={search_term_string}"},"query-input":{"@type":"PropertyValueSpecification","valueRequired":true,"valueName":"search_term_string"}}],"inLanguage":"fr-FR"},{"@type":"Organization","@id":"https:\/\/www.eumedbridge.eu\/#organization","name":"EU Medbridge","url":"https:\/\/www.eumedbridge.eu\/","logo":{"@type":"ImageObject","inLanguage":"fr-FR","@id":"https:\/\/www.eumedbridge.eu\/#\/schema\/logo\/image\/","url":"https:\/\/www.eumedbridge.eu\/wp-content\/uploads\/2021\/12\/Logo.png","contentUrl":"https:\/\/www.eumedbridge.eu\/wp-content\/uploads\/2021\/12\/Logo.png","width":325,"height":114,"caption":"EU Medbridge"},"image":{"@id":"https:\/\/www.eumedbridge.eu\/#\/schema\/logo\/image\/"},"sameAs":["https:\/\/www.facebook.com\/eumedbridge\/","https:\/\/x.com\/eumedbridge","https:\/\/www.linkedin.com\/company\/eumedbridge","https:\/\/www.youtube.com\/@eumedbridge","https:\/\/www.instagram.com\/eumedbridge","https:\/\/www.flickr.com\/photos\/euneighbours-south\/"]}]}},"_links":{"self":[{"href":"https:\/\/www.eumedbridge.eu\/fr\/wp-json\/wp\/v2\/news\/214046","targetHints":{"allow":["GET"]}}],"collection":[{"href":"https:\/\/www.eumedbridge.eu\/fr\/wp-json\/wp\/v2\/news"}],"about":[{"href":"https:\/\/www.eumedbridge.eu\/fr\/wp-json\/wp\/v2\/types\/news"}],"wp:featuredmedia":[{"embeddable":true,"href":"https:\/\/www.eumedbridge.eu\/fr\/wp-json\/wp\/v2\/media\/213989"}],"wp:attachment":[{"href":"https:\/\/www.eumedbridge.eu\/fr\/wp-json\/wp\/v2\/media?parent=214046"}],"wp:term":[{"taxonomy":"news_category","embeddable":true,"href":"https:\/\/www.eumedbridge.eu\/fr\/wp-json\/wp\/v2\/news_category?post=214046"},{"taxonomy":"country","embeddable":true,"href":"https:\/\/www.eumedbridge.eu\/fr\/wp-json\/wp\/v2\/country?post=214046"},{"taxonomy":"special_action","embeddable":true,"href":"https:\/\/www.eumedbridge.eu\/fr\/wp-json\/wp\/v2\/special_action?post=214046"},{"taxonomy":"custom_tag","embeddable":true,"href":"https:\/\/www.eumedbridge.eu\/fr\/wp-json\/wp\/v2\/custom_tag?post=214046"}],"curies":[{"name":"wp","href":"https:\/\/api.w.org\/{rel}","templated":true}]}}