{"id":214995,"date":"2023-05-11T10:42:30","date_gmt":"2023-05-11T07:42:30","guid":{"rendered":"https:\/\/eumedbridge.eu\/?post_type=news&#038;p=214995"},"modified":"2023-05-11T10:42:30","modified_gmt":"2023-05-11T07:42:30","slug":"tunisie-declaration-de-la-porte-parole-sur-lattaque-a-la-synagogue-de-la-ghriba-a-djerba","status":"publish","type":"news","link":"https:\/\/www.eumedbridge.eu\/fr\/news\/tunisie-declaration-de-la-porte-parole-sur-lattaque-a-la-synagogue-de-la-ghriba-a-djerba\/","title":{"rendered":"Tunisie: D\u00e9claration de la porte-parole sur l\u2019attaque \u00e0 la synagogue de La Ghriba \u00e0 Djerba"},"content":{"rendered":"<p>L\u2019<strong>Union europ\u00e9enne<\/strong> a appris avec une profonde tristesse l\u2019attaque \u00e0 la synagogue de La Ghriba \u00e0 Djerba \u00a0lors du dernier jour du p\u00e8lerinage, qui a co\u00fbt\u00e9 la vie \u00e0 quatre personnes, dont un ressortissant fran\u00e7ais.<\/p>\n<p>L\u2019UE exprime ses sinc\u00e8res condol\u00e9ances et sa solidarit\u00e9 aux familles et aux proches des victimes ainsi qu\u2019\u00e0 toute la Tunisie.<\/p>\n<p>L\u2019Union europ\u00e9enne se tient aux c\u00f4t\u00e9s de la Tunisie en ce moment difficile.<\/p>\n","protected":false},"featured_media":209210,"parent":0,"template":"","news_category":[],"country":[1955],"special_action":[],"custom_tag":[1874,2313],"class_list":["post-214995","news","type-news","status-publish","has-post-thumbnail","hentry","country-tunisie","custom_tag-culture-fr","custom_tag-droit-de-lhomme"],"acf":[],"yoast_head":"<!-- This site is optimized with the Yoast SEO plugin v26.5 - https:\/\/yoast.com\/wordpress\/plugins\/seo\/ -->\n<title>Tunisie: D\u00e9claration de la porte-parole sur l\u2019attaque \u00e0 la synagogue de La Ghriba \u00e0 Djerba - Voisins de l&#039;UE<\/title>\n<meta name=\"robots\" content=\"index, follow, max-snippet:-1, max-image-preview:large, max-video-preview:-1\" \/>\n<link rel=\"canonical\" href=\"https:\/\/www.eumedbridge.eu\/fr\/news\/tunisie-declaration-de-la-porte-parole-sur-lattaque-a-la-synagogue-de-la-ghriba-a-djerba\/\" \/>\n<meta property=\"og:locale\" content=\"fr_FR\" \/>\n<meta property=\"og:type\" content=\"article\" \/>\n<meta property=\"og:title\" content=\"Tunisie: D\u00e9claration de la porte-parole sur l\u2019attaque \u00e0 la synagogue de La Ghriba \u00e0 Djerba - Voisins de l&#039;UE\" \/>\n<meta property=\"og:description\" content=\"L\u2019Union europ\u00e9enne a appris avec une profonde tristesse l\u2019attaque \u00e0 la synagogue de La Ghriba \u00e0 Djerba \u00a0lors du dernier jour du p\u00e8lerinage, qui a co\u00fbt\u00e9 la vie \u00e0 quatre personnes, dont un ressortissant fran\u00e7ais. L\u2019UE exprime ses sinc\u00e8res condol\u00e9ances et sa solidarit\u00e9 aux familles et aux proches des victimes ainsi qu\u2019\u00e0 toute la Tunisie. [&hellip;]\" \/>\n<meta property=\"og:url\" content=\"https:\/\/www.eumedbridge.eu\/fr\/news\/tunisie-declaration-de-la-porte-parole-sur-lattaque-a-la-synagogue-de-la-ghriba-a-djerba\/\" \/>\n<meta property=\"og:site_name\" content=\"Voisins de l&#039;UE\" \/>\n<meta property=\"article:publisher\" content=\"https:\/\/www.facebook.com\/eumedbridge\/\" \/>\n<meta property=\"og:image\" content=\"https:\/\/www.eumedbridge.eu\/wp-content\/uploads\/2022\/10\/tun-eu.jpg\" \/>\n\t<meta property=\"og:image:width\" content=\"614\" \/>\n\t<meta property=\"og:image:height\" content=\"410\" \/>\n\t<meta property=\"og:image:type\" content=\"image\/jpeg\" \/>\n<meta name=\"twitter:card\" content=\"summary_large_image\" \/>\n<meta name=\"twitter:site\" content=\"@eumedbridge\" \/>\n<meta name=\"twitter:label1\" content=\"Dur\u00e9e de lecture estim\u00e9e\" \/>\n\t<meta name=\"twitter:data1\" content=\"1 minute\" \/>\n<script type=\"application\/ld+json\" class=\"yoast-schema-graph\">{\"@context\":\"https:\/\/schema.org\",\"@graph\":[{\"@type\":\"WebPage\",\"@id\":\"https:\/\/www.eumedbridge.eu\/fr\/news\/tunisie-declaration-de-la-porte-parole-sur-lattaque-a-la-synagogue-de-la-ghriba-a-djerba\/\",\"url\":\"https:\/\/www.eumedbridge.eu\/fr\/news\/tunisie-declaration-de-la-porte-parole-sur-lattaque-a-la-synagogue-de-la-ghriba-a-djerba\/\",\"name\":\"Tunisie: D\u00e9claration de la porte-parole sur l\u2019attaque \u00e0 la synagogue de La Ghriba \u00e0 Djerba - Voisins de l'UE\",\"isPartOf\":{\"@id\":\"https:\/\/www.eumedbridge.eu\/#website\"},\"primaryImageOfPage\":{\"@id\":\"https:\/\/www.eumedbridge.eu\/fr\/news\/tunisie-declaration-de-la-porte-parole-sur-lattaque-a-la-synagogue-de-la-ghriba-a-djerba\/#primaryimage\"},\"image\":{\"@id\":\"https:\/\/www.eumedbridge.eu\/fr\/news\/tunisie-declaration-de-la-porte-parole-sur-lattaque-a-la-synagogue-de-la-ghriba-a-djerba\/#primaryimage\"},\"thumbnailUrl\":\"https:\/\/www.eumedbridge.eu\/wp-content\/uploads\/2022\/10\/tun-eu.jpg\",\"datePublished\":\"2023-05-11T07:42:30+00:00\",\"breadcrumb\":{\"@id\":\"https:\/\/www.eumedbridge.eu\/fr\/news\/tunisie-declaration-de-la-porte-parole-sur-lattaque-a-la-synagogue-de-la-ghriba-a-djerba\/#breadcrumb\"},\"inLanguage\":\"fr-FR\",\"potentialAction\":[{\"@type\":\"ReadAction\",\"target\":[\"https:\/\/www.eumedbridge.eu\/fr\/news\/tunisie-declaration-de-la-porte-parole-sur-lattaque-a-la-synagogue-de-la-ghriba-a-djerba\/\"]}]},{\"@type\":\"ImageObject\",\"inLanguage\":\"fr-FR\",\"@id\":\"https:\/\/www.eumedbridge.eu\/fr\/news\/tunisie-declaration-de-la-porte-parole-sur-lattaque-a-la-synagogue-de-la-ghriba-a-djerba\/#primaryimage\",\"url\":\"https:\/\/www.eumedbridge.eu\/wp-content\/uploads\/2022\/10\/tun-eu.jpg\",\"contentUrl\":\"https:\/\/www.eumedbridge.eu\/wp-content\/uploads\/2022\/10\/tun-eu.jpg\",\"width\":614,\"height\":410},{\"@type\":\"BreadcrumbList\",\"@id\":\"https:\/\/www.eumedbridge.eu\/fr\/news\/tunisie-declaration-de-la-porte-parole-sur-lattaque-a-la-synagogue-de-la-ghriba-a-djerba\/#breadcrumb\",\"itemListElement\":[{\"@type\":\"ListItem\",\"position\":1,\"name\":\"Home\",\"item\":\"https:\/\/www.eumedbridge.eu\/fr\/home-page\/\"},{\"@type\":\"ListItem\",\"position\":2,\"name\":\"Actualit\u00e9s\",\"item\":\"https:\/\/www.eumedbridge.eu\/fr\/news\/\"},{\"@type\":\"ListItem\",\"position\":3,\"name\":\"Tunisie: D\u00e9claration de la porte-parole sur l\u2019attaque \u00e0 la synagogue de La Ghriba \u00e0 Djerba\"}]},{\"@type\":\"WebSite\",\"@id\":\"https:\/\/www.eumedbridge.eu\/#website\",\"url\":\"https:\/\/www.eumedbridge.eu\/\",\"name\":\"EU Medbridge\",\"description\":\"\",\"publisher\":{\"@id\":\"https:\/\/www.eumedbridge.eu\/#organization\"},\"potentialAction\":[{\"@type\":\"SearchAction\",\"target\":{\"@type\":\"EntryPoint\",\"urlTemplate\":\"https:\/\/www.eumedbridge.eu\/?s={search_term_string}\"},\"query-input\":{\"@type\":\"PropertyValueSpecification\",\"valueRequired\":true,\"valueName\":\"search_term_string\"}}],\"inLanguage\":\"fr-FR\"},{\"@type\":\"Organization\",\"@id\":\"https:\/\/www.eumedbridge.eu\/#organization\",\"name\":\"EU Medbridge\",\"url\":\"https:\/\/www.eumedbridge.eu\/\",\"logo\":{\"@type\":\"ImageObject\",\"inLanguage\":\"fr-FR\",\"@id\":\"https:\/\/www.eumedbridge.eu\/#\/schema\/logo\/image\/\",\"url\":\"https:\/\/www.eumedbridge.eu\/wp-content\/uploads\/2021\/12\/Logo.png\",\"contentUrl\":\"https:\/\/www.eumedbridge.eu\/wp-content\/uploads\/2021\/12\/Logo.png\",\"width\":325,\"height\":114,\"caption\":\"EU Medbridge\"},\"image\":{\"@id\":\"https:\/\/www.eumedbridge.eu\/#\/schema\/logo\/image\/\"},\"sameAs\":[\"https:\/\/www.facebook.com\/eumedbridge\/\",\"https:\/\/x.com\/eumedbridge\",\"https:\/\/www.linkedin.com\/company\/eumedbridge\",\"https:\/\/www.youtube.com\/@eumedbridge\",\"https:\/\/www.instagram.com\/eumedbridge\",\"https:\/\/www.flickr.com\/photos\/euneighbours-south\/\"]}]}<\/script>\n<!-- \/ Yoast SEO plugin. -->","yoast_head_json":{"title":"Tunisie: D\u00e9claration de la porte-parole sur l\u2019attaque \u00e0 la synagogue de La Ghriba \u00e0 Djerba - Voisins de l'UE","robots":{"index":"index","follow":"follow","max-snippet":"max-snippet:-1","max-image-preview":"max-image-preview:large","max-video-preview":"max-video-preview:-1"},"canonical":"https:\/\/www.eumedbridge.eu\/fr\/news\/tunisie-declaration-de-la-porte-parole-sur-lattaque-a-la-synagogue-de-la-ghriba-a-djerba\/","og_locale":"fr_FR","og_type":"article","og_title":"Tunisie: D\u00e9claration de la porte-parole sur l\u2019attaque \u00e0 la synagogue de La Ghriba \u00e0 Djerba - Voisins de l'UE","og_description":"L\u2019Union europ\u00e9enne a appris avec une profonde tristesse l\u2019attaque \u00e0 la synagogue de La Ghriba \u00e0 Djerba \u00a0lors du dernier jour du p\u00e8lerinage, qui a co\u00fbt\u00e9 la vie \u00e0 quatre personnes, dont un ressortissant fran\u00e7ais. L\u2019UE exprime ses sinc\u00e8res condol\u00e9ances et sa solidarit\u00e9 aux familles et aux proches des victimes ainsi qu\u2019\u00e0 toute la Tunisie. [&hellip;]","og_url":"https:\/\/www.eumedbridge.eu\/fr\/news\/tunisie-declaration-de-la-porte-parole-sur-lattaque-a-la-synagogue-de-la-ghriba-a-djerba\/","og_site_name":"Voisins de l'UE","article_publisher":"https:\/\/www.facebook.com\/eumedbridge\/","og_image":[{"width":614,"height":410,"url":"https:\/\/www.eumedbridge.eu\/wp-content\/uploads\/2022\/10\/tun-eu.jpg","type":"image\/jpeg"}],"twitter_card":"summary_large_image","twitter_site":"@eumedbridge","twitter_misc":{"Dur\u00e9e de lecture estim\u00e9e":"1 minute"},"schema":{"@context":"https:\/\/schema.org","@graph":[{"@type":"WebPage","@id":"https:\/\/www.eumedbridge.eu\/fr\/news\/tunisie-declaration-de-la-porte-parole-sur-lattaque-a-la-synagogue-de-la-ghriba-a-djerba\/","url":"https:\/\/www.eumedbridge.eu\/fr\/news\/tunisie-declaration-de-la-porte-parole-sur-lattaque-a-la-synagogue-de-la-ghriba-a-djerba\/","name":"Tunisie: D\u00e9claration de la porte-parole sur l\u2019attaque \u00e0 la synagogue de La Ghriba \u00e0 Djerba - Voisins de l'UE","isPartOf":{"@id":"https:\/\/www.eumedbridge.eu\/#website"},"primaryImageOfPage":{"@id":"https:\/\/www.eumedbridge.eu\/fr\/news\/tunisie-declaration-de-la-porte-parole-sur-lattaque-a-la-synagogue-de-la-ghriba-a-djerba\/#primaryimage"},"image":{"@id":"https:\/\/www.eumedbridge.eu\/fr\/news\/tunisie-declaration-de-la-porte-parole-sur-lattaque-a-la-synagogue-de-la-ghriba-a-djerba\/#primaryimage"},"thumbnailUrl":"https:\/\/www.eumedbridge.eu\/wp-content\/uploads\/2022\/10\/tun-eu.jpg","datePublished":"2023-05-11T07:42:30+00:00","breadcrumb":{"@id":"https:\/\/www.eumedbridge.eu\/fr\/news\/tunisie-declaration-de-la-porte-parole-sur-lattaque-a-la-synagogue-de-la-ghriba-a-djerba\/#breadcrumb"},"inLanguage":"fr-FR","potentialAction":[{"@type":"ReadAction","target":["https:\/\/www.eumedbridge.eu\/fr\/news\/tunisie-declaration-de-la-porte-parole-sur-lattaque-a-la-synagogue-de-la-ghriba-a-djerba\/"]}]},{"@type":"ImageObject","inLanguage":"fr-FR","@id":"https:\/\/www.eumedbridge.eu\/fr\/news\/tunisie-declaration-de-la-porte-parole-sur-lattaque-a-la-synagogue-de-la-ghriba-a-djerba\/#primaryimage","url":"https:\/\/www.eumedbridge.eu\/wp-content\/uploads\/2022\/10\/tun-eu.jpg","contentUrl":"https:\/\/www.eumedbridge.eu\/wp-content\/uploads\/2022\/10\/tun-eu.jpg","width":614,"height":410},{"@type":"BreadcrumbList","@id":"https:\/\/www.eumedbridge.eu\/fr\/news\/tunisie-declaration-de-la-porte-parole-sur-lattaque-a-la-synagogue-de-la-ghriba-a-djerba\/#breadcrumb","itemListElement":[{"@type":"ListItem","position":1,"name":"Home","item":"https:\/\/www.eumedbridge.eu\/fr\/home-page\/"},{"@type":"ListItem","position":2,"name":"Actualit\u00e9s","item":"https:\/\/www.eumedbridge.eu\/fr\/news\/"},{"@type":"ListItem","position":3,"name":"Tunisie: D\u00e9claration de la porte-parole sur l\u2019attaque \u00e0 la synagogue de La Ghriba \u00e0 Djerba"}]},{"@type":"WebSite","@id":"https:\/\/www.eumedbridge.eu\/#website","url":"https:\/\/www.eumedbridge.eu\/","name":"EU Medbridge","description":"","publisher":{"@id":"https:\/\/www.eumedbridge.eu\/#organization"},"potentialAction":[{"@type":"SearchAction","target":{"@type":"EntryPoint","urlTemplate":"https:\/\/www.eumedbridge.eu\/?s={search_term_string}"},"query-input":{"@type":"PropertyValueSpecification","valueRequired":true,"valueName":"search_term_string"}}],"inLanguage":"fr-FR"},{"@type":"Organization","@id":"https:\/\/www.eumedbridge.eu\/#organization","name":"EU Medbridge","url":"https:\/\/www.eumedbridge.eu\/","logo":{"@type":"ImageObject","inLanguage":"fr-FR","@id":"https:\/\/www.eumedbridge.eu\/#\/schema\/logo\/image\/","url":"https:\/\/www.eumedbridge.eu\/wp-content\/uploads\/2021\/12\/Logo.png","contentUrl":"https:\/\/www.eumedbridge.eu\/wp-content\/uploads\/2021\/12\/Logo.png","width":325,"height":114,"caption":"EU Medbridge"},"image":{"@id":"https:\/\/www.eumedbridge.eu\/#\/schema\/logo\/image\/"},"sameAs":["https:\/\/www.facebook.com\/eumedbridge\/","https:\/\/x.com\/eumedbridge","https:\/\/www.linkedin.com\/company\/eumedbridge","https:\/\/www.youtube.com\/@eumedbridge","https:\/\/www.instagram.com\/eumedbridge","https:\/\/www.flickr.com\/photos\/euneighbours-south\/"]}]}},"_links":{"self":[{"href":"https:\/\/www.eumedbridge.eu\/fr\/wp-json\/wp\/v2\/news\/214995","targetHints":{"allow":["GET"]}}],"collection":[{"href":"https:\/\/www.eumedbridge.eu\/fr\/wp-json\/wp\/v2\/news"}],"about":[{"href":"https:\/\/www.eumedbridge.eu\/fr\/wp-json\/wp\/v2\/types\/news"}],"wp:featuredmedia":[{"embeddable":true,"href":"https:\/\/www.eumedbridge.eu\/fr\/wp-json\/wp\/v2\/media\/209210"}],"wp:attachment":[{"href":"https:\/\/www.eumedbridge.eu\/fr\/wp-json\/wp\/v2\/media?parent=214995"}],"wp:term":[{"taxonomy":"news_category","embeddable":true,"href":"https:\/\/www.eumedbridge.eu\/fr\/wp-json\/wp\/v2\/news_category?post=214995"},{"taxonomy":"country","embeddable":true,"href":"https:\/\/www.eumedbridge.eu\/fr\/wp-json\/wp\/v2\/country?post=214995"},{"taxonomy":"special_action","embeddable":true,"href":"https:\/\/www.eumedbridge.eu\/fr\/wp-json\/wp\/v2\/special_action?post=214995"},{"taxonomy":"custom_tag","embeddable":true,"href":"https:\/\/www.eumedbridge.eu\/fr\/wp-json\/wp\/v2\/custom_tag?post=214995"}],"curies":[{"name":"wp","href":"https:\/\/api.w.org\/{rel}","templated":true}]}}