{"id":215349,"date":"2023-05-17T13:04:26","date_gmt":"2023-05-17T10:04:26","guid":{"rendered":"https:\/\/eumedbridge.eu\/?post_type=news&#038;p=215349"},"modified":"2023-05-17T13:04:26","modified_gmt":"2023-05-17T10:04:26","slug":"declaration-du-haut-representant-josep-borrell-au-nom-de-lunion-europeenne-a-loccasion-de-la-journee-internationale-contre-lhomophobie-la-transphobie-et-la-biphobie","status":"publish","type":"news","link":"https:\/\/www.eumedbridge.eu\/fr\/news\/declaration-du-haut-representant-josep-borrell-au-nom-de-lunion-europeenne-a-loccasion-de-la-journee-internationale-contre-lhomophobie-la-transphobie-et-la-biphobie\/","title":{"rendered":"D\u00e9claration du haut repr\u00e9sentant Josep Borrell, au nom de l&rsquo;Union europ\u00e9enne, \u00e0 l&rsquo;occasion de la Journ\u00e9e internationale contre l&rsquo;homophobie, la transphobie et la biphobie"},"content":{"rendered":"<p>\u00c0 l&rsquo;occasion de la Journ\u00e9e internationale contre l&rsquo;homophobie, la transphobie et la biphobie, l&rsquo;Union europ\u00e9enne rend hommage \u00e0 la diversit\u00e9 humaine dans toute sa richesse, et au droit de chaque personne humaine d&rsquo;\u00eatre fi\u00e8re de qui elle est, de d\u00e9finir sa propre identit\u00e9 et d&rsquo;aimer la personne de son choix.<\/p>\n<p>&nbsp;<\/p>\n<p>Alors que le monde a l&rsquo;attention fix\u00e9e sur les efforts d\u00e9ploy\u00e9s pour contenir la pand\u00e9mie de COVID-19, nous rappelons et soulignons les difficult\u00e9s particuli\u00e8res rencontr\u00e9es par les personnes lesbiennes, gays, bisexuelles, transgenres et intersexu\u00e9es (LGBTI) dans de nombreuses parties du monde. Elles se heurtent souvent \u00e0 une stigmatisation, \u00e0 des discriminations et \u00e0 des restrictions d&rsquo;acc\u00e8s aux services de sant\u00e9 en raison de lois discriminatoires et d&rsquo;attitudes sociales n\u00e9gatives. Pour de nombreuses personnes LGBTI, l&rsquo;absence de soutien de la part de leur famille ou de la collectivit\u00e9 les rend plus vuln\u00e9rables \u00e0 la violence, au ch\u00f4mage, \u00e0 la pauvret\u00e9 et au sans-abrisme. Nous saluons la d\u00e9claration de la Haute-Commissaire aux droits de l&rsquo;homme sur les mesures cibl\u00e9es n\u00e9cessaires pour prot\u00e9ger les personnes LGBTI durant la pand\u00e9mie, et nous soulignons l&rsquo;importance de travailler main dans la main avec les communaut\u00e9s LGBTI lors de l&rsquo;\u00e9laboration et de la mise en \u0153uvre des strat\u00e9gies nationales de lutte contre la pand\u00e9mie.<\/p>\n<p>&nbsp;<\/p>\n<p>Il est inacceptable que partout dans le monde, des violations et des manquements au regard des droits de l&rsquo;homme continuent de se produire impun\u00e9ment, sur la base d&rsquo;une orientation sexuelle ou identit\u00e9 de genre r\u00e9elle ou suppos\u00e9e. L&rsquo;incrimination de l&rsquo;orientation sexuelle et la non-reconnaissance des identit\u00e9s transgenres et intersexu\u00e9es conduisent \u00e0 une stigmatisation et \u00e0 une marginalisation des personnes LGBTI, ce qui multiplie les difficult\u00e9s auxquelles elles font face pour acc\u00e9der librement aux services de sant\u00e9. Les personnes LGBTI sont \u00e9galement victimes de violences et d&rsquo;abus, alors que l&rsquo;on assiste \u00e0 une recrudescence des violences domestiques durant le confinement. Aujourd&rsquo;hui, plus que jamais, il est temps pour la communaut\u00e9 internationale de r\u00e9affirmer ses engagements \u00e0 lutter contre toutes les formes de violence, de discrimination, de discours de haine et de crime de haine \u00e0 l&rsquo;encontre des personnes LGBTI en raison de leur orientation sexuelle, de leur identit\u00e9 de genre ou pour tout autre motif.<\/p>\n<p>&nbsp;<\/p>\n<p>L&rsquo;UE est fermement r\u00e9solue \u00e0 lutter contre l&rsquo;impunit\u00e9 dans les cas de violation des droits de l&rsquo;homme, de discrimination et d&rsquo;abus dont font l&rsquo;objet les personnes LGBTI de par le monde. Avec le lancement par la Commission europ\u00e9enne de la nouvelle strat\u00e9gie en faveur de l&rsquo;\u00e9galit\u00e9 de traitement \u00e0 l&rsquo;\u00e9gard des personnes LGBTI\u00a0+, l&rsquo;UE va progresser en mati\u00e8re de promotion et de protection des droits fondamentaux des personnes LGBTI. Nous allons travailler avec tous nos partenaires, \u00e0 l&rsquo;int\u00e9rieur comme \u00e0 l&rsquo;ext\u00e9rieur de l&rsquo;UE, en joignant nos forces \u00e0 celles des organisations internationales, de la soci\u00e9t\u00e9 civile et des d\u00e9fenseurs des droits de l&rsquo;homme pour d\u00e9fendre les droits fondamentaux des personnes LGBTI et pour promouvoir l&rsquo;\u00e9galit\u00e9 et le respect de la diversit\u00e9. L&rsquo;UE et ses \u00c9tats membres respecteront les engagements pris au titre des lignes directrices de l&rsquo;UE visant \u00e0 promouvoir et garantir le respect de tous les droits fondamentaux des personnes LGBTI et des orientations de l&rsquo;UE dans le domaine des droits de l&rsquo;homme relatives \u00e0 la non-discrimination dans l&rsquo;action ext\u00e9rieure.<\/p>\n<p>&nbsp;<\/p>\n<p>L&rsquo;Union europ\u00e9enne rappelle l&rsquo;universalit\u00e9 de tous les droits de l&rsquo;homme, leur caract\u00e8re indivisible, leur interd\u00e9pendance et leur corr\u00e9lation, principes qui ne sauraient \u00eatre oubli\u00e9s en cette p\u00e9riode de crise mondiale, et lors du retour \u00e0 la normale. Nous nous engageons \u00e0 faire en sorte que notre r\u00e9action \u00e0 la crise respecte la dignit\u00e9 et les droits de l&rsquo;homme de chacun sans discrimination de quelque nature que ce soit, et nous appelons les gouvernements du monde entier \u00e0 faire de m\u00eame. Nul ne doit \u00eatre laiss\u00e9 de c\u00f4t\u00e9, et aucun droit de l&rsquo;homme ne doit \u00eatre bafou\u00e9.<\/p>\n","protected":false},"featured_media":215348,"parent":0,"template":"","news_category":[],"country":[1956],"special_action":[],"custom_tag":[2313],"class_list":["post-215349","news","type-news","status-publish","has-post-thumbnail","hentry","country-region-sud","custom_tag-droit-de-lhomme"],"acf":[],"yoast_head":"<!-- This site is optimized with the Yoast SEO plugin v26.5 - https:\/\/yoast.com\/wordpress\/plugins\/seo\/ -->\n<title>D\u00e9claration du haut repr\u00e9sentant Josep Borrell, au nom de l&#039;Union europ\u00e9enne, \u00e0 l&#039;occasion de la Journ\u00e9e internationale contre l&#039;homophobie, la transphobie et la biphobie - Voisins de l&#039;UE<\/title>\n<meta name=\"robots\" content=\"index, follow, max-snippet:-1, max-image-preview:large, max-video-preview:-1\" \/>\n<link rel=\"canonical\" href=\"https:\/\/www.eumedbridge.eu\/fr\/news\/declaration-du-haut-representant-josep-borrell-au-nom-de-lunion-europeenne-a-loccasion-de-la-journee-internationale-contre-lhomophobie-la-transphobie-et-la-biphobie\/\" \/>\n<meta property=\"og:locale\" content=\"fr_FR\" \/>\n<meta property=\"og:type\" content=\"article\" \/>\n<meta property=\"og:title\" content=\"D\u00e9claration du haut repr\u00e9sentant Josep Borrell, au nom de l&#039;Union europ\u00e9enne, \u00e0 l&#039;occasion de la Journ\u00e9e internationale contre l&#039;homophobie, la transphobie et la biphobie - Voisins de l&#039;UE\" \/>\n<meta property=\"og:description\" content=\"\u00c0 l&rsquo;occasion de la Journ\u00e9e internationale contre l&rsquo;homophobie, la transphobie et la biphobie, l&rsquo;Union europ\u00e9enne rend hommage \u00e0 la diversit\u00e9 humaine dans toute sa richesse, et au droit de chaque personne humaine d&rsquo;\u00eatre fi\u00e8re de qui elle est, de d\u00e9finir sa propre identit\u00e9 et d&rsquo;aimer la personne de son choix. &nbsp; Alors que le monde [&hellip;]\" \/>\n<meta property=\"og:url\" content=\"https:\/\/www.eumedbridge.eu\/fr\/news\/declaration-du-haut-representant-josep-borrell-au-nom-de-lunion-europeenne-a-loccasion-de-la-journee-internationale-contre-lhomophobie-la-transphobie-et-la-biphobie\/\" \/>\n<meta property=\"og:site_name\" content=\"Voisins de l&#039;UE\" \/>\n<meta property=\"article:publisher\" content=\"https:\/\/www.facebook.com\/eumedbridge\/\" \/>\n<meta property=\"og:image\" content=\"https:\/\/www.eumedbridge.eu\/wp-content\/uploads\/2023\/05\/20230516-high-rep-statement-homophobia-1-e1684317297369.png\" \/>\n\t<meta property=\"og:image:width\" content=\"800\" \/>\n\t<meta property=\"og:image:height\" content=\"418\" \/>\n\t<meta property=\"og:image:type\" content=\"image\/png\" \/>\n<meta name=\"twitter:card\" content=\"summary_large_image\" \/>\n<meta name=\"twitter:site\" content=\"@eumedbridge\" \/>\n<meta name=\"twitter:label1\" content=\"Dur\u00e9e de lecture estim\u00e9e\" \/>\n\t<meta name=\"twitter:data1\" content=\"3 minutes\" \/>\n<script type=\"application\/ld+json\" class=\"yoast-schema-graph\">{\"@context\":\"https:\/\/schema.org\",\"@graph\":[{\"@type\":\"WebPage\",\"@id\":\"https:\/\/www.eumedbridge.eu\/fr\/news\/declaration-du-haut-representant-josep-borrell-au-nom-de-lunion-europeenne-a-loccasion-de-la-journee-internationale-contre-lhomophobie-la-transphobie-et-la-biphobie\/\",\"url\":\"https:\/\/www.eumedbridge.eu\/fr\/news\/declaration-du-haut-representant-josep-borrell-au-nom-de-lunion-europeenne-a-loccasion-de-la-journee-internationale-contre-lhomophobie-la-transphobie-et-la-biphobie\/\",\"name\":\"D\u00e9claration du haut repr\u00e9sentant Josep Borrell, au nom de l'Union europ\u00e9enne, \u00e0 l'occasion de la Journ\u00e9e internationale contre l'homophobie, la transphobie et la biphobie - Voisins de l'UE\",\"isPartOf\":{\"@id\":\"https:\/\/www.eumedbridge.eu\/#website\"},\"primaryImageOfPage\":{\"@id\":\"https:\/\/www.eumedbridge.eu\/fr\/news\/declaration-du-haut-representant-josep-borrell-au-nom-de-lunion-europeenne-a-loccasion-de-la-journee-internationale-contre-lhomophobie-la-transphobie-et-la-biphobie\/#primaryimage\"},\"image\":{\"@id\":\"https:\/\/www.eumedbridge.eu\/fr\/news\/declaration-du-haut-representant-josep-borrell-au-nom-de-lunion-europeenne-a-loccasion-de-la-journee-internationale-contre-lhomophobie-la-transphobie-et-la-biphobie\/#primaryimage\"},\"thumbnailUrl\":\"https:\/\/www.eumedbridge.eu\/wp-content\/uploads\/2023\/05\/20230516-high-rep-statement-homophobia-1-e1684317297369.png\",\"datePublished\":\"2023-05-17T10:04:26+00:00\",\"breadcrumb\":{\"@id\":\"https:\/\/www.eumedbridge.eu\/fr\/news\/declaration-du-haut-representant-josep-borrell-au-nom-de-lunion-europeenne-a-loccasion-de-la-journee-internationale-contre-lhomophobie-la-transphobie-et-la-biphobie\/#breadcrumb\"},\"inLanguage\":\"fr-FR\",\"potentialAction\":[{\"@type\":\"ReadAction\",\"target\":[\"https:\/\/www.eumedbridge.eu\/fr\/news\/declaration-du-haut-representant-josep-borrell-au-nom-de-lunion-europeenne-a-loccasion-de-la-journee-internationale-contre-lhomophobie-la-transphobie-et-la-biphobie\/\"]}]},{\"@type\":\"ImageObject\",\"inLanguage\":\"fr-FR\",\"@id\":\"https:\/\/www.eumedbridge.eu\/fr\/news\/declaration-du-haut-representant-josep-borrell-au-nom-de-lunion-europeenne-a-loccasion-de-la-journee-internationale-contre-lhomophobie-la-transphobie-et-la-biphobie\/#primaryimage\",\"url\":\"https:\/\/www.eumedbridge.eu\/wp-content\/uploads\/2023\/05\/20230516-high-rep-statement-homophobia-1-e1684317297369.png\",\"contentUrl\":\"https:\/\/www.eumedbridge.eu\/wp-content\/uploads\/2023\/05\/20230516-high-rep-statement-homophobia-1-e1684317297369.png\",\"width\":800,\"height\":418},{\"@type\":\"BreadcrumbList\",\"@id\":\"https:\/\/www.eumedbridge.eu\/fr\/news\/declaration-du-haut-representant-josep-borrell-au-nom-de-lunion-europeenne-a-loccasion-de-la-journee-internationale-contre-lhomophobie-la-transphobie-et-la-biphobie\/#breadcrumb\",\"itemListElement\":[{\"@type\":\"ListItem\",\"position\":1,\"name\":\"Home\",\"item\":\"https:\/\/www.eumedbridge.eu\/fr\/home-page\/\"},{\"@type\":\"ListItem\",\"position\":2,\"name\":\"Actualit\u00e9s\",\"item\":\"https:\/\/www.eumedbridge.eu\/fr\/news\/\"},{\"@type\":\"ListItem\",\"position\":3,\"name\":\"D\u00e9claration du haut repr\u00e9sentant Josep Borrell, au nom de l&rsquo;Union europ\u00e9enne, \u00e0 l&rsquo;occasion de la Journ\u00e9e internationale contre l&rsquo;homophobie, la transphobie et la biphobie\"}]},{\"@type\":\"WebSite\",\"@id\":\"https:\/\/www.eumedbridge.eu\/#website\",\"url\":\"https:\/\/www.eumedbridge.eu\/\",\"name\":\"EU Medbridge\",\"description\":\"\",\"publisher\":{\"@id\":\"https:\/\/www.eumedbridge.eu\/#organization\"},\"potentialAction\":[{\"@type\":\"SearchAction\",\"target\":{\"@type\":\"EntryPoint\",\"urlTemplate\":\"https:\/\/www.eumedbridge.eu\/?s={search_term_string}\"},\"query-input\":{\"@type\":\"PropertyValueSpecification\",\"valueRequired\":true,\"valueName\":\"search_term_string\"}}],\"inLanguage\":\"fr-FR\"},{\"@type\":\"Organization\",\"@id\":\"https:\/\/www.eumedbridge.eu\/#organization\",\"name\":\"EU Medbridge\",\"url\":\"https:\/\/www.eumedbridge.eu\/\",\"logo\":{\"@type\":\"ImageObject\",\"inLanguage\":\"fr-FR\",\"@id\":\"https:\/\/www.eumedbridge.eu\/#\/schema\/logo\/image\/\",\"url\":\"https:\/\/www.eumedbridge.eu\/wp-content\/uploads\/2021\/12\/Logo.png\",\"contentUrl\":\"https:\/\/www.eumedbridge.eu\/wp-content\/uploads\/2021\/12\/Logo.png\",\"width\":325,\"height\":114,\"caption\":\"EU Medbridge\"},\"image\":{\"@id\":\"https:\/\/www.eumedbridge.eu\/#\/schema\/logo\/image\/\"},\"sameAs\":[\"https:\/\/www.facebook.com\/eumedbridge\/\",\"https:\/\/x.com\/eumedbridge\",\"https:\/\/www.linkedin.com\/company\/eumedbridge\",\"https:\/\/www.youtube.com\/@eumedbridge\",\"https:\/\/www.instagram.com\/eumedbridge\",\"https:\/\/www.flickr.com\/photos\/euneighbours-south\/\"]}]}<\/script>\n<!-- \/ Yoast SEO plugin. -->","yoast_head_json":{"title":"D\u00e9claration du haut repr\u00e9sentant Josep Borrell, au nom de l'Union europ\u00e9enne, \u00e0 l'occasion de la Journ\u00e9e internationale contre l'homophobie, la transphobie et la biphobie - Voisins de l'UE","robots":{"index":"index","follow":"follow","max-snippet":"max-snippet:-1","max-image-preview":"max-image-preview:large","max-video-preview":"max-video-preview:-1"},"canonical":"https:\/\/www.eumedbridge.eu\/fr\/news\/declaration-du-haut-representant-josep-borrell-au-nom-de-lunion-europeenne-a-loccasion-de-la-journee-internationale-contre-lhomophobie-la-transphobie-et-la-biphobie\/","og_locale":"fr_FR","og_type":"article","og_title":"D\u00e9claration du haut repr\u00e9sentant Josep Borrell, au nom de l'Union europ\u00e9enne, \u00e0 l'occasion de la Journ\u00e9e internationale contre l'homophobie, la transphobie et la biphobie - Voisins de l'UE","og_description":"\u00c0 l&rsquo;occasion de la Journ\u00e9e internationale contre l&rsquo;homophobie, la transphobie et la biphobie, l&rsquo;Union europ\u00e9enne rend hommage \u00e0 la diversit\u00e9 humaine dans toute sa richesse, et au droit de chaque personne humaine d&rsquo;\u00eatre fi\u00e8re de qui elle est, de d\u00e9finir sa propre identit\u00e9 et d&rsquo;aimer la personne de son choix. &nbsp; Alors que le monde [&hellip;]","og_url":"https:\/\/www.eumedbridge.eu\/fr\/news\/declaration-du-haut-representant-josep-borrell-au-nom-de-lunion-europeenne-a-loccasion-de-la-journee-internationale-contre-lhomophobie-la-transphobie-et-la-biphobie\/","og_site_name":"Voisins de l'UE","article_publisher":"https:\/\/www.facebook.com\/eumedbridge\/","og_image":[{"width":800,"height":418,"url":"https:\/\/www.eumedbridge.eu\/wp-content\/uploads\/2023\/05\/20230516-high-rep-statement-homophobia-1-e1684317297369.png","type":"image\/png"}],"twitter_card":"summary_large_image","twitter_site":"@eumedbridge","twitter_misc":{"Dur\u00e9e de lecture estim\u00e9e":"3 minutes"},"schema":{"@context":"https:\/\/schema.org","@graph":[{"@type":"WebPage","@id":"https:\/\/www.eumedbridge.eu\/fr\/news\/declaration-du-haut-representant-josep-borrell-au-nom-de-lunion-europeenne-a-loccasion-de-la-journee-internationale-contre-lhomophobie-la-transphobie-et-la-biphobie\/","url":"https:\/\/www.eumedbridge.eu\/fr\/news\/declaration-du-haut-representant-josep-borrell-au-nom-de-lunion-europeenne-a-loccasion-de-la-journee-internationale-contre-lhomophobie-la-transphobie-et-la-biphobie\/","name":"D\u00e9claration du haut repr\u00e9sentant Josep Borrell, au nom de l'Union europ\u00e9enne, \u00e0 l'occasion de la Journ\u00e9e internationale contre l'homophobie, la transphobie et la biphobie - Voisins de l'UE","isPartOf":{"@id":"https:\/\/www.eumedbridge.eu\/#website"},"primaryImageOfPage":{"@id":"https:\/\/www.eumedbridge.eu\/fr\/news\/declaration-du-haut-representant-josep-borrell-au-nom-de-lunion-europeenne-a-loccasion-de-la-journee-internationale-contre-lhomophobie-la-transphobie-et-la-biphobie\/#primaryimage"},"image":{"@id":"https:\/\/www.eumedbridge.eu\/fr\/news\/declaration-du-haut-representant-josep-borrell-au-nom-de-lunion-europeenne-a-loccasion-de-la-journee-internationale-contre-lhomophobie-la-transphobie-et-la-biphobie\/#primaryimage"},"thumbnailUrl":"https:\/\/www.eumedbridge.eu\/wp-content\/uploads\/2023\/05\/20230516-high-rep-statement-homophobia-1-e1684317297369.png","datePublished":"2023-05-17T10:04:26+00:00","breadcrumb":{"@id":"https:\/\/www.eumedbridge.eu\/fr\/news\/declaration-du-haut-representant-josep-borrell-au-nom-de-lunion-europeenne-a-loccasion-de-la-journee-internationale-contre-lhomophobie-la-transphobie-et-la-biphobie\/#breadcrumb"},"inLanguage":"fr-FR","potentialAction":[{"@type":"ReadAction","target":["https:\/\/www.eumedbridge.eu\/fr\/news\/declaration-du-haut-representant-josep-borrell-au-nom-de-lunion-europeenne-a-loccasion-de-la-journee-internationale-contre-lhomophobie-la-transphobie-et-la-biphobie\/"]}]},{"@type":"ImageObject","inLanguage":"fr-FR","@id":"https:\/\/www.eumedbridge.eu\/fr\/news\/declaration-du-haut-representant-josep-borrell-au-nom-de-lunion-europeenne-a-loccasion-de-la-journee-internationale-contre-lhomophobie-la-transphobie-et-la-biphobie\/#primaryimage","url":"https:\/\/www.eumedbridge.eu\/wp-content\/uploads\/2023\/05\/20230516-high-rep-statement-homophobia-1-e1684317297369.png","contentUrl":"https:\/\/www.eumedbridge.eu\/wp-content\/uploads\/2023\/05\/20230516-high-rep-statement-homophobia-1-e1684317297369.png","width":800,"height":418},{"@type":"BreadcrumbList","@id":"https:\/\/www.eumedbridge.eu\/fr\/news\/declaration-du-haut-representant-josep-borrell-au-nom-de-lunion-europeenne-a-loccasion-de-la-journee-internationale-contre-lhomophobie-la-transphobie-et-la-biphobie\/#breadcrumb","itemListElement":[{"@type":"ListItem","position":1,"name":"Home","item":"https:\/\/www.eumedbridge.eu\/fr\/home-page\/"},{"@type":"ListItem","position":2,"name":"Actualit\u00e9s","item":"https:\/\/www.eumedbridge.eu\/fr\/news\/"},{"@type":"ListItem","position":3,"name":"D\u00e9claration du haut repr\u00e9sentant Josep Borrell, au nom de l&rsquo;Union europ\u00e9enne, \u00e0 l&rsquo;occasion de la Journ\u00e9e internationale contre l&rsquo;homophobie, la transphobie et la biphobie"}]},{"@type":"WebSite","@id":"https:\/\/www.eumedbridge.eu\/#website","url":"https:\/\/www.eumedbridge.eu\/","name":"EU Medbridge","description":"","publisher":{"@id":"https:\/\/www.eumedbridge.eu\/#organization"},"potentialAction":[{"@type":"SearchAction","target":{"@type":"EntryPoint","urlTemplate":"https:\/\/www.eumedbridge.eu\/?s={search_term_string}"},"query-input":{"@type":"PropertyValueSpecification","valueRequired":true,"valueName":"search_term_string"}}],"inLanguage":"fr-FR"},{"@type":"Organization","@id":"https:\/\/www.eumedbridge.eu\/#organization","name":"EU Medbridge","url":"https:\/\/www.eumedbridge.eu\/","logo":{"@type":"ImageObject","inLanguage":"fr-FR","@id":"https:\/\/www.eumedbridge.eu\/#\/schema\/logo\/image\/","url":"https:\/\/www.eumedbridge.eu\/wp-content\/uploads\/2021\/12\/Logo.png","contentUrl":"https:\/\/www.eumedbridge.eu\/wp-content\/uploads\/2021\/12\/Logo.png","width":325,"height":114,"caption":"EU Medbridge"},"image":{"@id":"https:\/\/www.eumedbridge.eu\/#\/schema\/logo\/image\/"},"sameAs":["https:\/\/www.facebook.com\/eumedbridge\/","https:\/\/x.com\/eumedbridge","https:\/\/www.linkedin.com\/company\/eumedbridge","https:\/\/www.youtube.com\/@eumedbridge","https:\/\/www.instagram.com\/eumedbridge","https:\/\/www.flickr.com\/photos\/euneighbours-south\/"]}]}},"_links":{"self":[{"href":"https:\/\/www.eumedbridge.eu\/fr\/wp-json\/wp\/v2\/news\/215349","targetHints":{"allow":["GET"]}}],"collection":[{"href":"https:\/\/www.eumedbridge.eu\/fr\/wp-json\/wp\/v2\/news"}],"about":[{"href":"https:\/\/www.eumedbridge.eu\/fr\/wp-json\/wp\/v2\/types\/news"}],"wp:featuredmedia":[{"embeddable":true,"href":"https:\/\/www.eumedbridge.eu\/fr\/wp-json\/wp\/v2\/media\/215348"}],"wp:attachment":[{"href":"https:\/\/www.eumedbridge.eu\/fr\/wp-json\/wp\/v2\/media?parent=215349"}],"wp:term":[{"taxonomy":"news_category","embeddable":true,"href":"https:\/\/www.eumedbridge.eu\/fr\/wp-json\/wp\/v2\/news_category?post=215349"},{"taxonomy":"country","embeddable":true,"href":"https:\/\/www.eumedbridge.eu\/fr\/wp-json\/wp\/v2\/country?post=215349"},{"taxonomy":"special_action","embeddable":true,"href":"https:\/\/www.eumedbridge.eu\/fr\/wp-json\/wp\/v2\/special_action?post=215349"},{"taxonomy":"custom_tag","embeddable":true,"href":"https:\/\/www.eumedbridge.eu\/fr\/wp-json\/wp\/v2\/custom_tag?post=215349"}],"curies":[{"name":"wp","href":"https:\/\/api.w.org\/{rel}","templated":true}]}}