{"id":216931,"date":"2023-06-22T16:43:09","date_gmt":"2023-06-22T13:43:09","guid":{"rendered":"https:\/\/eumedbridge.eu\/?post_type=news&#038;p=216931"},"modified":"2023-06-22T16:43:09","modified_gmt":"2023-06-22T13:43:09","slug":"journee-mondiale-des-refugies-declaration-commune-de-la-commission-europeenne-et-du-haut-representant","status":"publish","type":"news","link":"https:\/\/www.eumedbridge.eu\/fr\/news\/journee-mondiale-des-refugies-declaration-commune-de-la-commission-europeenne-et-du-haut-representant\/","title":{"rendered":"Journ\u00e9e mondiale des r\u00e9fugi\u00e9s : d\u00e9claration commune de la Commission europ\u00e9enne et du haut repr\u00e9sentant"},"content":{"rendered":"<p>\u00ab\u00a0<em>Le monde compte aujourd\u2019hui plus de 110\u00a0millions de personnes d\u00e9plac\u00e9es de force. \u00c0 l\u2019occasion de la Journ\u00e9e mondiale des r\u00e9fugi\u00e9s, nous r\u00e9affirmons l\u2019engagement de l\u2019Union europ\u00e9enne \u00e0 demeurer l\u2019un des principaux pourvoyeurs d\u2019aide humanitaire et d\u2019aide au d\u00e9veloppement, et \u00e0 redoubler d\u2019efforts pour que son territoire reste un lieu o\u00f9 les r\u00e9fugi\u00e9s trouvent protection et s\u00e9curit\u00e9.<\/em><\/p>\n<p><em>Dans le monde entier, l\u2019UE s\u2019emploie \u00e0 am\u00e9liorer la situation de millions de r\u00e9fugi\u00e9s et de personnes d\u00e9plac\u00e9es de force en proie \u00e0 des conflits ou \u00e0 des crises humanitaires majeures, comme ceux dont l\u2019Afghanistan, la Syrie, le Venezuela, le Myanmar\/la Birmanie, le Y\u00e9men, le Soudan du Sud, le Soudan, la R\u00e9publique d\u00e9mocratique du Congo et le Burkina Faso sont le th\u00e9\u00e2tre. Nous apportons une aide vitale \u00e0 toutes ces personnes, qu\u2019il s\u2019agisse de subvenir \u00e0 leurs besoins alimentaires, de leur offrir un abri, de leur dispenser une \u00e9ducation ou des soins de sant\u00e9 ou de leur fournir des moyens de subsistance.<\/em><\/p>\n<p><em>Si la vaste majorit\u00e9 des personnes d\u00e9plac\u00e9es de force se trouvent en dehors de l\u2019UE, nous apportons \u00e9galement notre soutien \u00e0 un nombre consid\u00e9rable de r\u00e9fugi\u00e9s dans les \u00c9tats membres.* Plus pr\u00e9cis\u00e9ment, en raison de la guerre men\u00e9e par la Russie contre l\u2019Ukraine, les \u00c9tats membres accueillent actuellement quelque 4 millions de personnes en provenance d\u2019Ukraine qui <\/em><em>b\u00e9n\u00e9ficient d\u2019une protection temporaire, dont plus de la moiti\u00e9 sont des femmes et des enfants. L\u2019UE fournit en outre une protection et une aide humanitaire aux personnes d\u00e9plac\u00e9es \u00e0 l\u2019int\u00e9rieur de l\u2019Ukraine et soutient les r\u00e9fugi\u00e9s en provenance d\u2019Ukraine qui se trouvent en R\u00e9publique de Moldavie.<\/em><\/p>\n<p><em>Au cours de leur p\u00e9riple, les r\u00e9fugi\u00e9s doivent souvent faire face \u00e0 des difficult\u00e9s et dangers multiples\u00a0; ils sont des milliers \u00e0 risquer leur vie en traversant des d\u00e9serts ou des mers dans l\u2019espoir d\u2019un avenir meilleur. L\u2019UE est d\u00e9termin\u00e9e \u00e0 \u0153uvrer \u00e0 des actions globales pour pr\u00e9venir les pertes de vies humaines et offrir des voies d\u2019entr\u00e9e ordonn\u00e9es et s\u00fbres. Nous travaillons avec les \u00c9tats membres de l\u2019UE et nos partenaires internationaux sur la r\u00e9installation et des voies compl\u00e9mentaires pouvant contribuer \u00e0 augmenter le nombre de places d\u2019admission pour les personnes en provenance de r\u00e9gions prioritaires. Le 10\u00a0mai\u00a02023, la Commission europ\u00e9enne a lanc\u00e9 le programme de r\u00e9installation et d\u2019admission humanitaire de l\u2019UE, donnant le coup d\u2019envoi du nouvel exercice d\u2019engagements pour la p\u00e9riode\u00a02024-2025.<\/em><\/p>\n<p><em>L\u2019UE se r\u00e9jouit de la tenue, en d\u00e9cembre\u00a02023, du prochain Forum mondial sur les r\u00e9fugi\u00e9s, qu\u2019elle consid\u00e8re comme une occasion importante de mieux partager les responsabilit\u00e9s au niveau mondial\u00a0: nous ne serons v\u00e9ritablement efficaces que si tous, nous intensifions nos efforts et \u0153uvrons de concert pour faire face \u00e0 la multiplicit\u00e9 et \u00e0 la complexit\u00e9 des d\u00e9fis que posent les d\u00e9placements forc\u00e9s.<\/em>\u00a0\u00bb<\/p>\n","protected":false},"featured_media":210425,"parent":0,"template":"","news_category":[],"country":[1956],"special_action":[],"custom_tag":[2313,2821],"class_list":["post-216931","news","type-news","status-publish","has-post-thumbnail","hentry","country-region-sud","custom_tag-droit-de-lhomme","custom_tag-migration-fr"],"acf":[],"yoast_head":"<!-- This site is optimized with the Yoast SEO plugin v26.5 - https:\/\/yoast.com\/wordpress\/plugins\/seo\/ -->\n<title>Journ\u00e9e mondiale des r\u00e9fugi\u00e9s : d\u00e9claration commune de la Commission europ\u00e9enne et du haut repr\u00e9sentant - Voisins de l&#039;UE<\/title>\n<meta name=\"robots\" content=\"index, follow, max-snippet:-1, max-image-preview:large, max-video-preview:-1\" \/>\n<link rel=\"canonical\" href=\"https:\/\/www.eumedbridge.eu\/fr\/news\/journee-mondiale-des-refugies-declaration-commune-de-la-commission-europeenne-et-du-haut-representant\/\" \/>\n<meta property=\"og:locale\" content=\"fr_FR\" \/>\n<meta property=\"og:type\" content=\"article\" \/>\n<meta property=\"og:title\" content=\"Journ\u00e9e mondiale des r\u00e9fugi\u00e9s : d\u00e9claration commune de la Commission europ\u00e9enne et du haut repr\u00e9sentant - Voisins de l&#039;UE\" \/>\n<meta property=\"og:description\" content=\"\u00ab\u00a0Le monde compte aujourd\u2019hui plus de 110\u00a0millions de personnes d\u00e9plac\u00e9es de force. \u00c0 l\u2019occasion de la Journ\u00e9e mondiale des r\u00e9fugi\u00e9s, nous r\u00e9affirmons l\u2019engagement de l\u2019Union europ\u00e9enne \u00e0 demeurer l\u2019un des principaux pourvoyeurs d\u2019aide humanitaire et d\u2019aide au d\u00e9veloppement, et \u00e0 redoubler d\u2019efforts pour que son territoire reste un lieu o\u00f9 les r\u00e9fugi\u00e9s trouvent protection et [&hellip;]\" \/>\n<meta property=\"og:url\" content=\"https:\/\/www.eumedbridge.eu\/fr\/news\/journee-mondiale-des-refugies-declaration-commune-de-la-commission-europeenne-et-du-haut-representant\/\" \/>\n<meta property=\"og:site_name\" content=\"Voisins de l&#039;UE\" \/>\n<meta property=\"article:publisher\" content=\"https:\/\/www.facebook.com\/eumedbridge\/\" \/>\n<meta property=\"og:image\" content=\"https:\/\/www.eumedbridge.eu\/wp-content\/uploads\/2022\/11\/eu.jpg\" \/>\n\t<meta property=\"og:image:width\" content=\"500\" \/>\n\t<meta property=\"og:image:height\" content=\"375\" \/>\n\t<meta property=\"og:image:type\" content=\"image\/jpeg\" \/>\n<meta name=\"twitter:card\" content=\"summary_large_image\" \/>\n<meta name=\"twitter:site\" content=\"@eumedbridge\" \/>\n<meta name=\"twitter:label1\" content=\"Dur\u00e9e de lecture estim\u00e9e\" \/>\n\t<meta name=\"twitter:data1\" content=\"3 minutes\" \/>\n<script type=\"application\/ld+json\" class=\"yoast-schema-graph\">{\"@context\":\"https:\/\/schema.org\",\"@graph\":[{\"@type\":\"WebPage\",\"@id\":\"https:\/\/www.eumedbridge.eu\/fr\/news\/journee-mondiale-des-refugies-declaration-commune-de-la-commission-europeenne-et-du-haut-representant\/\",\"url\":\"https:\/\/www.eumedbridge.eu\/fr\/news\/journee-mondiale-des-refugies-declaration-commune-de-la-commission-europeenne-et-du-haut-representant\/\",\"name\":\"Journ\u00e9e mondiale des r\u00e9fugi\u00e9s : d\u00e9claration commune de la Commission europ\u00e9enne et du haut repr\u00e9sentant - Voisins de l'UE\",\"isPartOf\":{\"@id\":\"https:\/\/www.eumedbridge.eu\/#website\"},\"primaryImageOfPage\":{\"@id\":\"https:\/\/www.eumedbridge.eu\/fr\/news\/journee-mondiale-des-refugies-declaration-commune-de-la-commission-europeenne-et-du-haut-representant\/#primaryimage\"},\"image\":{\"@id\":\"https:\/\/www.eumedbridge.eu\/fr\/news\/journee-mondiale-des-refugies-declaration-commune-de-la-commission-europeenne-et-du-haut-representant\/#primaryimage\"},\"thumbnailUrl\":\"https:\/\/www.eumedbridge.eu\/wp-content\/uploads\/2022\/11\/eu.jpg\",\"datePublished\":\"2023-06-22T13:43:09+00:00\",\"breadcrumb\":{\"@id\":\"https:\/\/www.eumedbridge.eu\/fr\/news\/journee-mondiale-des-refugies-declaration-commune-de-la-commission-europeenne-et-du-haut-representant\/#breadcrumb\"},\"inLanguage\":\"fr-FR\",\"potentialAction\":[{\"@type\":\"ReadAction\",\"target\":[\"https:\/\/www.eumedbridge.eu\/fr\/news\/journee-mondiale-des-refugies-declaration-commune-de-la-commission-europeenne-et-du-haut-representant\/\"]}]},{\"@type\":\"ImageObject\",\"inLanguage\":\"fr-FR\",\"@id\":\"https:\/\/www.eumedbridge.eu\/fr\/news\/journee-mondiale-des-refugies-declaration-commune-de-la-commission-europeenne-et-du-haut-representant\/#primaryimage\",\"url\":\"https:\/\/www.eumedbridge.eu\/wp-content\/uploads\/2022\/11\/eu.jpg\",\"contentUrl\":\"https:\/\/www.eumedbridge.eu\/wp-content\/uploads\/2022\/11\/eu.jpg\",\"width\":500,\"height\":375,\"caption\":\"eu\"},{\"@type\":\"BreadcrumbList\",\"@id\":\"https:\/\/www.eumedbridge.eu\/fr\/news\/journee-mondiale-des-refugies-declaration-commune-de-la-commission-europeenne-et-du-haut-representant\/#breadcrumb\",\"itemListElement\":[{\"@type\":\"ListItem\",\"position\":1,\"name\":\"Home\",\"item\":\"https:\/\/www.eumedbridge.eu\/fr\/home-page\/\"},{\"@type\":\"ListItem\",\"position\":2,\"name\":\"Actualit\u00e9s\",\"item\":\"https:\/\/www.eumedbridge.eu\/fr\/news\/\"},{\"@type\":\"ListItem\",\"position\":3,\"name\":\"Journ\u00e9e mondiale des r\u00e9fugi\u00e9s : d\u00e9claration commune de la Commission europ\u00e9enne et du haut repr\u00e9sentant\"}]},{\"@type\":\"WebSite\",\"@id\":\"https:\/\/www.eumedbridge.eu\/#website\",\"url\":\"https:\/\/www.eumedbridge.eu\/\",\"name\":\"EU Medbridge\",\"description\":\"\",\"publisher\":{\"@id\":\"https:\/\/www.eumedbridge.eu\/#organization\"},\"potentialAction\":[{\"@type\":\"SearchAction\",\"target\":{\"@type\":\"EntryPoint\",\"urlTemplate\":\"https:\/\/www.eumedbridge.eu\/?s={search_term_string}\"},\"query-input\":{\"@type\":\"PropertyValueSpecification\",\"valueRequired\":true,\"valueName\":\"search_term_string\"}}],\"inLanguage\":\"fr-FR\"},{\"@type\":\"Organization\",\"@id\":\"https:\/\/www.eumedbridge.eu\/#organization\",\"name\":\"EU Medbridge\",\"url\":\"https:\/\/www.eumedbridge.eu\/\",\"logo\":{\"@type\":\"ImageObject\",\"inLanguage\":\"fr-FR\",\"@id\":\"https:\/\/www.eumedbridge.eu\/#\/schema\/logo\/image\/\",\"url\":\"https:\/\/www.eumedbridge.eu\/wp-content\/uploads\/2021\/12\/Logo.png\",\"contentUrl\":\"https:\/\/www.eumedbridge.eu\/wp-content\/uploads\/2021\/12\/Logo.png\",\"width\":325,\"height\":114,\"caption\":\"EU Medbridge\"},\"image\":{\"@id\":\"https:\/\/www.eumedbridge.eu\/#\/schema\/logo\/image\/\"},\"sameAs\":[\"https:\/\/www.facebook.com\/eumedbridge\/\",\"https:\/\/x.com\/eumedbridge\",\"https:\/\/www.linkedin.com\/company\/eumedbridge\",\"https:\/\/www.youtube.com\/@eumedbridge\",\"https:\/\/www.instagram.com\/eumedbridge\",\"https:\/\/www.flickr.com\/photos\/euneighbours-south\/\"]}]}<\/script>\n<!-- \/ Yoast SEO plugin. -->","yoast_head_json":{"title":"Journ\u00e9e mondiale des r\u00e9fugi\u00e9s : d\u00e9claration commune de la Commission europ\u00e9enne et du haut repr\u00e9sentant - Voisins de l'UE","robots":{"index":"index","follow":"follow","max-snippet":"max-snippet:-1","max-image-preview":"max-image-preview:large","max-video-preview":"max-video-preview:-1"},"canonical":"https:\/\/www.eumedbridge.eu\/fr\/news\/journee-mondiale-des-refugies-declaration-commune-de-la-commission-europeenne-et-du-haut-representant\/","og_locale":"fr_FR","og_type":"article","og_title":"Journ\u00e9e mondiale des r\u00e9fugi\u00e9s : d\u00e9claration commune de la Commission europ\u00e9enne et du haut repr\u00e9sentant - Voisins de l'UE","og_description":"\u00ab\u00a0Le monde compte aujourd\u2019hui plus de 110\u00a0millions de personnes d\u00e9plac\u00e9es de force. \u00c0 l\u2019occasion de la Journ\u00e9e mondiale des r\u00e9fugi\u00e9s, nous r\u00e9affirmons l\u2019engagement de l\u2019Union europ\u00e9enne \u00e0 demeurer l\u2019un des principaux pourvoyeurs d\u2019aide humanitaire et d\u2019aide au d\u00e9veloppement, et \u00e0 redoubler d\u2019efforts pour que son territoire reste un lieu o\u00f9 les r\u00e9fugi\u00e9s trouvent protection et [&hellip;]","og_url":"https:\/\/www.eumedbridge.eu\/fr\/news\/journee-mondiale-des-refugies-declaration-commune-de-la-commission-europeenne-et-du-haut-representant\/","og_site_name":"Voisins de l'UE","article_publisher":"https:\/\/www.facebook.com\/eumedbridge\/","og_image":[{"width":500,"height":375,"url":"https:\/\/www.eumedbridge.eu\/wp-content\/uploads\/2022\/11\/eu.jpg","type":"image\/jpeg"}],"twitter_card":"summary_large_image","twitter_site":"@eumedbridge","twitter_misc":{"Dur\u00e9e de lecture estim\u00e9e":"3 minutes"},"schema":{"@context":"https:\/\/schema.org","@graph":[{"@type":"WebPage","@id":"https:\/\/www.eumedbridge.eu\/fr\/news\/journee-mondiale-des-refugies-declaration-commune-de-la-commission-europeenne-et-du-haut-representant\/","url":"https:\/\/www.eumedbridge.eu\/fr\/news\/journee-mondiale-des-refugies-declaration-commune-de-la-commission-europeenne-et-du-haut-representant\/","name":"Journ\u00e9e mondiale des r\u00e9fugi\u00e9s : d\u00e9claration commune de la Commission europ\u00e9enne et du haut repr\u00e9sentant - Voisins de l'UE","isPartOf":{"@id":"https:\/\/www.eumedbridge.eu\/#website"},"primaryImageOfPage":{"@id":"https:\/\/www.eumedbridge.eu\/fr\/news\/journee-mondiale-des-refugies-declaration-commune-de-la-commission-europeenne-et-du-haut-representant\/#primaryimage"},"image":{"@id":"https:\/\/www.eumedbridge.eu\/fr\/news\/journee-mondiale-des-refugies-declaration-commune-de-la-commission-europeenne-et-du-haut-representant\/#primaryimage"},"thumbnailUrl":"https:\/\/www.eumedbridge.eu\/wp-content\/uploads\/2022\/11\/eu.jpg","datePublished":"2023-06-22T13:43:09+00:00","breadcrumb":{"@id":"https:\/\/www.eumedbridge.eu\/fr\/news\/journee-mondiale-des-refugies-declaration-commune-de-la-commission-europeenne-et-du-haut-representant\/#breadcrumb"},"inLanguage":"fr-FR","potentialAction":[{"@type":"ReadAction","target":["https:\/\/www.eumedbridge.eu\/fr\/news\/journee-mondiale-des-refugies-declaration-commune-de-la-commission-europeenne-et-du-haut-representant\/"]}]},{"@type":"ImageObject","inLanguage":"fr-FR","@id":"https:\/\/www.eumedbridge.eu\/fr\/news\/journee-mondiale-des-refugies-declaration-commune-de-la-commission-europeenne-et-du-haut-representant\/#primaryimage","url":"https:\/\/www.eumedbridge.eu\/wp-content\/uploads\/2022\/11\/eu.jpg","contentUrl":"https:\/\/www.eumedbridge.eu\/wp-content\/uploads\/2022\/11\/eu.jpg","width":500,"height":375,"caption":"eu"},{"@type":"BreadcrumbList","@id":"https:\/\/www.eumedbridge.eu\/fr\/news\/journee-mondiale-des-refugies-declaration-commune-de-la-commission-europeenne-et-du-haut-representant\/#breadcrumb","itemListElement":[{"@type":"ListItem","position":1,"name":"Home","item":"https:\/\/www.eumedbridge.eu\/fr\/home-page\/"},{"@type":"ListItem","position":2,"name":"Actualit\u00e9s","item":"https:\/\/www.eumedbridge.eu\/fr\/news\/"},{"@type":"ListItem","position":3,"name":"Journ\u00e9e mondiale des r\u00e9fugi\u00e9s : d\u00e9claration commune de la Commission europ\u00e9enne et du haut repr\u00e9sentant"}]},{"@type":"WebSite","@id":"https:\/\/www.eumedbridge.eu\/#website","url":"https:\/\/www.eumedbridge.eu\/","name":"EU Medbridge","description":"","publisher":{"@id":"https:\/\/www.eumedbridge.eu\/#organization"},"potentialAction":[{"@type":"SearchAction","target":{"@type":"EntryPoint","urlTemplate":"https:\/\/www.eumedbridge.eu\/?s={search_term_string}"},"query-input":{"@type":"PropertyValueSpecification","valueRequired":true,"valueName":"search_term_string"}}],"inLanguage":"fr-FR"},{"@type":"Organization","@id":"https:\/\/www.eumedbridge.eu\/#organization","name":"EU Medbridge","url":"https:\/\/www.eumedbridge.eu\/","logo":{"@type":"ImageObject","inLanguage":"fr-FR","@id":"https:\/\/www.eumedbridge.eu\/#\/schema\/logo\/image\/","url":"https:\/\/www.eumedbridge.eu\/wp-content\/uploads\/2021\/12\/Logo.png","contentUrl":"https:\/\/www.eumedbridge.eu\/wp-content\/uploads\/2021\/12\/Logo.png","width":325,"height":114,"caption":"EU Medbridge"},"image":{"@id":"https:\/\/www.eumedbridge.eu\/#\/schema\/logo\/image\/"},"sameAs":["https:\/\/www.facebook.com\/eumedbridge\/","https:\/\/x.com\/eumedbridge","https:\/\/www.linkedin.com\/company\/eumedbridge","https:\/\/www.youtube.com\/@eumedbridge","https:\/\/www.instagram.com\/eumedbridge","https:\/\/www.flickr.com\/photos\/euneighbours-south\/"]}]}},"_links":{"self":[{"href":"https:\/\/www.eumedbridge.eu\/fr\/wp-json\/wp\/v2\/news\/216931","targetHints":{"allow":["GET"]}}],"collection":[{"href":"https:\/\/www.eumedbridge.eu\/fr\/wp-json\/wp\/v2\/news"}],"about":[{"href":"https:\/\/www.eumedbridge.eu\/fr\/wp-json\/wp\/v2\/types\/news"}],"wp:featuredmedia":[{"embeddable":true,"href":"https:\/\/www.eumedbridge.eu\/fr\/wp-json\/wp\/v2\/media\/210425"}],"wp:attachment":[{"href":"https:\/\/www.eumedbridge.eu\/fr\/wp-json\/wp\/v2\/media?parent=216931"}],"wp:term":[{"taxonomy":"news_category","embeddable":true,"href":"https:\/\/www.eumedbridge.eu\/fr\/wp-json\/wp\/v2\/news_category?post=216931"},{"taxonomy":"country","embeddable":true,"href":"https:\/\/www.eumedbridge.eu\/fr\/wp-json\/wp\/v2\/country?post=216931"},{"taxonomy":"special_action","embeddable":true,"href":"https:\/\/www.eumedbridge.eu\/fr\/wp-json\/wp\/v2\/special_action?post=216931"},{"taxonomy":"custom_tag","embeddable":true,"href":"https:\/\/www.eumedbridge.eu\/fr\/wp-json\/wp\/v2\/custom_tag?post=216931"}],"curies":[{"name":"wp","href":"https:\/\/api.w.org\/{rel}","templated":true}]}}