{"id":217188,"date":"2023-07-05T00:00:18","date_gmt":"2023-07-04T21:00:18","guid":{"rendered":"https:\/\/eumedbridge.eu\/?post_type=news&#038;p=217188"},"modified":"2023-07-05T00:00:18","modified_gmt":"2023-07-04T21:00:18","slug":"le-premier-evenement-med-cci-hub-du-projet-creact4med-acheve-avec-succes","status":"publish","type":"news","link":"https:\/\/www.eumedbridge.eu\/fr\/news\/le-premier-evenement-med-cci-hub-du-projet-creact4med-acheve-avec-succes\/","title":{"rendered":"Le premier \u00e9v\u00e9nement Med CCI Hub du projet CREACT4MED achev\u00e9 avec succ\u00e8s"},"content":{"rendered":"<p>Le premier \u00e9v\u00e9nement Med CCI Hub organis\u00e9 dans le cadre du projet <a href=\"https:\/\/creativemediterranean.org\/\"><strong>CREACT4MED<\/strong><\/a> a eu lieu via la plate-forme en ligne Airmeet les 26\u00a0et 27\u00a0juin. L\u2019\u00e9v\u00e9nement a rassembl\u00e9 les entrepreneurs de CREACT4MED, des experts des industries culturelles et cr\u00e9atives et d\u2019autres acteurs de la r\u00e9gion du <strong>sud de la M\u00e9diterran\u00e9e<\/strong>.<\/p>\n<p>&nbsp;<\/p>\n<p>Les participants ont abord\u00e9 les diff\u00e9rents types de partenariats et insist\u00e9 sur l\u2019importance de reconna\u00eetre la r\u00e9flexion et la strat\u00e9gie qu\u2019exige l\u2019\u00e9tablissement de partenariats. La session a \u00e9galement \u00e9t\u00e9 l\u2019occasion de discuter des obstacles pratiques auxquels les entrepreneurs peuvent \u00eatre confront\u00e9s dans la mise en place de partenariats et de la mani\u00e8re de les surmonter. Le dernier enseignement qui a \u00e9t\u00e9 tir\u00e9 des \u00e9changes est que la constitution de r\u00e9seaux est une activit\u00e9 cl\u00e9 \u00e0 laquelle les entrepreneurs doivent consacrer du temps et de l\u2019\u00e9nergie pour pouvoir \u00e9tablir de solides partenariats. En outre, les intervenants ont mentionn\u00e9 des \u00e9v\u00e9nements majeurs auxquels pourraient participer les entrepreneurs et donn\u00e9 des conseils pratiques pour instaurer des partenariats durables.<\/p>\n<p>&nbsp;<\/p>\n<p>Les entrepreneurs de CREACT4MED ont ensuite pr\u00e9sent\u00e9 leurs projets dans trois ateliers et ont particip\u00e9 \u00e0 une s\u00e9ance de questions-r\u00e9ponses avec leurs pairs. Les entrepreneurs de CREACT4MED n\u2019avaient pas encore rencontr\u00e9 leurs pairs au-del\u00e0 des fronti\u00e8res avant cet \u00e9v\u00e9nement, ce qui en a fait une excellente occasion de collaboration transfrontali\u00e8re.<\/p>\n","protected":false},"featured_media":217137,"parent":0,"template":"","news_category":[],"country":[1956],"special_action":[],"custom_tag":[1874],"class_list":["post-217188","news","type-news","status-publish","has-post-thumbnail","hentry","country-region-sud","custom_tag-culture-fr"],"acf":[],"yoast_head":"<!-- This site is optimized with the Yoast SEO plugin v26.5 - https:\/\/yoast.com\/wordpress\/plugins\/seo\/ -->\n<title>Le premier \u00e9v\u00e9nement Med CCI Hub du projet CREACT4MED achev\u00e9 avec succ\u00e8s - Voisins de l&#039;UE<\/title>\n<meta name=\"robots\" content=\"index, follow, max-snippet:-1, max-image-preview:large, max-video-preview:-1\" \/>\n<link rel=\"canonical\" href=\"https:\/\/www.eumedbridge.eu\/fr\/news\/le-premier-evenement-med-cci-hub-du-projet-creact4med-acheve-avec-succes\/\" \/>\n<meta property=\"og:locale\" content=\"fr_FR\" \/>\n<meta property=\"og:type\" content=\"article\" \/>\n<meta property=\"og:title\" content=\"Le premier \u00e9v\u00e9nement Med CCI Hub du projet CREACT4MED achev\u00e9 avec succ\u00e8s - Voisins de l&#039;UE\" \/>\n<meta property=\"og:description\" content=\"Le premier \u00e9v\u00e9nement Med CCI Hub organis\u00e9 dans le cadre du projet CREACT4MED a eu lieu via la plate-forme en ligne Airmeet les 26\u00a0et 27\u00a0juin. L\u2019\u00e9v\u00e9nement a rassembl\u00e9 les entrepreneurs de CREACT4MED, des experts des industries culturelles et cr\u00e9atives et d\u2019autres acteurs de la r\u00e9gion du sud de la M\u00e9diterran\u00e9e. &nbsp; Les participants ont abord\u00e9 [&hellip;]\" \/>\n<meta property=\"og:url\" content=\"https:\/\/www.eumedbridge.eu\/fr\/news\/le-premier-evenement-med-cci-hub-du-projet-creact4med-acheve-avec-succes\/\" \/>\n<meta property=\"og:site_name\" content=\"Voisins de l&#039;UE\" \/>\n<meta property=\"article:publisher\" content=\"https:\/\/www.facebook.com\/eumedbridge\/\" \/>\n<meta property=\"og:image\" content=\"https:\/\/www.eumedbridge.eu\/wp-content\/uploads\/2023\/07\/Cover-photo-1.png\" \/>\n\t<meta property=\"og:image:width\" content=\"951\" \/>\n\t<meta property=\"og:image:height\" content=\"597\" \/>\n\t<meta property=\"og:image:type\" content=\"image\/png\" \/>\n<meta name=\"twitter:card\" content=\"summary_large_image\" \/>\n<meta name=\"twitter:site\" content=\"@eumedbridge\" \/>\n<meta name=\"twitter:label1\" content=\"Dur\u00e9e de lecture estim\u00e9e\" \/>\n\t<meta name=\"twitter:data1\" content=\"2 minutes\" \/>\n<script type=\"application\/ld+json\" class=\"yoast-schema-graph\">{\"@context\":\"https:\/\/schema.org\",\"@graph\":[{\"@type\":\"WebPage\",\"@id\":\"https:\/\/www.eumedbridge.eu\/fr\/news\/le-premier-evenement-med-cci-hub-du-projet-creact4med-acheve-avec-succes\/\",\"url\":\"https:\/\/www.eumedbridge.eu\/fr\/news\/le-premier-evenement-med-cci-hub-du-projet-creact4med-acheve-avec-succes\/\",\"name\":\"Le premier \u00e9v\u00e9nement Med CCI Hub du projet CREACT4MED achev\u00e9 avec succ\u00e8s - Voisins de l'UE\",\"isPartOf\":{\"@id\":\"https:\/\/www.eumedbridge.eu\/#website\"},\"primaryImageOfPage\":{\"@id\":\"https:\/\/www.eumedbridge.eu\/fr\/news\/le-premier-evenement-med-cci-hub-du-projet-creact4med-acheve-avec-succes\/#primaryimage\"},\"image\":{\"@id\":\"https:\/\/www.eumedbridge.eu\/fr\/news\/le-premier-evenement-med-cci-hub-du-projet-creact4med-acheve-avec-succes\/#primaryimage\"},\"thumbnailUrl\":\"https:\/\/www.eumedbridge.eu\/wp-content\/uploads\/2023\/07\/Cover-photo-1.png\",\"datePublished\":\"2023-07-04T21:00:18+00:00\",\"breadcrumb\":{\"@id\":\"https:\/\/www.eumedbridge.eu\/fr\/news\/le-premier-evenement-med-cci-hub-du-projet-creact4med-acheve-avec-succes\/#breadcrumb\"},\"inLanguage\":\"fr-FR\",\"potentialAction\":[{\"@type\":\"ReadAction\",\"target\":[\"https:\/\/www.eumedbridge.eu\/fr\/news\/le-premier-evenement-med-cci-hub-du-projet-creact4med-acheve-avec-succes\/\"]}]},{\"@type\":\"ImageObject\",\"inLanguage\":\"fr-FR\",\"@id\":\"https:\/\/www.eumedbridge.eu\/fr\/news\/le-premier-evenement-med-cci-hub-du-projet-creact4med-acheve-avec-succes\/#primaryimage\",\"url\":\"https:\/\/www.eumedbridge.eu\/wp-content\/uploads\/2023\/07\/Cover-photo-1.png\",\"contentUrl\":\"https:\/\/www.eumedbridge.eu\/wp-content\/uploads\/2023\/07\/Cover-photo-1.png\",\"width\":951,\"height\":597},{\"@type\":\"BreadcrumbList\",\"@id\":\"https:\/\/www.eumedbridge.eu\/fr\/news\/le-premier-evenement-med-cci-hub-du-projet-creact4med-acheve-avec-succes\/#breadcrumb\",\"itemListElement\":[{\"@type\":\"ListItem\",\"position\":1,\"name\":\"Home\",\"item\":\"https:\/\/www.eumedbridge.eu\/fr\/home-page\/\"},{\"@type\":\"ListItem\",\"position\":2,\"name\":\"Actualit\u00e9s\",\"item\":\"https:\/\/www.eumedbridge.eu\/fr\/news\/\"},{\"@type\":\"ListItem\",\"position\":3,\"name\":\"Le premier \u00e9v\u00e9nement Med CCI Hub du projet CREACT4MED achev\u00e9 avec succ\u00e8s\"}]},{\"@type\":\"WebSite\",\"@id\":\"https:\/\/www.eumedbridge.eu\/#website\",\"url\":\"https:\/\/www.eumedbridge.eu\/\",\"name\":\"EU Medbridge\",\"description\":\"\",\"publisher\":{\"@id\":\"https:\/\/www.eumedbridge.eu\/#organization\"},\"potentialAction\":[{\"@type\":\"SearchAction\",\"target\":{\"@type\":\"EntryPoint\",\"urlTemplate\":\"https:\/\/www.eumedbridge.eu\/?s={search_term_string}\"},\"query-input\":{\"@type\":\"PropertyValueSpecification\",\"valueRequired\":true,\"valueName\":\"search_term_string\"}}],\"inLanguage\":\"fr-FR\"},{\"@type\":\"Organization\",\"@id\":\"https:\/\/www.eumedbridge.eu\/#organization\",\"name\":\"EU Medbridge\",\"url\":\"https:\/\/www.eumedbridge.eu\/\",\"logo\":{\"@type\":\"ImageObject\",\"inLanguage\":\"fr-FR\",\"@id\":\"https:\/\/www.eumedbridge.eu\/#\/schema\/logo\/image\/\",\"url\":\"https:\/\/www.eumedbridge.eu\/wp-content\/uploads\/2021\/12\/Logo.png\",\"contentUrl\":\"https:\/\/www.eumedbridge.eu\/wp-content\/uploads\/2021\/12\/Logo.png\",\"width\":325,\"height\":114,\"caption\":\"EU Medbridge\"},\"image\":{\"@id\":\"https:\/\/www.eumedbridge.eu\/#\/schema\/logo\/image\/\"},\"sameAs\":[\"https:\/\/www.facebook.com\/eumedbridge\/\",\"https:\/\/x.com\/eumedbridge\",\"https:\/\/www.linkedin.com\/company\/eumedbridge\",\"https:\/\/www.youtube.com\/@eumedbridge\",\"https:\/\/www.instagram.com\/eumedbridge\",\"https:\/\/www.flickr.com\/photos\/euneighbours-south\/\"]}]}<\/script>\n<!-- \/ Yoast SEO plugin. -->","yoast_head_json":{"title":"Le premier \u00e9v\u00e9nement Med CCI Hub du projet CREACT4MED achev\u00e9 avec succ\u00e8s - Voisins de l'UE","robots":{"index":"index","follow":"follow","max-snippet":"max-snippet:-1","max-image-preview":"max-image-preview:large","max-video-preview":"max-video-preview:-1"},"canonical":"https:\/\/www.eumedbridge.eu\/fr\/news\/le-premier-evenement-med-cci-hub-du-projet-creact4med-acheve-avec-succes\/","og_locale":"fr_FR","og_type":"article","og_title":"Le premier \u00e9v\u00e9nement Med CCI Hub du projet CREACT4MED achev\u00e9 avec succ\u00e8s - Voisins de l'UE","og_description":"Le premier \u00e9v\u00e9nement Med CCI Hub organis\u00e9 dans le cadre du projet CREACT4MED a eu lieu via la plate-forme en ligne Airmeet les 26\u00a0et 27\u00a0juin. L\u2019\u00e9v\u00e9nement a rassembl\u00e9 les entrepreneurs de CREACT4MED, des experts des industries culturelles et cr\u00e9atives et d\u2019autres acteurs de la r\u00e9gion du sud de la M\u00e9diterran\u00e9e. &nbsp; Les participants ont abord\u00e9 [&hellip;]","og_url":"https:\/\/www.eumedbridge.eu\/fr\/news\/le-premier-evenement-med-cci-hub-du-projet-creact4med-acheve-avec-succes\/","og_site_name":"Voisins de l'UE","article_publisher":"https:\/\/www.facebook.com\/eumedbridge\/","og_image":[{"width":951,"height":597,"url":"https:\/\/www.eumedbridge.eu\/wp-content\/uploads\/2023\/07\/Cover-photo-1.png","type":"image\/png"}],"twitter_card":"summary_large_image","twitter_site":"@eumedbridge","twitter_misc":{"Dur\u00e9e de lecture estim\u00e9e":"2 minutes"},"schema":{"@context":"https:\/\/schema.org","@graph":[{"@type":"WebPage","@id":"https:\/\/www.eumedbridge.eu\/fr\/news\/le-premier-evenement-med-cci-hub-du-projet-creact4med-acheve-avec-succes\/","url":"https:\/\/www.eumedbridge.eu\/fr\/news\/le-premier-evenement-med-cci-hub-du-projet-creact4med-acheve-avec-succes\/","name":"Le premier \u00e9v\u00e9nement Med CCI Hub du projet CREACT4MED achev\u00e9 avec succ\u00e8s - Voisins de l'UE","isPartOf":{"@id":"https:\/\/www.eumedbridge.eu\/#website"},"primaryImageOfPage":{"@id":"https:\/\/www.eumedbridge.eu\/fr\/news\/le-premier-evenement-med-cci-hub-du-projet-creact4med-acheve-avec-succes\/#primaryimage"},"image":{"@id":"https:\/\/www.eumedbridge.eu\/fr\/news\/le-premier-evenement-med-cci-hub-du-projet-creact4med-acheve-avec-succes\/#primaryimage"},"thumbnailUrl":"https:\/\/www.eumedbridge.eu\/wp-content\/uploads\/2023\/07\/Cover-photo-1.png","datePublished":"2023-07-04T21:00:18+00:00","breadcrumb":{"@id":"https:\/\/www.eumedbridge.eu\/fr\/news\/le-premier-evenement-med-cci-hub-du-projet-creact4med-acheve-avec-succes\/#breadcrumb"},"inLanguage":"fr-FR","potentialAction":[{"@type":"ReadAction","target":["https:\/\/www.eumedbridge.eu\/fr\/news\/le-premier-evenement-med-cci-hub-du-projet-creact4med-acheve-avec-succes\/"]}]},{"@type":"ImageObject","inLanguage":"fr-FR","@id":"https:\/\/www.eumedbridge.eu\/fr\/news\/le-premier-evenement-med-cci-hub-du-projet-creact4med-acheve-avec-succes\/#primaryimage","url":"https:\/\/www.eumedbridge.eu\/wp-content\/uploads\/2023\/07\/Cover-photo-1.png","contentUrl":"https:\/\/www.eumedbridge.eu\/wp-content\/uploads\/2023\/07\/Cover-photo-1.png","width":951,"height":597},{"@type":"BreadcrumbList","@id":"https:\/\/www.eumedbridge.eu\/fr\/news\/le-premier-evenement-med-cci-hub-du-projet-creact4med-acheve-avec-succes\/#breadcrumb","itemListElement":[{"@type":"ListItem","position":1,"name":"Home","item":"https:\/\/www.eumedbridge.eu\/fr\/home-page\/"},{"@type":"ListItem","position":2,"name":"Actualit\u00e9s","item":"https:\/\/www.eumedbridge.eu\/fr\/news\/"},{"@type":"ListItem","position":3,"name":"Le premier \u00e9v\u00e9nement Med CCI Hub du projet CREACT4MED achev\u00e9 avec succ\u00e8s"}]},{"@type":"WebSite","@id":"https:\/\/www.eumedbridge.eu\/#website","url":"https:\/\/www.eumedbridge.eu\/","name":"EU Medbridge","description":"","publisher":{"@id":"https:\/\/www.eumedbridge.eu\/#organization"},"potentialAction":[{"@type":"SearchAction","target":{"@type":"EntryPoint","urlTemplate":"https:\/\/www.eumedbridge.eu\/?s={search_term_string}"},"query-input":{"@type":"PropertyValueSpecification","valueRequired":true,"valueName":"search_term_string"}}],"inLanguage":"fr-FR"},{"@type":"Organization","@id":"https:\/\/www.eumedbridge.eu\/#organization","name":"EU Medbridge","url":"https:\/\/www.eumedbridge.eu\/","logo":{"@type":"ImageObject","inLanguage":"fr-FR","@id":"https:\/\/www.eumedbridge.eu\/#\/schema\/logo\/image\/","url":"https:\/\/www.eumedbridge.eu\/wp-content\/uploads\/2021\/12\/Logo.png","contentUrl":"https:\/\/www.eumedbridge.eu\/wp-content\/uploads\/2021\/12\/Logo.png","width":325,"height":114,"caption":"EU Medbridge"},"image":{"@id":"https:\/\/www.eumedbridge.eu\/#\/schema\/logo\/image\/"},"sameAs":["https:\/\/www.facebook.com\/eumedbridge\/","https:\/\/x.com\/eumedbridge","https:\/\/www.linkedin.com\/company\/eumedbridge","https:\/\/www.youtube.com\/@eumedbridge","https:\/\/www.instagram.com\/eumedbridge","https:\/\/www.flickr.com\/photos\/euneighbours-south\/"]}]}},"_links":{"self":[{"href":"https:\/\/www.eumedbridge.eu\/fr\/wp-json\/wp\/v2\/news\/217188","targetHints":{"allow":["GET"]}}],"collection":[{"href":"https:\/\/www.eumedbridge.eu\/fr\/wp-json\/wp\/v2\/news"}],"about":[{"href":"https:\/\/www.eumedbridge.eu\/fr\/wp-json\/wp\/v2\/types\/news"}],"wp:featuredmedia":[{"embeddable":true,"href":"https:\/\/www.eumedbridge.eu\/fr\/wp-json\/wp\/v2\/media\/217137"}],"wp:attachment":[{"href":"https:\/\/www.eumedbridge.eu\/fr\/wp-json\/wp\/v2\/media?parent=217188"}],"wp:term":[{"taxonomy":"news_category","embeddable":true,"href":"https:\/\/www.eumedbridge.eu\/fr\/wp-json\/wp\/v2\/news_category?post=217188"},{"taxonomy":"country","embeddable":true,"href":"https:\/\/www.eumedbridge.eu\/fr\/wp-json\/wp\/v2\/country?post=217188"},{"taxonomy":"special_action","embeddable":true,"href":"https:\/\/www.eumedbridge.eu\/fr\/wp-json\/wp\/v2\/special_action?post=217188"},{"taxonomy":"custom_tag","embeddable":true,"href":"https:\/\/www.eumedbridge.eu\/fr\/wp-json\/wp\/v2\/custom_tag?post=217188"}],"curies":[{"name":"wp","href":"https:\/\/api.w.org\/{rel}","templated":true}]}}