{"id":218718,"date":"2023-08-25T10:15:16","date_gmt":"2023-08-25T07:15:16","guid":{"rendered":"https:\/\/eumedbridge.eu\/?post_type=news&#038;p=218718"},"modified":"2023-08-25T10:15:16","modified_gmt":"2023-08-25T07:15:16","slug":"journee-mondiale-de-laide-humanitaire-2023-declaration-du-haut-representant-vice-president-josep-borrell","status":"publish","type":"news","link":"https:\/\/www.eumedbridge.eu\/fr\/news\/journee-mondiale-de-laide-humanitaire-2023-declaration-du-haut-representant-vice-president-josep-borrell\/","title":{"rendered":"Journ\u00e9e mondiale de l\u2019aide humanitaire 2023 : d\u00e9claration du haut repr\u00e9sentant\/vice-pr\u00e9sident Josep Borrell"},"content":{"rendered":"<p><span lang=\"FR\">Partout dans le monde, de plus en plus de personnes s\u2019enfoncent dans les crises humanitaires en raison de conflits nouveaux et en cours et des cons\u00e9quences de l\u2019urgence climatique et \u00e9cologique. Si les personnes ayant besoin d\u2019une aide humanitaire formaient un pays, il s\u2019agirait du troisi\u00e8me plus grand au monde. Et ce pays qui n\u2019en est pas un mais qui souffre conna\u00eet une croissance exponentielle, en hausse de 30\u00a0% par rapport au d\u00e9but de l\u2019ann\u00e9e\u00a02022. Aujourd\u2019hui plus que jamais, les populations touch\u00e9es par les crises ont besoin d\u2019une aide humanitaire.<\/span><\/p>\n<p><span lang=\"FR\">\u00a0<\/span><\/p>\n<p><span lang=\"FR\">C\u2019est pourquoi, \u00e0 l\u2019occasion de la Journ\u00e9e mondiale de l\u2019aide humanitaire, nous rendons hommage aux travailleurs humanitaires en premi\u00e8re ligne qui risquent leur vie pour en sauver d\u2019autres et r\u00e9duire la souffrance humaine, et nous honorons la m\u00e9moire de ceux qui ont p\u00e9ri au service d\u2019autrui.<\/span><\/p>\n<p><span lang=\"FR\">\u00a0<\/span><\/p>\n<p><span lang=\"FR\">Cela fait 20\u00a0ans cet \u00e9t\u00e9 qu\u2019a eu lieu l\u2019attentat \u00e0 la bombe d\u00e9vastateur contre le si\u00e8ge des Nations Unies \u00e0 Bagdad, qui a tu\u00e9 22\u00a0personnes, principalement des travailleurs humanitaires. Malheureusement, le paysage des risques n\u2019a fait que s\u2019aggraver depuis lors. Aujourd\u2019hui, les travailleurs humanitaires dans le monde entier sont plus menac\u00e9s que jamais. Cette ann\u00e9e, \u00e0 ce jour, les attaques contre des travailleurs humanitaires ont entra\u00een\u00e9 la mort de 62\u00a0d\u2019entre eux, alors que 33\u00a0ont \u00e9t\u00e9 enlev\u00e9s et 82\u00a0bless\u00e9s. Ces actes sont inacceptables et ne doivent pas \u00eatre tol\u00e9r\u00e9s.<\/span><\/p>\n<p><span lang=\"FR\">\u00a0<\/span><\/p>\n<p><span lang=\"FR\">La protection des civils, notamment des travailleurs humanitaires, ainsi que du personnel m\u00e9dical, est une obligation au titre du droit humanitaire international qui doit \u00eatre respect\u00e9e, y compris en ce qui concerne la garantie d\u2019un acc\u00e8s sans entrave \u00e0 l\u2019aide humanitaire.<\/span><\/p>\n<p><span lang=\"FR\">\u00a0<\/span><\/p>\n<p><span lang=\"FR\">La guerre d\u2019agression men\u00e9e par la Russie contre l\u2019Ukraine a entra\u00een\u00e9 une crise mondiale de l\u2019\u00e9nergie et de la s\u00e9curit\u00e9 alimentaire, provoquant une aggravation de la situation humanitaire dans le monde entier. Nous avons \u00e9galement assist\u00e9 \u00e0 l\u2019\u00e9clatement de nouveaux conflits, tels que les combats d\u00e9vastateurs au Soudan et les coups d\u2019\u00c9tat militaires au Sahel qui aggravent la situation g\u00e9n\u00e9rale sur le terrain. Pour ne rien arranger, la d\u00e9cision de la Russie de mettre fin \u00e0 l\u2019initiative c\u00e9r\u00e9ali\u00e8re de la mer Noire, suivie d\u2019une augmentation des attaques contre les ports ukrainiens de la mer Noire et du Danube, perturbant les livraisons de c\u00e9r\u00e9ales dans le monde entier, plongera d\u2019innombrables communaut\u00e9s dans l\u2019ins\u00e9curit\u00e9 alimentaire, comme en Afghanistan, \u00e0 Djibouti, en \u00c9thiopie, au Kenya, en Somalie, au Soudan ou au Y\u00e9men.<\/span><\/p>\n<p><span lang=\"FR\">\u00a0<\/span><\/p>\n<p><span lang=\"FR\">Face \u00e0 ces menaces qui perdurent, nous poursuivons nos efforts pour combler l\u2019\u00e9cart qui se creuse entre les besoins et les fonds disponibles. L\u2019UE figure parmi les principaux donateurs d\u2019aide humanitaire au niveau mondial et invite la communaut\u00e9 internationale des donateurs \u00e0 renforcer ses engagements.<\/span><\/p>\n<p><span lang=\"FR\">\u00a0<\/span><\/p>\n<p><span lang=\"FR\">Ensemble, nous pouvons aider les personnes pi\u00e9g\u00e9es dans les crises humanitaires. Et nous pouvons prot\u00e9ger les travailleurs humanitaires sur le terrain qui apportent le soutien et l\u2019espoir dont ces personnes ont d\u00e9sesp\u00e9r\u00e9ment besoin.<\/span><\/p>\n","protected":false},"featured_media":218717,"parent":0,"template":"","news_category":[],"country":[1956],"special_action":[],"custom_tag":[2313],"class_list":["post-218718","news","type-news","status-publish","has-post-thumbnail","hentry","country-region-sud","custom_tag-droit-de-lhomme"],"acf":[],"yoast_head":"<!-- This site is optimized with the Yoast SEO plugin v26.5 - https:\/\/yoast.com\/wordpress\/plugins\/seo\/ -->\n<title>Journ\u00e9e mondiale de l\u2019aide humanitaire 2023 : d\u00e9claration du haut repr\u00e9sentant\/vice-pr\u00e9sident Josep Borrell - Voisins de l&#039;UE<\/title>\n<meta name=\"robots\" content=\"index, follow, max-snippet:-1, max-image-preview:large, max-video-preview:-1\" \/>\n<link rel=\"canonical\" href=\"https:\/\/www.eumedbridge.eu\/fr\/news\/journee-mondiale-de-laide-humanitaire-2023-declaration-du-haut-representant-vice-president-josep-borrell\/\" \/>\n<meta property=\"og:locale\" content=\"fr_FR\" \/>\n<meta property=\"og:type\" content=\"article\" \/>\n<meta property=\"og:title\" content=\"Journ\u00e9e mondiale de l\u2019aide humanitaire 2023 : d\u00e9claration du haut repr\u00e9sentant\/vice-pr\u00e9sident Josep Borrell - Voisins de l&#039;UE\" \/>\n<meta property=\"og:description\" content=\"Partout dans le monde, de plus en plus de personnes s\u2019enfoncent dans les crises humanitaires en raison de conflits nouveaux et en cours et des cons\u00e9quences de l\u2019urgence climatique et \u00e9cologique. Si les personnes ayant besoin d\u2019une aide humanitaire formaient un pays, il s\u2019agirait du troisi\u00e8me plus grand au monde. Et ce pays qui n\u2019en [&hellip;]\" \/>\n<meta property=\"og:url\" content=\"https:\/\/www.eumedbridge.eu\/fr\/news\/journee-mondiale-de-laide-humanitaire-2023-declaration-du-haut-representant-vice-president-josep-borrell\/\" \/>\n<meta property=\"og:site_name\" content=\"Voisins de l&#039;UE\" \/>\n<meta property=\"article:publisher\" content=\"https:\/\/www.facebook.com\/eumedbridge\/\" \/>\n<meta property=\"og:image\" content=\"https:\/\/www.eumedbridge.eu\/wp-content\/uploads\/2023\/08\/European_Commission.svg-1.png\" \/>\n\t<meta property=\"og:image:width\" content=\"640\" \/>\n\t<meta property=\"og:image:height\" content=\"444\" \/>\n\t<meta property=\"og:image:type\" content=\"image\/png\" \/>\n<meta name=\"twitter:card\" content=\"summary_large_image\" \/>\n<meta name=\"twitter:site\" content=\"@eumedbridge\" \/>\n<meta name=\"twitter:label1\" content=\"Dur\u00e9e de lecture estim\u00e9e\" \/>\n\t<meta name=\"twitter:data1\" content=\"3 minutes\" \/>\n<script type=\"application\/ld+json\" class=\"yoast-schema-graph\">{\"@context\":\"https:\/\/schema.org\",\"@graph\":[{\"@type\":\"WebPage\",\"@id\":\"https:\/\/www.eumedbridge.eu\/fr\/news\/journee-mondiale-de-laide-humanitaire-2023-declaration-du-haut-representant-vice-president-josep-borrell\/\",\"url\":\"https:\/\/www.eumedbridge.eu\/fr\/news\/journee-mondiale-de-laide-humanitaire-2023-declaration-du-haut-representant-vice-president-josep-borrell\/\",\"name\":\"Journ\u00e9e mondiale de l\u2019aide humanitaire 2023 : d\u00e9claration du haut repr\u00e9sentant\/vice-pr\u00e9sident Josep Borrell - Voisins de l'UE\",\"isPartOf\":{\"@id\":\"https:\/\/www.eumedbridge.eu\/#website\"},\"primaryImageOfPage\":{\"@id\":\"https:\/\/www.eumedbridge.eu\/fr\/news\/journee-mondiale-de-laide-humanitaire-2023-declaration-du-haut-representant-vice-president-josep-borrell\/#primaryimage\"},\"image\":{\"@id\":\"https:\/\/www.eumedbridge.eu\/fr\/news\/journee-mondiale-de-laide-humanitaire-2023-declaration-du-haut-representant-vice-president-josep-borrell\/#primaryimage\"},\"thumbnailUrl\":\"https:\/\/www.eumedbridge.eu\/wp-content\/uploads\/2023\/08\/European_Commission.svg-1.png\",\"datePublished\":\"2023-08-25T07:15:16+00:00\",\"breadcrumb\":{\"@id\":\"https:\/\/www.eumedbridge.eu\/fr\/news\/journee-mondiale-de-laide-humanitaire-2023-declaration-du-haut-representant-vice-president-josep-borrell\/#breadcrumb\"},\"inLanguage\":\"fr-FR\",\"potentialAction\":[{\"@type\":\"ReadAction\",\"target\":[\"https:\/\/www.eumedbridge.eu\/fr\/news\/journee-mondiale-de-laide-humanitaire-2023-declaration-du-haut-representant-vice-president-josep-borrell\/\"]}]},{\"@type\":\"ImageObject\",\"inLanguage\":\"fr-FR\",\"@id\":\"https:\/\/www.eumedbridge.eu\/fr\/news\/journee-mondiale-de-laide-humanitaire-2023-declaration-du-haut-representant-vice-president-josep-borrell\/#primaryimage\",\"url\":\"https:\/\/www.eumedbridge.eu\/wp-content\/uploads\/2023\/08\/European_Commission.svg-1.png\",\"contentUrl\":\"https:\/\/www.eumedbridge.eu\/wp-content\/uploads\/2023\/08\/European_Commission.svg-1.png\",\"width\":640,\"height\":444},{\"@type\":\"BreadcrumbList\",\"@id\":\"https:\/\/www.eumedbridge.eu\/fr\/news\/journee-mondiale-de-laide-humanitaire-2023-declaration-du-haut-representant-vice-president-josep-borrell\/#breadcrumb\",\"itemListElement\":[{\"@type\":\"ListItem\",\"position\":1,\"name\":\"Home\",\"item\":\"https:\/\/www.eumedbridge.eu\/fr\/home-page\/\"},{\"@type\":\"ListItem\",\"position\":2,\"name\":\"Actualit\u00e9s\",\"item\":\"https:\/\/www.eumedbridge.eu\/fr\/news\/\"},{\"@type\":\"ListItem\",\"position\":3,\"name\":\"Journ\u00e9e mondiale de l\u2019aide humanitaire 2023 : d\u00e9claration du haut repr\u00e9sentant\/vice-pr\u00e9sident Josep Borrell\"}]},{\"@type\":\"WebSite\",\"@id\":\"https:\/\/www.eumedbridge.eu\/#website\",\"url\":\"https:\/\/www.eumedbridge.eu\/\",\"name\":\"EU Medbridge\",\"description\":\"\",\"publisher\":{\"@id\":\"https:\/\/www.eumedbridge.eu\/#organization\"},\"potentialAction\":[{\"@type\":\"SearchAction\",\"target\":{\"@type\":\"EntryPoint\",\"urlTemplate\":\"https:\/\/www.eumedbridge.eu\/?s={search_term_string}\"},\"query-input\":{\"@type\":\"PropertyValueSpecification\",\"valueRequired\":true,\"valueName\":\"search_term_string\"}}],\"inLanguage\":\"fr-FR\"},{\"@type\":\"Organization\",\"@id\":\"https:\/\/www.eumedbridge.eu\/#organization\",\"name\":\"EU Medbridge\",\"url\":\"https:\/\/www.eumedbridge.eu\/\",\"logo\":{\"@type\":\"ImageObject\",\"inLanguage\":\"fr-FR\",\"@id\":\"https:\/\/www.eumedbridge.eu\/#\/schema\/logo\/image\/\",\"url\":\"https:\/\/www.eumedbridge.eu\/wp-content\/uploads\/2021\/12\/Logo.png\",\"contentUrl\":\"https:\/\/www.eumedbridge.eu\/wp-content\/uploads\/2021\/12\/Logo.png\",\"width\":325,\"height\":114,\"caption\":\"EU Medbridge\"},\"image\":{\"@id\":\"https:\/\/www.eumedbridge.eu\/#\/schema\/logo\/image\/\"},\"sameAs\":[\"https:\/\/www.facebook.com\/eumedbridge\/\",\"https:\/\/x.com\/eumedbridge\",\"https:\/\/www.linkedin.com\/company\/eumedbridge\",\"https:\/\/www.youtube.com\/@eumedbridge\",\"https:\/\/www.instagram.com\/eumedbridge\",\"https:\/\/www.flickr.com\/photos\/euneighbours-south\/\"]}]}<\/script>\n<!-- \/ Yoast SEO plugin. -->","yoast_head_json":{"title":"Journ\u00e9e mondiale de l\u2019aide humanitaire 2023 : d\u00e9claration du haut repr\u00e9sentant\/vice-pr\u00e9sident Josep Borrell - Voisins de l'UE","robots":{"index":"index","follow":"follow","max-snippet":"max-snippet:-1","max-image-preview":"max-image-preview:large","max-video-preview":"max-video-preview:-1"},"canonical":"https:\/\/www.eumedbridge.eu\/fr\/news\/journee-mondiale-de-laide-humanitaire-2023-declaration-du-haut-representant-vice-president-josep-borrell\/","og_locale":"fr_FR","og_type":"article","og_title":"Journ\u00e9e mondiale de l\u2019aide humanitaire 2023 : d\u00e9claration du haut repr\u00e9sentant\/vice-pr\u00e9sident Josep Borrell - Voisins de l'UE","og_description":"Partout dans le monde, de plus en plus de personnes s\u2019enfoncent dans les crises humanitaires en raison de conflits nouveaux et en cours et des cons\u00e9quences de l\u2019urgence climatique et \u00e9cologique. Si les personnes ayant besoin d\u2019une aide humanitaire formaient un pays, il s\u2019agirait du troisi\u00e8me plus grand au monde. Et ce pays qui n\u2019en [&hellip;]","og_url":"https:\/\/www.eumedbridge.eu\/fr\/news\/journee-mondiale-de-laide-humanitaire-2023-declaration-du-haut-representant-vice-president-josep-borrell\/","og_site_name":"Voisins de l'UE","article_publisher":"https:\/\/www.facebook.com\/eumedbridge\/","og_image":[{"width":640,"height":444,"url":"https:\/\/www.eumedbridge.eu\/wp-content\/uploads\/2023\/08\/European_Commission.svg-1.png","type":"image\/png"}],"twitter_card":"summary_large_image","twitter_site":"@eumedbridge","twitter_misc":{"Dur\u00e9e de lecture estim\u00e9e":"3 minutes"},"schema":{"@context":"https:\/\/schema.org","@graph":[{"@type":"WebPage","@id":"https:\/\/www.eumedbridge.eu\/fr\/news\/journee-mondiale-de-laide-humanitaire-2023-declaration-du-haut-representant-vice-president-josep-borrell\/","url":"https:\/\/www.eumedbridge.eu\/fr\/news\/journee-mondiale-de-laide-humanitaire-2023-declaration-du-haut-representant-vice-president-josep-borrell\/","name":"Journ\u00e9e mondiale de l\u2019aide humanitaire 2023 : d\u00e9claration du haut repr\u00e9sentant\/vice-pr\u00e9sident Josep Borrell - Voisins de l'UE","isPartOf":{"@id":"https:\/\/www.eumedbridge.eu\/#website"},"primaryImageOfPage":{"@id":"https:\/\/www.eumedbridge.eu\/fr\/news\/journee-mondiale-de-laide-humanitaire-2023-declaration-du-haut-representant-vice-president-josep-borrell\/#primaryimage"},"image":{"@id":"https:\/\/www.eumedbridge.eu\/fr\/news\/journee-mondiale-de-laide-humanitaire-2023-declaration-du-haut-representant-vice-president-josep-borrell\/#primaryimage"},"thumbnailUrl":"https:\/\/www.eumedbridge.eu\/wp-content\/uploads\/2023\/08\/European_Commission.svg-1.png","datePublished":"2023-08-25T07:15:16+00:00","breadcrumb":{"@id":"https:\/\/www.eumedbridge.eu\/fr\/news\/journee-mondiale-de-laide-humanitaire-2023-declaration-du-haut-representant-vice-president-josep-borrell\/#breadcrumb"},"inLanguage":"fr-FR","potentialAction":[{"@type":"ReadAction","target":["https:\/\/www.eumedbridge.eu\/fr\/news\/journee-mondiale-de-laide-humanitaire-2023-declaration-du-haut-representant-vice-president-josep-borrell\/"]}]},{"@type":"ImageObject","inLanguage":"fr-FR","@id":"https:\/\/www.eumedbridge.eu\/fr\/news\/journee-mondiale-de-laide-humanitaire-2023-declaration-du-haut-representant-vice-president-josep-borrell\/#primaryimage","url":"https:\/\/www.eumedbridge.eu\/wp-content\/uploads\/2023\/08\/European_Commission.svg-1.png","contentUrl":"https:\/\/www.eumedbridge.eu\/wp-content\/uploads\/2023\/08\/European_Commission.svg-1.png","width":640,"height":444},{"@type":"BreadcrumbList","@id":"https:\/\/www.eumedbridge.eu\/fr\/news\/journee-mondiale-de-laide-humanitaire-2023-declaration-du-haut-representant-vice-president-josep-borrell\/#breadcrumb","itemListElement":[{"@type":"ListItem","position":1,"name":"Home","item":"https:\/\/www.eumedbridge.eu\/fr\/home-page\/"},{"@type":"ListItem","position":2,"name":"Actualit\u00e9s","item":"https:\/\/www.eumedbridge.eu\/fr\/news\/"},{"@type":"ListItem","position":3,"name":"Journ\u00e9e mondiale de l\u2019aide humanitaire 2023 : d\u00e9claration du haut repr\u00e9sentant\/vice-pr\u00e9sident Josep Borrell"}]},{"@type":"WebSite","@id":"https:\/\/www.eumedbridge.eu\/#website","url":"https:\/\/www.eumedbridge.eu\/","name":"EU Medbridge","description":"","publisher":{"@id":"https:\/\/www.eumedbridge.eu\/#organization"},"potentialAction":[{"@type":"SearchAction","target":{"@type":"EntryPoint","urlTemplate":"https:\/\/www.eumedbridge.eu\/?s={search_term_string}"},"query-input":{"@type":"PropertyValueSpecification","valueRequired":true,"valueName":"search_term_string"}}],"inLanguage":"fr-FR"},{"@type":"Organization","@id":"https:\/\/www.eumedbridge.eu\/#organization","name":"EU Medbridge","url":"https:\/\/www.eumedbridge.eu\/","logo":{"@type":"ImageObject","inLanguage":"fr-FR","@id":"https:\/\/www.eumedbridge.eu\/#\/schema\/logo\/image\/","url":"https:\/\/www.eumedbridge.eu\/wp-content\/uploads\/2021\/12\/Logo.png","contentUrl":"https:\/\/www.eumedbridge.eu\/wp-content\/uploads\/2021\/12\/Logo.png","width":325,"height":114,"caption":"EU Medbridge"},"image":{"@id":"https:\/\/www.eumedbridge.eu\/#\/schema\/logo\/image\/"},"sameAs":["https:\/\/www.facebook.com\/eumedbridge\/","https:\/\/x.com\/eumedbridge","https:\/\/www.linkedin.com\/company\/eumedbridge","https:\/\/www.youtube.com\/@eumedbridge","https:\/\/www.instagram.com\/eumedbridge","https:\/\/www.flickr.com\/photos\/euneighbours-south\/"]}]}},"_links":{"self":[{"href":"https:\/\/www.eumedbridge.eu\/fr\/wp-json\/wp\/v2\/news\/218718","targetHints":{"allow":["GET"]}}],"collection":[{"href":"https:\/\/www.eumedbridge.eu\/fr\/wp-json\/wp\/v2\/news"}],"about":[{"href":"https:\/\/www.eumedbridge.eu\/fr\/wp-json\/wp\/v2\/types\/news"}],"wp:featuredmedia":[{"embeddable":true,"href":"https:\/\/www.eumedbridge.eu\/fr\/wp-json\/wp\/v2\/media\/218717"}],"wp:attachment":[{"href":"https:\/\/www.eumedbridge.eu\/fr\/wp-json\/wp\/v2\/media?parent=218718"}],"wp:term":[{"taxonomy":"news_category","embeddable":true,"href":"https:\/\/www.eumedbridge.eu\/fr\/wp-json\/wp\/v2\/news_category?post=218718"},{"taxonomy":"country","embeddable":true,"href":"https:\/\/www.eumedbridge.eu\/fr\/wp-json\/wp\/v2\/country?post=218718"},{"taxonomy":"special_action","embeddable":true,"href":"https:\/\/www.eumedbridge.eu\/fr\/wp-json\/wp\/v2\/special_action?post=218718"},{"taxonomy":"custom_tag","embeddable":true,"href":"https:\/\/www.eumedbridge.eu\/fr\/wp-json\/wp\/v2\/custom_tag?post=218718"}],"curies":[{"name":"wp","href":"https:\/\/api.w.org\/{rel}","templated":true}]}}