{"id":218723,"date":"2023-08-25T11:20:14","date_gmt":"2023-08-25T08:20:14","guid":{"rendered":"https:\/\/eumedbridge.eu\/?post_type=news&#038;p=218723"},"modified":"2023-08-25T11:20:14","modified_gmt":"2023-08-25T08:20:14","slug":"journee-internationale-de-commemoration-des-personnes-victimes-de-violences-en-raison-de-leur-religion-ou-de-leurs-convictions-22-aout-2023-declaration-du-haut-representant-au-nom-de-luni","status":"publish","type":"news","link":"https:\/\/www.eumedbridge.eu\/fr\/news\/journee-internationale-de-commemoration-des-personnes-victimes-de-violences-en-raison-de-leur-religion-ou-de-leurs-convictions-22-aout-2023-declaration-du-haut-representant-au-nom-de-luni\/","title":{"rendered":"Journ\u00e9e internationale de comm\u00e9moration des personnes victimes de violences en raison de leur religion ou de leurs convictions (22 ao\u00fbt 2023) : d\u00e9claration du haut repr\u00e9sentant au nom de l\u2019Union europ\u00e9enne"},"content":{"rendered":"<p><span lang=\"FR\">\u00c0 l\u2019occasion de la Journ\u00e9e internationale de comm\u00e9moration des personnes victimes de violences en raison de leur religion ou de leurs convictions, l\u2019<strong>Union europ\u00e9enne<\/strong> souhaite rendre hommage \u00e0 toutes les victimes de ces violences et appelle une nouvelle fois tous les \u00c9tats \u00e0 respecter pleinement l\u2019article\u00a018 de la <a href=\"https:\/\/www.un.org\/fr\/about-us\/universal-declaration-of-human-rights\"><strong><span style=\"color: blue; text-decoration: none; text-underline: none;\">D\u00e9claration universelle des droits de l\u2019homme<\/span><\/strong><\/a> (DUDH) et \u00e0 lutter contre tout acte de pers\u00e9cution et de discrimination religieuses.<\/span><\/p>\n<p><span lang=\"FR\">\u00a0<\/span><\/p>\n<p><span lang=\"FR\">Partout dans le monde, les personnes en danger doivent \u00eatre prot\u00e9g\u00e9es et les auteurs d\u2019actes de violence doivent \u00eatre traduits en justice. La religion ne devrait jamais \u00eatre invoqu\u00e9e pour justifier la prise pour cible de personnes appartenant \u00e0 des minorit\u00e9s.\u00a0 L\u2019Union europ\u00e9enne rappelle que la libert\u00e9 de religion ou de conviction et la libert\u00e9 d\u2019expression sont des droits universels, interd\u00e9pendants, intimement li\u00e9s et qui se renforcent mutuellement.<\/span><\/p>\n<p><span lang=\"FR\">\u00a0<\/span><\/p>\n<p><span lang=\"FR\">Outre les \u00c9tats, les acteurs religieux et non confessionnels, les responsables politiques, les organisations de la soci\u00e9t\u00e9 civile et les entreprises priv\u00e9es ont un r\u00f4le essentiel \u00e0 jouer dans la d\u00e9tection et la lutte contre les actes d\u2019incitation \u00e0 la haine, \u00e0 la discrimination et \u00e0 la violence \u00e0 l\u2019encontre d\u2019individus et de groupes.<\/span><\/p>\n<p><span lang=\"FR\">\u00a0<\/span><\/p>\n<p><span lang=\"FR\">L\u2019UE continuera \u00e0 utiliser tous les outils \u00e0 sa disposition, y compris les dialogues sur les droits de l\u2019homme, les r\u00e9solutions dans les enceintes multilat\u00e9rales, la coop\u00e9ration avec le rapporteur sp\u00e9cial des Nations Unies sur la libert\u00e9 de religion ou de conviction, les initiatives interconfessionnelles et le soutien d\u2019urgence aux d\u00e9fenseurs des droits de l\u2019homme, afin de prot\u00e9ger la libert\u00e9 de religion ou de conviction pour tous.<\/span><\/p>\n<p><span lang=\"FR\">\u00a0<\/span><\/p>\n<p><span lang=\"FR\">\u00c0 l\u2019occasion du 25<sup>e<\/sup>\u00a0anniversaire de la d\u00e9claration des Nations Unies sur les d\u00e9fenseurs des droits de l\u2019homme, l\u2019Union europ\u00e9enne reste une solide alli\u00e9e des organisations de la soci\u00e9t\u00e9 civile et des d\u00e9fenseurs de la libert\u00e9 de religion ou de conviction. Dans cette optique, elle lancera cette ann\u00e9e un appel \u00e0 propositions dot\u00e9 d\u2019un budget de 5\u00a0millions d\u2019euros pour soutenir les organisations qui \u0153uvrent \u00e0 la promotion et \u00e0 la protection de la libert\u00e9 de religion ou de conviction.<\/span><\/p>\n<p><span lang=\"FR\">\u00a0<\/span><\/p>\n<p><span lang=\"FR\">L\u2019Union europ\u00e9enne continue \u00e0 d\u00e9fendre la libert\u00e9 de religion et de conviction, \u00e0 l\u2019\u00e9tranger comme sur son territoire.\u00a0<\/span><\/p>\n","protected":false},"featured_media":218512,"parent":0,"template":"","news_category":[],"country":[1956],"special_action":[],"custom_tag":[2313],"class_list":["post-218723","news","type-news","status-publish","has-post-thumbnail","hentry","country-region-sud","custom_tag-droit-de-lhomme"],"acf":[],"yoast_head":"<!-- This site is optimized with the Yoast SEO plugin v26.5 - https:\/\/yoast.com\/wordpress\/plugins\/seo\/ -->\n<title>Journ\u00e9e internationale de comm\u00e9moration des personnes victimes de violences en raison de leur religion ou de leurs convictions (22 ao\u00fbt 2023) : d\u00e9claration du haut repr\u00e9sentant au nom de l\u2019Union europ\u00e9enne - Voisins de l&#039;UE<\/title>\n<meta name=\"robots\" content=\"index, follow, max-snippet:-1, max-image-preview:large, max-video-preview:-1\" \/>\n<link rel=\"canonical\" href=\"https:\/\/www.eumedbridge.eu\/fr\/news\/journee-internationale-de-commemoration-des-personnes-victimes-de-violences-en-raison-de-leur-religion-ou-de-leurs-convictions-22-aout-2023-declaration-du-haut-representant-au-nom-de-luni\/\" \/>\n<meta property=\"og:locale\" content=\"fr_FR\" \/>\n<meta property=\"og:type\" content=\"article\" \/>\n<meta property=\"og:title\" content=\"Journ\u00e9e internationale de comm\u00e9moration des personnes victimes de violences en raison de leur religion ou de leurs convictions (22 ao\u00fbt 2023) : d\u00e9claration du haut repr\u00e9sentant au nom de l\u2019Union europ\u00e9enne - Voisins de l&#039;UE\" \/>\n<meta property=\"og:description\" content=\"\u00c0 l\u2019occasion de la Journ\u00e9e internationale de comm\u00e9moration des personnes victimes de violences en raison de leur religion ou de leurs convictions, l\u2019Union europ\u00e9enne souhaite rendre hommage \u00e0 toutes les victimes de ces violences et appelle une nouvelle fois tous les \u00c9tats \u00e0 respecter pleinement l\u2019article\u00a018 de la D\u00e9claration universelle des droits de l\u2019homme (DUDH) [&hellip;]\" \/>\n<meta property=\"og:url\" content=\"https:\/\/www.eumedbridge.eu\/fr\/news\/journee-internationale-de-commemoration-des-personnes-victimes-de-violences-en-raison-de-leur-religion-ou-de-leurs-convictions-22-aout-2023-declaration-du-haut-representant-au-nom-de-luni\/\" \/>\n<meta property=\"og:site_name\" content=\"Voisins de l&#039;UE\" \/>\n<meta property=\"article:publisher\" content=\"https:\/\/www.facebook.com\/eumedbridge\/\" \/>\n<meta property=\"og:image\" content=\"https:\/\/www.eumedbridge.eu\/wp-content\/uploads\/2023\/08\/eu_flag_03-872x581-1.jpg\" \/>\n\t<meta property=\"og:image:width\" content=\"872\" \/>\n\t<meta property=\"og:image:height\" content=\"581\" \/>\n\t<meta property=\"og:image:type\" content=\"image\/jpeg\" \/>\n<meta name=\"twitter:card\" content=\"summary_large_image\" \/>\n<meta name=\"twitter:site\" content=\"@eumedbridge\" \/>\n<meta name=\"twitter:label1\" content=\"Dur\u00e9e de lecture estim\u00e9e\" \/>\n\t<meta name=\"twitter:data1\" content=\"2 minutes\" \/>\n<script type=\"application\/ld+json\" class=\"yoast-schema-graph\">{\"@context\":\"https:\/\/schema.org\",\"@graph\":[{\"@type\":\"WebPage\",\"@id\":\"https:\/\/www.eumedbridge.eu\/fr\/news\/journee-internationale-de-commemoration-des-personnes-victimes-de-violences-en-raison-de-leur-religion-ou-de-leurs-convictions-22-aout-2023-declaration-du-haut-representant-au-nom-de-luni\/\",\"url\":\"https:\/\/www.eumedbridge.eu\/fr\/news\/journee-internationale-de-commemoration-des-personnes-victimes-de-violences-en-raison-de-leur-religion-ou-de-leurs-convictions-22-aout-2023-declaration-du-haut-representant-au-nom-de-luni\/\",\"name\":\"Journ\u00e9e internationale de comm\u00e9moration des personnes victimes de violences en raison de leur religion ou de leurs convictions (22 ao\u00fbt 2023) : d\u00e9claration du haut repr\u00e9sentant au nom de l\u2019Union europ\u00e9enne - Voisins de l'UE\",\"isPartOf\":{\"@id\":\"https:\/\/www.eumedbridge.eu\/#website\"},\"primaryImageOfPage\":{\"@id\":\"https:\/\/www.eumedbridge.eu\/fr\/news\/journee-internationale-de-commemoration-des-personnes-victimes-de-violences-en-raison-de-leur-religion-ou-de-leurs-convictions-22-aout-2023-declaration-du-haut-representant-au-nom-de-luni\/#primaryimage\"},\"image\":{\"@id\":\"https:\/\/www.eumedbridge.eu\/fr\/news\/journee-internationale-de-commemoration-des-personnes-victimes-de-violences-en-raison-de-leur-religion-ou-de-leurs-convictions-22-aout-2023-declaration-du-haut-representant-au-nom-de-luni\/#primaryimage\"},\"thumbnailUrl\":\"https:\/\/www.eumedbridge.eu\/wp-content\/uploads\/2023\/08\/eu_flag_03-872x581-1.jpg\",\"datePublished\":\"2023-08-25T08:20:14+00:00\",\"breadcrumb\":{\"@id\":\"https:\/\/www.eumedbridge.eu\/fr\/news\/journee-internationale-de-commemoration-des-personnes-victimes-de-violences-en-raison-de-leur-religion-ou-de-leurs-convictions-22-aout-2023-declaration-du-haut-representant-au-nom-de-luni\/#breadcrumb\"},\"inLanguage\":\"fr-FR\",\"potentialAction\":[{\"@type\":\"ReadAction\",\"target\":[\"https:\/\/www.eumedbridge.eu\/fr\/news\/journee-internationale-de-commemoration-des-personnes-victimes-de-violences-en-raison-de-leur-religion-ou-de-leurs-convictions-22-aout-2023-declaration-du-haut-representant-au-nom-de-luni\/\"]}]},{\"@type\":\"ImageObject\",\"inLanguage\":\"fr-FR\",\"@id\":\"https:\/\/www.eumedbridge.eu\/fr\/news\/journee-internationale-de-commemoration-des-personnes-victimes-de-violences-en-raison-de-leur-religion-ou-de-leurs-convictions-22-aout-2023-declaration-du-haut-representant-au-nom-de-luni\/#primaryimage\",\"url\":\"https:\/\/www.eumedbridge.eu\/wp-content\/uploads\/2023\/08\/eu_flag_03-872x581-1.jpg\",\"contentUrl\":\"https:\/\/www.eumedbridge.eu\/wp-content\/uploads\/2023\/08\/eu_flag_03-872x581-1.jpg\",\"width\":872,\"height\":581},{\"@type\":\"BreadcrumbList\",\"@id\":\"https:\/\/www.eumedbridge.eu\/fr\/news\/journee-internationale-de-commemoration-des-personnes-victimes-de-violences-en-raison-de-leur-religion-ou-de-leurs-convictions-22-aout-2023-declaration-du-haut-representant-au-nom-de-luni\/#breadcrumb\",\"itemListElement\":[{\"@type\":\"ListItem\",\"position\":1,\"name\":\"Home\",\"item\":\"https:\/\/www.eumedbridge.eu\/fr\/home-page\/\"},{\"@type\":\"ListItem\",\"position\":2,\"name\":\"Actualit\u00e9s\",\"item\":\"https:\/\/www.eumedbridge.eu\/fr\/news\/\"},{\"@type\":\"ListItem\",\"position\":3,\"name\":\"Journ\u00e9e internationale de comm\u00e9moration des personnes victimes de violences en raison de leur religion ou de leurs convictions (22 ao\u00fbt 2023) : d\u00e9claration du haut repr\u00e9sentant au nom de l\u2019Union europ\u00e9enne\"}]},{\"@type\":\"WebSite\",\"@id\":\"https:\/\/www.eumedbridge.eu\/#website\",\"url\":\"https:\/\/www.eumedbridge.eu\/\",\"name\":\"EU Medbridge\",\"description\":\"\",\"publisher\":{\"@id\":\"https:\/\/www.eumedbridge.eu\/#organization\"},\"potentialAction\":[{\"@type\":\"SearchAction\",\"target\":{\"@type\":\"EntryPoint\",\"urlTemplate\":\"https:\/\/www.eumedbridge.eu\/?s={search_term_string}\"},\"query-input\":{\"@type\":\"PropertyValueSpecification\",\"valueRequired\":true,\"valueName\":\"search_term_string\"}}],\"inLanguage\":\"fr-FR\"},{\"@type\":\"Organization\",\"@id\":\"https:\/\/www.eumedbridge.eu\/#organization\",\"name\":\"EU Medbridge\",\"url\":\"https:\/\/www.eumedbridge.eu\/\",\"logo\":{\"@type\":\"ImageObject\",\"inLanguage\":\"fr-FR\",\"@id\":\"https:\/\/www.eumedbridge.eu\/#\/schema\/logo\/image\/\",\"url\":\"https:\/\/www.eumedbridge.eu\/wp-content\/uploads\/2021\/12\/Logo.png\",\"contentUrl\":\"https:\/\/www.eumedbridge.eu\/wp-content\/uploads\/2021\/12\/Logo.png\",\"width\":325,\"height\":114,\"caption\":\"EU Medbridge\"},\"image\":{\"@id\":\"https:\/\/www.eumedbridge.eu\/#\/schema\/logo\/image\/\"},\"sameAs\":[\"https:\/\/www.facebook.com\/eumedbridge\/\",\"https:\/\/x.com\/eumedbridge\",\"https:\/\/www.linkedin.com\/company\/eumedbridge\",\"https:\/\/www.youtube.com\/@eumedbridge\",\"https:\/\/www.instagram.com\/eumedbridge\",\"https:\/\/www.flickr.com\/photos\/euneighbours-south\/\"]}]}<\/script>\n<!-- \/ Yoast SEO plugin. -->","yoast_head_json":{"title":"Journ\u00e9e internationale de comm\u00e9moration des personnes victimes de violences en raison de leur religion ou de leurs convictions (22 ao\u00fbt 2023) : d\u00e9claration du haut repr\u00e9sentant au nom de l\u2019Union europ\u00e9enne - Voisins de l'UE","robots":{"index":"index","follow":"follow","max-snippet":"max-snippet:-1","max-image-preview":"max-image-preview:large","max-video-preview":"max-video-preview:-1"},"canonical":"https:\/\/www.eumedbridge.eu\/fr\/news\/journee-internationale-de-commemoration-des-personnes-victimes-de-violences-en-raison-de-leur-religion-ou-de-leurs-convictions-22-aout-2023-declaration-du-haut-representant-au-nom-de-luni\/","og_locale":"fr_FR","og_type":"article","og_title":"Journ\u00e9e internationale de comm\u00e9moration des personnes victimes de violences en raison de leur religion ou de leurs convictions (22 ao\u00fbt 2023) : d\u00e9claration du haut repr\u00e9sentant au nom de l\u2019Union europ\u00e9enne - Voisins de l'UE","og_description":"\u00c0 l\u2019occasion de la Journ\u00e9e internationale de comm\u00e9moration des personnes victimes de violences en raison de leur religion ou de leurs convictions, l\u2019Union europ\u00e9enne souhaite rendre hommage \u00e0 toutes les victimes de ces violences et appelle une nouvelle fois tous les \u00c9tats \u00e0 respecter pleinement l\u2019article\u00a018 de la D\u00e9claration universelle des droits de l\u2019homme (DUDH) [&hellip;]","og_url":"https:\/\/www.eumedbridge.eu\/fr\/news\/journee-internationale-de-commemoration-des-personnes-victimes-de-violences-en-raison-de-leur-religion-ou-de-leurs-convictions-22-aout-2023-declaration-du-haut-representant-au-nom-de-luni\/","og_site_name":"Voisins de l'UE","article_publisher":"https:\/\/www.facebook.com\/eumedbridge\/","og_image":[{"width":872,"height":581,"url":"https:\/\/www.eumedbridge.eu\/wp-content\/uploads\/2023\/08\/eu_flag_03-872x581-1.jpg","type":"image\/jpeg"}],"twitter_card":"summary_large_image","twitter_site":"@eumedbridge","twitter_misc":{"Dur\u00e9e de lecture estim\u00e9e":"2 minutes"},"schema":{"@context":"https:\/\/schema.org","@graph":[{"@type":"WebPage","@id":"https:\/\/www.eumedbridge.eu\/fr\/news\/journee-internationale-de-commemoration-des-personnes-victimes-de-violences-en-raison-de-leur-religion-ou-de-leurs-convictions-22-aout-2023-declaration-du-haut-representant-au-nom-de-luni\/","url":"https:\/\/www.eumedbridge.eu\/fr\/news\/journee-internationale-de-commemoration-des-personnes-victimes-de-violences-en-raison-de-leur-religion-ou-de-leurs-convictions-22-aout-2023-declaration-du-haut-representant-au-nom-de-luni\/","name":"Journ\u00e9e internationale de comm\u00e9moration des personnes victimes de violences en raison de leur religion ou de leurs convictions (22 ao\u00fbt 2023) : d\u00e9claration du haut repr\u00e9sentant au nom de l\u2019Union europ\u00e9enne - Voisins de l'UE","isPartOf":{"@id":"https:\/\/www.eumedbridge.eu\/#website"},"primaryImageOfPage":{"@id":"https:\/\/www.eumedbridge.eu\/fr\/news\/journee-internationale-de-commemoration-des-personnes-victimes-de-violences-en-raison-de-leur-religion-ou-de-leurs-convictions-22-aout-2023-declaration-du-haut-representant-au-nom-de-luni\/#primaryimage"},"image":{"@id":"https:\/\/www.eumedbridge.eu\/fr\/news\/journee-internationale-de-commemoration-des-personnes-victimes-de-violences-en-raison-de-leur-religion-ou-de-leurs-convictions-22-aout-2023-declaration-du-haut-representant-au-nom-de-luni\/#primaryimage"},"thumbnailUrl":"https:\/\/www.eumedbridge.eu\/wp-content\/uploads\/2023\/08\/eu_flag_03-872x581-1.jpg","datePublished":"2023-08-25T08:20:14+00:00","breadcrumb":{"@id":"https:\/\/www.eumedbridge.eu\/fr\/news\/journee-internationale-de-commemoration-des-personnes-victimes-de-violences-en-raison-de-leur-religion-ou-de-leurs-convictions-22-aout-2023-declaration-du-haut-representant-au-nom-de-luni\/#breadcrumb"},"inLanguage":"fr-FR","potentialAction":[{"@type":"ReadAction","target":["https:\/\/www.eumedbridge.eu\/fr\/news\/journee-internationale-de-commemoration-des-personnes-victimes-de-violences-en-raison-de-leur-religion-ou-de-leurs-convictions-22-aout-2023-declaration-du-haut-representant-au-nom-de-luni\/"]}]},{"@type":"ImageObject","inLanguage":"fr-FR","@id":"https:\/\/www.eumedbridge.eu\/fr\/news\/journee-internationale-de-commemoration-des-personnes-victimes-de-violences-en-raison-de-leur-religion-ou-de-leurs-convictions-22-aout-2023-declaration-du-haut-representant-au-nom-de-luni\/#primaryimage","url":"https:\/\/www.eumedbridge.eu\/wp-content\/uploads\/2023\/08\/eu_flag_03-872x581-1.jpg","contentUrl":"https:\/\/www.eumedbridge.eu\/wp-content\/uploads\/2023\/08\/eu_flag_03-872x581-1.jpg","width":872,"height":581},{"@type":"BreadcrumbList","@id":"https:\/\/www.eumedbridge.eu\/fr\/news\/journee-internationale-de-commemoration-des-personnes-victimes-de-violences-en-raison-de-leur-religion-ou-de-leurs-convictions-22-aout-2023-declaration-du-haut-representant-au-nom-de-luni\/#breadcrumb","itemListElement":[{"@type":"ListItem","position":1,"name":"Home","item":"https:\/\/www.eumedbridge.eu\/fr\/home-page\/"},{"@type":"ListItem","position":2,"name":"Actualit\u00e9s","item":"https:\/\/www.eumedbridge.eu\/fr\/news\/"},{"@type":"ListItem","position":3,"name":"Journ\u00e9e internationale de comm\u00e9moration des personnes victimes de violences en raison de leur religion ou de leurs convictions (22 ao\u00fbt 2023) : d\u00e9claration du haut repr\u00e9sentant au nom de l\u2019Union europ\u00e9enne"}]},{"@type":"WebSite","@id":"https:\/\/www.eumedbridge.eu\/#website","url":"https:\/\/www.eumedbridge.eu\/","name":"EU Medbridge","description":"","publisher":{"@id":"https:\/\/www.eumedbridge.eu\/#organization"},"potentialAction":[{"@type":"SearchAction","target":{"@type":"EntryPoint","urlTemplate":"https:\/\/www.eumedbridge.eu\/?s={search_term_string}"},"query-input":{"@type":"PropertyValueSpecification","valueRequired":true,"valueName":"search_term_string"}}],"inLanguage":"fr-FR"},{"@type":"Organization","@id":"https:\/\/www.eumedbridge.eu\/#organization","name":"EU Medbridge","url":"https:\/\/www.eumedbridge.eu\/","logo":{"@type":"ImageObject","inLanguage":"fr-FR","@id":"https:\/\/www.eumedbridge.eu\/#\/schema\/logo\/image\/","url":"https:\/\/www.eumedbridge.eu\/wp-content\/uploads\/2021\/12\/Logo.png","contentUrl":"https:\/\/www.eumedbridge.eu\/wp-content\/uploads\/2021\/12\/Logo.png","width":325,"height":114,"caption":"EU Medbridge"},"image":{"@id":"https:\/\/www.eumedbridge.eu\/#\/schema\/logo\/image\/"},"sameAs":["https:\/\/www.facebook.com\/eumedbridge\/","https:\/\/x.com\/eumedbridge","https:\/\/www.linkedin.com\/company\/eumedbridge","https:\/\/www.youtube.com\/@eumedbridge","https:\/\/www.instagram.com\/eumedbridge","https:\/\/www.flickr.com\/photos\/euneighbours-south\/"]}]}},"_links":{"self":[{"href":"https:\/\/www.eumedbridge.eu\/fr\/wp-json\/wp\/v2\/news\/218723","targetHints":{"allow":["GET"]}}],"collection":[{"href":"https:\/\/www.eumedbridge.eu\/fr\/wp-json\/wp\/v2\/news"}],"about":[{"href":"https:\/\/www.eumedbridge.eu\/fr\/wp-json\/wp\/v2\/types\/news"}],"wp:featuredmedia":[{"embeddable":true,"href":"https:\/\/www.eumedbridge.eu\/fr\/wp-json\/wp\/v2\/media\/218512"}],"wp:attachment":[{"href":"https:\/\/www.eumedbridge.eu\/fr\/wp-json\/wp\/v2\/media?parent=218723"}],"wp:term":[{"taxonomy":"news_category","embeddable":true,"href":"https:\/\/www.eumedbridge.eu\/fr\/wp-json\/wp\/v2\/news_category?post=218723"},{"taxonomy":"country","embeddable":true,"href":"https:\/\/www.eumedbridge.eu\/fr\/wp-json\/wp\/v2\/country?post=218723"},{"taxonomy":"special_action","embeddable":true,"href":"https:\/\/www.eumedbridge.eu\/fr\/wp-json\/wp\/v2\/special_action?post=218723"},{"taxonomy":"custom_tag","embeddable":true,"href":"https:\/\/www.eumedbridge.eu\/fr\/wp-json\/wp\/v2\/custom_tag?post=218723"}],"curies":[{"name":"wp","href":"https:\/\/api.w.org\/{rel}","templated":true}]}}