{"id":219901,"date":"2023-09-20T15:50:02","date_gmt":"2023-09-20T12:50:02","guid":{"rendered":"https:\/\/eumedbridge.eu\/?post_type=news&#038;p=219901"},"modified":"2023-09-20T15:50:02","modified_gmt":"2023-09-20T12:50:02","slug":"journee-internationale-de-la-democratie-declaration-commune-du-haut-representant-vice-president-borrell-et-de-la-vice-presidente-suica","status":"publish","type":"news","link":"https:\/\/www.eumedbridge.eu\/fr\/news\/journee-internationale-de-la-democratie-declaration-commune-du-haut-representant-vice-president-borrell-et-de-la-vice-presidente-suica\/","title":{"rendered":"Journ\u00e9e internationale de la d\u00e9mocratie : d\u00e9claration commune du haut repr\u00e9sentant\/vice-pr\u00e9sident Borrell et de la vice-pr\u00e9sidente \u0160uica"},"content":{"rendered":"<p>\u00c0 l\u2019occasion de la <strong>Journ\u00e9e internationale de la d\u00e9mocratie<\/strong>, l\u2019<strong>Union europ\u00e9enne<\/strong> r\u00e9affirme sa d\u00e9termination sans faille \u00e0 soutenir et \u00e0 d\u00e9fendre la d\u00e9mocratie, fond\u00e9e sur les droits de l\u2019homme universels, \u00e0 l\u2019int\u00e9rieur comme au-del\u00e0 de ses fronti\u00e8res.<\/p>\n<p>La d\u00e9mocratie a transform\u00e9 et am\u00e9lior\u00e9 les soci\u00e9t\u00e9s dans le monde entier. Toutefois, son \u00e9rosion et celle des droits de l\u2019homme sont une r\u00e9alit\u00e9 qui n\u2019\u00e9pargne personne.<\/p>\n<p>La guerre d\u2019agression men\u00e9e par la Russie contre l\u2019Ukraine nous rappelle brutalement que la d\u00e9mocratie et l\u2019ordre fond\u00e9 sur des r\u00e8gles sont attaqu\u00e9s. L\u2019Union europ\u00e9enne, ses \u00c9tats membres et les d\u00e9mocraties du monde entier se sont mobilis\u00e9s pour soutenir l\u2019Ukraine, reconnaissant que les principes fondateurs de nos soci\u00e9t\u00e9s sont en jeu.<\/p>\n<p>Aucune d\u00e9mocratie n\u2019est \u00e0 l\u2019abri des d\u00e9fis auxquels nous sommes confront\u00e9s aujourd\u2019hui. Nous devons faire preuve d\u2019une vigilance de chaque instant et agir face aux tentatives constantes qui visent \u00e0 porter atteinte \u00e0 l\u2019\u00e9tat de droit, \u00e0 supprimer les libert\u00e9s civiles, \u00e0 manipuler les \u00e9lections et \u00e0 r\u00e9primer la soci\u00e9t\u00e9 civile.<\/p>\n<p>\u00c0 l\u2019heure o\u00f9 les r\u00e9gimes autoritaires \u00e9laborent et propagent des discours mensongers qui les pr\u00e9sentent comme des alternatives faciles aux d\u00e9mocraties, nous ne devrions pas sous-estimer le potentiel n\u00e9faste des activit\u00e9s de manipulation de l\u2019information et de d\u00e9sinformation.<\/p>\n<p>L\u2019inclusion est la force de la d\u00e9mocratie. Lorsque les citoyens, toutes g\u00e9n\u00e9rations confondues, sont en mesure d\u2019exercer leurs libert\u00e9s et leurs droits pour s\u2019investir et jouer un r\u00f4le dans leurs soci\u00e9t\u00e9s respectives, ils peuvent faire \u00e9chec \u00e0 l\u2019autoritarisme. Nous sommes d\u00e9termin\u00e9s \u00e0 prot\u00e9ger les institutions d\u00e9mocratiques qui constituent le fondement de notre d\u00e9mocratie. Cette protection va de pair avec un approfondissement de notre engagement aupr\u00e8s des citoyens pour construire la r\u00e9silience d\u00e9mocratique. [\u2026]<\/p>\n","protected":false},"featured_media":218512,"parent":0,"template":"","news_category":[],"country":[1956],"special_action":[],"custom_tag":[2313],"class_list":["post-219901","news","type-news","status-publish","has-post-thumbnail","hentry","country-region-sud","custom_tag-droit-de-lhomme"],"acf":[],"yoast_head":"<!-- This site is optimized with the Yoast SEO plugin v26.5 - https:\/\/yoast.com\/wordpress\/plugins\/seo\/ -->\n<title>Journ\u00e9e internationale de la d\u00e9mocratie : d\u00e9claration commune du haut repr\u00e9sentant\/vice-pr\u00e9sident Borrell et de la vice-pr\u00e9sidente \u0160uica - Voisins de l&#039;UE<\/title>\n<meta name=\"robots\" content=\"index, follow, max-snippet:-1, max-image-preview:large, max-video-preview:-1\" \/>\n<link rel=\"canonical\" href=\"https:\/\/www.eumedbridge.eu\/fr\/news\/journee-internationale-de-la-democratie-declaration-commune-du-haut-representant-vice-president-borrell-et-de-la-vice-presidente-suica\/\" \/>\n<meta property=\"og:locale\" content=\"fr_FR\" \/>\n<meta property=\"og:type\" content=\"article\" \/>\n<meta property=\"og:title\" content=\"Journ\u00e9e internationale de la d\u00e9mocratie : d\u00e9claration commune du haut repr\u00e9sentant\/vice-pr\u00e9sident Borrell et de la vice-pr\u00e9sidente \u0160uica - Voisins de l&#039;UE\" \/>\n<meta property=\"og:description\" content=\"\u00c0 l\u2019occasion de la Journ\u00e9e internationale de la d\u00e9mocratie, l\u2019Union europ\u00e9enne r\u00e9affirme sa d\u00e9termination sans faille \u00e0 soutenir et \u00e0 d\u00e9fendre la d\u00e9mocratie, fond\u00e9e sur les droits de l\u2019homme universels, \u00e0 l\u2019int\u00e9rieur comme au-del\u00e0 de ses fronti\u00e8res. La d\u00e9mocratie a transform\u00e9 et am\u00e9lior\u00e9 les soci\u00e9t\u00e9s dans le monde entier. Toutefois, son \u00e9rosion et celle des [&hellip;]\" \/>\n<meta property=\"og:url\" content=\"https:\/\/www.eumedbridge.eu\/fr\/news\/journee-internationale-de-la-democratie-declaration-commune-du-haut-representant-vice-president-borrell-et-de-la-vice-presidente-suica\/\" \/>\n<meta property=\"og:site_name\" content=\"Voisins de l&#039;UE\" \/>\n<meta property=\"article:publisher\" content=\"https:\/\/www.facebook.com\/eumedbridge\/\" \/>\n<meta property=\"og:image\" content=\"https:\/\/www.eumedbridge.eu\/wp-content\/uploads\/2023\/08\/eu_flag_03-872x581-1.jpg\" \/>\n\t<meta property=\"og:image:width\" content=\"872\" \/>\n\t<meta property=\"og:image:height\" content=\"581\" \/>\n\t<meta property=\"og:image:type\" content=\"image\/jpeg\" \/>\n<meta name=\"twitter:card\" content=\"summary_large_image\" \/>\n<meta name=\"twitter:site\" content=\"@eumedbridge\" \/>\n<meta name=\"twitter:label1\" content=\"Dur\u00e9e de lecture estim\u00e9e\" \/>\n\t<meta name=\"twitter:data1\" content=\"2 minutes\" \/>\n<script type=\"application\/ld+json\" class=\"yoast-schema-graph\">{\"@context\":\"https:\/\/schema.org\",\"@graph\":[{\"@type\":\"WebPage\",\"@id\":\"https:\/\/www.eumedbridge.eu\/fr\/news\/journee-internationale-de-la-democratie-declaration-commune-du-haut-representant-vice-president-borrell-et-de-la-vice-presidente-suica\/\",\"url\":\"https:\/\/www.eumedbridge.eu\/fr\/news\/journee-internationale-de-la-democratie-declaration-commune-du-haut-representant-vice-president-borrell-et-de-la-vice-presidente-suica\/\",\"name\":\"Journ\u00e9e internationale de la d\u00e9mocratie : d\u00e9claration commune du haut repr\u00e9sentant\/vice-pr\u00e9sident Borrell et de la vice-pr\u00e9sidente \u0160uica - Voisins de l'UE\",\"isPartOf\":{\"@id\":\"https:\/\/www.eumedbridge.eu\/#website\"},\"primaryImageOfPage\":{\"@id\":\"https:\/\/www.eumedbridge.eu\/fr\/news\/journee-internationale-de-la-democratie-declaration-commune-du-haut-representant-vice-president-borrell-et-de-la-vice-presidente-suica\/#primaryimage\"},\"image\":{\"@id\":\"https:\/\/www.eumedbridge.eu\/fr\/news\/journee-internationale-de-la-democratie-declaration-commune-du-haut-representant-vice-president-borrell-et-de-la-vice-presidente-suica\/#primaryimage\"},\"thumbnailUrl\":\"https:\/\/www.eumedbridge.eu\/wp-content\/uploads\/2023\/08\/eu_flag_03-872x581-1.jpg\",\"datePublished\":\"2023-09-20T12:50:02+00:00\",\"breadcrumb\":{\"@id\":\"https:\/\/www.eumedbridge.eu\/fr\/news\/journee-internationale-de-la-democratie-declaration-commune-du-haut-representant-vice-president-borrell-et-de-la-vice-presidente-suica\/#breadcrumb\"},\"inLanguage\":\"fr-FR\",\"potentialAction\":[{\"@type\":\"ReadAction\",\"target\":[\"https:\/\/www.eumedbridge.eu\/fr\/news\/journee-internationale-de-la-democratie-declaration-commune-du-haut-representant-vice-president-borrell-et-de-la-vice-presidente-suica\/\"]}]},{\"@type\":\"ImageObject\",\"inLanguage\":\"fr-FR\",\"@id\":\"https:\/\/www.eumedbridge.eu\/fr\/news\/journee-internationale-de-la-democratie-declaration-commune-du-haut-representant-vice-president-borrell-et-de-la-vice-presidente-suica\/#primaryimage\",\"url\":\"https:\/\/www.eumedbridge.eu\/wp-content\/uploads\/2023\/08\/eu_flag_03-872x581-1.jpg\",\"contentUrl\":\"https:\/\/www.eumedbridge.eu\/wp-content\/uploads\/2023\/08\/eu_flag_03-872x581-1.jpg\",\"width\":872,\"height\":581},{\"@type\":\"BreadcrumbList\",\"@id\":\"https:\/\/www.eumedbridge.eu\/fr\/news\/journee-internationale-de-la-democratie-declaration-commune-du-haut-representant-vice-president-borrell-et-de-la-vice-presidente-suica\/#breadcrumb\",\"itemListElement\":[{\"@type\":\"ListItem\",\"position\":1,\"name\":\"Home\",\"item\":\"https:\/\/www.eumedbridge.eu\/fr\/home-page\/\"},{\"@type\":\"ListItem\",\"position\":2,\"name\":\"Actualit\u00e9s\",\"item\":\"https:\/\/www.eumedbridge.eu\/fr\/news\/\"},{\"@type\":\"ListItem\",\"position\":3,\"name\":\"Journ\u00e9e internationale de la d\u00e9mocratie : d\u00e9claration commune du haut repr\u00e9sentant\/vice-pr\u00e9sident Borrell et de la vice-pr\u00e9sidente \u0160uica\"}]},{\"@type\":\"WebSite\",\"@id\":\"https:\/\/www.eumedbridge.eu\/#website\",\"url\":\"https:\/\/www.eumedbridge.eu\/\",\"name\":\"EU Medbridge\",\"description\":\"\",\"publisher\":{\"@id\":\"https:\/\/www.eumedbridge.eu\/#organization\"},\"potentialAction\":[{\"@type\":\"SearchAction\",\"target\":{\"@type\":\"EntryPoint\",\"urlTemplate\":\"https:\/\/www.eumedbridge.eu\/?s={search_term_string}\"},\"query-input\":{\"@type\":\"PropertyValueSpecification\",\"valueRequired\":true,\"valueName\":\"search_term_string\"}}],\"inLanguage\":\"fr-FR\"},{\"@type\":\"Organization\",\"@id\":\"https:\/\/www.eumedbridge.eu\/#organization\",\"name\":\"EU Medbridge\",\"url\":\"https:\/\/www.eumedbridge.eu\/\",\"logo\":{\"@type\":\"ImageObject\",\"inLanguage\":\"fr-FR\",\"@id\":\"https:\/\/www.eumedbridge.eu\/#\/schema\/logo\/image\/\",\"url\":\"https:\/\/www.eumedbridge.eu\/wp-content\/uploads\/2021\/12\/Logo.png\",\"contentUrl\":\"https:\/\/www.eumedbridge.eu\/wp-content\/uploads\/2021\/12\/Logo.png\",\"width\":325,\"height\":114,\"caption\":\"EU Medbridge\"},\"image\":{\"@id\":\"https:\/\/www.eumedbridge.eu\/#\/schema\/logo\/image\/\"},\"sameAs\":[\"https:\/\/www.facebook.com\/eumedbridge\/\",\"https:\/\/x.com\/eumedbridge\",\"https:\/\/www.linkedin.com\/company\/eumedbridge\",\"https:\/\/www.youtube.com\/@eumedbridge\",\"https:\/\/www.instagram.com\/eumedbridge\",\"https:\/\/www.flickr.com\/photos\/euneighbours-south\/\"]}]}<\/script>\n<!-- \/ Yoast SEO plugin. -->","yoast_head_json":{"title":"Journ\u00e9e internationale de la d\u00e9mocratie : d\u00e9claration commune du haut repr\u00e9sentant\/vice-pr\u00e9sident Borrell et de la vice-pr\u00e9sidente \u0160uica - Voisins de l'UE","robots":{"index":"index","follow":"follow","max-snippet":"max-snippet:-1","max-image-preview":"max-image-preview:large","max-video-preview":"max-video-preview:-1"},"canonical":"https:\/\/www.eumedbridge.eu\/fr\/news\/journee-internationale-de-la-democratie-declaration-commune-du-haut-representant-vice-president-borrell-et-de-la-vice-presidente-suica\/","og_locale":"fr_FR","og_type":"article","og_title":"Journ\u00e9e internationale de la d\u00e9mocratie : d\u00e9claration commune du haut repr\u00e9sentant\/vice-pr\u00e9sident Borrell et de la vice-pr\u00e9sidente \u0160uica - Voisins de l'UE","og_description":"\u00c0 l\u2019occasion de la Journ\u00e9e internationale de la d\u00e9mocratie, l\u2019Union europ\u00e9enne r\u00e9affirme sa d\u00e9termination sans faille \u00e0 soutenir et \u00e0 d\u00e9fendre la d\u00e9mocratie, fond\u00e9e sur les droits de l\u2019homme universels, \u00e0 l\u2019int\u00e9rieur comme au-del\u00e0 de ses fronti\u00e8res. La d\u00e9mocratie a transform\u00e9 et am\u00e9lior\u00e9 les soci\u00e9t\u00e9s dans le monde entier. Toutefois, son \u00e9rosion et celle des [&hellip;]","og_url":"https:\/\/www.eumedbridge.eu\/fr\/news\/journee-internationale-de-la-democratie-declaration-commune-du-haut-representant-vice-president-borrell-et-de-la-vice-presidente-suica\/","og_site_name":"Voisins de l'UE","article_publisher":"https:\/\/www.facebook.com\/eumedbridge\/","og_image":[{"width":872,"height":581,"url":"https:\/\/www.eumedbridge.eu\/wp-content\/uploads\/2023\/08\/eu_flag_03-872x581-1.jpg","type":"image\/jpeg"}],"twitter_card":"summary_large_image","twitter_site":"@eumedbridge","twitter_misc":{"Dur\u00e9e de lecture estim\u00e9e":"2 minutes"},"schema":{"@context":"https:\/\/schema.org","@graph":[{"@type":"WebPage","@id":"https:\/\/www.eumedbridge.eu\/fr\/news\/journee-internationale-de-la-democratie-declaration-commune-du-haut-representant-vice-president-borrell-et-de-la-vice-presidente-suica\/","url":"https:\/\/www.eumedbridge.eu\/fr\/news\/journee-internationale-de-la-democratie-declaration-commune-du-haut-representant-vice-president-borrell-et-de-la-vice-presidente-suica\/","name":"Journ\u00e9e internationale de la d\u00e9mocratie : d\u00e9claration commune du haut repr\u00e9sentant\/vice-pr\u00e9sident Borrell et de la vice-pr\u00e9sidente \u0160uica - Voisins de l'UE","isPartOf":{"@id":"https:\/\/www.eumedbridge.eu\/#website"},"primaryImageOfPage":{"@id":"https:\/\/www.eumedbridge.eu\/fr\/news\/journee-internationale-de-la-democratie-declaration-commune-du-haut-representant-vice-president-borrell-et-de-la-vice-presidente-suica\/#primaryimage"},"image":{"@id":"https:\/\/www.eumedbridge.eu\/fr\/news\/journee-internationale-de-la-democratie-declaration-commune-du-haut-representant-vice-president-borrell-et-de-la-vice-presidente-suica\/#primaryimage"},"thumbnailUrl":"https:\/\/www.eumedbridge.eu\/wp-content\/uploads\/2023\/08\/eu_flag_03-872x581-1.jpg","datePublished":"2023-09-20T12:50:02+00:00","breadcrumb":{"@id":"https:\/\/www.eumedbridge.eu\/fr\/news\/journee-internationale-de-la-democratie-declaration-commune-du-haut-representant-vice-president-borrell-et-de-la-vice-presidente-suica\/#breadcrumb"},"inLanguage":"fr-FR","potentialAction":[{"@type":"ReadAction","target":["https:\/\/www.eumedbridge.eu\/fr\/news\/journee-internationale-de-la-democratie-declaration-commune-du-haut-representant-vice-president-borrell-et-de-la-vice-presidente-suica\/"]}]},{"@type":"ImageObject","inLanguage":"fr-FR","@id":"https:\/\/www.eumedbridge.eu\/fr\/news\/journee-internationale-de-la-democratie-declaration-commune-du-haut-representant-vice-president-borrell-et-de-la-vice-presidente-suica\/#primaryimage","url":"https:\/\/www.eumedbridge.eu\/wp-content\/uploads\/2023\/08\/eu_flag_03-872x581-1.jpg","contentUrl":"https:\/\/www.eumedbridge.eu\/wp-content\/uploads\/2023\/08\/eu_flag_03-872x581-1.jpg","width":872,"height":581},{"@type":"BreadcrumbList","@id":"https:\/\/www.eumedbridge.eu\/fr\/news\/journee-internationale-de-la-democratie-declaration-commune-du-haut-representant-vice-president-borrell-et-de-la-vice-presidente-suica\/#breadcrumb","itemListElement":[{"@type":"ListItem","position":1,"name":"Home","item":"https:\/\/www.eumedbridge.eu\/fr\/home-page\/"},{"@type":"ListItem","position":2,"name":"Actualit\u00e9s","item":"https:\/\/www.eumedbridge.eu\/fr\/news\/"},{"@type":"ListItem","position":3,"name":"Journ\u00e9e internationale de la d\u00e9mocratie : d\u00e9claration commune du haut repr\u00e9sentant\/vice-pr\u00e9sident Borrell et de la vice-pr\u00e9sidente \u0160uica"}]},{"@type":"WebSite","@id":"https:\/\/www.eumedbridge.eu\/#website","url":"https:\/\/www.eumedbridge.eu\/","name":"EU Medbridge","description":"","publisher":{"@id":"https:\/\/www.eumedbridge.eu\/#organization"},"potentialAction":[{"@type":"SearchAction","target":{"@type":"EntryPoint","urlTemplate":"https:\/\/www.eumedbridge.eu\/?s={search_term_string}"},"query-input":{"@type":"PropertyValueSpecification","valueRequired":true,"valueName":"search_term_string"}}],"inLanguage":"fr-FR"},{"@type":"Organization","@id":"https:\/\/www.eumedbridge.eu\/#organization","name":"EU Medbridge","url":"https:\/\/www.eumedbridge.eu\/","logo":{"@type":"ImageObject","inLanguage":"fr-FR","@id":"https:\/\/www.eumedbridge.eu\/#\/schema\/logo\/image\/","url":"https:\/\/www.eumedbridge.eu\/wp-content\/uploads\/2021\/12\/Logo.png","contentUrl":"https:\/\/www.eumedbridge.eu\/wp-content\/uploads\/2021\/12\/Logo.png","width":325,"height":114,"caption":"EU Medbridge"},"image":{"@id":"https:\/\/www.eumedbridge.eu\/#\/schema\/logo\/image\/"},"sameAs":["https:\/\/www.facebook.com\/eumedbridge\/","https:\/\/x.com\/eumedbridge","https:\/\/www.linkedin.com\/company\/eumedbridge","https:\/\/www.youtube.com\/@eumedbridge","https:\/\/www.instagram.com\/eumedbridge","https:\/\/www.flickr.com\/photos\/euneighbours-south\/"]}]}},"_links":{"self":[{"href":"https:\/\/www.eumedbridge.eu\/fr\/wp-json\/wp\/v2\/news\/219901","targetHints":{"allow":["GET"]}}],"collection":[{"href":"https:\/\/www.eumedbridge.eu\/fr\/wp-json\/wp\/v2\/news"}],"about":[{"href":"https:\/\/www.eumedbridge.eu\/fr\/wp-json\/wp\/v2\/types\/news"}],"wp:featuredmedia":[{"embeddable":true,"href":"https:\/\/www.eumedbridge.eu\/fr\/wp-json\/wp\/v2\/media\/218512"}],"wp:attachment":[{"href":"https:\/\/www.eumedbridge.eu\/fr\/wp-json\/wp\/v2\/media?parent=219901"}],"wp:term":[{"taxonomy":"news_category","embeddable":true,"href":"https:\/\/www.eumedbridge.eu\/fr\/wp-json\/wp\/v2\/news_category?post=219901"},{"taxonomy":"country","embeddable":true,"href":"https:\/\/www.eumedbridge.eu\/fr\/wp-json\/wp\/v2\/country?post=219901"},{"taxonomy":"special_action","embeddable":true,"href":"https:\/\/www.eumedbridge.eu\/fr\/wp-json\/wp\/v2\/special_action?post=219901"},{"taxonomy":"custom_tag","embeddable":true,"href":"https:\/\/www.eumedbridge.eu\/fr\/wp-json\/wp\/v2\/custom_tag?post=219901"}],"curies":[{"name":"wp","href":"https:\/\/api.w.org\/{rel}","templated":true}]}}