{"id":219951,"date":"2023-09-21T16:36:11","date_gmt":"2023-09-21T13:36:11","guid":{"rendered":"https:\/\/eumedbridge.eu\/?post_type=news&#038;p=219951"},"modified":"2023-09-21T16:36:11","modified_gmt":"2023-09-21T13:36:11","slug":"vie-forum-euromed-des-jeunes-chercheurs","status":"publish","type":"news","link":"https:\/\/www.eumedbridge.eu\/fr\/news\/vie-forum-euromed-des-jeunes-chercheurs\/","title":{"rendered":"VIe Forum Euromed des jeunes chercheurs"},"content":{"rendered":"<p>Au cours de cette \u00e9dition du Forum, 30\u00a0participants de toute la r\u00e9gion m\u00e9diterran\u00e9enne et des r\u00e9gions voisines se r\u00e9uniront \u00e0 Madrid, en Espagne, dans le cadre de la <a href=\"https:\/\/www.euromesco.net\/annual-conference-2023\/\">conf\u00e9rence annuelle EuroMeSCo\u00a02023<\/a> afin d\u2019\u00e9changer avec des responsables politiques, des professionnels et d\u2019autres jeunes experts sur des questions cl\u00e9s concernant la zone euro-m\u00e9diterran\u00e9enne et de contribuer \u00e0 l\u2019\u00e9laboration des politiques dans la r\u00e9gion.<\/p>\n<p>Le <strong>Forum Euromed des jeunes chercheurs<\/strong> fait partie du <a href=\"https:\/\/www.euromesco.net\/news\/euromed-young-researchers-lab-2021\/\">Laboratoire Euromed des jeunes chercheurs<\/a>, une initiative du projet \u00ab\u00a0<a href=\"https:\/\/www.youtube.com\/watch?v=DfjBgsRlcgg&amp;list=PLwjTmoSF9GL0XD1ZzlF1JeEqy5VCIEdWY\">EuroMeSCo\u00a0\u2013<\/a><a href=\"https:\/\/www.youtube.com\/watch?v=DfjBgsRlcgg&amp;list=PLwjTmoSF9GL0XD1ZzlF1JeEqy5VCIEdWY\"> Connecting the Dots<\/a>\u00a0\u00bb cofinanc\u00e9 par l\u2019Union europ\u00e9enne et l\u2019Institut europ\u00e9en de la M\u00e9diterran\u00e9e. Le Laboratoire Euromed des jeunes chercheurs vise \u00e0 renforcer les capacit\u00e9s de recherche des jeunes experts de la r\u00e9gion m\u00e9diterran\u00e9enne, \u00e0 donner de la visibilit\u00e9 \u00e0 leurs travaux et \u00e0 les faire reconna\u00eetre, \u00e0 intensifier les \u00e9changes et \u00e0 stimuler la recherche sur des questions d\u2019int\u00e9r\u00eat commun.<\/p>\n","protected":false},"featured_media":219896,"parent":0,"template":"","news_category":[],"country":[1956],"special_action":[],"custom_tag":[2315,1884],"class_list":["post-219951","news","type-news","status-publish","has-post-thumbnail","hentry","country-region-sud","custom_tag-emploi-et-entrpreuneuriat","custom_tag-environnement-et-changement-climatique"],"acf":[],"yoast_head":"<!-- This site is optimized with the Yoast SEO plugin v26.5 - https:\/\/yoast.com\/wordpress\/plugins\/seo\/ -->\n<title>VIe Forum Euromed des jeunes chercheurs - Voisins de l&#039;UE<\/title>\n<meta name=\"robots\" content=\"index, follow, max-snippet:-1, max-image-preview:large, max-video-preview:-1\" \/>\n<link rel=\"canonical\" href=\"https:\/\/www.eumedbridge.eu\/fr\/news\/vie-forum-euromed-des-jeunes-chercheurs\/\" \/>\n<meta property=\"og:locale\" content=\"fr_FR\" \/>\n<meta property=\"og:type\" content=\"article\" \/>\n<meta property=\"og:title\" content=\"VIe Forum Euromed des jeunes chercheurs - Voisins de l&#039;UE\" \/>\n<meta property=\"og:description\" content=\"Au cours de cette \u00e9dition du Forum, 30\u00a0participants de toute la r\u00e9gion m\u00e9diterran\u00e9enne et des r\u00e9gions voisines se r\u00e9uniront \u00e0 Madrid, en Espagne, dans le cadre de la conf\u00e9rence annuelle EuroMeSCo\u00a02023 afin d\u2019\u00e9changer avec des responsables politiques, des professionnels et d\u2019autres jeunes experts sur des questions cl\u00e9s concernant la zone euro-m\u00e9diterran\u00e9enne et de contribuer \u00e0 [&hellip;]\" \/>\n<meta property=\"og:url\" content=\"https:\/\/www.eumedbridge.eu\/fr\/news\/vie-forum-euromed-des-jeunes-chercheurs\/\" \/>\n<meta property=\"og:site_name\" content=\"Voisins de l&#039;UE\" \/>\n<meta property=\"article:publisher\" content=\"https:\/\/www.facebook.com\/eumedbridge\/\" \/>\n<meta property=\"og:image\" content=\"https:\/\/www.eumedbridge.eu\/wp-content\/uploads\/2023\/09\/youth-forum-2-1280x440-1.jpg\" \/>\n\t<meta property=\"og:image:width\" content=\"1280\" \/>\n\t<meta property=\"og:image:height\" content=\"440\" \/>\n\t<meta property=\"og:image:type\" content=\"image\/jpeg\" \/>\n<meta name=\"twitter:card\" content=\"summary_large_image\" \/>\n<meta name=\"twitter:site\" content=\"@eumedbridge\" \/>\n<meta name=\"twitter:label1\" content=\"Dur\u00e9e de lecture estim\u00e9e\" \/>\n\t<meta name=\"twitter:data1\" content=\"1 minute\" \/>\n<script type=\"application\/ld+json\" class=\"yoast-schema-graph\">{\"@context\":\"https:\/\/schema.org\",\"@graph\":[{\"@type\":\"WebPage\",\"@id\":\"https:\/\/www.eumedbridge.eu\/fr\/news\/vie-forum-euromed-des-jeunes-chercheurs\/\",\"url\":\"https:\/\/www.eumedbridge.eu\/fr\/news\/vie-forum-euromed-des-jeunes-chercheurs\/\",\"name\":\"VIe Forum Euromed des jeunes chercheurs - Voisins de l'UE\",\"isPartOf\":{\"@id\":\"https:\/\/www.eumedbridge.eu\/#website\"},\"primaryImageOfPage\":{\"@id\":\"https:\/\/www.eumedbridge.eu\/fr\/news\/vie-forum-euromed-des-jeunes-chercheurs\/#primaryimage\"},\"image\":{\"@id\":\"https:\/\/www.eumedbridge.eu\/fr\/news\/vie-forum-euromed-des-jeunes-chercheurs\/#primaryimage\"},\"thumbnailUrl\":\"https:\/\/www.eumedbridge.eu\/wp-content\/uploads\/2023\/09\/youth-forum-2-1280x440-1.jpg\",\"datePublished\":\"2023-09-21T13:36:11+00:00\",\"breadcrumb\":{\"@id\":\"https:\/\/www.eumedbridge.eu\/fr\/news\/vie-forum-euromed-des-jeunes-chercheurs\/#breadcrumb\"},\"inLanguage\":\"fr-FR\",\"potentialAction\":[{\"@type\":\"ReadAction\",\"target\":[\"https:\/\/www.eumedbridge.eu\/fr\/news\/vie-forum-euromed-des-jeunes-chercheurs\/\"]}]},{\"@type\":\"ImageObject\",\"inLanguage\":\"fr-FR\",\"@id\":\"https:\/\/www.eumedbridge.eu\/fr\/news\/vie-forum-euromed-des-jeunes-chercheurs\/#primaryimage\",\"url\":\"https:\/\/www.eumedbridge.eu\/wp-content\/uploads\/2023\/09\/youth-forum-2-1280x440-1.jpg\",\"contentUrl\":\"https:\/\/www.eumedbridge.eu\/wp-content\/uploads\/2023\/09\/youth-forum-2-1280x440-1.jpg\",\"width\":1280,\"height\":440},{\"@type\":\"BreadcrumbList\",\"@id\":\"https:\/\/www.eumedbridge.eu\/fr\/news\/vie-forum-euromed-des-jeunes-chercheurs\/#breadcrumb\",\"itemListElement\":[{\"@type\":\"ListItem\",\"position\":1,\"name\":\"Home\",\"item\":\"https:\/\/www.eumedbridge.eu\/fr\/home-page\/\"},{\"@type\":\"ListItem\",\"position\":2,\"name\":\"Actualit\u00e9s\",\"item\":\"https:\/\/www.eumedbridge.eu\/fr\/news\/\"},{\"@type\":\"ListItem\",\"position\":3,\"name\":\"VIe Forum Euromed des jeunes chercheurs\"}]},{\"@type\":\"WebSite\",\"@id\":\"https:\/\/www.eumedbridge.eu\/#website\",\"url\":\"https:\/\/www.eumedbridge.eu\/\",\"name\":\"EU Medbridge\",\"description\":\"\",\"publisher\":{\"@id\":\"https:\/\/www.eumedbridge.eu\/#organization\"},\"potentialAction\":[{\"@type\":\"SearchAction\",\"target\":{\"@type\":\"EntryPoint\",\"urlTemplate\":\"https:\/\/www.eumedbridge.eu\/?s={search_term_string}\"},\"query-input\":{\"@type\":\"PropertyValueSpecification\",\"valueRequired\":true,\"valueName\":\"search_term_string\"}}],\"inLanguage\":\"fr-FR\"},{\"@type\":\"Organization\",\"@id\":\"https:\/\/www.eumedbridge.eu\/#organization\",\"name\":\"EU Medbridge\",\"url\":\"https:\/\/www.eumedbridge.eu\/\",\"logo\":{\"@type\":\"ImageObject\",\"inLanguage\":\"fr-FR\",\"@id\":\"https:\/\/www.eumedbridge.eu\/#\/schema\/logo\/image\/\",\"url\":\"https:\/\/www.eumedbridge.eu\/wp-content\/uploads\/2021\/12\/Logo.png\",\"contentUrl\":\"https:\/\/www.eumedbridge.eu\/wp-content\/uploads\/2021\/12\/Logo.png\",\"width\":325,\"height\":114,\"caption\":\"EU Medbridge\"},\"image\":{\"@id\":\"https:\/\/www.eumedbridge.eu\/#\/schema\/logo\/image\/\"},\"sameAs\":[\"https:\/\/www.facebook.com\/eumedbridge\/\",\"https:\/\/x.com\/eumedbridge\",\"https:\/\/www.linkedin.com\/company\/eumedbridge\",\"https:\/\/www.youtube.com\/@eumedbridge\",\"https:\/\/www.instagram.com\/eumedbridge\",\"https:\/\/www.flickr.com\/photos\/euneighbours-south\/\"]}]}<\/script>\n<!-- \/ Yoast SEO plugin. -->","yoast_head_json":{"title":"VIe Forum Euromed des jeunes chercheurs - Voisins de l'UE","robots":{"index":"index","follow":"follow","max-snippet":"max-snippet:-1","max-image-preview":"max-image-preview:large","max-video-preview":"max-video-preview:-1"},"canonical":"https:\/\/www.eumedbridge.eu\/fr\/news\/vie-forum-euromed-des-jeunes-chercheurs\/","og_locale":"fr_FR","og_type":"article","og_title":"VIe Forum Euromed des jeunes chercheurs - Voisins de l'UE","og_description":"Au cours de cette \u00e9dition du Forum, 30\u00a0participants de toute la r\u00e9gion m\u00e9diterran\u00e9enne et des r\u00e9gions voisines se r\u00e9uniront \u00e0 Madrid, en Espagne, dans le cadre de la conf\u00e9rence annuelle EuroMeSCo\u00a02023 afin d\u2019\u00e9changer avec des responsables politiques, des professionnels et d\u2019autres jeunes experts sur des questions cl\u00e9s concernant la zone euro-m\u00e9diterran\u00e9enne et de contribuer \u00e0 [&hellip;]","og_url":"https:\/\/www.eumedbridge.eu\/fr\/news\/vie-forum-euromed-des-jeunes-chercheurs\/","og_site_name":"Voisins de l'UE","article_publisher":"https:\/\/www.facebook.com\/eumedbridge\/","og_image":[{"width":1280,"height":440,"url":"https:\/\/www.eumedbridge.eu\/wp-content\/uploads\/2023\/09\/youth-forum-2-1280x440-1.jpg","type":"image\/jpeg"}],"twitter_card":"summary_large_image","twitter_site":"@eumedbridge","twitter_misc":{"Dur\u00e9e de lecture estim\u00e9e":"1 minute"},"schema":{"@context":"https:\/\/schema.org","@graph":[{"@type":"WebPage","@id":"https:\/\/www.eumedbridge.eu\/fr\/news\/vie-forum-euromed-des-jeunes-chercheurs\/","url":"https:\/\/www.eumedbridge.eu\/fr\/news\/vie-forum-euromed-des-jeunes-chercheurs\/","name":"VIe Forum Euromed des jeunes chercheurs - Voisins de l'UE","isPartOf":{"@id":"https:\/\/www.eumedbridge.eu\/#website"},"primaryImageOfPage":{"@id":"https:\/\/www.eumedbridge.eu\/fr\/news\/vie-forum-euromed-des-jeunes-chercheurs\/#primaryimage"},"image":{"@id":"https:\/\/www.eumedbridge.eu\/fr\/news\/vie-forum-euromed-des-jeunes-chercheurs\/#primaryimage"},"thumbnailUrl":"https:\/\/www.eumedbridge.eu\/wp-content\/uploads\/2023\/09\/youth-forum-2-1280x440-1.jpg","datePublished":"2023-09-21T13:36:11+00:00","breadcrumb":{"@id":"https:\/\/www.eumedbridge.eu\/fr\/news\/vie-forum-euromed-des-jeunes-chercheurs\/#breadcrumb"},"inLanguage":"fr-FR","potentialAction":[{"@type":"ReadAction","target":["https:\/\/www.eumedbridge.eu\/fr\/news\/vie-forum-euromed-des-jeunes-chercheurs\/"]}]},{"@type":"ImageObject","inLanguage":"fr-FR","@id":"https:\/\/www.eumedbridge.eu\/fr\/news\/vie-forum-euromed-des-jeunes-chercheurs\/#primaryimage","url":"https:\/\/www.eumedbridge.eu\/wp-content\/uploads\/2023\/09\/youth-forum-2-1280x440-1.jpg","contentUrl":"https:\/\/www.eumedbridge.eu\/wp-content\/uploads\/2023\/09\/youth-forum-2-1280x440-1.jpg","width":1280,"height":440},{"@type":"BreadcrumbList","@id":"https:\/\/www.eumedbridge.eu\/fr\/news\/vie-forum-euromed-des-jeunes-chercheurs\/#breadcrumb","itemListElement":[{"@type":"ListItem","position":1,"name":"Home","item":"https:\/\/www.eumedbridge.eu\/fr\/home-page\/"},{"@type":"ListItem","position":2,"name":"Actualit\u00e9s","item":"https:\/\/www.eumedbridge.eu\/fr\/news\/"},{"@type":"ListItem","position":3,"name":"VIe Forum Euromed des jeunes chercheurs"}]},{"@type":"WebSite","@id":"https:\/\/www.eumedbridge.eu\/#website","url":"https:\/\/www.eumedbridge.eu\/","name":"EU Medbridge","description":"","publisher":{"@id":"https:\/\/www.eumedbridge.eu\/#organization"},"potentialAction":[{"@type":"SearchAction","target":{"@type":"EntryPoint","urlTemplate":"https:\/\/www.eumedbridge.eu\/?s={search_term_string}"},"query-input":{"@type":"PropertyValueSpecification","valueRequired":true,"valueName":"search_term_string"}}],"inLanguage":"fr-FR"},{"@type":"Organization","@id":"https:\/\/www.eumedbridge.eu\/#organization","name":"EU Medbridge","url":"https:\/\/www.eumedbridge.eu\/","logo":{"@type":"ImageObject","inLanguage":"fr-FR","@id":"https:\/\/www.eumedbridge.eu\/#\/schema\/logo\/image\/","url":"https:\/\/www.eumedbridge.eu\/wp-content\/uploads\/2021\/12\/Logo.png","contentUrl":"https:\/\/www.eumedbridge.eu\/wp-content\/uploads\/2021\/12\/Logo.png","width":325,"height":114,"caption":"EU Medbridge"},"image":{"@id":"https:\/\/www.eumedbridge.eu\/#\/schema\/logo\/image\/"},"sameAs":["https:\/\/www.facebook.com\/eumedbridge\/","https:\/\/x.com\/eumedbridge","https:\/\/www.linkedin.com\/company\/eumedbridge","https:\/\/www.youtube.com\/@eumedbridge","https:\/\/www.instagram.com\/eumedbridge","https:\/\/www.flickr.com\/photos\/euneighbours-south\/"]}]}},"_links":{"self":[{"href":"https:\/\/www.eumedbridge.eu\/fr\/wp-json\/wp\/v2\/news\/219951","targetHints":{"allow":["GET"]}}],"collection":[{"href":"https:\/\/www.eumedbridge.eu\/fr\/wp-json\/wp\/v2\/news"}],"about":[{"href":"https:\/\/www.eumedbridge.eu\/fr\/wp-json\/wp\/v2\/types\/news"}],"wp:featuredmedia":[{"embeddable":true,"href":"https:\/\/www.eumedbridge.eu\/fr\/wp-json\/wp\/v2\/media\/219896"}],"wp:attachment":[{"href":"https:\/\/www.eumedbridge.eu\/fr\/wp-json\/wp\/v2\/media?parent=219951"}],"wp:term":[{"taxonomy":"news_category","embeddable":true,"href":"https:\/\/www.eumedbridge.eu\/fr\/wp-json\/wp\/v2\/news_category?post=219951"},{"taxonomy":"country","embeddable":true,"href":"https:\/\/www.eumedbridge.eu\/fr\/wp-json\/wp\/v2\/country?post=219951"},{"taxonomy":"special_action","embeddable":true,"href":"https:\/\/www.eumedbridge.eu\/fr\/wp-json\/wp\/v2\/special_action?post=219951"},{"taxonomy":"custom_tag","embeddable":true,"href":"https:\/\/www.eumedbridge.eu\/fr\/wp-json\/wp\/v2\/custom_tag?post=219951"}],"curies":[{"name":"wp","href":"https:\/\/api.w.org\/{rel}","templated":true}]}}