{"id":220307,"date":"2023-10-05T15:39:12","date_gmt":"2023-10-05T12:39:12","guid":{"rendered":"https:\/\/eumedbridge.eu\/?post_type=news&#038;p=220307"},"modified":"2023-10-05T15:39:12","modified_gmt":"2023-10-05T12:39:12","slug":"lunion-europeenne-mobilise-plus-de-4-millions-deuros-pour-les-casques-blancs-dans-le-nord-de-la-syrie","status":"publish","type":"news","link":"https:\/\/www.eumedbridge.eu\/fr\/news\/lunion-europeenne-mobilise-plus-de-4-millions-deuros-pour-les-casques-blancs-dans-le-nord-de-la-syrie\/","title":{"rendered":"L\u2019Union europ\u00e9enne mobilise plus de 4 millions d\u2019euros pour les Casques blancs dans le nord de la Syrie"},"content":{"rendered":"<p>Lors de sa visite \u00e0 Gaziantep, le Charg\u00e9 d\u2019affaires par int\u00e9rim de l\u2019<strong>UE<\/strong> en <strong>Syrie<\/strong>, Dan Stoenescu, a annonc\u00e9 un nouveau financement de plus de 4\u00a0millions d\u2019euros en faveur des <strong>Casques blancs<\/strong>, une organisation cl\u00e9 de la D\u00e9fense civile syrienne.<\/p>\n<p>&nbsp;<\/p>\n<p>Il s\u2019agit d\u2019une nouvelle \u00e9tape importante dans les efforts d\u00e9ploy\u00e9s actuellement par l\u2019Union europ\u00e9enne pour att\u00e9nuer les cons\u00e9quences d\u00e9vastatrices des tremblements de terre qui ont touch\u00e9 le nord de la Syrie en f\u00e9vrier\u00a02023. Les s\u00e9ismes ont exacerb\u00e9 les probl\u00e8mes qui existaient d\u00e9j\u00e0 dans cette r\u00e9gion fragilis\u00e9e par plus d\u2019une d\u00e9cennie de conflit arm\u00e9 et d\u2019instabilit\u00e9 socio-\u00e9conomique. Outre la perte de nombreuses vies humaines, ils ont caus\u00e9 d\u2019importants dommages physiques et psychologiques.<\/p>\n<p>&nbsp;<\/p>\n<p>L\u2019aide financi\u00e8re de l\u2019Union europ\u00e9enne sera utilis\u00e9e essentiellement pour r\u00e9soudre les probl\u00e8mes auxquels sont confront\u00e9es les communaut\u00e9s touch\u00e9es \u00e0 Alep et Idlib. Le projet vise \u00e0 renforcer la r\u00e9silience des communaut\u00e9s par la gestion des d\u00e9combres et l\u2019am\u00e9lioration des infrastructures, notamment des r\u00e9seaux d\u2019approvisionnement en eau et d\u2019assainissement dans les camps et les communaut\u00e9s locales.<\/p>\n<p>&nbsp;<\/p>\n<p>Il apportera \u00e9galement un soutien essentiel aux femmes en leur donnant acc\u00e8s \u00e0 des services de physioth\u00e9rapie et psychosociaux, att\u00e9nuant ainsi les effets psychologiques et physiques \u00e0 long terme des s\u00e9ismes. Enfin, l\u2019initiative vise \u00e0 pr\u00e9server les enfants en r\u00e9habilitant les \u00e9coles et en am\u00e9liorant les conditions de sant\u00e9 et de s\u00e9curit\u00e9 afin de garantir un environnement plus propice \u00e0 l\u2019apprentissage.<\/p>\n","protected":false},"featured_media":220227,"parent":0,"template":"","news_category":[],"country":[2029],"special_action":[],"custom_tag":[1890,1870],"class_list":["post-220307","news","type-news","status-publish","has-post-thumbnail","hentry","country-syrie","custom_tag-sante","custom_tag-societe-civile"],"acf":[],"yoast_head":"<!-- This site is optimized with the Yoast SEO plugin v26.5 - https:\/\/yoast.com\/wordpress\/plugins\/seo\/ -->\n<title>L\u2019Union europ\u00e9enne mobilise plus de 4 millions d\u2019euros pour les Casques blancs dans le nord de la Syrie - Voisins de l&#039;UE<\/title>\n<meta name=\"robots\" content=\"index, follow, max-snippet:-1, max-image-preview:large, max-video-preview:-1\" \/>\n<link rel=\"canonical\" href=\"https:\/\/www.eumedbridge.eu\/fr\/news\/lunion-europeenne-mobilise-plus-de-4-millions-deuros-pour-les-casques-blancs-dans-le-nord-de-la-syrie\/\" \/>\n<meta property=\"og:locale\" content=\"fr_FR\" \/>\n<meta property=\"og:type\" content=\"article\" \/>\n<meta property=\"og:title\" content=\"L\u2019Union europ\u00e9enne mobilise plus de 4 millions d\u2019euros pour les Casques blancs dans le nord de la Syrie - Voisins de l&#039;UE\" \/>\n<meta property=\"og:description\" content=\"Lors de sa visite \u00e0 Gaziantep, le Charg\u00e9 d\u2019affaires par int\u00e9rim de l\u2019UE en Syrie, Dan Stoenescu, a annonc\u00e9 un nouveau financement de plus de 4\u00a0millions d\u2019euros en faveur des Casques blancs, une organisation cl\u00e9 de la D\u00e9fense civile syrienne. &nbsp; Il s\u2019agit d\u2019une nouvelle \u00e9tape importante dans les efforts d\u00e9ploy\u00e9s actuellement par l\u2019Union europ\u00e9enne [&hellip;]\" \/>\n<meta property=\"og:url\" content=\"https:\/\/www.eumedbridge.eu\/fr\/news\/lunion-europeenne-mobilise-plus-de-4-millions-deuros-pour-les-casques-blancs-dans-le-nord-de-la-syrie\/\" \/>\n<meta property=\"og:site_name\" content=\"Voisins de l&#039;UE\" \/>\n<meta property=\"article:publisher\" content=\"https:\/\/www.facebook.com\/eumedbridge\/\" \/>\n<meta property=\"og:image\" content=\"https:\/\/www.eumedbridge.eu\/wp-content\/uploads\/2023\/10\/whsyr.png\" \/>\n\t<meta property=\"og:image:width\" content=\"1192\" \/>\n\t<meta property=\"og:image:height\" content=\"721\" \/>\n\t<meta property=\"og:image:type\" content=\"image\/png\" \/>\n<meta name=\"twitter:card\" content=\"summary_large_image\" \/>\n<meta name=\"twitter:site\" content=\"@eumedbridge\" \/>\n<meta name=\"twitter:label1\" content=\"Dur\u00e9e de lecture estim\u00e9e\" \/>\n\t<meta name=\"twitter:data1\" content=\"2 minutes\" \/>\n<script type=\"application\/ld+json\" class=\"yoast-schema-graph\">{\"@context\":\"https:\/\/schema.org\",\"@graph\":[{\"@type\":\"WebPage\",\"@id\":\"https:\/\/www.eumedbridge.eu\/fr\/news\/lunion-europeenne-mobilise-plus-de-4-millions-deuros-pour-les-casques-blancs-dans-le-nord-de-la-syrie\/\",\"url\":\"https:\/\/www.eumedbridge.eu\/fr\/news\/lunion-europeenne-mobilise-plus-de-4-millions-deuros-pour-les-casques-blancs-dans-le-nord-de-la-syrie\/\",\"name\":\"L\u2019Union europ\u00e9enne mobilise plus de 4 millions d\u2019euros pour les Casques blancs dans le nord de la Syrie - Voisins de l'UE\",\"isPartOf\":{\"@id\":\"https:\/\/www.eumedbridge.eu\/#website\"},\"primaryImageOfPage\":{\"@id\":\"https:\/\/www.eumedbridge.eu\/fr\/news\/lunion-europeenne-mobilise-plus-de-4-millions-deuros-pour-les-casques-blancs-dans-le-nord-de-la-syrie\/#primaryimage\"},\"image\":{\"@id\":\"https:\/\/www.eumedbridge.eu\/fr\/news\/lunion-europeenne-mobilise-plus-de-4-millions-deuros-pour-les-casques-blancs-dans-le-nord-de-la-syrie\/#primaryimage\"},\"thumbnailUrl\":\"https:\/\/www.eumedbridge.eu\/wp-content\/uploads\/2023\/10\/whsyr.png\",\"datePublished\":\"2023-10-05T12:39:12+00:00\",\"breadcrumb\":{\"@id\":\"https:\/\/www.eumedbridge.eu\/fr\/news\/lunion-europeenne-mobilise-plus-de-4-millions-deuros-pour-les-casques-blancs-dans-le-nord-de-la-syrie\/#breadcrumb\"},\"inLanguage\":\"fr-FR\",\"potentialAction\":[{\"@type\":\"ReadAction\",\"target\":[\"https:\/\/www.eumedbridge.eu\/fr\/news\/lunion-europeenne-mobilise-plus-de-4-millions-deuros-pour-les-casques-blancs-dans-le-nord-de-la-syrie\/\"]}]},{\"@type\":\"ImageObject\",\"inLanguage\":\"fr-FR\",\"@id\":\"https:\/\/www.eumedbridge.eu\/fr\/news\/lunion-europeenne-mobilise-plus-de-4-millions-deuros-pour-les-casques-blancs-dans-le-nord-de-la-syrie\/#primaryimage\",\"url\":\"https:\/\/www.eumedbridge.eu\/wp-content\/uploads\/2023\/10\/whsyr.png\",\"contentUrl\":\"https:\/\/www.eumedbridge.eu\/wp-content\/uploads\/2023\/10\/whsyr.png\",\"width\":1192,\"height\":721},{\"@type\":\"BreadcrumbList\",\"@id\":\"https:\/\/www.eumedbridge.eu\/fr\/news\/lunion-europeenne-mobilise-plus-de-4-millions-deuros-pour-les-casques-blancs-dans-le-nord-de-la-syrie\/#breadcrumb\",\"itemListElement\":[{\"@type\":\"ListItem\",\"position\":1,\"name\":\"Home\",\"item\":\"https:\/\/www.eumedbridge.eu\/fr\/home-page\/\"},{\"@type\":\"ListItem\",\"position\":2,\"name\":\"Actualit\u00e9s\",\"item\":\"https:\/\/www.eumedbridge.eu\/fr\/news\/\"},{\"@type\":\"ListItem\",\"position\":3,\"name\":\"L\u2019Union europ\u00e9enne mobilise plus de 4 millions d\u2019euros pour les Casques blancs dans le nord de la Syrie\"}]},{\"@type\":\"WebSite\",\"@id\":\"https:\/\/www.eumedbridge.eu\/#website\",\"url\":\"https:\/\/www.eumedbridge.eu\/\",\"name\":\"EU Medbridge\",\"description\":\"\",\"publisher\":{\"@id\":\"https:\/\/www.eumedbridge.eu\/#organization\"},\"potentialAction\":[{\"@type\":\"SearchAction\",\"target\":{\"@type\":\"EntryPoint\",\"urlTemplate\":\"https:\/\/www.eumedbridge.eu\/?s={search_term_string}\"},\"query-input\":{\"@type\":\"PropertyValueSpecification\",\"valueRequired\":true,\"valueName\":\"search_term_string\"}}],\"inLanguage\":\"fr-FR\"},{\"@type\":\"Organization\",\"@id\":\"https:\/\/www.eumedbridge.eu\/#organization\",\"name\":\"EU Medbridge\",\"url\":\"https:\/\/www.eumedbridge.eu\/\",\"logo\":{\"@type\":\"ImageObject\",\"inLanguage\":\"fr-FR\",\"@id\":\"https:\/\/www.eumedbridge.eu\/#\/schema\/logo\/image\/\",\"url\":\"https:\/\/www.eumedbridge.eu\/wp-content\/uploads\/2021\/12\/Logo.png\",\"contentUrl\":\"https:\/\/www.eumedbridge.eu\/wp-content\/uploads\/2021\/12\/Logo.png\",\"width\":325,\"height\":114,\"caption\":\"EU Medbridge\"},\"image\":{\"@id\":\"https:\/\/www.eumedbridge.eu\/#\/schema\/logo\/image\/\"},\"sameAs\":[\"https:\/\/www.facebook.com\/eumedbridge\/\",\"https:\/\/x.com\/eumedbridge\",\"https:\/\/www.linkedin.com\/company\/eumedbridge\",\"https:\/\/www.youtube.com\/@eumedbridge\",\"https:\/\/www.instagram.com\/eumedbridge\",\"https:\/\/www.flickr.com\/photos\/euneighbours-south\/\"]}]}<\/script>\n<!-- \/ Yoast SEO plugin. -->","yoast_head_json":{"title":"L\u2019Union europ\u00e9enne mobilise plus de 4 millions d\u2019euros pour les Casques blancs dans le nord de la Syrie - Voisins de l'UE","robots":{"index":"index","follow":"follow","max-snippet":"max-snippet:-1","max-image-preview":"max-image-preview:large","max-video-preview":"max-video-preview:-1"},"canonical":"https:\/\/www.eumedbridge.eu\/fr\/news\/lunion-europeenne-mobilise-plus-de-4-millions-deuros-pour-les-casques-blancs-dans-le-nord-de-la-syrie\/","og_locale":"fr_FR","og_type":"article","og_title":"L\u2019Union europ\u00e9enne mobilise plus de 4 millions d\u2019euros pour les Casques blancs dans le nord de la Syrie - Voisins de l'UE","og_description":"Lors de sa visite \u00e0 Gaziantep, le Charg\u00e9 d\u2019affaires par int\u00e9rim de l\u2019UE en Syrie, Dan Stoenescu, a annonc\u00e9 un nouveau financement de plus de 4\u00a0millions d\u2019euros en faveur des Casques blancs, une organisation cl\u00e9 de la D\u00e9fense civile syrienne. &nbsp; Il s\u2019agit d\u2019une nouvelle \u00e9tape importante dans les efforts d\u00e9ploy\u00e9s actuellement par l\u2019Union europ\u00e9enne [&hellip;]","og_url":"https:\/\/www.eumedbridge.eu\/fr\/news\/lunion-europeenne-mobilise-plus-de-4-millions-deuros-pour-les-casques-blancs-dans-le-nord-de-la-syrie\/","og_site_name":"Voisins de l'UE","article_publisher":"https:\/\/www.facebook.com\/eumedbridge\/","og_image":[{"width":1192,"height":721,"url":"https:\/\/www.eumedbridge.eu\/wp-content\/uploads\/2023\/10\/whsyr.png","type":"image\/png"}],"twitter_card":"summary_large_image","twitter_site":"@eumedbridge","twitter_misc":{"Dur\u00e9e de lecture estim\u00e9e":"2 minutes"},"schema":{"@context":"https:\/\/schema.org","@graph":[{"@type":"WebPage","@id":"https:\/\/www.eumedbridge.eu\/fr\/news\/lunion-europeenne-mobilise-plus-de-4-millions-deuros-pour-les-casques-blancs-dans-le-nord-de-la-syrie\/","url":"https:\/\/www.eumedbridge.eu\/fr\/news\/lunion-europeenne-mobilise-plus-de-4-millions-deuros-pour-les-casques-blancs-dans-le-nord-de-la-syrie\/","name":"L\u2019Union europ\u00e9enne mobilise plus de 4 millions d\u2019euros pour les Casques blancs dans le nord de la Syrie - Voisins de l'UE","isPartOf":{"@id":"https:\/\/www.eumedbridge.eu\/#website"},"primaryImageOfPage":{"@id":"https:\/\/www.eumedbridge.eu\/fr\/news\/lunion-europeenne-mobilise-plus-de-4-millions-deuros-pour-les-casques-blancs-dans-le-nord-de-la-syrie\/#primaryimage"},"image":{"@id":"https:\/\/www.eumedbridge.eu\/fr\/news\/lunion-europeenne-mobilise-plus-de-4-millions-deuros-pour-les-casques-blancs-dans-le-nord-de-la-syrie\/#primaryimage"},"thumbnailUrl":"https:\/\/www.eumedbridge.eu\/wp-content\/uploads\/2023\/10\/whsyr.png","datePublished":"2023-10-05T12:39:12+00:00","breadcrumb":{"@id":"https:\/\/www.eumedbridge.eu\/fr\/news\/lunion-europeenne-mobilise-plus-de-4-millions-deuros-pour-les-casques-blancs-dans-le-nord-de-la-syrie\/#breadcrumb"},"inLanguage":"fr-FR","potentialAction":[{"@type":"ReadAction","target":["https:\/\/www.eumedbridge.eu\/fr\/news\/lunion-europeenne-mobilise-plus-de-4-millions-deuros-pour-les-casques-blancs-dans-le-nord-de-la-syrie\/"]}]},{"@type":"ImageObject","inLanguage":"fr-FR","@id":"https:\/\/www.eumedbridge.eu\/fr\/news\/lunion-europeenne-mobilise-plus-de-4-millions-deuros-pour-les-casques-blancs-dans-le-nord-de-la-syrie\/#primaryimage","url":"https:\/\/www.eumedbridge.eu\/wp-content\/uploads\/2023\/10\/whsyr.png","contentUrl":"https:\/\/www.eumedbridge.eu\/wp-content\/uploads\/2023\/10\/whsyr.png","width":1192,"height":721},{"@type":"BreadcrumbList","@id":"https:\/\/www.eumedbridge.eu\/fr\/news\/lunion-europeenne-mobilise-plus-de-4-millions-deuros-pour-les-casques-blancs-dans-le-nord-de-la-syrie\/#breadcrumb","itemListElement":[{"@type":"ListItem","position":1,"name":"Home","item":"https:\/\/www.eumedbridge.eu\/fr\/home-page\/"},{"@type":"ListItem","position":2,"name":"Actualit\u00e9s","item":"https:\/\/www.eumedbridge.eu\/fr\/news\/"},{"@type":"ListItem","position":3,"name":"L\u2019Union europ\u00e9enne mobilise plus de 4 millions d\u2019euros pour les Casques blancs dans le nord de la Syrie"}]},{"@type":"WebSite","@id":"https:\/\/www.eumedbridge.eu\/#website","url":"https:\/\/www.eumedbridge.eu\/","name":"EU Medbridge","description":"","publisher":{"@id":"https:\/\/www.eumedbridge.eu\/#organization"},"potentialAction":[{"@type":"SearchAction","target":{"@type":"EntryPoint","urlTemplate":"https:\/\/www.eumedbridge.eu\/?s={search_term_string}"},"query-input":{"@type":"PropertyValueSpecification","valueRequired":true,"valueName":"search_term_string"}}],"inLanguage":"fr-FR"},{"@type":"Organization","@id":"https:\/\/www.eumedbridge.eu\/#organization","name":"EU Medbridge","url":"https:\/\/www.eumedbridge.eu\/","logo":{"@type":"ImageObject","inLanguage":"fr-FR","@id":"https:\/\/www.eumedbridge.eu\/#\/schema\/logo\/image\/","url":"https:\/\/www.eumedbridge.eu\/wp-content\/uploads\/2021\/12\/Logo.png","contentUrl":"https:\/\/www.eumedbridge.eu\/wp-content\/uploads\/2021\/12\/Logo.png","width":325,"height":114,"caption":"EU Medbridge"},"image":{"@id":"https:\/\/www.eumedbridge.eu\/#\/schema\/logo\/image\/"},"sameAs":["https:\/\/www.facebook.com\/eumedbridge\/","https:\/\/x.com\/eumedbridge","https:\/\/www.linkedin.com\/company\/eumedbridge","https:\/\/www.youtube.com\/@eumedbridge","https:\/\/www.instagram.com\/eumedbridge","https:\/\/www.flickr.com\/photos\/euneighbours-south\/"]}]}},"_links":{"self":[{"href":"https:\/\/www.eumedbridge.eu\/fr\/wp-json\/wp\/v2\/news\/220307","targetHints":{"allow":["GET"]}}],"collection":[{"href":"https:\/\/www.eumedbridge.eu\/fr\/wp-json\/wp\/v2\/news"}],"about":[{"href":"https:\/\/www.eumedbridge.eu\/fr\/wp-json\/wp\/v2\/types\/news"}],"wp:featuredmedia":[{"embeddable":true,"href":"https:\/\/www.eumedbridge.eu\/fr\/wp-json\/wp\/v2\/media\/220227"}],"wp:attachment":[{"href":"https:\/\/www.eumedbridge.eu\/fr\/wp-json\/wp\/v2\/media?parent=220307"}],"wp:term":[{"taxonomy":"news_category","embeddable":true,"href":"https:\/\/www.eumedbridge.eu\/fr\/wp-json\/wp\/v2\/news_category?post=220307"},{"taxonomy":"country","embeddable":true,"href":"https:\/\/www.eumedbridge.eu\/fr\/wp-json\/wp\/v2\/country?post=220307"},{"taxonomy":"special_action","embeddable":true,"href":"https:\/\/www.eumedbridge.eu\/fr\/wp-json\/wp\/v2\/special_action?post=220307"},{"taxonomy":"custom_tag","embeddable":true,"href":"https:\/\/www.eumedbridge.eu\/fr\/wp-json\/wp\/v2\/custom_tag?post=220307"}],"curies":[{"name":"wp","href":"https:\/\/api.w.org\/{rel}","templated":true}]}}