{"id":220979,"date":"2023-10-16T18:55:00","date_gmt":"2023-10-16T15:55:00","guid":{"rendered":"https:\/\/eumedbridge.eu\/?post_type=news&#038;p=220979"},"modified":"2023-10-16T18:55:00","modified_gmt":"2023-10-16T15:55:00","slug":"le-projet-med4waste-met-en-avant-les-progres-accomplis-en-matiere-de-gestion-des-dechets-au-liban","status":"publish","type":"news","link":"https:\/\/www.eumedbridge.eu\/fr\/news\/le-projet-med4waste-met-en-avant-les-progres-accomplis-en-matiere-de-gestion-des-dechets-au-liban\/","title":{"rendered":"Le projet Med4Waste met en avant les progr\u00e8s accomplis en mati\u00e8re de gestion des d\u00e9chets au Liban"},"content":{"rendered":"<p>L\u2019<a href=\"https:\/\/www.aub.edu.lb\/fafs\/esdu\/Pages\/default.aspx\">unit\u00e9 Environnement et d\u00e9veloppement durable<\/a> (ESDU) de l\u2019Universit\u00e9 am\u00e9ricaine de Beyrouth (UAB), partenaire du projet <a href=\"hhttps:\/\/www.enicbcmed.eu\/fr\/projects\/med4waste\"><strong>Med4Waste<\/strong><\/a> au Liban, a organis\u00e9 un \u00e9v\u00e9nement intitul\u00e9 \u00ab\u00a0Don\u2019t WASTE the Future\u00a0\u00bb (ne gaspillez pas l\u2019avenir) dans le cadre de l\u2019initiative <a href=\"https:\/\/www.enicbcmed.eu\/advancing-circular-economy-lebanon-med4waste-project-collaborates-dawwera-initiative\">DAWWERA<\/a>. Cet \u00e9v\u00e9nement a r\u00e9uni divers experts et repr\u00e9sentants de municipalit\u00e9s, d\u2019organisations communautaires et d\u2019entit\u00e9s locales et internationales afin d\u2019aborder les probl\u00e8mes urgents du Liban en mati\u00e8re de gestion des d\u00e9chets et de pr\u00e9senter des solutions innovantes.<\/p>\n<p>&nbsp;<\/p>\n<p>\u00ab\u00a0Don\u2019t WASTE the Future\u00a0\u00bb a servi de plate-forme dynamique pour pr\u00e9senter les r\u00e9sultats des projets Med4Waste et WASTE mis en \u0153uvre par l\u2019ESDU, qui jouent tous deux un r\u00f4le essentiel dans la r\u00e9solution des probl\u00e8mes complexes de gestion des d\u00e9chets au Liban. Le projet Med4Waste vise \u00e0 promouvoir des mod\u00e8les de gouvernance optimis\u00e9s pour la gestion des d\u00e9chets dans la r\u00e9gion m\u00e9diterran\u00e9enne. Le projet WASTE, financ\u00e9 par l\u2019Initiative am\u00e9ricaine de partenariat avec le Moyen-Orient (MEPI), met l\u2019accent sur la r\u00e9solution des probl\u00e8mes imm\u00e9diats de gestion des d\u00e9chets solides au Liban en impliquant activement les jeunes et en encourageant la participation des communaut\u00e9s.<\/p>\n<p>&nbsp;<\/p>\n<p>Les principales parties prenantes ont eu l\u2019occasion de collaborer pour favoriser le d\u00e9veloppement d\u2019une gestion durable des d\u00e9chets au Liban.\u00a0Avant l\u2019\u00e9v\u00e9nement, un hackathon passionnant organis\u00e9 par le projet Med4WASTE a permis aux participants d\u2019acqu\u00e9rir des connaissances de fa\u00e7on ludique.\u00a0Ces derniers ont travaill\u00e9 en commun sur des questions li\u00e9es \u00e0 la gestion des d\u00e9chets, mettant ainsi en avant les connaissances acquises gr\u00e2ce \u00e0 cette activit\u00e9.<\/p>\n","protected":false},"featured_media":220608,"parent":0,"template":"","news_category":[],"country":[1949],"special_action":[],"custom_tag":[2312,2315,1884],"class_list":["post-220979","news","type-news","status-publish","has-post-thumbnail","hentry","country-liban","custom_tag-developpement-durable","custom_tag-emploi-et-entrpreuneuriat","custom_tag-environnement-et-changement-climatique"],"acf":[],"yoast_head":"<!-- This site is optimized with the Yoast SEO plugin v26.5 - https:\/\/yoast.com\/wordpress\/plugins\/seo\/ -->\n<title>Le projet Med4Waste met en avant les progr\u00e8s accomplis en mati\u00e8re de gestion des d\u00e9chets au Liban - Voisins de l&#039;UE<\/title>\n<meta name=\"robots\" content=\"index, follow, max-snippet:-1, max-image-preview:large, max-video-preview:-1\" \/>\n<link rel=\"canonical\" href=\"https:\/\/www.eumedbridge.eu\/fr\/news\/le-projet-med4waste-met-en-avant-les-progres-accomplis-en-matiere-de-gestion-des-dechets-au-liban\/\" \/>\n<meta property=\"og:locale\" content=\"fr_FR\" \/>\n<meta property=\"og:type\" content=\"article\" \/>\n<meta property=\"og:title\" content=\"Le projet Med4Waste met en avant les progr\u00e8s accomplis en mati\u00e8re de gestion des d\u00e9chets au Liban - Voisins de l&#039;UE\" \/>\n<meta property=\"og:description\" content=\"L\u2019unit\u00e9 Environnement et d\u00e9veloppement durable (ESDU) de l\u2019Universit\u00e9 am\u00e9ricaine de Beyrouth (UAB), partenaire du projet Med4Waste au Liban, a organis\u00e9 un \u00e9v\u00e9nement intitul\u00e9 \u00ab\u00a0Don\u2019t WASTE the Future\u00a0\u00bb (ne gaspillez pas l\u2019avenir) dans le cadre de l\u2019initiative DAWWERA. Cet \u00e9v\u00e9nement a r\u00e9uni divers experts et repr\u00e9sentants de municipalit\u00e9s, d\u2019organisations communautaires et d\u2019entit\u00e9s locales et internationales afin [&hellip;]\" \/>\n<meta property=\"og:url\" content=\"https:\/\/www.eumedbridge.eu\/fr\/news\/le-projet-med4waste-met-en-avant-les-progres-accomplis-en-matiere-de-gestion-des-dechets-au-liban\/\" \/>\n<meta property=\"og:site_name\" content=\"Voisins de l&#039;UE\" \/>\n<meta property=\"article:publisher\" content=\"https:\/\/www.facebook.com\/eumedbridge\/\" \/>\n<meta property=\"og:image\" content=\"https:\/\/www.eumedbridge.eu\/wp-content\/uploads\/2023\/10\/aub.png\" \/>\n\t<meta property=\"og:image:width\" content=\"1100\" \/>\n\t<meta property=\"og:image:height\" content=\"810\" \/>\n\t<meta property=\"og:image:type\" content=\"image\/png\" \/>\n<meta name=\"twitter:card\" content=\"summary_large_image\" \/>\n<meta name=\"twitter:site\" content=\"@eumedbridge\" \/>\n<meta name=\"twitter:label1\" content=\"Dur\u00e9e de lecture estim\u00e9e\" \/>\n\t<meta name=\"twitter:data1\" content=\"2 minutes\" \/>\n<script type=\"application\/ld+json\" class=\"yoast-schema-graph\">{\"@context\":\"https:\/\/schema.org\",\"@graph\":[{\"@type\":\"WebPage\",\"@id\":\"https:\/\/www.eumedbridge.eu\/fr\/news\/le-projet-med4waste-met-en-avant-les-progres-accomplis-en-matiere-de-gestion-des-dechets-au-liban\/\",\"url\":\"https:\/\/www.eumedbridge.eu\/fr\/news\/le-projet-med4waste-met-en-avant-les-progres-accomplis-en-matiere-de-gestion-des-dechets-au-liban\/\",\"name\":\"Le projet Med4Waste met en avant les progr\u00e8s accomplis en mati\u00e8re de gestion des d\u00e9chets au Liban - Voisins de l'UE\",\"isPartOf\":{\"@id\":\"https:\/\/www.eumedbridge.eu\/#website\"},\"primaryImageOfPage\":{\"@id\":\"https:\/\/www.eumedbridge.eu\/fr\/news\/le-projet-med4waste-met-en-avant-les-progres-accomplis-en-matiere-de-gestion-des-dechets-au-liban\/#primaryimage\"},\"image\":{\"@id\":\"https:\/\/www.eumedbridge.eu\/fr\/news\/le-projet-med4waste-met-en-avant-les-progres-accomplis-en-matiere-de-gestion-des-dechets-au-liban\/#primaryimage\"},\"thumbnailUrl\":\"https:\/\/www.eumedbridge.eu\/wp-content\/uploads\/2023\/10\/aub.png\",\"datePublished\":\"2023-10-16T15:55:00+00:00\",\"breadcrumb\":{\"@id\":\"https:\/\/www.eumedbridge.eu\/fr\/news\/le-projet-med4waste-met-en-avant-les-progres-accomplis-en-matiere-de-gestion-des-dechets-au-liban\/#breadcrumb\"},\"inLanguage\":\"fr-FR\",\"potentialAction\":[{\"@type\":\"ReadAction\",\"target\":[\"https:\/\/www.eumedbridge.eu\/fr\/news\/le-projet-med4waste-met-en-avant-les-progres-accomplis-en-matiere-de-gestion-des-dechets-au-liban\/\"]}]},{\"@type\":\"ImageObject\",\"inLanguage\":\"fr-FR\",\"@id\":\"https:\/\/www.eumedbridge.eu\/fr\/news\/le-projet-med4waste-met-en-avant-les-progres-accomplis-en-matiere-de-gestion-des-dechets-au-liban\/#primaryimage\",\"url\":\"https:\/\/www.eumedbridge.eu\/wp-content\/uploads\/2023\/10\/aub.png\",\"contentUrl\":\"https:\/\/www.eumedbridge.eu\/wp-content\/uploads\/2023\/10\/aub.png\",\"width\":1100,\"height\":810},{\"@type\":\"BreadcrumbList\",\"@id\":\"https:\/\/www.eumedbridge.eu\/fr\/news\/le-projet-med4waste-met-en-avant-les-progres-accomplis-en-matiere-de-gestion-des-dechets-au-liban\/#breadcrumb\",\"itemListElement\":[{\"@type\":\"ListItem\",\"position\":1,\"name\":\"Home\",\"item\":\"https:\/\/www.eumedbridge.eu\/fr\/home-page\/\"},{\"@type\":\"ListItem\",\"position\":2,\"name\":\"Actualit\u00e9s\",\"item\":\"https:\/\/www.eumedbridge.eu\/fr\/news\/\"},{\"@type\":\"ListItem\",\"position\":3,\"name\":\"Le projet Med4Waste met en avant les progr\u00e8s accomplis en mati\u00e8re de gestion des d\u00e9chets au Liban\"}]},{\"@type\":\"WebSite\",\"@id\":\"https:\/\/www.eumedbridge.eu\/#website\",\"url\":\"https:\/\/www.eumedbridge.eu\/\",\"name\":\"EU Medbridge\",\"description\":\"\",\"publisher\":{\"@id\":\"https:\/\/www.eumedbridge.eu\/#organization\"},\"potentialAction\":[{\"@type\":\"SearchAction\",\"target\":{\"@type\":\"EntryPoint\",\"urlTemplate\":\"https:\/\/www.eumedbridge.eu\/?s={search_term_string}\"},\"query-input\":{\"@type\":\"PropertyValueSpecification\",\"valueRequired\":true,\"valueName\":\"search_term_string\"}}],\"inLanguage\":\"fr-FR\"},{\"@type\":\"Organization\",\"@id\":\"https:\/\/www.eumedbridge.eu\/#organization\",\"name\":\"EU Medbridge\",\"url\":\"https:\/\/www.eumedbridge.eu\/\",\"logo\":{\"@type\":\"ImageObject\",\"inLanguage\":\"fr-FR\",\"@id\":\"https:\/\/www.eumedbridge.eu\/#\/schema\/logo\/image\/\",\"url\":\"https:\/\/www.eumedbridge.eu\/wp-content\/uploads\/2021\/12\/Logo.png\",\"contentUrl\":\"https:\/\/www.eumedbridge.eu\/wp-content\/uploads\/2021\/12\/Logo.png\",\"width\":325,\"height\":114,\"caption\":\"EU Medbridge\"},\"image\":{\"@id\":\"https:\/\/www.eumedbridge.eu\/#\/schema\/logo\/image\/\"},\"sameAs\":[\"https:\/\/www.facebook.com\/eumedbridge\/\",\"https:\/\/x.com\/eumedbridge\",\"https:\/\/www.linkedin.com\/company\/eumedbridge\",\"https:\/\/www.youtube.com\/@eumedbridge\",\"https:\/\/www.instagram.com\/eumedbridge\",\"https:\/\/www.flickr.com\/photos\/euneighbours-south\/\"]}]}<\/script>\n<!-- \/ Yoast SEO plugin. -->","yoast_head_json":{"title":"Le projet Med4Waste met en avant les progr\u00e8s accomplis en mati\u00e8re de gestion des d\u00e9chets au Liban - Voisins de l'UE","robots":{"index":"index","follow":"follow","max-snippet":"max-snippet:-1","max-image-preview":"max-image-preview:large","max-video-preview":"max-video-preview:-1"},"canonical":"https:\/\/www.eumedbridge.eu\/fr\/news\/le-projet-med4waste-met-en-avant-les-progres-accomplis-en-matiere-de-gestion-des-dechets-au-liban\/","og_locale":"fr_FR","og_type":"article","og_title":"Le projet Med4Waste met en avant les progr\u00e8s accomplis en mati\u00e8re de gestion des d\u00e9chets au Liban - Voisins de l'UE","og_description":"L\u2019unit\u00e9 Environnement et d\u00e9veloppement durable (ESDU) de l\u2019Universit\u00e9 am\u00e9ricaine de Beyrouth (UAB), partenaire du projet Med4Waste au Liban, a organis\u00e9 un \u00e9v\u00e9nement intitul\u00e9 \u00ab\u00a0Don\u2019t WASTE the Future\u00a0\u00bb (ne gaspillez pas l\u2019avenir) dans le cadre de l\u2019initiative DAWWERA. Cet \u00e9v\u00e9nement a r\u00e9uni divers experts et repr\u00e9sentants de municipalit\u00e9s, d\u2019organisations communautaires et d\u2019entit\u00e9s locales et internationales afin [&hellip;]","og_url":"https:\/\/www.eumedbridge.eu\/fr\/news\/le-projet-med4waste-met-en-avant-les-progres-accomplis-en-matiere-de-gestion-des-dechets-au-liban\/","og_site_name":"Voisins de l'UE","article_publisher":"https:\/\/www.facebook.com\/eumedbridge\/","og_image":[{"width":1100,"height":810,"url":"https:\/\/www.eumedbridge.eu\/wp-content\/uploads\/2023\/10\/aub.png","type":"image\/png"}],"twitter_card":"summary_large_image","twitter_site":"@eumedbridge","twitter_misc":{"Dur\u00e9e de lecture estim\u00e9e":"2 minutes"},"schema":{"@context":"https:\/\/schema.org","@graph":[{"@type":"WebPage","@id":"https:\/\/www.eumedbridge.eu\/fr\/news\/le-projet-med4waste-met-en-avant-les-progres-accomplis-en-matiere-de-gestion-des-dechets-au-liban\/","url":"https:\/\/www.eumedbridge.eu\/fr\/news\/le-projet-med4waste-met-en-avant-les-progres-accomplis-en-matiere-de-gestion-des-dechets-au-liban\/","name":"Le projet Med4Waste met en avant les progr\u00e8s accomplis en mati\u00e8re de gestion des d\u00e9chets au Liban - Voisins de l'UE","isPartOf":{"@id":"https:\/\/www.eumedbridge.eu\/#website"},"primaryImageOfPage":{"@id":"https:\/\/www.eumedbridge.eu\/fr\/news\/le-projet-med4waste-met-en-avant-les-progres-accomplis-en-matiere-de-gestion-des-dechets-au-liban\/#primaryimage"},"image":{"@id":"https:\/\/www.eumedbridge.eu\/fr\/news\/le-projet-med4waste-met-en-avant-les-progres-accomplis-en-matiere-de-gestion-des-dechets-au-liban\/#primaryimage"},"thumbnailUrl":"https:\/\/www.eumedbridge.eu\/wp-content\/uploads\/2023\/10\/aub.png","datePublished":"2023-10-16T15:55:00+00:00","breadcrumb":{"@id":"https:\/\/www.eumedbridge.eu\/fr\/news\/le-projet-med4waste-met-en-avant-les-progres-accomplis-en-matiere-de-gestion-des-dechets-au-liban\/#breadcrumb"},"inLanguage":"fr-FR","potentialAction":[{"@type":"ReadAction","target":["https:\/\/www.eumedbridge.eu\/fr\/news\/le-projet-med4waste-met-en-avant-les-progres-accomplis-en-matiere-de-gestion-des-dechets-au-liban\/"]}]},{"@type":"ImageObject","inLanguage":"fr-FR","@id":"https:\/\/www.eumedbridge.eu\/fr\/news\/le-projet-med4waste-met-en-avant-les-progres-accomplis-en-matiere-de-gestion-des-dechets-au-liban\/#primaryimage","url":"https:\/\/www.eumedbridge.eu\/wp-content\/uploads\/2023\/10\/aub.png","contentUrl":"https:\/\/www.eumedbridge.eu\/wp-content\/uploads\/2023\/10\/aub.png","width":1100,"height":810},{"@type":"BreadcrumbList","@id":"https:\/\/www.eumedbridge.eu\/fr\/news\/le-projet-med4waste-met-en-avant-les-progres-accomplis-en-matiere-de-gestion-des-dechets-au-liban\/#breadcrumb","itemListElement":[{"@type":"ListItem","position":1,"name":"Home","item":"https:\/\/www.eumedbridge.eu\/fr\/home-page\/"},{"@type":"ListItem","position":2,"name":"Actualit\u00e9s","item":"https:\/\/www.eumedbridge.eu\/fr\/news\/"},{"@type":"ListItem","position":3,"name":"Le projet Med4Waste met en avant les progr\u00e8s accomplis en mati\u00e8re de gestion des d\u00e9chets au Liban"}]},{"@type":"WebSite","@id":"https:\/\/www.eumedbridge.eu\/#website","url":"https:\/\/www.eumedbridge.eu\/","name":"EU Medbridge","description":"","publisher":{"@id":"https:\/\/www.eumedbridge.eu\/#organization"},"potentialAction":[{"@type":"SearchAction","target":{"@type":"EntryPoint","urlTemplate":"https:\/\/www.eumedbridge.eu\/?s={search_term_string}"},"query-input":{"@type":"PropertyValueSpecification","valueRequired":true,"valueName":"search_term_string"}}],"inLanguage":"fr-FR"},{"@type":"Organization","@id":"https:\/\/www.eumedbridge.eu\/#organization","name":"EU Medbridge","url":"https:\/\/www.eumedbridge.eu\/","logo":{"@type":"ImageObject","inLanguage":"fr-FR","@id":"https:\/\/www.eumedbridge.eu\/#\/schema\/logo\/image\/","url":"https:\/\/www.eumedbridge.eu\/wp-content\/uploads\/2021\/12\/Logo.png","contentUrl":"https:\/\/www.eumedbridge.eu\/wp-content\/uploads\/2021\/12\/Logo.png","width":325,"height":114,"caption":"EU Medbridge"},"image":{"@id":"https:\/\/www.eumedbridge.eu\/#\/schema\/logo\/image\/"},"sameAs":["https:\/\/www.facebook.com\/eumedbridge\/","https:\/\/x.com\/eumedbridge","https:\/\/www.linkedin.com\/company\/eumedbridge","https:\/\/www.youtube.com\/@eumedbridge","https:\/\/www.instagram.com\/eumedbridge","https:\/\/www.flickr.com\/photos\/euneighbours-south\/"]}]}},"_links":{"self":[{"href":"https:\/\/www.eumedbridge.eu\/fr\/wp-json\/wp\/v2\/news\/220979","targetHints":{"allow":["GET"]}}],"collection":[{"href":"https:\/\/www.eumedbridge.eu\/fr\/wp-json\/wp\/v2\/news"}],"about":[{"href":"https:\/\/www.eumedbridge.eu\/fr\/wp-json\/wp\/v2\/types\/news"}],"wp:featuredmedia":[{"embeddable":true,"href":"https:\/\/www.eumedbridge.eu\/fr\/wp-json\/wp\/v2\/media\/220608"}],"wp:attachment":[{"href":"https:\/\/www.eumedbridge.eu\/fr\/wp-json\/wp\/v2\/media?parent=220979"}],"wp:term":[{"taxonomy":"news_category","embeddable":true,"href":"https:\/\/www.eumedbridge.eu\/fr\/wp-json\/wp\/v2\/news_category?post=220979"},{"taxonomy":"country","embeddable":true,"href":"https:\/\/www.eumedbridge.eu\/fr\/wp-json\/wp\/v2\/country?post=220979"},{"taxonomy":"special_action","embeddable":true,"href":"https:\/\/www.eumedbridge.eu\/fr\/wp-json\/wp\/v2\/special_action?post=220979"},{"taxonomy":"custom_tag","embeddable":true,"href":"https:\/\/www.eumedbridge.eu\/fr\/wp-json\/wp\/v2\/custom_tag?post=220979"}],"curies":[{"name":"wp","href":"https:\/\/api.w.org\/{rel}","templated":true}]}}