{"id":221447,"date":"2023-10-26T11:19:19","date_gmt":"2023-10-26T08:19:19","guid":{"rendered":"https:\/\/eumedbridge.eu\/?post_type=news&#038;p=221447"},"modified":"2023-10-26T11:19:19","modified_gmt":"2023-10-26T08:19:19","slug":"la-delegation-de-lunion-europeenne-participe-au-26eme-salon-international-du-livre-dalger","status":"publish","type":"news","link":"https:\/\/www.eumedbridge.eu\/fr\/news\/la-delegation-de-lunion-europeenne-participe-au-26eme-salon-international-du-livre-dalger\/","title":{"rendered":"La D\u00e9l\u00e9gation de l&rsquo;Union europ\u00e9enne participe au 26\u00e8me Salon international du livre d&rsquo;Alger"},"content":{"rendered":"<p>La <a href=\"https:\/\/www.eeas.europa.eu\/delegations\/algeria_fr?s=82\"><strong>D\u00e9l\u00e9gation de l&rsquo;Union europ\u00e9enne<\/strong><\/a> (DUE) en <strong>Alg\u00e9rie<\/strong> a annonc\u00e9 sa participation au 26<sup>\u00e8me<\/sup>\u00a0Salon international du livre d&rsquo;Alger (SILA), du 25 octobre au 4novembre au pavillon central du Palais des expositions.<\/p>\n<p>&nbsp;<\/p>\n<p>La participation de la DUE s&rsquo;inscirt cette ann\u00e9e sous le th\u00e8me\u00a0: \u00ab\u00a0Les comp\u00e9tences de demain\u00a0\u00bb. Avec la contribution des Etats membres de l&rsquo;UE repr\u00e9sent\u00e9s en Alg\u00e9rie et des partenaires de la DUE, le programme de la D\u00e9l\u00e9gation sera tr\u00e8s riche avec plusieurs ateliers de formation, des sessions d\u2019informations, des rencontres litt\u00e9raires et des activit\u00e9s pour enfants, pr\u00e9vus tout au long de l&rsquo;\u00e9venement.<\/p>\n<p>&nbsp;<\/p>\n<p>Des projets de coop\u00e9ration d\u00e9velopp\u00e9s par la DUE en Alg\u00e9rie seront \u00e9galement pr\u00e9sent\u00e9s. La journ\u00e9e du 28 octobre et du 2 novembre seront consacr\u00e9es, entre autres, au programme Erasmus pour les jeunes \u00e9tudiants d\u00e9sireux de poursuivre leurs parcours universitaires dans les pays de l\u2019UE.<\/p>\n","protected":false},"featured_media":221448,"parent":0,"template":"","news_category":[],"country":[1946],"special_action":[],"custom_tag":[1874],"class_list":["post-221447","news","type-news","status-publish","has-post-thumbnail","hentry","country-algerie","custom_tag-culture-fr"],"acf":[],"yoast_head":"<!-- This site is optimized with the Yoast SEO plugin v26.5 - https:\/\/yoast.com\/wordpress\/plugins\/seo\/ -->\n<title>La D\u00e9l\u00e9gation de l&#039;Union europ\u00e9enne participe au 26\u00e8me Salon international du livre d&#039;Alger - Voisins de l&#039;UE<\/title>\n<meta name=\"robots\" content=\"index, follow, max-snippet:-1, max-image-preview:large, max-video-preview:-1\" \/>\n<link rel=\"canonical\" href=\"https:\/\/www.eumedbridge.eu\/fr\/news\/la-delegation-de-lunion-europeenne-participe-au-26eme-salon-international-du-livre-dalger\/\" \/>\n<meta property=\"og:locale\" content=\"fr_FR\" \/>\n<meta property=\"og:type\" content=\"article\" \/>\n<meta property=\"og:title\" content=\"La D\u00e9l\u00e9gation de l&#039;Union europ\u00e9enne participe au 26\u00e8me Salon international du livre d&#039;Alger - Voisins de l&#039;UE\" \/>\n<meta property=\"og:description\" content=\"La D\u00e9l\u00e9gation de l&rsquo;Union europ\u00e9enne (DUE) en Alg\u00e9rie a annonc\u00e9 sa participation au 26\u00e8me\u00a0Salon international du livre d&rsquo;Alger (SILA), du 25 octobre au 4novembre au pavillon central du Palais des expositions. &nbsp; La participation de la DUE s&rsquo;inscirt cette ann\u00e9e sous le th\u00e8me\u00a0: \u00ab\u00a0Les comp\u00e9tences de demain\u00a0\u00bb. Avec la contribution des Etats membres de l&rsquo;UE [&hellip;]\" \/>\n<meta property=\"og:url\" content=\"https:\/\/www.eumedbridge.eu\/fr\/news\/la-delegation-de-lunion-europeenne-participe-au-26eme-salon-international-du-livre-dalger\/\" \/>\n<meta property=\"og:site_name\" content=\"Voisins de l&#039;UE\" \/>\n<meta property=\"article:publisher\" content=\"https:\/\/www.facebook.com\/eumedbridge\/\" \/>\n<meta property=\"og:image\" content=\"https:\/\/www.eumedbridge.eu\/wp-content\/uploads\/2023\/10\/Visuel-Web.png\" \/>\n\t<meta property=\"og:image:width\" content=\"1089\" \/>\n\t<meta property=\"og:image:height\" content=\"436\" \/>\n\t<meta property=\"og:image:type\" content=\"image\/png\" \/>\n<meta name=\"twitter:card\" content=\"summary_large_image\" \/>\n<meta name=\"twitter:site\" content=\"@eumedbridge\" \/>\n<meta name=\"twitter:label1\" content=\"Dur\u00e9e de lecture estim\u00e9e\" \/>\n\t<meta name=\"twitter:data1\" content=\"1 minute\" \/>\n<script type=\"application\/ld+json\" class=\"yoast-schema-graph\">{\"@context\":\"https:\/\/schema.org\",\"@graph\":[{\"@type\":\"WebPage\",\"@id\":\"https:\/\/www.eumedbridge.eu\/fr\/news\/la-delegation-de-lunion-europeenne-participe-au-26eme-salon-international-du-livre-dalger\/\",\"url\":\"https:\/\/www.eumedbridge.eu\/fr\/news\/la-delegation-de-lunion-europeenne-participe-au-26eme-salon-international-du-livre-dalger\/\",\"name\":\"La D\u00e9l\u00e9gation de l'Union europ\u00e9enne participe au 26\u00e8me Salon international du livre d'Alger - Voisins de l'UE\",\"isPartOf\":{\"@id\":\"https:\/\/www.eumedbridge.eu\/#website\"},\"primaryImageOfPage\":{\"@id\":\"https:\/\/www.eumedbridge.eu\/fr\/news\/la-delegation-de-lunion-europeenne-participe-au-26eme-salon-international-du-livre-dalger\/#primaryimage\"},\"image\":{\"@id\":\"https:\/\/www.eumedbridge.eu\/fr\/news\/la-delegation-de-lunion-europeenne-participe-au-26eme-salon-international-du-livre-dalger\/#primaryimage\"},\"thumbnailUrl\":\"https:\/\/www.eumedbridge.eu\/wp-content\/uploads\/2023\/10\/Visuel-Web.png\",\"datePublished\":\"2023-10-26T08:19:19+00:00\",\"breadcrumb\":{\"@id\":\"https:\/\/www.eumedbridge.eu\/fr\/news\/la-delegation-de-lunion-europeenne-participe-au-26eme-salon-international-du-livre-dalger\/#breadcrumb\"},\"inLanguage\":\"fr-FR\",\"potentialAction\":[{\"@type\":\"ReadAction\",\"target\":[\"https:\/\/www.eumedbridge.eu\/fr\/news\/la-delegation-de-lunion-europeenne-participe-au-26eme-salon-international-du-livre-dalger\/\"]}]},{\"@type\":\"ImageObject\",\"inLanguage\":\"fr-FR\",\"@id\":\"https:\/\/www.eumedbridge.eu\/fr\/news\/la-delegation-de-lunion-europeenne-participe-au-26eme-salon-international-du-livre-dalger\/#primaryimage\",\"url\":\"https:\/\/www.eumedbridge.eu\/wp-content\/uploads\/2023\/10\/Visuel-Web.png\",\"contentUrl\":\"https:\/\/www.eumedbridge.eu\/wp-content\/uploads\/2023\/10\/Visuel-Web.png\",\"width\":1089,\"height\":436},{\"@type\":\"BreadcrumbList\",\"@id\":\"https:\/\/www.eumedbridge.eu\/fr\/news\/la-delegation-de-lunion-europeenne-participe-au-26eme-salon-international-du-livre-dalger\/#breadcrumb\",\"itemListElement\":[{\"@type\":\"ListItem\",\"position\":1,\"name\":\"Home\",\"item\":\"https:\/\/www.eumedbridge.eu\/fr\/home-page\/\"},{\"@type\":\"ListItem\",\"position\":2,\"name\":\"Actualit\u00e9s\",\"item\":\"https:\/\/www.eumedbridge.eu\/fr\/news\/\"},{\"@type\":\"ListItem\",\"position\":3,\"name\":\"La D\u00e9l\u00e9gation de l&rsquo;Union europ\u00e9enne participe au 26\u00e8me Salon international du livre d&rsquo;Alger\"}]},{\"@type\":\"WebSite\",\"@id\":\"https:\/\/www.eumedbridge.eu\/#website\",\"url\":\"https:\/\/www.eumedbridge.eu\/\",\"name\":\"EU Medbridge\",\"description\":\"\",\"publisher\":{\"@id\":\"https:\/\/www.eumedbridge.eu\/#organization\"},\"potentialAction\":[{\"@type\":\"SearchAction\",\"target\":{\"@type\":\"EntryPoint\",\"urlTemplate\":\"https:\/\/www.eumedbridge.eu\/?s={search_term_string}\"},\"query-input\":{\"@type\":\"PropertyValueSpecification\",\"valueRequired\":true,\"valueName\":\"search_term_string\"}}],\"inLanguage\":\"fr-FR\"},{\"@type\":\"Organization\",\"@id\":\"https:\/\/www.eumedbridge.eu\/#organization\",\"name\":\"EU Medbridge\",\"url\":\"https:\/\/www.eumedbridge.eu\/\",\"logo\":{\"@type\":\"ImageObject\",\"inLanguage\":\"fr-FR\",\"@id\":\"https:\/\/www.eumedbridge.eu\/#\/schema\/logo\/image\/\",\"url\":\"https:\/\/www.eumedbridge.eu\/wp-content\/uploads\/2021\/12\/Logo.png\",\"contentUrl\":\"https:\/\/www.eumedbridge.eu\/wp-content\/uploads\/2021\/12\/Logo.png\",\"width\":325,\"height\":114,\"caption\":\"EU Medbridge\"},\"image\":{\"@id\":\"https:\/\/www.eumedbridge.eu\/#\/schema\/logo\/image\/\"},\"sameAs\":[\"https:\/\/www.facebook.com\/eumedbridge\/\",\"https:\/\/x.com\/eumedbridge\",\"https:\/\/www.linkedin.com\/company\/eumedbridge\",\"https:\/\/www.youtube.com\/@eumedbridge\",\"https:\/\/www.instagram.com\/eumedbridge\",\"https:\/\/www.flickr.com\/photos\/euneighbours-south\/\"]}]}<\/script>\n<!-- \/ Yoast SEO plugin. -->","yoast_head_json":{"title":"La D\u00e9l\u00e9gation de l'Union europ\u00e9enne participe au 26\u00e8me Salon international du livre d'Alger - Voisins de l'UE","robots":{"index":"index","follow":"follow","max-snippet":"max-snippet:-1","max-image-preview":"max-image-preview:large","max-video-preview":"max-video-preview:-1"},"canonical":"https:\/\/www.eumedbridge.eu\/fr\/news\/la-delegation-de-lunion-europeenne-participe-au-26eme-salon-international-du-livre-dalger\/","og_locale":"fr_FR","og_type":"article","og_title":"La D\u00e9l\u00e9gation de l'Union europ\u00e9enne participe au 26\u00e8me Salon international du livre d'Alger - Voisins de l'UE","og_description":"La D\u00e9l\u00e9gation de l&rsquo;Union europ\u00e9enne (DUE) en Alg\u00e9rie a annonc\u00e9 sa participation au 26\u00e8me\u00a0Salon international du livre d&rsquo;Alger (SILA), du 25 octobre au 4novembre au pavillon central du Palais des expositions. &nbsp; La participation de la DUE s&rsquo;inscirt cette ann\u00e9e sous le th\u00e8me\u00a0: \u00ab\u00a0Les comp\u00e9tences de demain\u00a0\u00bb. Avec la contribution des Etats membres de l&rsquo;UE [&hellip;]","og_url":"https:\/\/www.eumedbridge.eu\/fr\/news\/la-delegation-de-lunion-europeenne-participe-au-26eme-salon-international-du-livre-dalger\/","og_site_name":"Voisins de l'UE","article_publisher":"https:\/\/www.facebook.com\/eumedbridge\/","og_image":[{"width":1089,"height":436,"url":"https:\/\/www.eumedbridge.eu\/wp-content\/uploads\/2023\/10\/Visuel-Web.png","type":"image\/png"}],"twitter_card":"summary_large_image","twitter_site":"@eumedbridge","twitter_misc":{"Dur\u00e9e de lecture estim\u00e9e":"1 minute"},"schema":{"@context":"https:\/\/schema.org","@graph":[{"@type":"WebPage","@id":"https:\/\/www.eumedbridge.eu\/fr\/news\/la-delegation-de-lunion-europeenne-participe-au-26eme-salon-international-du-livre-dalger\/","url":"https:\/\/www.eumedbridge.eu\/fr\/news\/la-delegation-de-lunion-europeenne-participe-au-26eme-salon-international-du-livre-dalger\/","name":"La D\u00e9l\u00e9gation de l'Union europ\u00e9enne participe au 26\u00e8me Salon international du livre d'Alger - Voisins de l'UE","isPartOf":{"@id":"https:\/\/www.eumedbridge.eu\/#website"},"primaryImageOfPage":{"@id":"https:\/\/www.eumedbridge.eu\/fr\/news\/la-delegation-de-lunion-europeenne-participe-au-26eme-salon-international-du-livre-dalger\/#primaryimage"},"image":{"@id":"https:\/\/www.eumedbridge.eu\/fr\/news\/la-delegation-de-lunion-europeenne-participe-au-26eme-salon-international-du-livre-dalger\/#primaryimage"},"thumbnailUrl":"https:\/\/www.eumedbridge.eu\/wp-content\/uploads\/2023\/10\/Visuel-Web.png","datePublished":"2023-10-26T08:19:19+00:00","breadcrumb":{"@id":"https:\/\/www.eumedbridge.eu\/fr\/news\/la-delegation-de-lunion-europeenne-participe-au-26eme-salon-international-du-livre-dalger\/#breadcrumb"},"inLanguage":"fr-FR","potentialAction":[{"@type":"ReadAction","target":["https:\/\/www.eumedbridge.eu\/fr\/news\/la-delegation-de-lunion-europeenne-participe-au-26eme-salon-international-du-livre-dalger\/"]}]},{"@type":"ImageObject","inLanguage":"fr-FR","@id":"https:\/\/www.eumedbridge.eu\/fr\/news\/la-delegation-de-lunion-europeenne-participe-au-26eme-salon-international-du-livre-dalger\/#primaryimage","url":"https:\/\/www.eumedbridge.eu\/wp-content\/uploads\/2023\/10\/Visuel-Web.png","contentUrl":"https:\/\/www.eumedbridge.eu\/wp-content\/uploads\/2023\/10\/Visuel-Web.png","width":1089,"height":436},{"@type":"BreadcrumbList","@id":"https:\/\/www.eumedbridge.eu\/fr\/news\/la-delegation-de-lunion-europeenne-participe-au-26eme-salon-international-du-livre-dalger\/#breadcrumb","itemListElement":[{"@type":"ListItem","position":1,"name":"Home","item":"https:\/\/www.eumedbridge.eu\/fr\/home-page\/"},{"@type":"ListItem","position":2,"name":"Actualit\u00e9s","item":"https:\/\/www.eumedbridge.eu\/fr\/news\/"},{"@type":"ListItem","position":3,"name":"La D\u00e9l\u00e9gation de l&rsquo;Union europ\u00e9enne participe au 26\u00e8me Salon international du livre d&rsquo;Alger"}]},{"@type":"WebSite","@id":"https:\/\/www.eumedbridge.eu\/#website","url":"https:\/\/www.eumedbridge.eu\/","name":"EU Medbridge","description":"","publisher":{"@id":"https:\/\/www.eumedbridge.eu\/#organization"},"potentialAction":[{"@type":"SearchAction","target":{"@type":"EntryPoint","urlTemplate":"https:\/\/www.eumedbridge.eu\/?s={search_term_string}"},"query-input":{"@type":"PropertyValueSpecification","valueRequired":true,"valueName":"search_term_string"}}],"inLanguage":"fr-FR"},{"@type":"Organization","@id":"https:\/\/www.eumedbridge.eu\/#organization","name":"EU Medbridge","url":"https:\/\/www.eumedbridge.eu\/","logo":{"@type":"ImageObject","inLanguage":"fr-FR","@id":"https:\/\/www.eumedbridge.eu\/#\/schema\/logo\/image\/","url":"https:\/\/www.eumedbridge.eu\/wp-content\/uploads\/2021\/12\/Logo.png","contentUrl":"https:\/\/www.eumedbridge.eu\/wp-content\/uploads\/2021\/12\/Logo.png","width":325,"height":114,"caption":"EU Medbridge"},"image":{"@id":"https:\/\/www.eumedbridge.eu\/#\/schema\/logo\/image\/"},"sameAs":["https:\/\/www.facebook.com\/eumedbridge\/","https:\/\/x.com\/eumedbridge","https:\/\/www.linkedin.com\/company\/eumedbridge","https:\/\/www.youtube.com\/@eumedbridge","https:\/\/www.instagram.com\/eumedbridge","https:\/\/www.flickr.com\/photos\/euneighbours-south\/"]}]}},"_links":{"self":[{"href":"https:\/\/www.eumedbridge.eu\/fr\/wp-json\/wp\/v2\/news\/221447","targetHints":{"allow":["GET"]}}],"collection":[{"href":"https:\/\/www.eumedbridge.eu\/fr\/wp-json\/wp\/v2\/news"}],"about":[{"href":"https:\/\/www.eumedbridge.eu\/fr\/wp-json\/wp\/v2\/types\/news"}],"wp:featuredmedia":[{"embeddable":true,"href":"https:\/\/www.eumedbridge.eu\/fr\/wp-json\/wp\/v2\/media\/221448"}],"wp:attachment":[{"href":"https:\/\/www.eumedbridge.eu\/fr\/wp-json\/wp\/v2\/media?parent=221447"}],"wp:term":[{"taxonomy":"news_category","embeddable":true,"href":"https:\/\/www.eumedbridge.eu\/fr\/wp-json\/wp\/v2\/news_category?post=221447"},{"taxonomy":"country","embeddable":true,"href":"https:\/\/www.eumedbridge.eu\/fr\/wp-json\/wp\/v2\/country?post=221447"},{"taxonomy":"special_action","embeddable":true,"href":"https:\/\/www.eumedbridge.eu\/fr\/wp-json\/wp\/v2\/special_action?post=221447"},{"taxonomy":"custom_tag","embeddable":true,"href":"https:\/\/www.eumedbridge.eu\/fr\/wp-json\/wp\/v2\/custom_tag?post=221447"}],"curies":[{"name":"wp","href":"https:\/\/api.w.org\/{rel}","templated":true}]}}