{"id":222081,"date":"2023-11-15T18:57:22","date_gmt":"2023-11-15T16:57:22","guid":{"rendered":"https:\/\/eumedbridge.eu\/?post_type=news&#038;p=222081"},"modified":"2023-11-15T18:57:22","modified_gmt":"2023-11-15T16:57:22","slug":"la-dg-near-et-clima-med-ont-organise-avec-succes-levenement-planet-on-the-mend","status":"publish","type":"news","link":"https:\/\/www.eumedbridge.eu\/fr\/news\/la-dg-near-et-clima-med-ont-organise-avec-succes-levenement-planet-on-the-mend\/","title":{"rendered":"La DG NEAR et Clima-Med ont organis\u00e9 avec succ\u00e8s l\u2019\u00e9v\u00e9nement \u00ab Planet on the Mend \u00bb"},"content":{"rendered":"<p>La <strong>DG\u00a0NEAR<\/strong> a organis\u00e9, avec le soutien du <a href=\"https:\/\/www.climamed.eu\/fr\/\"><strong>projet Clima-Med<\/strong><\/a>, un \u00e9v\u00e9nement intitul\u00e9\u00a0\u00ab\u00a0Planet on the Mend:\u00a0Climate Action in the Mediterranean\u00a0\u00bb (la plan\u00e8te en voie de gu\u00e9rison\u00a0: action pour le climat dans la r\u00e9gion m\u00e9diterran\u00e9enne)\u00a0le 24\u00a0octobre\u00a02023, \u00e0 Bruxelles.\u00a0L\u2019objectif de l\u2019\u00e9v\u00e9nement \u00e9tait de renforcer la sensibilisation \u00e0 la crise climatique qui touche la r\u00e9gion et de discuter des solutions, des meilleures pratiques et des voies \u00e0 suivre. \u00a0Mme\u00a0Henrike\u00a0Trautmann, directrice par int\u00e9rim pour le voisinage Sud et la Turquie, a ouvert l\u2019\u00e9v\u00e9nement en pronon\u00e7ant un discours de bienvenue, insistant sur le soutien apport\u00e9 par l\u2019Union europ\u00e9enne aux pays de la r\u00e9gion du sud de la M\u00e9diterran\u00e9e dans leurs efforts d\u2019adaptation au changement climatique et d\u2019att\u00e9nuation de ses effets.<\/p>\n<p>&nbsp;<\/p>\n<p>Cette conf\u00e9rence a \u00e9t\u00e9 suivie, le lendemain, de la 6<sup>e<\/sup> r\u00e9union du comit\u00e9 de pilotage de Clima-Med, qui a mis en avant les r\u00e9alisations importantes du projet, notamment l\u2019\u00e9laboration du Guide du financement de l\u2019action climatique et du Guide de pr\u00e9paration des PAAEDC (plans d\u2019action en faveur d\u2019un acc\u00e8s \u00e0 une \u00e9nergie durable et du climat). Ces ressources permettent aux autorit\u00e9s locales d\u2019acc\u00e9der \u00e0 des fonds pour lutter contre le changement climatique et d\u2019\u00e9laborer des PAAEDC, soulignant ainsi leur engagement en faveur d\u2019un avenir plus durable et r\u00e9silient au changement climatique. Les maires de plusieurs villes du sud de la M\u00e9diterran\u00e9e ont donn\u00e9 leur point de vue sur leurs r\u00f4les dans la conduite de l\u2019action climatique et leurs initiatives en la mati\u00e8re au niveau local.<\/p>\n","protected":false},"featured_media":222052,"parent":0,"template":"","news_category":[],"country":[1956],"special_action":[],"custom_tag":[1884],"class_list":["post-222081","news","type-news","status-publish","has-post-thumbnail","hentry","country-region-sud","custom_tag-environnement-et-changement-climatique"],"acf":[],"yoast_head":"<!-- This site is optimized with the Yoast SEO plugin v26.5 - https:\/\/yoast.com\/wordpress\/plugins\/seo\/ -->\n<title>La DG NEAR et Clima-Med ont organis\u00e9 avec succ\u00e8s l\u2019\u00e9v\u00e9nement \u00ab Planet on the Mend \u00bb - Voisins de l&#039;UE<\/title>\n<meta name=\"robots\" content=\"index, follow, max-snippet:-1, max-image-preview:large, max-video-preview:-1\" \/>\n<link rel=\"canonical\" href=\"https:\/\/www.eumedbridge.eu\/fr\/news\/la-dg-near-et-clima-med-ont-organise-avec-succes-levenement-planet-on-the-mend\/\" \/>\n<meta property=\"og:locale\" content=\"fr_FR\" \/>\n<meta property=\"og:type\" content=\"article\" \/>\n<meta property=\"og:title\" content=\"La DG NEAR et Clima-Med ont organis\u00e9 avec succ\u00e8s l\u2019\u00e9v\u00e9nement \u00ab Planet on the Mend \u00bb - Voisins de l&#039;UE\" \/>\n<meta property=\"og:description\" content=\"La DG\u00a0NEAR a organis\u00e9, avec le soutien du projet Clima-Med, un \u00e9v\u00e9nement intitul\u00e9\u00a0\u00ab\u00a0Planet on the Mend:\u00a0Climate Action in the Mediterranean\u00a0\u00bb (la plan\u00e8te en voie de gu\u00e9rison\u00a0: action pour le climat dans la r\u00e9gion m\u00e9diterran\u00e9enne)\u00a0le 24\u00a0octobre\u00a02023, \u00e0 Bruxelles.\u00a0L\u2019objectif de l\u2019\u00e9v\u00e9nement \u00e9tait de renforcer la sensibilisation \u00e0 la crise climatique qui touche la r\u00e9gion et de discuter [&hellip;]\" \/>\n<meta property=\"og:url\" content=\"https:\/\/www.eumedbridge.eu\/fr\/news\/la-dg-near-et-clima-med-ont-organise-avec-succes-levenement-planet-on-the-mend\/\" \/>\n<meta property=\"og:site_name\" content=\"Voisins de l&#039;UE\" \/>\n<meta property=\"article:publisher\" content=\"https:\/\/www.facebook.com\/eumedbridge\/\" \/>\n<meta property=\"og:image\" content=\"https:\/\/www.eumedbridge.eu\/wp-content\/uploads\/2023\/11\/Image-2-1024x768-1.png\" \/>\n\t<meta property=\"og:image:width\" content=\"1024\" \/>\n\t<meta property=\"og:image:height\" content=\"768\" \/>\n\t<meta property=\"og:image:type\" content=\"image\/png\" \/>\n<meta name=\"twitter:card\" content=\"summary_large_image\" \/>\n<meta name=\"twitter:site\" content=\"@eumedbridge\" \/>\n<meta name=\"twitter:label1\" content=\"Dur\u00e9e de lecture estim\u00e9e\" \/>\n\t<meta name=\"twitter:data1\" content=\"2 minutes\" \/>\n<script type=\"application\/ld+json\" class=\"yoast-schema-graph\">{\"@context\":\"https:\/\/schema.org\",\"@graph\":[{\"@type\":\"WebPage\",\"@id\":\"https:\/\/www.eumedbridge.eu\/fr\/news\/la-dg-near-et-clima-med-ont-organise-avec-succes-levenement-planet-on-the-mend\/\",\"url\":\"https:\/\/www.eumedbridge.eu\/fr\/news\/la-dg-near-et-clima-med-ont-organise-avec-succes-levenement-planet-on-the-mend\/\",\"name\":\"La DG NEAR et Clima-Med ont organis\u00e9 avec succ\u00e8s l\u2019\u00e9v\u00e9nement \u00ab Planet on the Mend \u00bb - Voisins de l'UE\",\"isPartOf\":{\"@id\":\"https:\/\/www.eumedbridge.eu\/#website\"},\"primaryImageOfPage\":{\"@id\":\"https:\/\/www.eumedbridge.eu\/fr\/news\/la-dg-near-et-clima-med-ont-organise-avec-succes-levenement-planet-on-the-mend\/#primaryimage\"},\"image\":{\"@id\":\"https:\/\/www.eumedbridge.eu\/fr\/news\/la-dg-near-et-clima-med-ont-organise-avec-succes-levenement-planet-on-the-mend\/#primaryimage\"},\"thumbnailUrl\":\"https:\/\/www.eumedbridge.eu\/wp-content\/uploads\/2023\/11\/Image-2-1024x768-1.png\",\"datePublished\":\"2023-11-15T16:57:22+00:00\",\"breadcrumb\":{\"@id\":\"https:\/\/www.eumedbridge.eu\/fr\/news\/la-dg-near-et-clima-med-ont-organise-avec-succes-levenement-planet-on-the-mend\/#breadcrumb\"},\"inLanguage\":\"fr-FR\",\"potentialAction\":[{\"@type\":\"ReadAction\",\"target\":[\"https:\/\/www.eumedbridge.eu\/fr\/news\/la-dg-near-et-clima-med-ont-organise-avec-succes-levenement-planet-on-the-mend\/\"]}]},{\"@type\":\"ImageObject\",\"inLanguage\":\"fr-FR\",\"@id\":\"https:\/\/www.eumedbridge.eu\/fr\/news\/la-dg-near-et-clima-med-ont-organise-avec-succes-levenement-planet-on-the-mend\/#primaryimage\",\"url\":\"https:\/\/www.eumedbridge.eu\/wp-content\/uploads\/2023\/11\/Image-2-1024x768-1.png\",\"contentUrl\":\"https:\/\/www.eumedbridge.eu\/wp-content\/uploads\/2023\/11\/Image-2-1024x768-1.png\",\"width\":1024,\"height\":768},{\"@type\":\"BreadcrumbList\",\"@id\":\"https:\/\/www.eumedbridge.eu\/fr\/news\/la-dg-near-et-clima-med-ont-organise-avec-succes-levenement-planet-on-the-mend\/#breadcrumb\",\"itemListElement\":[{\"@type\":\"ListItem\",\"position\":1,\"name\":\"Home\",\"item\":\"https:\/\/www.eumedbridge.eu\/fr\/home-page\/\"},{\"@type\":\"ListItem\",\"position\":2,\"name\":\"Actualit\u00e9s\",\"item\":\"https:\/\/www.eumedbridge.eu\/fr\/news\/\"},{\"@type\":\"ListItem\",\"position\":3,\"name\":\"La DG NEAR et Clima-Med ont organis\u00e9 avec succ\u00e8s l\u2019\u00e9v\u00e9nement \u00ab Planet on the Mend \u00bb\"}]},{\"@type\":\"WebSite\",\"@id\":\"https:\/\/www.eumedbridge.eu\/#website\",\"url\":\"https:\/\/www.eumedbridge.eu\/\",\"name\":\"EU Medbridge\",\"description\":\"\",\"publisher\":{\"@id\":\"https:\/\/www.eumedbridge.eu\/#organization\"},\"potentialAction\":[{\"@type\":\"SearchAction\",\"target\":{\"@type\":\"EntryPoint\",\"urlTemplate\":\"https:\/\/www.eumedbridge.eu\/?s={search_term_string}\"},\"query-input\":{\"@type\":\"PropertyValueSpecification\",\"valueRequired\":true,\"valueName\":\"search_term_string\"}}],\"inLanguage\":\"fr-FR\"},{\"@type\":\"Organization\",\"@id\":\"https:\/\/www.eumedbridge.eu\/#organization\",\"name\":\"EU Medbridge\",\"url\":\"https:\/\/www.eumedbridge.eu\/\",\"logo\":{\"@type\":\"ImageObject\",\"inLanguage\":\"fr-FR\",\"@id\":\"https:\/\/www.eumedbridge.eu\/#\/schema\/logo\/image\/\",\"url\":\"https:\/\/www.eumedbridge.eu\/wp-content\/uploads\/2021\/12\/Logo.png\",\"contentUrl\":\"https:\/\/www.eumedbridge.eu\/wp-content\/uploads\/2021\/12\/Logo.png\",\"width\":325,\"height\":114,\"caption\":\"EU Medbridge\"},\"image\":{\"@id\":\"https:\/\/www.eumedbridge.eu\/#\/schema\/logo\/image\/\"},\"sameAs\":[\"https:\/\/www.facebook.com\/eumedbridge\/\",\"https:\/\/x.com\/eumedbridge\",\"https:\/\/www.linkedin.com\/company\/eumedbridge\",\"https:\/\/www.youtube.com\/@eumedbridge\",\"https:\/\/www.instagram.com\/eumedbridge\",\"https:\/\/www.flickr.com\/photos\/euneighbours-south\/\"]}]}<\/script>\n<!-- \/ Yoast SEO plugin. -->","yoast_head_json":{"title":"La DG NEAR et Clima-Med ont organis\u00e9 avec succ\u00e8s l\u2019\u00e9v\u00e9nement \u00ab Planet on the Mend \u00bb - Voisins de l'UE","robots":{"index":"index","follow":"follow","max-snippet":"max-snippet:-1","max-image-preview":"max-image-preview:large","max-video-preview":"max-video-preview:-1"},"canonical":"https:\/\/www.eumedbridge.eu\/fr\/news\/la-dg-near-et-clima-med-ont-organise-avec-succes-levenement-planet-on-the-mend\/","og_locale":"fr_FR","og_type":"article","og_title":"La DG NEAR et Clima-Med ont organis\u00e9 avec succ\u00e8s l\u2019\u00e9v\u00e9nement \u00ab Planet on the Mend \u00bb - Voisins de l'UE","og_description":"La DG\u00a0NEAR a organis\u00e9, avec le soutien du projet Clima-Med, un \u00e9v\u00e9nement intitul\u00e9\u00a0\u00ab\u00a0Planet on the Mend:\u00a0Climate Action in the Mediterranean\u00a0\u00bb (la plan\u00e8te en voie de gu\u00e9rison\u00a0: action pour le climat dans la r\u00e9gion m\u00e9diterran\u00e9enne)\u00a0le 24\u00a0octobre\u00a02023, \u00e0 Bruxelles.\u00a0L\u2019objectif de l\u2019\u00e9v\u00e9nement \u00e9tait de renforcer la sensibilisation \u00e0 la crise climatique qui touche la r\u00e9gion et de discuter [&hellip;]","og_url":"https:\/\/www.eumedbridge.eu\/fr\/news\/la-dg-near-et-clima-med-ont-organise-avec-succes-levenement-planet-on-the-mend\/","og_site_name":"Voisins de l'UE","article_publisher":"https:\/\/www.facebook.com\/eumedbridge\/","og_image":[{"width":1024,"height":768,"url":"https:\/\/www.eumedbridge.eu\/wp-content\/uploads\/2023\/11\/Image-2-1024x768-1.png","type":"image\/png"}],"twitter_card":"summary_large_image","twitter_site":"@eumedbridge","twitter_misc":{"Dur\u00e9e de lecture estim\u00e9e":"2 minutes"},"schema":{"@context":"https:\/\/schema.org","@graph":[{"@type":"WebPage","@id":"https:\/\/www.eumedbridge.eu\/fr\/news\/la-dg-near-et-clima-med-ont-organise-avec-succes-levenement-planet-on-the-mend\/","url":"https:\/\/www.eumedbridge.eu\/fr\/news\/la-dg-near-et-clima-med-ont-organise-avec-succes-levenement-planet-on-the-mend\/","name":"La DG NEAR et Clima-Med ont organis\u00e9 avec succ\u00e8s l\u2019\u00e9v\u00e9nement \u00ab Planet on the Mend \u00bb - Voisins de l'UE","isPartOf":{"@id":"https:\/\/www.eumedbridge.eu\/#website"},"primaryImageOfPage":{"@id":"https:\/\/www.eumedbridge.eu\/fr\/news\/la-dg-near-et-clima-med-ont-organise-avec-succes-levenement-planet-on-the-mend\/#primaryimage"},"image":{"@id":"https:\/\/www.eumedbridge.eu\/fr\/news\/la-dg-near-et-clima-med-ont-organise-avec-succes-levenement-planet-on-the-mend\/#primaryimage"},"thumbnailUrl":"https:\/\/www.eumedbridge.eu\/wp-content\/uploads\/2023\/11\/Image-2-1024x768-1.png","datePublished":"2023-11-15T16:57:22+00:00","breadcrumb":{"@id":"https:\/\/www.eumedbridge.eu\/fr\/news\/la-dg-near-et-clima-med-ont-organise-avec-succes-levenement-planet-on-the-mend\/#breadcrumb"},"inLanguage":"fr-FR","potentialAction":[{"@type":"ReadAction","target":["https:\/\/www.eumedbridge.eu\/fr\/news\/la-dg-near-et-clima-med-ont-organise-avec-succes-levenement-planet-on-the-mend\/"]}]},{"@type":"ImageObject","inLanguage":"fr-FR","@id":"https:\/\/www.eumedbridge.eu\/fr\/news\/la-dg-near-et-clima-med-ont-organise-avec-succes-levenement-planet-on-the-mend\/#primaryimage","url":"https:\/\/www.eumedbridge.eu\/wp-content\/uploads\/2023\/11\/Image-2-1024x768-1.png","contentUrl":"https:\/\/www.eumedbridge.eu\/wp-content\/uploads\/2023\/11\/Image-2-1024x768-1.png","width":1024,"height":768},{"@type":"BreadcrumbList","@id":"https:\/\/www.eumedbridge.eu\/fr\/news\/la-dg-near-et-clima-med-ont-organise-avec-succes-levenement-planet-on-the-mend\/#breadcrumb","itemListElement":[{"@type":"ListItem","position":1,"name":"Home","item":"https:\/\/www.eumedbridge.eu\/fr\/home-page\/"},{"@type":"ListItem","position":2,"name":"Actualit\u00e9s","item":"https:\/\/www.eumedbridge.eu\/fr\/news\/"},{"@type":"ListItem","position":3,"name":"La DG NEAR et Clima-Med ont organis\u00e9 avec succ\u00e8s l\u2019\u00e9v\u00e9nement \u00ab Planet on the Mend \u00bb"}]},{"@type":"WebSite","@id":"https:\/\/www.eumedbridge.eu\/#website","url":"https:\/\/www.eumedbridge.eu\/","name":"EU Medbridge","description":"","publisher":{"@id":"https:\/\/www.eumedbridge.eu\/#organization"},"potentialAction":[{"@type":"SearchAction","target":{"@type":"EntryPoint","urlTemplate":"https:\/\/www.eumedbridge.eu\/?s={search_term_string}"},"query-input":{"@type":"PropertyValueSpecification","valueRequired":true,"valueName":"search_term_string"}}],"inLanguage":"fr-FR"},{"@type":"Organization","@id":"https:\/\/www.eumedbridge.eu\/#organization","name":"EU Medbridge","url":"https:\/\/www.eumedbridge.eu\/","logo":{"@type":"ImageObject","inLanguage":"fr-FR","@id":"https:\/\/www.eumedbridge.eu\/#\/schema\/logo\/image\/","url":"https:\/\/www.eumedbridge.eu\/wp-content\/uploads\/2021\/12\/Logo.png","contentUrl":"https:\/\/www.eumedbridge.eu\/wp-content\/uploads\/2021\/12\/Logo.png","width":325,"height":114,"caption":"EU Medbridge"},"image":{"@id":"https:\/\/www.eumedbridge.eu\/#\/schema\/logo\/image\/"},"sameAs":["https:\/\/www.facebook.com\/eumedbridge\/","https:\/\/x.com\/eumedbridge","https:\/\/www.linkedin.com\/company\/eumedbridge","https:\/\/www.youtube.com\/@eumedbridge","https:\/\/www.instagram.com\/eumedbridge","https:\/\/www.flickr.com\/photos\/euneighbours-south\/"]}]}},"_links":{"self":[{"href":"https:\/\/www.eumedbridge.eu\/fr\/wp-json\/wp\/v2\/news\/222081","targetHints":{"allow":["GET"]}}],"collection":[{"href":"https:\/\/www.eumedbridge.eu\/fr\/wp-json\/wp\/v2\/news"}],"about":[{"href":"https:\/\/www.eumedbridge.eu\/fr\/wp-json\/wp\/v2\/types\/news"}],"wp:featuredmedia":[{"embeddable":true,"href":"https:\/\/www.eumedbridge.eu\/fr\/wp-json\/wp\/v2\/media\/222052"}],"wp:attachment":[{"href":"https:\/\/www.eumedbridge.eu\/fr\/wp-json\/wp\/v2\/media?parent=222081"}],"wp:term":[{"taxonomy":"news_category","embeddable":true,"href":"https:\/\/www.eumedbridge.eu\/fr\/wp-json\/wp\/v2\/news_category?post=222081"},{"taxonomy":"country","embeddable":true,"href":"https:\/\/www.eumedbridge.eu\/fr\/wp-json\/wp\/v2\/country?post=222081"},{"taxonomy":"special_action","embeddable":true,"href":"https:\/\/www.eumedbridge.eu\/fr\/wp-json\/wp\/v2\/special_action?post=222081"},{"taxonomy":"custom_tag","embeddable":true,"href":"https:\/\/www.eumedbridge.eu\/fr\/wp-json\/wp\/v2\/custom_tag?post=222081"}],"curies":[{"name":"wp","href":"https:\/\/api.w.org\/{rel}","templated":true}]}}