{"id":222405,"date":"2023-11-28T21:18:35","date_gmt":"2023-11-28T19:18:35","guid":{"rendered":"https:\/\/eumedbridge.eu\/?post_type=news&#038;p=222405"},"modified":"2023-11-28T21:18:35","modified_gmt":"2023-11-28T19:18:35","slug":"les-partenaires-sociaux-de-la-region-mediterraneenne-discutent-des-realites-et-des-perspectives-du-dialogue-social-regional","status":"publish","type":"news","link":"https:\/\/www.eumedbridge.eu\/fr\/news\/les-partenaires-sociaux-de-la-region-mediterraneenne-discutent-des-realites-et-des-perspectives-du-dialogue-social-regional\/","title":{"rendered":"Les partenaires sociaux de la r\u00e9gion m\u00e9diterran\u00e9enne discutent des r\u00e9alit\u00e9s et des perspectives du dialogue social r\u00e9gional"},"content":{"rendered":"<p>La <strong>Commission europ\u00e9enne<\/strong> (direction g\u00e9n\u00e9rale de l\u2019emploi, des affaires sociales et de l\u2019inclusion, DG EMPL) a organis\u00e9 le 5<sup>e<\/sup>\u00a0Forum de dialogue social de l\u2019<a href=\"https:\/\/ufmsecretariat.org\/fr\/\"><strong>Union pour la M\u00e9diterran\u00e9e<\/strong><\/a> (UpM) les 21 et 22\u00a0novembre\u00a02023, \u00e0 Marseille, au nom de la copr\u00e9sidence de l\u2019Union pour la M\u00e9diterran\u00e9e.<\/p>\n<p>Le forum, qui a lieu tous les trois ans, a rassembl\u00e9 des repr\u00e9sentants d\u2019organisations patronales et syndicales des pays partenaires de l\u2019UpM, des partenaires sociaux euro-m\u00e9diterran\u00e9ens, ainsi que des repr\u00e9sentants de la copr\u00e9sidence de l\u2019UpM, du secr\u00e9tariat de l\u2019UpM, de la Commission europ\u00e9enne et d\u2019autres experts.<\/p>\n<p>Depuis\u00a02010, le Forum de dialogue social de l\u2019UpM contribue activement au d\u00e9veloppement d\u2019un dialogue social fort, ind\u00e9pendant et efficace, aux niveaux bipartite et tripartite, dans les 43\u00a0pays membres de l\u2019UpM.<\/p>\n<p>Cet \u00e9v\u00e9nement de deux jours, qui a attir\u00e9 quelque 80 participants, a d\u00e9but\u00e9 par deux sessions bilat\u00e9rales parall\u00e8les Nord-Sud consacr\u00e9es aux organisations patronales et syndicales, qui ont \u00e9t\u00e9 suivies de sessions communes sur : 1) la pratique du dialogue social, 2) les transitions verte et num\u00e9rique, 3) l\u2019inclusion active et la protection sociale effective, 4) la migration \u00e9conomique et la fuite des cerveaux, et 5)\u00a0la programmation r\u00e9gionale.<\/p>\n","protected":false},"featured_media":222320,"parent":0,"template":"","news_category":[],"country":[1956],"special_action":[],"custom_tag":[2315],"class_list":["post-222405","news","type-news","status-publish","has-post-thumbnail","hentry","country-region-sud","custom_tag-emploi-et-entrpreuneuriat"],"acf":[],"yoast_head":"<!-- This site is optimized with the Yoast SEO plugin v26.5 - https:\/\/yoast.com\/wordpress\/plugins\/seo\/ -->\n<title>Les partenaires sociaux de la r\u00e9gion m\u00e9diterran\u00e9enne discutent des r\u00e9alit\u00e9s et des perspectives du dialogue social r\u00e9gional - Voisins de l&#039;UE<\/title>\n<meta name=\"robots\" content=\"index, follow, max-snippet:-1, max-image-preview:large, max-video-preview:-1\" \/>\n<link rel=\"canonical\" href=\"https:\/\/www.eumedbridge.eu\/fr\/news\/les-partenaires-sociaux-de-la-region-mediterraneenne-discutent-des-realites-et-des-perspectives-du-dialogue-social-regional\/\" \/>\n<meta property=\"og:locale\" content=\"fr_FR\" \/>\n<meta property=\"og:type\" content=\"article\" \/>\n<meta property=\"og:title\" content=\"Les partenaires sociaux de la r\u00e9gion m\u00e9diterran\u00e9enne discutent des r\u00e9alit\u00e9s et des perspectives du dialogue social r\u00e9gional - Voisins de l&#039;UE\" \/>\n<meta property=\"og:description\" content=\"La Commission europ\u00e9enne (direction g\u00e9n\u00e9rale de l\u2019emploi, des affaires sociales et de l\u2019inclusion, DG EMPL) a organis\u00e9 le 5e\u00a0Forum de dialogue social de l\u2019Union pour la M\u00e9diterran\u00e9e (UpM) les 21 et 22\u00a0novembre\u00a02023, \u00e0 Marseille, au nom de la copr\u00e9sidence de l\u2019Union pour la M\u00e9diterran\u00e9e. Le forum, qui a lieu tous les trois ans, a rassembl\u00e9 [&hellip;]\" \/>\n<meta property=\"og:url\" content=\"https:\/\/www.eumedbridge.eu\/fr\/news\/les-partenaires-sociaux-de-la-region-mediterraneenne-discutent-des-realites-et-des-perspectives-du-dialogue-social-regional\/\" \/>\n<meta property=\"og:site_name\" content=\"Voisins de l&#039;UE\" \/>\n<meta property=\"article:publisher\" content=\"https:\/\/www.facebook.com\/eumedbridge\/\" \/>\n<meta property=\"og:image\" content=\"https:\/\/www.eumedbridge.eu\/wp-content\/uploads\/2023\/11\/social-partners-marseille-1400x530-1.jpg\" \/>\n\t<meta property=\"og:image:width\" content=\"1400\" \/>\n\t<meta property=\"og:image:height\" content=\"530\" \/>\n\t<meta property=\"og:image:type\" content=\"image\/jpeg\" \/>\n<meta name=\"twitter:card\" content=\"summary_large_image\" \/>\n<meta name=\"twitter:site\" content=\"@eumedbridge\" \/>\n<meta name=\"twitter:label1\" content=\"Dur\u00e9e de lecture estim\u00e9e\" \/>\n\t<meta name=\"twitter:data1\" content=\"1 minute\" \/>\n<script type=\"application\/ld+json\" class=\"yoast-schema-graph\">{\"@context\":\"https:\/\/schema.org\",\"@graph\":[{\"@type\":\"WebPage\",\"@id\":\"https:\/\/www.eumedbridge.eu\/fr\/news\/les-partenaires-sociaux-de-la-region-mediterraneenne-discutent-des-realites-et-des-perspectives-du-dialogue-social-regional\/\",\"url\":\"https:\/\/www.eumedbridge.eu\/fr\/news\/les-partenaires-sociaux-de-la-region-mediterraneenne-discutent-des-realites-et-des-perspectives-du-dialogue-social-regional\/\",\"name\":\"Les partenaires sociaux de la r\u00e9gion m\u00e9diterran\u00e9enne discutent des r\u00e9alit\u00e9s et des perspectives du dialogue social r\u00e9gional - Voisins de l'UE\",\"isPartOf\":{\"@id\":\"https:\/\/www.eumedbridge.eu\/#website\"},\"primaryImageOfPage\":{\"@id\":\"https:\/\/www.eumedbridge.eu\/fr\/news\/les-partenaires-sociaux-de-la-region-mediterraneenne-discutent-des-realites-et-des-perspectives-du-dialogue-social-regional\/#primaryimage\"},\"image\":{\"@id\":\"https:\/\/www.eumedbridge.eu\/fr\/news\/les-partenaires-sociaux-de-la-region-mediterraneenne-discutent-des-realites-et-des-perspectives-du-dialogue-social-regional\/#primaryimage\"},\"thumbnailUrl\":\"https:\/\/www.eumedbridge.eu\/wp-content\/uploads\/2023\/11\/social-partners-marseille-1400x530-1.jpg\",\"datePublished\":\"2023-11-28T19:18:35+00:00\",\"breadcrumb\":{\"@id\":\"https:\/\/www.eumedbridge.eu\/fr\/news\/les-partenaires-sociaux-de-la-region-mediterraneenne-discutent-des-realites-et-des-perspectives-du-dialogue-social-regional\/#breadcrumb\"},\"inLanguage\":\"fr-FR\",\"potentialAction\":[{\"@type\":\"ReadAction\",\"target\":[\"https:\/\/www.eumedbridge.eu\/fr\/news\/les-partenaires-sociaux-de-la-region-mediterraneenne-discutent-des-realites-et-des-perspectives-du-dialogue-social-regional\/\"]}]},{\"@type\":\"ImageObject\",\"inLanguage\":\"fr-FR\",\"@id\":\"https:\/\/www.eumedbridge.eu\/fr\/news\/les-partenaires-sociaux-de-la-region-mediterraneenne-discutent-des-realites-et-des-perspectives-du-dialogue-social-regional\/#primaryimage\",\"url\":\"https:\/\/www.eumedbridge.eu\/wp-content\/uploads\/2023\/11\/social-partners-marseille-1400x530-1.jpg\",\"contentUrl\":\"https:\/\/www.eumedbridge.eu\/wp-content\/uploads\/2023\/11\/social-partners-marseille-1400x530-1.jpg\",\"width\":1400,\"height\":530},{\"@type\":\"BreadcrumbList\",\"@id\":\"https:\/\/www.eumedbridge.eu\/fr\/news\/les-partenaires-sociaux-de-la-region-mediterraneenne-discutent-des-realites-et-des-perspectives-du-dialogue-social-regional\/#breadcrumb\",\"itemListElement\":[{\"@type\":\"ListItem\",\"position\":1,\"name\":\"Home\",\"item\":\"https:\/\/www.eumedbridge.eu\/fr\/home-page\/\"},{\"@type\":\"ListItem\",\"position\":2,\"name\":\"Actualit\u00e9s\",\"item\":\"https:\/\/www.eumedbridge.eu\/fr\/news\/\"},{\"@type\":\"ListItem\",\"position\":3,\"name\":\"Les partenaires sociaux de la r\u00e9gion m\u00e9diterran\u00e9enne discutent des r\u00e9alit\u00e9s et des perspectives du dialogue social r\u00e9gional\"}]},{\"@type\":\"WebSite\",\"@id\":\"https:\/\/www.eumedbridge.eu\/#website\",\"url\":\"https:\/\/www.eumedbridge.eu\/\",\"name\":\"EU Medbridge\",\"description\":\"\",\"publisher\":{\"@id\":\"https:\/\/www.eumedbridge.eu\/#organization\"},\"potentialAction\":[{\"@type\":\"SearchAction\",\"target\":{\"@type\":\"EntryPoint\",\"urlTemplate\":\"https:\/\/www.eumedbridge.eu\/?s={search_term_string}\"},\"query-input\":{\"@type\":\"PropertyValueSpecification\",\"valueRequired\":true,\"valueName\":\"search_term_string\"}}],\"inLanguage\":\"fr-FR\"},{\"@type\":\"Organization\",\"@id\":\"https:\/\/www.eumedbridge.eu\/#organization\",\"name\":\"EU Medbridge\",\"url\":\"https:\/\/www.eumedbridge.eu\/\",\"logo\":{\"@type\":\"ImageObject\",\"inLanguage\":\"fr-FR\",\"@id\":\"https:\/\/www.eumedbridge.eu\/#\/schema\/logo\/image\/\",\"url\":\"https:\/\/www.eumedbridge.eu\/wp-content\/uploads\/2021\/12\/Logo.png\",\"contentUrl\":\"https:\/\/www.eumedbridge.eu\/wp-content\/uploads\/2021\/12\/Logo.png\",\"width\":325,\"height\":114,\"caption\":\"EU Medbridge\"},\"image\":{\"@id\":\"https:\/\/www.eumedbridge.eu\/#\/schema\/logo\/image\/\"},\"sameAs\":[\"https:\/\/www.facebook.com\/eumedbridge\/\",\"https:\/\/x.com\/eumedbridge\",\"https:\/\/www.linkedin.com\/company\/eumedbridge\",\"https:\/\/www.youtube.com\/@eumedbridge\",\"https:\/\/www.instagram.com\/eumedbridge\",\"https:\/\/www.flickr.com\/photos\/euneighbours-south\/\"]}]}<\/script>\n<!-- \/ Yoast SEO plugin. -->","yoast_head_json":{"title":"Les partenaires sociaux de la r\u00e9gion m\u00e9diterran\u00e9enne discutent des r\u00e9alit\u00e9s et des perspectives du dialogue social r\u00e9gional - Voisins de l'UE","robots":{"index":"index","follow":"follow","max-snippet":"max-snippet:-1","max-image-preview":"max-image-preview:large","max-video-preview":"max-video-preview:-1"},"canonical":"https:\/\/www.eumedbridge.eu\/fr\/news\/les-partenaires-sociaux-de-la-region-mediterraneenne-discutent-des-realites-et-des-perspectives-du-dialogue-social-regional\/","og_locale":"fr_FR","og_type":"article","og_title":"Les partenaires sociaux de la r\u00e9gion m\u00e9diterran\u00e9enne discutent des r\u00e9alit\u00e9s et des perspectives du dialogue social r\u00e9gional - Voisins de l'UE","og_description":"La Commission europ\u00e9enne (direction g\u00e9n\u00e9rale de l\u2019emploi, des affaires sociales et de l\u2019inclusion, DG EMPL) a organis\u00e9 le 5e\u00a0Forum de dialogue social de l\u2019Union pour la M\u00e9diterran\u00e9e (UpM) les 21 et 22\u00a0novembre\u00a02023, \u00e0 Marseille, au nom de la copr\u00e9sidence de l\u2019Union pour la M\u00e9diterran\u00e9e. Le forum, qui a lieu tous les trois ans, a rassembl\u00e9 [&hellip;]","og_url":"https:\/\/www.eumedbridge.eu\/fr\/news\/les-partenaires-sociaux-de-la-region-mediterraneenne-discutent-des-realites-et-des-perspectives-du-dialogue-social-regional\/","og_site_name":"Voisins de l'UE","article_publisher":"https:\/\/www.facebook.com\/eumedbridge\/","og_image":[{"width":1400,"height":530,"url":"https:\/\/www.eumedbridge.eu\/wp-content\/uploads\/2023\/11\/social-partners-marseille-1400x530-1.jpg","type":"image\/jpeg"}],"twitter_card":"summary_large_image","twitter_site":"@eumedbridge","twitter_misc":{"Dur\u00e9e de lecture estim\u00e9e":"1 minute"},"schema":{"@context":"https:\/\/schema.org","@graph":[{"@type":"WebPage","@id":"https:\/\/www.eumedbridge.eu\/fr\/news\/les-partenaires-sociaux-de-la-region-mediterraneenne-discutent-des-realites-et-des-perspectives-du-dialogue-social-regional\/","url":"https:\/\/www.eumedbridge.eu\/fr\/news\/les-partenaires-sociaux-de-la-region-mediterraneenne-discutent-des-realites-et-des-perspectives-du-dialogue-social-regional\/","name":"Les partenaires sociaux de la r\u00e9gion m\u00e9diterran\u00e9enne discutent des r\u00e9alit\u00e9s et des perspectives du dialogue social r\u00e9gional - Voisins de l'UE","isPartOf":{"@id":"https:\/\/www.eumedbridge.eu\/#website"},"primaryImageOfPage":{"@id":"https:\/\/www.eumedbridge.eu\/fr\/news\/les-partenaires-sociaux-de-la-region-mediterraneenne-discutent-des-realites-et-des-perspectives-du-dialogue-social-regional\/#primaryimage"},"image":{"@id":"https:\/\/www.eumedbridge.eu\/fr\/news\/les-partenaires-sociaux-de-la-region-mediterraneenne-discutent-des-realites-et-des-perspectives-du-dialogue-social-regional\/#primaryimage"},"thumbnailUrl":"https:\/\/www.eumedbridge.eu\/wp-content\/uploads\/2023\/11\/social-partners-marseille-1400x530-1.jpg","datePublished":"2023-11-28T19:18:35+00:00","breadcrumb":{"@id":"https:\/\/www.eumedbridge.eu\/fr\/news\/les-partenaires-sociaux-de-la-region-mediterraneenne-discutent-des-realites-et-des-perspectives-du-dialogue-social-regional\/#breadcrumb"},"inLanguage":"fr-FR","potentialAction":[{"@type":"ReadAction","target":["https:\/\/www.eumedbridge.eu\/fr\/news\/les-partenaires-sociaux-de-la-region-mediterraneenne-discutent-des-realites-et-des-perspectives-du-dialogue-social-regional\/"]}]},{"@type":"ImageObject","inLanguage":"fr-FR","@id":"https:\/\/www.eumedbridge.eu\/fr\/news\/les-partenaires-sociaux-de-la-region-mediterraneenne-discutent-des-realites-et-des-perspectives-du-dialogue-social-regional\/#primaryimage","url":"https:\/\/www.eumedbridge.eu\/wp-content\/uploads\/2023\/11\/social-partners-marseille-1400x530-1.jpg","contentUrl":"https:\/\/www.eumedbridge.eu\/wp-content\/uploads\/2023\/11\/social-partners-marseille-1400x530-1.jpg","width":1400,"height":530},{"@type":"BreadcrumbList","@id":"https:\/\/www.eumedbridge.eu\/fr\/news\/les-partenaires-sociaux-de-la-region-mediterraneenne-discutent-des-realites-et-des-perspectives-du-dialogue-social-regional\/#breadcrumb","itemListElement":[{"@type":"ListItem","position":1,"name":"Home","item":"https:\/\/www.eumedbridge.eu\/fr\/home-page\/"},{"@type":"ListItem","position":2,"name":"Actualit\u00e9s","item":"https:\/\/www.eumedbridge.eu\/fr\/news\/"},{"@type":"ListItem","position":3,"name":"Les partenaires sociaux de la r\u00e9gion m\u00e9diterran\u00e9enne discutent des r\u00e9alit\u00e9s et des perspectives du dialogue social r\u00e9gional"}]},{"@type":"WebSite","@id":"https:\/\/www.eumedbridge.eu\/#website","url":"https:\/\/www.eumedbridge.eu\/","name":"EU Medbridge","description":"","publisher":{"@id":"https:\/\/www.eumedbridge.eu\/#organization"},"potentialAction":[{"@type":"SearchAction","target":{"@type":"EntryPoint","urlTemplate":"https:\/\/www.eumedbridge.eu\/?s={search_term_string}"},"query-input":{"@type":"PropertyValueSpecification","valueRequired":true,"valueName":"search_term_string"}}],"inLanguage":"fr-FR"},{"@type":"Organization","@id":"https:\/\/www.eumedbridge.eu\/#organization","name":"EU Medbridge","url":"https:\/\/www.eumedbridge.eu\/","logo":{"@type":"ImageObject","inLanguage":"fr-FR","@id":"https:\/\/www.eumedbridge.eu\/#\/schema\/logo\/image\/","url":"https:\/\/www.eumedbridge.eu\/wp-content\/uploads\/2021\/12\/Logo.png","contentUrl":"https:\/\/www.eumedbridge.eu\/wp-content\/uploads\/2021\/12\/Logo.png","width":325,"height":114,"caption":"EU Medbridge"},"image":{"@id":"https:\/\/www.eumedbridge.eu\/#\/schema\/logo\/image\/"},"sameAs":["https:\/\/www.facebook.com\/eumedbridge\/","https:\/\/x.com\/eumedbridge","https:\/\/www.linkedin.com\/company\/eumedbridge","https:\/\/www.youtube.com\/@eumedbridge","https:\/\/www.instagram.com\/eumedbridge","https:\/\/www.flickr.com\/photos\/euneighbours-south\/"]}]}},"_links":{"self":[{"href":"https:\/\/www.eumedbridge.eu\/fr\/wp-json\/wp\/v2\/news\/222405","targetHints":{"allow":["GET"]}}],"collection":[{"href":"https:\/\/www.eumedbridge.eu\/fr\/wp-json\/wp\/v2\/news"}],"about":[{"href":"https:\/\/www.eumedbridge.eu\/fr\/wp-json\/wp\/v2\/types\/news"}],"wp:featuredmedia":[{"embeddable":true,"href":"https:\/\/www.eumedbridge.eu\/fr\/wp-json\/wp\/v2\/media\/222320"}],"wp:attachment":[{"href":"https:\/\/www.eumedbridge.eu\/fr\/wp-json\/wp\/v2\/media?parent=222405"}],"wp:term":[{"taxonomy":"news_category","embeddable":true,"href":"https:\/\/www.eumedbridge.eu\/fr\/wp-json\/wp\/v2\/news_category?post=222405"},{"taxonomy":"country","embeddable":true,"href":"https:\/\/www.eumedbridge.eu\/fr\/wp-json\/wp\/v2\/country?post=222405"},{"taxonomy":"special_action","embeddable":true,"href":"https:\/\/www.eumedbridge.eu\/fr\/wp-json\/wp\/v2\/special_action?post=222405"},{"taxonomy":"custom_tag","embeddable":true,"href":"https:\/\/www.eumedbridge.eu\/fr\/wp-json\/wp\/v2\/custom_tag?post=222405"}],"curies":[{"name":"wp","href":"https:\/\/api.w.org\/{rel}","templated":true}]}}