{"id":222779,"date":"2023-12-03T10:26:53","date_gmt":"2023-12-03T08:26:53","guid":{"rendered":"https:\/\/eumedbridge.eu\/?post_type=news&#038;p=222779"},"modified":"2023-12-03T10:26:53","modified_gmt":"2023-12-03T08:26:53","slug":"le-deuxieme-cycle-de-lacademie-de-formation-de-creact4med-a-accueilli-plus-de-300-stagiaires","status":"publish","type":"news","link":"https:\/\/www.eumedbridge.eu\/fr\/news\/le-deuxieme-cycle-de-lacademie-de-formation-de-creact4med-a-accueilli-plus-de-300-stagiaires\/","title":{"rendered":"Le deuxi\u00e8me cycle de l\u2019Acad\u00e9mie de formation de CREACT4MED a accueilli plus de 300 stagiaires"},"content":{"rendered":"<p>Lanc\u00e9e le 14\u00a0septembre, l\u2019<a href=\"https:\/\/creativemediterranean.org\/\"><strong>Acad\u00e9mie de formation<\/strong><\/a> du <a href=\"https:\/\/eumedbridge.eu\/news\/creact4med-call-for-trainees-second-cycle-call-for-trainees-now-open\/\">projet CREACT4MED<\/a>\u00a0a commenc\u00e9 ses sessions en direct couvrant 7\u00a0modules au total. Chaque atelier interactif en direct comprend 2\u00a0heures de contenu essentiel li\u00e9 \u00e0 l\u2019entrepreneuriat dans les industries culturelles et cr\u00e9atives (ICC). Nous avons re\u00e7u plus de 300\u00a0demandes de participation \u00e0 ce deuxi\u00e8me cycle et 320\u00a0ont \u00e9t\u00e9 accept\u00e9es pour le programme gratuit.<\/p>\n<p>La premi\u00e8re session a \u00e9t\u00e9 anim\u00e9e par Ouafa Belgacem, directrice g\u00e9n\u00e9rale de Culture Funding Watch en Tunisie. Elle a dispens\u00e9 les trois premiers modules, \u00e0 savoir Aper\u00e7u du secteur des ICC, Fondements de l\u2019entreprise et G\u00e9n\u00e9ration d\u2019id\u00e9es. Les principes \u00e9l\u00e9mentaires de l\u2019entreprise et de l\u2019entrepreneuriat ont \u00e9t\u00e9 pr\u00e9sent\u00e9s en mettant l\u2019accent sur les caract\u00e9ristiques des entrepreneurs et les diff\u00e9rents types d\u2019entrepreneuriat dans le secteur des ICC. Les \u00e9tapes du d\u00e9veloppement d\u2019une entreprise ont \u00e9galement \u00e9t\u00e9 abord\u00e9es et les participants ont \u00e9t\u00e9 encourag\u00e9s \u00e0 identifier les possibilit\u00e9s d\u2019entrepreneuriat.<\/p>\n<p>Les participants avaient jusqu\u2019au 11 novembre pour assimiler toutes ces connaissances et achever les modules en ligne. Huit modules ainsi qu\u2019un module suppl\u00e9mentaire sur la gestion des subventions sont disponibles en ligne. Afin de garantir une pleine accessibilit\u00e9 et une participation active, la session a \u00e9t\u00e9 dispens\u00e9e en arabe. Les personnes ayant achev\u00e9 avec succ\u00e8s la formation recevront un certificat de participation.<\/p>\n","protected":false},"featured_media":222241,"parent":0,"template":"","news_category":[],"country":[1956],"special_action":[],"custom_tag":[1874],"class_list":["post-222779","news","type-news","status-publish","has-post-thumbnail","hentry","country-region-sud","custom_tag-culture-fr"],"acf":[],"yoast_head":"<!-- This site is optimized with the Yoast SEO plugin v26.5 - https:\/\/yoast.com\/wordpress\/plugins\/seo\/ -->\n<title>Le deuxi\u00e8me cycle de l\u2019Acad\u00e9mie de formation de CREACT4MED a accueilli plus de 300 stagiaires - Voisins de l&#039;UE<\/title>\n<meta name=\"robots\" content=\"index, follow, max-snippet:-1, max-image-preview:large, max-video-preview:-1\" \/>\n<link rel=\"canonical\" href=\"https:\/\/www.eumedbridge.eu\/fr\/news\/le-deuxieme-cycle-de-lacademie-de-formation-de-creact4med-a-accueilli-plus-de-300-stagiaires\/\" \/>\n<meta property=\"og:locale\" content=\"fr_FR\" \/>\n<meta property=\"og:type\" content=\"article\" \/>\n<meta property=\"og:title\" content=\"Le deuxi\u00e8me cycle de l\u2019Acad\u00e9mie de formation de CREACT4MED a accueilli plus de 300 stagiaires - Voisins de l&#039;UE\" \/>\n<meta property=\"og:description\" content=\"Lanc\u00e9e le 14\u00a0septembre, l\u2019Acad\u00e9mie de formation du projet CREACT4MED\u00a0a commenc\u00e9 ses sessions en direct couvrant 7\u00a0modules au total. Chaque atelier interactif en direct comprend 2\u00a0heures de contenu essentiel li\u00e9 \u00e0 l\u2019entrepreneuriat dans les industries culturelles et cr\u00e9atives (ICC). Nous avons re\u00e7u plus de 300\u00a0demandes de participation \u00e0 ce deuxi\u00e8me cycle et 320\u00a0ont \u00e9t\u00e9 accept\u00e9es pour [&hellip;]\" \/>\n<meta property=\"og:url\" content=\"https:\/\/www.eumedbridge.eu\/fr\/news\/le-deuxieme-cycle-de-lacademie-de-formation-de-creact4med-a-accueilli-plus-de-300-stagiaires\/\" \/>\n<meta property=\"og:site_name\" content=\"Voisins de l&#039;UE\" \/>\n<meta property=\"article:publisher\" content=\"https:\/\/www.facebook.com\/eumedbridge\/\" \/>\n<meta property=\"og:image\" content=\"https:\/\/www.eumedbridge.eu\/wp-content\/uploads\/2023\/11\/2nd-cycle-of-training-academy.jpeg\" \/>\n\t<meta property=\"og:image:width\" content=\"1382\" \/>\n\t<meta property=\"og:image:height\" content=\"691\" \/>\n\t<meta property=\"og:image:type\" content=\"image\/jpeg\" \/>\n<meta name=\"twitter:card\" content=\"summary_large_image\" \/>\n<meta name=\"twitter:site\" content=\"@eumedbridge\" \/>\n<meta name=\"twitter:label1\" content=\"Dur\u00e9e de lecture estim\u00e9e\" \/>\n\t<meta name=\"twitter:data1\" content=\"2 minutes\" \/>\n<script type=\"application\/ld+json\" class=\"yoast-schema-graph\">{\"@context\":\"https:\/\/schema.org\",\"@graph\":[{\"@type\":\"WebPage\",\"@id\":\"https:\/\/www.eumedbridge.eu\/fr\/news\/le-deuxieme-cycle-de-lacademie-de-formation-de-creact4med-a-accueilli-plus-de-300-stagiaires\/\",\"url\":\"https:\/\/www.eumedbridge.eu\/fr\/news\/le-deuxieme-cycle-de-lacademie-de-formation-de-creact4med-a-accueilli-plus-de-300-stagiaires\/\",\"name\":\"Le deuxi\u00e8me cycle de l\u2019Acad\u00e9mie de formation de CREACT4MED a accueilli plus de 300 stagiaires - Voisins de l'UE\",\"isPartOf\":{\"@id\":\"https:\/\/www.eumedbridge.eu\/#website\"},\"primaryImageOfPage\":{\"@id\":\"https:\/\/www.eumedbridge.eu\/fr\/news\/le-deuxieme-cycle-de-lacademie-de-formation-de-creact4med-a-accueilli-plus-de-300-stagiaires\/#primaryimage\"},\"image\":{\"@id\":\"https:\/\/www.eumedbridge.eu\/fr\/news\/le-deuxieme-cycle-de-lacademie-de-formation-de-creact4med-a-accueilli-plus-de-300-stagiaires\/#primaryimage\"},\"thumbnailUrl\":\"https:\/\/www.eumedbridge.eu\/wp-content\/uploads\/2023\/11\/2nd-cycle-of-training-academy.jpeg\",\"datePublished\":\"2023-12-03T08:26:53+00:00\",\"breadcrumb\":{\"@id\":\"https:\/\/www.eumedbridge.eu\/fr\/news\/le-deuxieme-cycle-de-lacademie-de-formation-de-creact4med-a-accueilli-plus-de-300-stagiaires\/#breadcrumb\"},\"inLanguage\":\"fr-FR\",\"potentialAction\":[{\"@type\":\"ReadAction\",\"target\":[\"https:\/\/www.eumedbridge.eu\/fr\/news\/le-deuxieme-cycle-de-lacademie-de-formation-de-creact4med-a-accueilli-plus-de-300-stagiaires\/\"]}]},{\"@type\":\"ImageObject\",\"inLanguage\":\"fr-FR\",\"@id\":\"https:\/\/www.eumedbridge.eu\/fr\/news\/le-deuxieme-cycle-de-lacademie-de-formation-de-creact4med-a-accueilli-plus-de-300-stagiaires\/#primaryimage\",\"url\":\"https:\/\/www.eumedbridge.eu\/wp-content\/uploads\/2023\/11\/2nd-cycle-of-training-academy.jpeg\",\"contentUrl\":\"https:\/\/www.eumedbridge.eu\/wp-content\/uploads\/2023\/11\/2nd-cycle-of-training-academy.jpeg\",\"width\":1382,\"height\":691},{\"@type\":\"BreadcrumbList\",\"@id\":\"https:\/\/www.eumedbridge.eu\/fr\/news\/le-deuxieme-cycle-de-lacademie-de-formation-de-creact4med-a-accueilli-plus-de-300-stagiaires\/#breadcrumb\",\"itemListElement\":[{\"@type\":\"ListItem\",\"position\":1,\"name\":\"Home\",\"item\":\"https:\/\/www.eumedbridge.eu\/fr\/home-page\/\"},{\"@type\":\"ListItem\",\"position\":2,\"name\":\"Actualit\u00e9s\",\"item\":\"https:\/\/www.eumedbridge.eu\/fr\/news\/\"},{\"@type\":\"ListItem\",\"position\":3,\"name\":\"Le deuxi\u00e8me cycle de l\u2019Acad\u00e9mie de formation de CREACT4MED a accueilli plus de 300 stagiaires\"}]},{\"@type\":\"WebSite\",\"@id\":\"https:\/\/www.eumedbridge.eu\/#website\",\"url\":\"https:\/\/www.eumedbridge.eu\/\",\"name\":\"EU Medbridge\",\"description\":\"\",\"publisher\":{\"@id\":\"https:\/\/www.eumedbridge.eu\/#organization\"},\"potentialAction\":[{\"@type\":\"SearchAction\",\"target\":{\"@type\":\"EntryPoint\",\"urlTemplate\":\"https:\/\/www.eumedbridge.eu\/?s={search_term_string}\"},\"query-input\":{\"@type\":\"PropertyValueSpecification\",\"valueRequired\":true,\"valueName\":\"search_term_string\"}}],\"inLanguage\":\"fr-FR\"},{\"@type\":\"Organization\",\"@id\":\"https:\/\/www.eumedbridge.eu\/#organization\",\"name\":\"EU Medbridge\",\"url\":\"https:\/\/www.eumedbridge.eu\/\",\"logo\":{\"@type\":\"ImageObject\",\"inLanguage\":\"fr-FR\",\"@id\":\"https:\/\/www.eumedbridge.eu\/#\/schema\/logo\/image\/\",\"url\":\"https:\/\/www.eumedbridge.eu\/wp-content\/uploads\/2021\/12\/Logo.png\",\"contentUrl\":\"https:\/\/www.eumedbridge.eu\/wp-content\/uploads\/2021\/12\/Logo.png\",\"width\":325,\"height\":114,\"caption\":\"EU Medbridge\"},\"image\":{\"@id\":\"https:\/\/www.eumedbridge.eu\/#\/schema\/logo\/image\/\"},\"sameAs\":[\"https:\/\/www.facebook.com\/eumedbridge\/\",\"https:\/\/x.com\/eumedbridge\",\"https:\/\/www.linkedin.com\/company\/eumedbridge\",\"https:\/\/www.youtube.com\/@eumedbridge\",\"https:\/\/www.instagram.com\/eumedbridge\",\"https:\/\/www.flickr.com\/photos\/euneighbours-south\/\"]}]}<\/script>\n<!-- \/ Yoast SEO plugin. -->","yoast_head_json":{"title":"Le deuxi\u00e8me cycle de l\u2019Acad\u00e9mie de formation de CREACT4MED a accueilli plus de 300 stagiaires - Voisins de l'UE","robots":{"index":"index","follow":"follow","max-snippet":"max-snippet:-1","max-image-preview":"max-image-preview:large","max-video-preview":"max-video-preview:-1"},"canonical":"https:\/\/www.eumedbridge.eu\/fr\/news\/le-deuxieme-cycle-de-lacademie-de-formation-de-creact4med-a-accueilli-plus-de-300-stagiaires\/","og_locale":"fr_FR","og_type":"article","og_title":"Le deuxi\u00e8me cycle de l\u2019Acad\u00e9mie de formation de CREACT4MED a accueilli plus de 300 stagiaires - Voisins de l'UE","og_description":"Lanc\u00e9e le 14\u00a0septembre, l\u2019Acad\u00e9mie de formation du projet CREACT4MED\u00a0a commenc\u00e9 ses sessions en direct couvrant 7\u00a0modules au total. Chaque atelier interactif en direct comprend 2\u00a0heures de contenu essentiel li\u00e9 \u00e0 l\u2019entrepreneuriat dans les industries culturelles et cr\u00e9atives (ICC). Nous avons re\u00e7u plus de 300\u00a0demandes de participation \u00e0 ce deuxi\u00e8me cycle et 320\u00a0ont \u00e9t\u00e9 accept\u00e9es pour [&hellip;]","og_url":"https:\/\/www.eumedbridge.eu\/fr\/news\/le-deuxieme-cycle-de-lacademie-de-formation-de-creact4med-a-accueilli-plus-de-300-stagiaires\/","og_site_name":"Voisins de l'UE","article_publisher":"https:\/\/www.facebook.com\/eumedbridge\/","og_image":[{"width":1382,"height":691,"url":"https:\/\/www.eumedbridge.eu\/wp-content\/uploads\/2023\/11\/2nd-cycle-of-training-academy.jpeg","type":"image\/jpeg"}],"twitter_card":"summary_large_image","twitter_site":"@eumedbridge","twitter_misc":{"Dur\u00e9e de lecture estim\u00e9e":"2 minutes"},"schema":{"@context":"https:\/\/schema.org","@graph":[{"@type":"WebPage","@id":"https:\/\/www.eumedbridge.eu\/fr\/news\/le-deuxieme-cycle-de-lacademie-de-formation-de-creact4med-a-accueilli-plus-de-300-stagiaires\/","url":"https:\/\/www.eumedbridge.eu\/fr\/news\/le-deuxieme-cycle-de-lacademie-de-formation-de-creact4med-a-accueilli-plus-de-300-stagiaires\/","name":"Le deuxi\u00e8me cycle de l\u2019Acad\u00e9mie de formation de CREACT4MED a accueilli plus de 300 stagiaires - Voisins de l'UE","isPartOf":{"@id":"https:\/\/www.eumedbridge.eu\/#website"},"primaryImageOfPage":{"@id":"https:\/\/www.eumedbridge.eu\/fr\/news\/le-deuxieme-cycle-de-lacademie-de-formation-de-creact4med-a-accueilli-plus-de-300-stagiaires\/#primaryimage"},"image":{"@id":"https:\/\/www.eumedbridge.eu\/fr\/news\/le-deuxieme-cycle-de-lacademie-de-formation-de-creact4med-a-accueilli-plus-de-300-stagiaires\/#primaryimage"},"thumbnailUrl":"https:\/\/www.eumedbridge.eu\/wp-content\/uploads\/2023\/11\/2nd-cycle-of-training-academy.jpeg","datePublished":"2023-12-03T08:26:53+00:00","breadcrumb":{"@id":"https:\/\/www.eumedbridge.eu\/fr\/news\/le-deuxieme-cycle-de-lacademie-de-formation-de-creact4med-a-accueilli-plus-de-300-stagiaires\/#breadcrumb"},"inLanguage":"fr-FR","potentialAction":[{"@type":"ReadAction","target":["https:\/\/www.eumedbridge.eu\/fr\/news\/le-deuxieme-cycle-de-lacademie-de-formation-de-creact4med-a-accueilli-plus-de-300-stagiaires\/"]}]},{"@type":"ImageObject","inLanguage":"fr-FR","@id":"https:\/\/www.eumedbridge.eu\/fr\/news\/le-deuxieme-cycle-de-lacademie-de-formation-de-creact4med-a-accueilli-plus-de-300-stagiaires\/#primaryimage","url":"https:\/\/www.eumedbridge.eu\/wp-content\/uploads\/2023\/11\/2nd-cycle-of-training-academy.jpeg","contentUrl":"https:\/\/www.eumedbridge.eu\/wp-content\/uploads\/2023\/11\/2nd-cycle-of-training-academy.jpeg","width":1382,"height":691},{"@type":"BreadcrumbList","@id":"https:\/\/www.eumedbridge.eu\/fr\/news\/le-deuxieme-cycle-de-lacademie-de-formation-de-creact4med-a-accueilli-plus-de-300-stagiaires\/#breadcrumb","itemListElement":[{"@type":"ListItem","position":1,"name":"Home","item":"https:\/\/www.eumedbridge.eu\/fr\/home-page\/"},{"@type":"ListItem","position":2,"name":"Actualit\u00e9s","item":"https:\/\/www.eumedbridge.eu\/fr\/news\/"},{"@type":"ListItem","position":3,"name":"Le deuxi\u00e8me cycle de l\u2019Acad\u00e9mie de formation de CREACT4MED a accueilli plus de 300 stagiaires"}]},{"@type":"WebSite","@id":"https:\/\/www.eumedbridge.eu\/#website","url":"https:\/\/www.eumedbridge.eu\/","name":"EU Medbridge","description":"","publisher":{"@id":"https:\/\/www.eumedbridge.eu\/#organization"},"potentialAction":[{"@type":"SearchAction","target":{"@type":"EntryPoint","urlTemplate":"https:\/\/www.eumedbridge.eu\/?s={search_term_string}"},"query-input":{"@type":"PropertyValueSpecification","valueRequired":true,"valueName":"search_term_string"}}],"inLanguage":"fr-FR"},{"@type":"Organization","@id":"https:\/\/www.eumedbridge.eu\/#organization","name":"EU Medbridge","url":"https:\/\/www.eumedbridge.eu\/","logo":{"@type":"ImageObject","inLanguage":"fr-FR","@id":"https:\/\/www.eumedbridge.eu\/#\/schema\/logo\/image\/","url":"https:\/\/www.eumedbridge.eu\/wp-content\/uploads\/2021\/12\/Logo.png","contentUrl":"https:\/\/www.eumedbridge.eu\/wp-content\/uploads\/2021\/12\/Logo.png","width":325,"height":114,"caption":"EU Medbridge"},"image":{"@id":"https:\/\/www.eumedbridge.eu\/#\/schema\/logo\/image\/"},"sameAs":["https:\/\/www.facebook.com\/eumedbridge\/","https:\/\/x.com\/eumedbridge","https:\/\/www.linkedin.com\/company\/eumedbridge","https:\/\/www.youtube.com\/@eumedbridge","https:\/\/www.instagram.com\/eumedbridge","https:\/\/www.flickr.com\/photos\/euneighbours-south\/"]}]}},"_links":{"self":[{"href":"https:\/\/www.eumedbridge.eu\/fr\/wp-json\/wp\/v2\/news\/222779","targetHints":{"allow":["GET"]}}],"collection":[{"href":"https:\/\/www.eumedbridge.eu\/fr\/wp-json\/wp\/v2\/news"}],"about":[{"href":"https:\/\/www.eumedbridge.eu\/fr\/wp-json\/wp\/v2\/types\/news"}],"wp:featuredmedia":[{"embeddable":true,"href":"https:\/\/www.eumedbridge.eu\/fr\/wp-json\/wp\/v2\/media\/222241"}],"wp:attachment":[{"href":"https:\/\/www.eumedbridge.eu\/fr\/wp-json\/wp\/v2\/media?parent=222779"}],"wp:term":[{"taxonomy":"news_category","embeddable":true,"href":"https:\/\/www.eumedbridge.eu\/fr\/wp-json\/wp\/v2\/news_category?post=222779"},{"taxonomy":"country","embeddable":true,"href":"https:\/\/www.eumedbridge.eu\/fr\/wp-json\/wp\/v2\/country?post=222779"},{"taxonomy":"special_action","embeddable":true,"href":"https:\/\/www.eumedbridge.eu\/fr\/wp-json\/wp\/v2\/special_action?post=222779"},{"taxonomy":"custom_tag","embeddable":true,"href":"https:\/\/www.eumedbridge.eu\/fr\/wp-json\/wp\/v2\/custom_tag?post=222779"}],"curies":[{"name":"wp","href":"https:\/\/api.w.org\/{rel}","templated":true}]}}