{"id":223108,"date":"2023-12-07T11:16:43","date_gmt":"2023-12-07T09:16:43","guid":{"rendered":"https:\/\/eumedbridge.eu\/?post_type=news&#038;p=223108"},"modified":"2023-12-07T11:16:43","modified_gmt":"2023-12-07T09:16:43","slug":"letf-lance-linitiative-myskills4you-pour-autonomiser-les-jeunes-dans-les-pays-voisins-de-lue","status":"publish","type":"news","link":"https:\/\/www.eumedbridge.eu\/fr\/news\/letf-lance-linitiative-myskills4you-pour-autonomiser-les-jeunes-dans-les-pays-voisins-de-lue\/","title":{"rendered":"L\u2019ETF lance l\u2019initiative #MySkills4You pour autonomiser les jeunes dans les pays voisins de l\u2019UE"},"content":{"rendered":"<p>La <a href=\"https:\/\/www.etf.europa.eu\/en\"><strong>Fondation europ\u00e9enne pour la formation<\/strong><\/a> (ETF) lance son initiative #<strong>MySkills4You<\/strong>, une campagne passionnante sur les m\u00e9dias sociaux destin\u00e9e \u00e0 mieux faire entendre la voix des jeunes citoyens des <strong>pays voisins au sud et \u00e0 l\u2019est de l\u2019UE<\/strong> et des Balkans occidentaux, contribuant ainsi \u00e0 enrichir le d\u00e9bat pendant l\u2019Ann\u00e9e europ\u00e9enne des comp\u00e9tences. \u00c0 travers des vid\u00e9os dynamiques, la campagne pr\u00e9sente les points de vue de jeunes citoyens sur le d\u00e9veloppement de comp\u00e9tences essentielles dans leur pays.<\/p>\n<p>#MySkills4You cherche \u00e0 r\u00e9pondre \u00e0 des questions fondamentales\u00a0:<\/p>\n<ul>\n<li>Quelles sont, selon les jeunes, les comp\u00e9tences les plus importantes\u00a0?<\/li>\n<li>Que fait leur pays pour soutenir le d\u00e9veloppement des comp\u00e9tences\u00a0?<\/li>\n<\/ul>\n<p>Dans le cadre d\u2019une campagne vid\u00e9o dynamique, l\u2019ETF a interrog\u00e9 des jeunes de 16 \u00e0 28\u00a0ans pour comprendre comment ils per\u00e7oivent les actions men\u00e9es par leur pays pour soutenir le d\u00e9veloppement de leurs comp\u00e9tences. Organis\u00e9e en collaboration avec la direction g\u00e9n\u00e9rale du voisinage et des n\u00e9gociations d\u2019\u00e9largissement (DG\u00a0NEAR) de la Commission europ\u00e9enne, cette initiative \u00e9tend sa port\u00e9e gr\u00e2ce aux r\u00e9seaux des jeunes ambassadeurs de l\u2019UE et EU Jeel Connect des pays voisins au sud et \u00e0 l\u2019est de l\u2019UE et des Balkans occidentaux.<\/p>\n<p>\u00ab\u00a0<em>La Fondation europ\u00e9enne pour la formation est fi\u00e8re de lancer #MySkills4You, une initiative pionni\u00e8re qui place les voix et les comp\u00e9tences des jeunes des r\u00e9gions voisines de l\u2019UE au premier plan pendant l\u2019Ann\u00e9e europ\u00e9enne des comp\u00e9tences<\/em>\u00a0\u00bb, a d\u00e9clar\u00e9 la directrice de l\u2019ETF, Pilvi Torsti. \u00ab\u00a0<em>Cette initiative a pu voir le jour gr\u00e2ce au soutien de la direction g\u00e9n\u00e9rale du voisinage et des n\u00e9gociations d\u2019\u00e9largissement de la Commission europ\u00e9enne et de ses pr\u00e9cieux r\u00e9seaux de jeunes citoyens des pays voisins au sud et \u00e0 l\u2019est de l\u2019UE et des Balkans occidentaux. Il s\u2019agit d\u2019un bel exemple d\u2019approche coop\u00e9rative pour engendrer des retomb\u00e9es positives \u00e0 long terme.<\/em>\u00a0\u00bb<\/p>\n","protected":false},"featured_media":222993,"parent":0,"template":"","news_category":[],"country":[1956],"special_action":[],"custom_tag":[2817],"class_list":["post-223108","news","type-news","status-publish","has-post-thumbnail","hentry","country-region-sud","custom_tag-education-fr"],"acf":[],"yoast_head":"<!-- This site is optimized with the Yoast SEO plugin v26.5 - https:\/\/yoast.com\/wordpress\/plugins\/seo\/ -->\n<title>L\u2019ETF lance l\u2019initiative #MySkills4You pour autonomiser les jeunes dans les pays voisins de l\u2019UE - Voisins de l&#039;UE<\/title>\n<meta name=\"robots\" content=\"index, follow, max-snippet:-1, max-image-preview:large, max-video-preview:-1\" \/>\n<link rel=\"canonical\" href=\"https:\/\/www.eumedbridge.eu\/fr\/news\/letf-lance-linitiative-myskills4you-pour-autonomiser-les-jeunes-dans-les-pays-voisins-de-lue\/\" \/>\n<meta property=\"og:locale\" content=\"fr_FR\" \/>\n<meta property=\"og:type\" content=\"article\" \/>\n<meta property=\"og:title\" content=\"L\u2019ETF lance l\u2019initiative #MySkills4You pour autonomiser les jeunes dans les pays voisins de l\u2019UE - Voisins de l&#039;UE\" \/>\n<meta property=\"og:description\" content=\"La Fondation europ\u00e9enne pour la formation (ETF) lance son initiative #MySkills4You, une campagne passionnante sur les m\u00e9dias sociaux destin\u00e9e \u00e0 mieux faire entendre la voix des jeunes citoyens des pays voisins au sud et \u00e0 l\u2019est de l\u2019UE et des Balkans occidentaux, contribuant ainsi \u00e0 enrichir le d\u00e9bat pendant l\u2019Ann\u00e9e europ\u00e9enne des comp\u00e9tences. \u00c0 travers [&hellip;]\" \/>\n<meta property=\"og:url\" content=\"https:\/\/www.eumedbridge.eu\/fr\/news\/letf-lance-linitiative-myskills4you-pour-autonomiser-les-jeunes-dans-les-pays-voisins-de-lue\/\" \/>\n<meta property=\"og:site_name\" content=\"Voisins de l&#039;UE\" \/>\n<meta property=\"article:publisher\" content=\"https:\/\/www.facebook.com\/eumedbridge\/\" \/>\n<meta property=\"og:image\" content=\"https:\/\/www.eumedbridge.eu\/wp-content\/uploads\/2023\/12\/logo-for-video-vlogs-4.png\" \/>\n\t<meta property=\"og:image:width\" content=\"2000\" \/>\n\t<meta property=\"og:image:height\" content=\"826\" \/>\n\t<meta property=\"og:image:type\" content=\"image\/png\" \/>\n<meta name=\"twitter:card\" content=\"summary_large_image\" \/>\n<meta name=\"twitter:site\" content=\"@eumedbridge\" \/>\n<meta name=\"twitter:label1\" content=\"Dur\u00e9e de lecture estim\u00e9e\" \/>\n\t<meta name=\"twitter:data1\" content=\"2 minutes\" \/>\n<script type=\"application\/ld+json\" class=\"yoast-schema-graph\">{\"@context\":\"https:\/\/schema.org\",\"@graph\":[{\"@type\":\"WebPage\",\"@id\":\"https:\/\/www.eumedbridge.eu\/fr\/news\/letf-lance-linitiative-myskills4you-pour-autonomiser-les-jeunes-dans-les-pays-voisins-de-lue\/\",\"url\":\"https:\/\/www.eumedbridge.eu\/fr\/news\/letf-lance-linitiative-myskills4you-pour-autonomiser-les-jeunes-dans-les-pays-voisins-de-lue\/\",\"name\":\"L\u2019ETF lance l\u2019initiative #MySkills4You pour autonomiser les jeunes dans les pays voisins de l\u2019UE - Voisins de l'UE\",\"isPartOf\":{\"@id\":\"https:\/\/www.eumedbridge.eu\/#website\"},\"primaryImageOfPage\":{\"@id\":\"https:\/\/www.eumedbridge.eu\/fr\/news\/letf-lance-linitiative-myskills4you-pour-autonomiser-les-jeunes-dans-les-pays-voisins-de-lue\/#primaryimage\"},\"image\":{\"@id\":\"https:\/\/www.eumedbridge.eu\/fr\/news\/letf-lance-linitiative-myskills4you-pour-autonomiser-les-jeunes-dans-les-pays-voisins-de-lue\/#primaryimage\"},\"thumbnailUrl\":\"https:\/\/www.eumedbridge.eu\/wp-content\/uploads\/2023\/12\/logo-for-video-vlogs-4.png\",\"datePublished\":\"2023-12-07T09:16:43+00:00\",\"breadcrumb\":{\"@id\":\"https:\/\/www.eumedbridge.eu\/fr\/news\/letf-lance-linitiative-myskills4you-pour-autonomiser-les-jeunes-dans-les-pays-voisins-de-lue\/#breadcrumb\"},\"inLanguage\":\"fr-FR\",\"potentialAction\":[{\"@type\":\"ReadAction\",\"target\":[\"https:\/\/www.eumedbridge.eu\/fr\/news\/letf-lance-linitiative-myskills4you-pour-autonomiser-les-jeunes-dans-les-pays-voisins-de-lue\/\"]}]},{\"@type\":\"ImageObject\",\"inLanguage\":\"fr-FR\",\"@id\":\"https:\/\/www.eumedbridge.eu\/fr\/news\/letf-lance-linitiative-myskills4you-pour-autonomiser-les-jeunes-dans-les-pays-voisins-de-lue\/#primaryimage\",\"url\":\"https:\/\/www.eumedbridge.eu\/wp-content\/uploads\/2023\/12\/logo-for-video-vlogs-4.png\",\"contentUrl\":\"https:\/\/www.eumedbridge.eu\/wp-content\/uploads\/2023\/12\/logo-for-video-vlogs-4.png\",\"width\":2000,\"height\":826},{\"@type\":\"BreadcrumbList\",\"@id\":\"https:\/\/www.eumedbridge.eu\/fr\/news\/letf-lance-linitiative-myskills4you-pour-autonomiser-les-jeunes-dans-les-pays-voisins-de-lue\/#breadcrumb\",\"itemListElement\":[{\"@type\":\"ListItem\",\"position\":1,\"name\":\"Home\",\"item\":\"https:\/\/www.eumedbridge.eu\/fr\/home-page\/\"},{\"@type\":\"ListItem\",\"position\":2,\"name\":\"Actualit\u00e9s\",\"item\":\"https:\/\/www.eumedbridge.eu\/fr\/news\/\"},{\"@type\":\"ListItem\",\"position\":3,\"name\":\"L\u2019ETF lance l\u2019initiative #MySkills4You pour autonomiser les jeunes dans les pays voisins de l\u2019UE\"}]},{\"@type\":\"WebSite\",\"@id\":\"https:\/\/www.eumedbridge.eu\/#website\",\"url\":\"https:\/\/www.eumedbridge.eu\/\",\"name\":\"EU Medbridge\",\"description\":\"\",\"publisher\":{\"@id\":\"https:\/\/www.eumedbridge.eu\/#organization\"},\"potentialAction\":[{\"@type\":\"SearchAction\",\"target\":{\"@type\":\"EntryPoint\",\"urlTemplate\":\"https:\/\/www.eumedbridge.eu\/?s={search_term_string}\"},\"query-input\":{\"@type\":\"PropertyValueSpecification\",\"valueRequired\":true,\"valueName\":\"search_term_string\"}}],\"inLanguage\":\"fr-FR\"},{\"@type\":\"Organization\",\"@id\":\"https:\/\/www.eumedbridge.eu\/#organization\",\"name\":\"EU Medbridge\",\"url\":\"https:\/\/www.eumedbridge.eu\/\",\"logo\":{\"@type\":\"ImageObject\",\"inLanguage\":\"fr-FR\",\"@id\":\"https:\/\/www.eumedbridge.eu\/#\/schema\/logo\/image\/\",\"url\":\"https:\/\/www.eumedbridge.eu\/wp-content\/uploads\/2021\/12\/Logo.png\",\"contentUrl\":\"https:\/\/www.eumedbridge.eu\/wp-content\/uploads\/2021\/12\/Logo.png\",\"width\":325,\"height\":114,\"caption\":\"EU Medbridge\"},\"image\":{\"@id\":\"https:\/\/www.eumedbridge.eu\/#\/schema\/logo\/image\/\"},\"sameAs\":[\"https:\/\/www.facebook.com\/eumedbridge\/\",\"https:\/\/x.com\/eumedbridge\",\"https:\/\/www.linkedin.com\/company\/eumedbridge\",\"https:\/\/www.youtube.com\/@eumedbridge\",\"https:\/\/www.instagram.com\/eumedbridge\",\"https:\/\/www.flickr.com\/photos\/euneighbours-south\/\"]}]}<\/script>\n<!-- \/ Yoast SEO plugin. -->","yoast_head_json":{"title":"L\u2019ETF lance l\u2019initiative #MySkills4You pour autonomiser les jeunes dans les pays voisins de l\u2019UE - Voisins de l'UE","robots":{"index":"index","follow":"follow","max-snippet":"max-snippet:-1","max-image-preview":"max-image-preview:large","max-video-preview":"max-video-preview:-1"},"canonical":"https:\/\/www.eumedbridge.eu\/fr\/news\/letf-lance-linitiative-myskills4you-pour-autonomiser-les-jeunes-dans-les-pays-voisins-de-lue\/","og_locale":"fr_FR","og_type":"article","og_title":"L\u2019ETF lance l\u2019initiative #MySkills4You pour autonomiser les jeunes dans les pays voisins de l\u2019UE - Voisins de l'UE","og_description":"La Fondation europ\u00e9enne pour la formation (ETF) lance son initiative #MySkills4You, une campagne passionnante sur les m\u00e9dias sociaux destin\u00e9e \u00e0 mieux faire entendre la voix des jeunes citoyens des pays voisins au sud et \u00e0 l\u2019est de l\u2019UE et des Balkans occidentaux, contribuant ainsi \u00e0 enrichir le d\u00e9bat pendant l\u2019Ann\u00e9e europ\u00e9enne des comp\u00e9tences. \u00c0 travers [&hellip;]","og_url":"https:\/\/www.eumedbridge.eu\/fr\/news\/letf-lance-linitiative-myskills4you-pour-autonomiser-les-jeunes-dans-les-pays-voisins-de-lue\/","og_site_name":"Voisins de l'UE","article_publisher":"https:\/\/www.facebook.com\/eumedbridge\/","og_image":[{"width":2000,"height":826,"url":"https:\/\/www.eumedbridge.eu\/wp-content\/uploads\/2023\/12\/logo-for-video-vlogs-4.png","type":"image\/png"}],"twitter_card":"summary_large_image","twitter_site":"@eumedbridge","twitter_misc":{"Dur\u00e9e de lecture estim\u00e9e":"2 minutes"},"schema":{"@context":"https:\/\/schema.org","@graph":[{"@type":"WebPage","@id":"https:\/\/www.eumedbridge.eu\/fr\/news\/letf-lance-linitiative-myskills4you-pour-autonomiser-les-jeunes-dans-les-pays-voisins-de-lue\/","url":"https:\/\/www.eumedbridge.eu\/fr\/news\/letf-lance-linitiative-myskills4you-pour-autonomiser-les-jeunes-dans-les-pays-voisins-de-lue\/","name":"L\u2019ETF lance l\u2019initiative #MySkills4You pour autonomiser les jeunes dans les pays voisins de l\u2019UE - Voisins de l'UE","isPartOf":{"@id":"https:\/\/www.eumedbridge.eu\/#website"},"primaryImageOfPage":{"@id":"https:\/\/www.eumedbridge.eu\/fr\/news\/letf-lance-linitiative-myskills4you-pour-autonomiser-les-jeunes-dans-les-pays-voisins-de-lue\/#primaryimage"},"image":{"@id":"https:\/\/www.eumedbridge.eu\/fr\/news\/letf-lance-linitiative-myskills4you-pour-autonomiser-les-jeunes-dans-les-pays-voisins-de-lue\/#primaryimage"},"thumbnailUrl":"https:\/\/www.eumedbridge.eu\/wp-content\/uploads\/2023\/12\/logo-for-video-vlogs-4.png","datePublished":"2023-12-07T09:16:43+00:00","breadcrumb":{"@id":"https:\/\/www.eumedbridge.eu\/fr\/news\/letf-lance-linitiative-myskills4you-pour-autonomiser-les-jeunes-dans-les-pays-voisins-de-lue\/#breadcrumb"},"inLanguage":"fr-FR","potentialAction":[{"@type":"ReadAction","target":["https:\/\/www.eumedbridge.eu\/fr\/news\/letf-lance-linitiative-myskills4you-pour-autonomiser-les-jeunes-dans-les-pays-voisins-de-lue\/"]}]},{"@type":"ImageObject","inLanguage":"fr-FR","@id":"https:\/\/www.eumedbridge.eu\/fr\/news\/letf-lance-linitiative-myskills4you-pour-autonomiser-les-jeunes-dans-les-pays-voisins-de-lue\/#primaryimage","url":"https:\/\/www.eumedbridge.eu\/wp-content\/uploads\/2023\/12\/logo-for-video-vlogs-4.png","contentUrl":"https:\/\/www.eumedbridge.eu\/wp-content\/uploads\/2023\/12\/logo-for-video-vlogs-4.png","width":2000,"height":826},{"@type":"BreadcrumbList","@id":"https:\/\/www.eumedbridge.eu\/fr\/news\/letf-lance-linitiative-myskills4you-pour-autonomiser-les-jeunes-dans-les-pays-voisins-de-lue\/#breadcrumb","itemListElement":[{"@type":"ListItem","position":1,"name":"Home","item":"https:\/\/www.eumedbridge.eu\/fr\/home-page\/"},{"@type":"ListItem","position":2,"name":"Actualit\u00e9s","item":"https:\/\/www.eumedbridge.eu\/fr\/news\/"},{"@type":"ListItem","position":3,"name":"L\u2019ETF lance l\u2019initiative #MySkills4You pour autonomiser les jeunes dans les pays voisins de l\u2019UE"}]},{"@type":"WebSite","@id":"https:\/\/www.eumedbridge.eu\/#website","url":"https:\/\/www.eumedbridge.eu\/","name":"EU Medbridge","description":"","publisher":{"@id":"https:\/\/www.eumedbridge.eu\/#organization"},"potentialAction":[{"@type":"SearchAction","target":{"@type":"EntryPoint","urlTemplate":"https:\/\/www.eumedbridge.eu\/?s={search_term_string}"},"query-input":{"@type":"PropertyValueSpecification","valueRequired":true,"valueName":"search_term_string"}}],"inLanguage":"fr-FR"},{"@type":"Organization","@id":"https:\/\/www.eumedbridge.eu\/#organization","name":"EU Medbridge","url":"https:\/\/www.eumedbridge.eu\/","logo":{"@type":"ImageObject","inLanguage":"fr-FR","@id":"https:\/\/www.eumedbridge.eu\/#\/schema\/logo\/image\/","url":"https:\/\/www.eumedbridge.eu\/wp-content\/uploads\/2021\/12\/Logo.png","contentUrl":"https:\/\/www.eumedbridge.eu\/wp-content\/uploads\/2021\/12\/Logo.png","width":325,"height":114,"caption":"EU Medbridge"},"image":{"@id":"https:\/\/www.eumedbridge.eu\/#\/schema\/logo\/image\/"},"sameAs":["https:\/\/www.facebook.com\/eumedbridge\/","https:\/\/x.com\/eumedbridge","https:\/\/www.linkedin.com\/company\/eumedbridge","https:\/\/www.youtube.com\/@eumedbridge","https:\/\/www.instagram.com\/eumedbridge","https:\/\/www.flickr.com\/photos\/euneighbours-south\/"]}]}},"_links":{"self":[{"href":"https:\/\/www.eumedbridge.eu\/fr\/wp-json\/wp\/v2\/news\/223108","targetHints":{"allow":["GET"]}}],"collection":[{"href":"https:\/\/www.eumedbridge.eu\/fr\/wp-json\/wp\/v2\/news"}],"about":[{"href":"https:\/\/www.eumedbridge.eu\/fr\/wp-json\/wp\/v2\/types\/news"}],"wp:featuredmedia":[{"embeddable":true,"href":"https:\/\/www.eumedbridge.eu\/fr\/wp-json\/wp\/v2\/media\/222993"}],"wp:attachment":[{"href":"https:\/\/www.eumedbridge.eu\/fr\/wp-json\/wp\/v2\/media?parent=223108"}],"wp:term":[{"taxonomy":"news_category","embeddable":true,"href":"https:\/\/www.eumedbridge.eu\/fr\/wp-json\/wp\/v2\/news_category?post=223108"},{"taxonomy":"country","embeddable":true,"href":"https:\/\/www.eumedbridge.eu\/fr\/wp-json\/wp\/v2\/country?post=223108"},{"taxonomy":"special_action","embeddable":true,"href":"https:\/\/www.eumedbridge.eu\/fr\/wp-json\/wp\/v2\/special_action?post=223108"},{"taxonomy":"custom_tag","embeddable":true,"href":"https:\/\/www.eumedbridge.eu\/fr\/wp-json\/wp\/v2\/custom_tag?post=223108"}],"curies":[{"name":"wp","href":"https:\/\/api.w.org\/{rel}","templated":true}]}}