{"id":223750,"date":"2023-12-24T14:00:24","date_gmt":"2023-12-24T12:00:24","guid":{"rendered":"https:\/\/eumedbridge.eu\/?post_type=news&#038;p=223750"},"modified":"2023-12-24T14:00:24","modified_gmt":"2023-12-24T12:00:24","slug":"une-delegation-de-la-mission-eubam-libye-a-rencontre-le-vice-president-al-koni","status":"publish","type":"news","link":"https:\/\/www.eumedbridge.eu\/fr\/news\/une-delegation-de-la-mission-eubam-libye-a-rencontre-le-vice-president-al-koni\/","title":{"rendered":"Une d\u00e9l\u00e9gation de la mission EUBAM Libye a rencontr\u00e9 le vice-pr\u00e9sident Al-Koni"},"content":{"rendered":"<p>La <a href=\"https:\/\/www.eeas.europa.eu\/eubam-libya_en?s=327\"><strong>mission d\u2019assistance de l\u2019Union europ\u00e9enne pour une gestion int\u00e9gr\u00e9e des fronti\u00e8res en Libye<\/strong><\/a> (EUBAM\u00a0Libye) a rencontr\u00e9 Son Excellence le vice-pr\u00e9sident Al-Koni. La r\u00e9union a permis \u00e0 la chef de mission sortante, Natalina\u00a0Cea, de faire ses adieux, et a \u00e9t\u00e9 l\u2019occasion de r\u00e9affirmer l\u2019engagement de la mission EUBAM\u00a0Libye \u00e0 <strong>coop\u00e9rer<\/strong> avec le <strong>gouvernement libyen<\/strong> et \u00e0 renforcer les <strong>relations bilat\u00e9rales positives<\/strong>.<\/p>\n<p>&nbsp;<\/p>\n<p>Le vice-pr\u00e9sident Al-Koni a remerci\u00e9 chaleureusement Mme\u00a0Cea pour ses r\u00e9alisations au cours de son mandat, et lui a exprim\u00e9 sa reconnaissance pour son d\u00e9vouement et ses contributions \u00e0 la mission. La d\u00e9l\u00e9gation a ensuite inform\u00e9 le vice-pr\u00e9sident des priorit\u00e9s actuelles de la mission, r\u00e9it\u00e9rant les points qu\u2019il a abord\u00e9s avec le haut repr\u00e9sentant\/vice-pr\u00e9sident Josep\u00a0Borrell lors de leur r\u00e9cente rencontre \u00e0 Bruxelles.<\/p>\n<p>&nbsp;<\/p>\n<p>L\u2019importance du protocole d\u2019accord sign\u00e9 derni\u00e8rement entre la mission EUBAM\u00a0Libye et les autorit\u00e9s libyennes a \u00e9t\u00e9 un aspect essentiel de la discussion. Les deux parties ont soulign\u00e9 le r\u00f4le crucial du protocole d\u2019accord dans l\u2019\u00e9tablissement d\u2019un comit\u00e9 mixte, qui permettra d\u2019instaurer une collaboration efficace en mati\u00e8re de s\u00e9curit\u00e9 aux fronti\u00e8res. Le vice-pr\u00e9sident Al-Koni a mis l\u2019accent sur le potentiel de ce protocole d\u2019accord en tant que tremplin vers une coop\u00e9ration renforc\u00e9e entre la Libye et la mission.<\/p>\n<p>&nbsp;<\/p>\n<p>En outre, le vice-pr\u00e9sident a soulign\u00e9 qu\u2019il importe de r\u00e9soudre les probl\u00e8mes de s\u00e9curit\u00e9 aux fronti\u00e8res en insistant sur le besoin d\u2019expertise et de soutien de la part de l\u2019UE et de la mission EUBAM\u00a0Libye. Il a r\u00e9affirm\u00e9 la valeur d\u2019une coop\u00e9ration \u00e9troite avant de saluer les efforts d\u00e9ploy\u00e9s jusqu\u2019\u00e0 pr\u00e9sent par la mission pour soutenir les initiatives libyennes concernant la s\u00e9curit\u00e9 des fronti\u00e8res.<\/p>\n","protected":false},"featured_media":223714,"parent":0,"template":"","news_category":[],"country":[1951],"special_action":[],"custom_tag":[2315,2821],"class_list":["post-223750","news","type-news","status-publish","has-post-thumbnail","hentry","country-libye","custom_tag-emploi-et-entrpreuneuriat","custom_tag-migration-fr"],"acf":[],"yoast_head":"<!-- This site is optimized with the Yoast SEO plugin v26.5 - https:\/\/yoast.com\/wordpress\/plugins\/seo\/ -->\n<title>Une d\u00e9l\u00e9gation de la mission EUBAM Libye a rencontr\u00e9 le vice-pr\u00e9sident Al-Koni - Voisins de l&#039;UE<\/title>\n<meta name=\"robots\" content=\"index, follow, max-snippet:-1, max-image-preview:large, max-video-preview:-1\" \/>\n<link rel=\"canonical\" href=\"https:\/\/www.eumedbridge.eu\/fr\/news\/une-delegation-de-la-mission-eubam-libye-a-rencontre-le-vice-president-al-koni\/\" \/>\n<meta property=\"og:locale\" content=\"fr_FR\" \/>\n<meta property=\"og:type\" content=\"article\" \/>\n<meta property=\"og:title\" content=\"Une d\u00e9l\u00e9gation de la mission EUBAM Libye a rencontr\u00e9 le vice-pr\u00e9sident Al-Koni - Voisins de l&#039;UE\" \/>\n<meta property=\"og:description\" content=\"La mission d\u2019assistance de l\u2019Union europ\u00e9enne pour une gestion int\u00e9gr\u00e9e des fronti\u00e8res en Libye (EUBAM\u00a0Libye) a rencontr\u00e9 Son Excellence le vice-pr\u00e9sident Al-Koni. La r\u00e9union a permis \u00e0 la chef de mission sortante, Natalina\u00a0Cea, de faire ses adieux, et a \u00e9t\u00e9 l\u2019occasion de r\u00e9affirmer l\u2019engagement de la mission EUBAM\u00a0Libye \u00e0 coop\u00e9rer avec le gouvernement libyen et [&hellip;]\" \/>\n<meta property=\"og:url\" content=\"https:\/\/www.eumedbridge.eu\/fr\/news\/une-delegation-de-la-mission-eubam-libye-a-rencontre-le-vice-president-al-koni\/\" \/>\n<meta property=\"og:site_name\" content=\"Voisins de l&#039;UE\" \/>\n<meta property=\"article:publisher\" content=\"https:\/\/www.facebook.com\/eumedbridge\/\" \/>\n<meta property=\"og:image\" content=\"https:\/\/www.eumedbridge.eu\/wp-content\/uploads\/2023\/12\/aaaaaa.png\" \/>\n\t<meta property=\"og:image:width\" content=\"975\" \/>\n\t<meta property=\"og:image:height\" content=\"975\" \/>\n\t<meta property=\"og:image:type\" content=\"image\/png\" \/>\n<meta name=\"twitter:card\" content=\"summary_large_image\" \/>\n<meta name=\"twitter:site\" content=\"@eumedbridge\" \/>\n<meta name=\"twitter:label1\" content=\"Dur\u00e9e de lecture estim\u00e9e\" \/>\n\t<meta name=\"twitter:data1\" content=\"2 minutes\" \/>\n<script type=\"application\/ld+json\" class=\"yoast-schema-graph\">{\"@context\":\"https:\/\/schema.org\",\"@graph\":[{\"@type\":\"WebPage\",\"@id\":\"https:\/\/www.eumedbridge.eu\/fr\/news\/une-delegation-de-la-mission-eubam-libye-a-rencontre-le-vice-president-al-koni\/\",\"url\":\"https:\/\/www.eumedbridge.eu\/fr\/news\/une-delegation-de-la-mission-eubam-libye-a-rencontre-le-vice-president-al-koni\/\",\"name\":\"Une d\u00e9l\u00e9gation de la mission EUBAM Libye a rencontr\u00e9 le vice-pr\u00e9sident Al-Koni - Voisins de l'UE\",\"isPartOf\":{\"@id\":\"https:\/\/www.eumedbridge.eu\/#website\"},\"primaryImageOfPage\":{\"@id\":\"https:\/\/www.eumedbridge.eu\/fr\/news\/une-delegation-de-la-mission-eubam-libye-a-rencontre-le-vice-president-al-koni\/#primaryimage\"},\"image\":{\"@id\":\"https:\/\/www.eumedbridge.eu\/fr\/news\/une-delegation-de-la-mission-eubam-libye-a-rencontre-le-vice-president-al-koni\/#primaryimage\"},\"thumbnailUrl\":\"https:\/\/www.eumedbridge.eu\/wp-content\/uploads\/2023\/12\/aaaaaa.png\",\"datePublished\":\"2023-12-24T12:00:24+00:00\",\"breadcrumb\":{\"@id\":\"https:\/\/www.eumedbridge.eu\/fr\/news\/une-delegation-de-la-mission-eubam-libye-a-rencontre-le-vice-president-al-koni\/#breadcrumb\"},\"inLanguage\":\"fr-FR\",\"potentialAction\":[{\"@type\":\"ReadAction\",\"target\":[\"https:\/\/www.eumedbridge.eu\/fr\/news\/une-delegation-de-la-mission-eubam-libye-a-rencontre-le-vice-president-al-koni\/\"]}]},{\"@type\":\"ImageObject\",\"inLanguage\":\"fr-FR\",\"@id\":\"https:\/\/www.eumedbridge.eu\/fr\/news\/une-delegation-de-la-mission-eubam-libye-a-rencontre-le-vice-president-al-koni\/#primaryimage\",\"url\":\"https:\/\/www.eumedbridge.eu\/wp-content\/uploads\/2023\/12\/aaaaaa.png\",\"contentUrl\":\"https:\/\/www.eumedbridge.eu\/wp-content\/uploads\/2023\/12\/aaaaaa.png\",\"width\":975,\"height\":975},{\"@type\":\"BreadcrumbList\",\"@id\":\"https:\/\/www.eumedbridge.eu\/fr\/news\/une-delegation-de-la-mission-eubam-libye-a-rencontre-le-vice-president-al-koni\/#breadcrumb\",\"itemListElement\":[{\"@type\":\"ListItem\",\"position\":1,\"name\":\"Home\",\"item\":\"https:\/\/www.eumedbridge.eu\/fr\/home-page\/\"},{\"@type\":\"ListItem\",\"position\":2,\"name\":\"Actualit\u00e9s\",\"item\":\"https:\/\/www.eumedbridge.eu\/fr\/news\/\"},{\"@type\":\"ListItem\",\"position\":3,\"name\":\"Une d\u00e9l\u00e9gation de la mission EUBAM Libye a rencontr\u00e9 le vice-pr\u00e9sident Al-Koni\"}]},{\"@type\":\"WebSite\",\"@id\":\"https:\/\/www.eumedbridge.eu\/#website\",\"url\":\"https:\/\/www.eumedbridge.eu\/\",\"name\":\"EU Medbridge\",\"description\":\"\",\"publisher\":{\"@id\":\"https:\/\/www.eumedbridge.eu\/#organization\"},\"potentialAction\":[{\"@type\":\"SearchAction\",\"target\":{\"@type\":\"EntryPoint\",\"urlTemplate\":\"https:\/\/www.eumedbridge.eu\/?s={search_term_string}\"},\"query-input\":{\"@type\":\"PropertyValueSpecification\",\"valueRequired\":true,\"valueName\":\"search_term_string\"}}],\"inLanguage\":\"fr-FR\"},{\"@type\":\"Organization\",\"@id\":\"https:\/\/www.eumedbridge.eu\/#organization\",\"name\":\"EU Medbridge\",\"url\":\"https:\/\/www.eumedbridge.eu\/\",\"logo\":{\"@type\":\"ImageObject\",\"inLanguage\":\"fr-FR\",\"@id\":\"https:\/\/www.eumedbridge.eu\/#\/schema\/logo\/image\/\",\"url\":\"https:\/\/www.eumedbridge.eu\/wp-content\/uploads\/2021\/12\/Logo.png\",\"contentUrl\":\"https:\/\/www.eumedbridge.eu\/wp-content\/uploads\/2021\/12\/Logo.png\",\"width\":325,\"height\":114,\"caption\":\"EU Medbridge\"},\"image\":{\"@id\":\"https:\/\/www.eumedbridge.eu\/#\/schema\/logo\/image\/\"},\"sameAs\":[\"https:\/\/www.facebook.com\/eumedbridge\/\",\"https:\/\/x.com\/eumedbridge\",\"https:\/\/www.linkedin.com\/company\/eumedbridge\",\"https:\/\/www.youtube.com\/@eumedbridge\",\"https:\/\/www.instagram.com\/eumedbridge\",\"https:\/\/www.flickr.com\/photos\/euneighbours-south\/\"]}]}<\/script>\n<!-- \/ Yoast SEO plugin. -->","yoast_head_json":{"title":"Une d\u00e9l\u00e9gation de la mission EUBAM Libye a rencontr\u00e9 le vice-pr\u00e9sident Al-Koni - Voisins de l'UE","robots":{"index":"index","follow":"follow","max-snippet":"max-snippet:-1","max-image-preview":"max-image-preview:large","max-video-preview":"max-video-preview:-1"},"canonical":"https:\/\/www.eumedbridge.eu\/fr\/news\/une-delegation-de-la-mission-eubam-libye-a-rencontre-le-vice-president-al-koni\/","og_locale":"fr_FR","og_type":"article","og_title":"Une d\u00e9l\u00e9gation de la mission EUBAM Libye a rencontr\u00e9 le vice-pr\u00e9sident Al-Koni - Voisins de l'UE","og_description":"La mission d\u2019assistance de l\u2019Union europ\u00e9enne pour une gestion int\u00e9gr\u00e9e des fronti\u00e8res en Libye (EUBAM\u00a0Libye) a rencontr\u00e9 Son Excellence le vice-pr\u00e9sident Al-Koni. La r\u00e9union a permis \u00e0 la chef de mission sortante, Natalina\u00a0Cea, de faire ses adieux, et a \u00e9t\u00e9 l\u2019occasion de r\u00e9affirmer l\u2019engagement de la mission EUBAM\u00a0Libye \u00e0 coop\u00e9rer avec le gouvernement libyen et [&hellip;]","og_url":"https:\/\/www.eumedbridge.eu\/fr\/news\/une-delegation-de-la-mission-eubam-libye-a-rencontre-le-vice-president-al-koni\/","og_site_name":"Voisins de l'UE","article_publisher":"https:\/\/www.facebook.com\/eumedbridge\/","og_image":[{"width":975,"height":975,"url":"https:\/\/www.eumedbridge.eu\/wp-content\/uploads\/2023\/12\/aaaaaa.png","type":"image\/png"}],"twitter_card":"summary_large_image","twitter_site":"@eumedbridge","twitter_misc":{"Dur\u00e9e de lecture estim\u00e9e":"2 minutes"},"schema":{"@context":"https:\/\/schema.org","@graph":[{"@type":"WebPage","@id":"https:\/\/www.eumedbridge.eu\/fr\/news\/une-delegation-de-la-mission-eubam-libye-a-rencontre-le-vice-president-al-koni\/","url":"https:\/\/www.eumedbridge.eu\/fr\/news\/une-delegation-de-la-mission-eubam-libye-a-rencontre-le-vice-president-al-koni\/","name":"Une d\u00e9l\u00e9gation de la mission EUBAM Libye a rencontr\u00e9 le vice-pr\u00e9sident Al-Koni - Voisins de l'UE","isPartOf":{"@id":"https:\/\/www.eumedbridge.eu\/#website"},"primaryImageOfPage":{"@id":"https:\/\/www.eumedbridge.eu\/fr\/news\/une-delegation-de-la-mission-eubam-libye-a-rencontre-le-vice-president-al-koni\/#primaryimage"},"image":{"@id":"https:\/\/www.eumedbridge.eu\/fr\/news\/une-delegation-de-la-mission-eubam-libye-a-rencontre-le-vice-president-al-koni\/#primaryimage"},"thumbnailUrl":"https:\/\/www.eumedbridge.eu\/wp-content\/uploads\/2023\/12\/aaaaaa.png","datePublished":"2023-12-24T12:00:24+00:00","breadcrumb":{"@id":"https:\/\/www.eumedbridge.eu\/fr\/news\/une-delegation-de-la-mission-eubam-libye-a-rencontre-le-vice-president-al-koni\/#breadcrumb"},"inLanguage":"fr-FR","potentialAction":[{"@type":"ReadAction","target":["https:\/\/www.eumedbridge.eu\/fr\/news\/une-delegation-de-la-mission-eubam-libye-a-rencontre-le-vice-president-al-koni\/"]}]},{"@type":"ImageObject","inLanguage":"fr-FR","@id":"https:\/\/www.eumedbridge.eu\/fr\/news\/une-delegation-de-la-mission-eubam-libye-a-rencontre-le-vice-president-al-koni\/#primaryimage","url":"https:\/\/www.eumedbridge.eu\/wp-content\/uploads\/2023\/12\/aaaaaa.png","contentUrl":"https:\/\/www.eumedbridge.eu\/wp-content\/uploads\/2023\/12\/aaaaaa.png","width":975,"height":975},{"@type":"BreadcrumbList","@id":"https:\/\/www.eumedbridge.eu\/fr\/news\/une-delegation-de-la-mission-eubam-libye-a-rencontre-le-vice-president-al-koni\/#breadcrumb","itemListElement":[{"@type":"ListItem","position":1,"name":"Home","item":"https:\/\/www.eumedbridge.eu\/fr\/home-page\/"},{"@type":"ListItem","position":2,"name":"Actualit\u00e9s","item":"https:\/\/www.eumedbridge.eu\/fr\/news\/"},{"@type":"ListItem","position":3,"name":"Une d\u00e9l\u00e9gation de la mission EUBAM Libye a rencontr\u00e9 le vice-pr\u00e9sident Al-Koni"}]},{"@type":"WebSite","@id":"https:\/\/www.eumedbridge.eu\/#website","url":"https:\/\/www.eumedbridge.eu\/","name":"EU Medbridge","description":"","publisher":{"@id":"https:\/\/www.eumedbridge.eu\/#organization"},"potentialAction":[{"@type":"SearchAction","target":{"@type":"EntryPoint","urlTemplate":"https:\/\/www.eumedbridge.eu\/?s={search_term_string}"},"query-input":{"@type":"PropertyValueSpecification","valueRequired":true,"valueName":"search_term_string"}}],"inLanguage":"fr-FR"},{"@type":"Organization","@id":"https:\/\/www.eumedbridge.eu\/#organization","name":"EU Medbridge","url":"https:\/\/www.eumedbridge.eu\/","logo":{"@type":"ImageObject","inLanguage":"fr-FR","@id":"https:\/\/www.eumedbridge.eu\/#\/schema\/logo\/image\/","url":"https:\/\/www.eumedbridge.eu\/wp-content\/uploads\/2021\/12\/Logo.png","contentUrl":"https:\/\/www.eumedbridge.eu\/wp-content\/uploads\/2021\/12\/Logo.png","width":325,"height":114,"caption":"EU Medbridge"},"image":{"@id":"https:\/\/www.eumedbridge.eu\/#\/schema\/logo\/image\/"},"sameAs":["https:\/\/www.facebook.com\/eumedbridge\/","https:\/\/x.com\/eumedbridge","https:\/\/www.linkedin.com\/company\/eumedbridge","https:\/\/www.youtube.com\/@eumedbridge","https:\/\/www.instagram.com\/eumedbridge","https:\/\/www.flickr.com\/photos\/euneighbours-south\/"]}]}},"_links":{"self":[{"href":"https:\/\/www.eumedbridge.eu\/fr\/wp-json\/wp\/v2\/news\/223750","targetHints":{"allow":["GET"]}}],"collection":[{"href":"https:\/\/www.eumedbridge.eu\/fr\/wp-json\/wp\/v2\/news"}],"about":[{"href":"https:\/\/www.eumedbridge.eu\/fr\/wp-json\/wp\/v2\/types\/news"}],"wp:featuredmedia":[{"embeddable":true,"href":"https:\/\/www.eumedbridge.eu\/fr\/wp-json\/wp\/v2\/media\/223714"}],"wp:attachment":[{"href":"https:\/\/www.eumedbridge.eu\/fr\/wp-json\/wp\/v2\/media?parent=223750"}],"wp:term":[{"taxonomy":"news_category","embeddable":true,"href":"https:\/\/www.eumedbridge.eu\/fr\/wp-json\/wp\/v2\/news_category?post=223750"},{"taxonomy":"country","embeddable":true,"href":"https:\/\/www.eumedbridge.eu\/fr\/wp-json\/wp\/v2\/country?post=223750"},{"taxonomy":"special_action","embeddable":true,"href":"https:\/\/www.eumedbridge.eu\/fr\/wp-json\/wp\/v2\/special_action?post=223750"},{"taxonomy":"custom_tag","embeddable":true,"href":"https:\/\/www.eumedbridge.eu\/fr\/wp-json\/wp\/v2\/custom_tag?post=223750"}],"curies":[{"name":"wp","href":"https:\/\/api.w.org\/{rel}","templated":true}]}}