{"id":225714,"date":"2024-02-12T21:00:28","date_gmt":"2024-02-12T19:00:28","guid":{"rendered":"https:\/\/eumedbridge.eu\/?post_type=news&#038;p=225714"},"modified":"2024-02-12T21:00:28","modified_gmt":"2024-02-12T19:00:28","slug":"le-projet-creact4med-organise-le-troisieme-dialogue-sur-lue-et-le-voisinage-sud","status":"publish","type":"news","link":"https:\/\/www.eumedbridge.eu\/fr\/news\/le-projet-creact4med-organise-le-troisieme-dialogue-sur-lue-et-le-voisinage-sud\/","title":{"rendered":"Le projet CREACT4MED organise le troisi\u00e8me dialogue sur l\u2019UE et le voisinage Sud"},"content":{"rendered":"<p>Le 29\u00a0janvier 2024, le <a href=\"https:\/\/creativemediterranean.org\/\"><strong>projet CREACT4MED<\/strong><\/a> a tenu son <strong>troisi\u00e8me dialogue sur l\u2019UE et le voisinage Sud<\/strong>, cette fois-ci en ligne. Celui-ci a r\u00e9uni plus de 30\u00a0<strong>experts<\/strong> des rives <strong>nord et sud<\/strong> de la <strong>M\u00e9diterran\u00e9e<\/strong> pour r\u00e9fl\u00e9chir aux moyens de <strong>renforcer la coop\u00e9ration<\/strong> dans la r\u00e9gion en mettant l\u2019accent sur les interm\u00e9diaires, notamment les organisations de soutien aux entreprises (OSE) et autres organisations de soutien.<\/p>\n<p>&nbsp;<\/p>\n<p>&nbsp;<\/p>\n<p>Organis\u00e9s dans le cadre du P\u00f4le m\u00e9diterran\u00e9en des industries culturelles et cr\u00e9atives (ICC), les Dialogues UE-pays du sud de la M\u00e9diterran\u00e9e sont des d\u00e9bats r\u00e9unissant des parties prenantes de la r\u00e9gion euro-m\u00e9diterran\u00e9enne afin de promouvoir la cr\u00e9ation de liens r\u00e9gionaux et de collaborations transfrontali\u00e8res entre les initiatives et les projets des ICC et d\u2019am\u00e9liorer les \u00e9changes sur les meilleures pratiques en vue de leur reproduction \u00e0 l\u2019\u00e9chelle r\u00e9gionale.<\/p>\n<p>&nbsp;<\/p>\n<p>&nbsp;<\/p>\n<p>La premi\u00e8re partie de la session a \u00e9t\u00e9 consacr\u00e9e aux perspectives et aux besoins des OSE et des interm\u00e9diaires. Les d\u00e9bats ont ensuite port\u00e9 sur le d\u00e9veloppement urbain cr\u00e9atif dans la r\u00e9gion m\u00e9diterran\u00e9enne et sur le r\u00f4le des villes en examinant les derni\u00e8res politiques en faveur des villes cr\u00e9atives et les propositions d\u2019initiatives de travail en r\u00e9seau et d\u2019\u00e9change. L\u2019\u00e9v\u00e9nement s\u2019est achev\u00e9 par une discussion sur les actions de collaboration visant \u00e0 cr\u00e9er un p\u00f4le euro-m\u00e9diterran\u00e9en d\u2019OSE et d\u2019interm\u00e9diaires dans la r\u00e9gion.<\/p>\n","protected":false},"featured_media":225442,"parent":0,"template":"","news_category":[],"country":[1956],"special_action":[],"custom_tag":[1874],"class_list":["post-225714","news","type-news","status-publish","has-post-thumbnail","hentry","country-region-sud","custom_tag-culture-fr"],"acf":[],"yoast_head":"<!-- This site is optimized with the Yoast SEO plugin v26.5 - https:\/\/yoast.com\/wordpress\/plugins\/seo\/ -->\n<title>Le projet CREACT4MED organise le troisi\u00e8me dialogue sur l\u2019UE et le voisinage Sud - Voisins de l&#039;UE<\/title>\n<meta name=\"robots\" content=\"index, follow, max-snippet:-1, max-image-preview:large, max-video-preview:-1\" \/>\n<link rel=\"canonical\" href=\"https:\/\/www.eumedbridge.eu\/fr\/news\/le-projet-creact4med-organise-le-troisieme-dialogue-sur-lue-et-le-voisinage-sud\/\" \/>\n<meta property=\"og:locale\" content=\"fr_FR\" \/>\n<meta property=\"og:type\" content=\"article\" \/>\n<meta property=\"og:title\" content=\"Le projet CREACT4MED organise le troisi\u00e8me dialogue sur l\u2019UE et le voisinage Sud - Voisins de l&#039;UE\" \/>\n<meta property=\"og:description\" content=\"Le 29\u00a0janvier 2024, le projet CREACT4MED a tenu son troisi\u00e8me dialogue sur l\u2019UE et le voisinage Sud, cette fois-ci en ligne. Celui-ci a r\u00e9uni plus de 30\u00a0experts des rives nord et sud de la M\u00e9diterran\u00e9e pour r\u00e9fl\u00e9chir aux moyens de renforcer la coop\u00e9ration dans la r\u00e9gion en mettant l\u2019accent sur les interm\u00e9diaires, notamment les organisations [&hellip;]\" \/>\n<meta property=\"og:url\" content=\"https:\/\/www.eumedbridge.eu\/fr\/news\/le-projet-creact4med-organise-le-troisieme-dialogue-sur-lue-et-le-voisinage-sud\/\" \/>\n<meta property=\"og:site_name\" content=\"Voisins de l&#039;UE\" \/>\n<meta property=\"article:publisher\" content=\"https:\/\/www.facebook.com\/eumedbridge\/\" \/>\n<meta property=\"og:image\" content=\"https:\/\/www.eumedbridge.eu\/wp-content\/uploads\/2024\/02\/c4m-holds-3rd-Eu-SND-cover.jpeg\" \/>\n\t<meta property=\"og:image:width\" content=\"1200\" \/>\n\t<meta property=\"og:image:height\" content=\"682\" \/>\n\t<meta property=\"og:image:type\" content=\"image\/jpeg\" \/>\n<meta name=\"twitter:card\" content=\"summary_large_image\" \/>\n<meta name=\"twitter:site\" content=\"@eumedbridge\" \/>\n<meta name=\"twitter:label1\" content=\"Dur\u00e9e de lecture estim\u00e9e\" \/>\n\t<meta name=\"twitter:data1\" content=\"2 minutes\" \/>\n<script type=\"application\/ld+json\" class=\"yoast-schema-graph\">{\"@context\":\"https:\/\/schema.org\",\"@graph\":[{\"@type\":\"WebPage\",\"@id\":\"https:\/\/www.eumedbridge.eu\/fr\/news\/le-projet-creact4med-organise-le-troisieme-dialogue-sur-lue-et-le-voisinage-sud\/\",\"url\":\"https:\/\/www.eumedbridge.eu\/fr\/news\/le-projet-creact4med-organise-le-troisieme-dialogue-sur-lue-et-le-voisinage-sud\/\",\"name\":\"Le projet CREACT4MED organise le troisi\u00e8me dialogue sur l\u2019UE et le voisinage Sud - Voisins de l'UE\",\"isPartOf\":{\"@id\":\"https:\/\/www.eumedbridge.eu\/#website\"},\"primaryImageOfPage\":{\"@id\":\"https:\/\/www.eumedbridge.eu\/fr\/news\/le-projet-creact4med-organise-le-troisieme-dialogue-sur-lue-et-le-voisinage-sud\/#primaryimage\"},\"image\":{\"@id\":\"https:\/\/www.eumedbridge.eu\/fr\/news\/le-projet-creact4med-organise-le-troisieme-dialogue-sur-lue-et-le-voisinage-sud\/#primaryimage\"},\"thumbnailUrl\":\"https:\/\/www.eumedbridge.eu\/wp-content\/uploads\/2024\/02\/c4m-holds-3rd-Eu-SND-cover.jpeg\",\"datePublished\":\"2024-02-12T19:00:28+00:00\",\"breadcrumb\":{\"@id\":\"https:\/\/www.eumedbridge.eu\/fr\/news\/le-projet-creact4med-organise-le-troisieme-dialogue-sur-lue-et-le-voisinage-sud\/#breadcrumb\"},\"inLanguage\":\"fr-FR\",\"potentialAction\":[{\"@type\":\"ReadAction\",\"target\":[\"https:\/\/www.eumedbridge.eu\/fr\/news\/le-projet-creact4med-organise-le-troisieme-dialogue-sur-lue-et-le-voisinage-sud\/\"]}]},{\"@type\":\"ImageObject\",\"inLanguage\":\"fr-FR\",\"@id\":\"https:\/\/www.eumedbridge.eu\/fr\/news\/le-projet-creact4med-organise-le-troisieme-dialogue-sur-lue-et-le-voisinage-sud\/#primaryimage\",\"url\":\"https:\/\/www.eumedbridge.eu\/wp-content\/uploads\/2024\/02\/c4m-holds-3rd-Eu-SND-cover.jpeg\",\"contentUrl\":\"https:\/\/www.eumedbridge.eu\/wp-content\/uploads\/2024\/02\/c4m-holds-3rd-Eu-SND-cover.jpeg\",\"width\":1200,\"height\":682},{\"@type\":\"BreadcrumbList\",\"@id\":\"https:\/\/www.eumedbridge.eu\/fr\/news\/le-projet-creact4med-organise-le-troisieme-dialogue-sur-lue-et-le-voisinage-sud\/#breadcrumb\",\"itemListElement\":[{\"@type\":\"ListItem\",\"position\":1,\"name\":\"Home\",\"item\":\"https:\/\/www.eumedbridge.eu\/fr\/home-page\/\"},{\"@type\":\"ListItem\",\"position\":2,\"name\":\"Actualit\u00e9s\",\"item\":\"https:\/\/www.eumedbridge.eu\/fr\/news\/\"},{\"@type\":\"ListItem\",\"position\":3,\"name\":\"Le projet CREACT4MED organise le troisi\u00e8me dialogue sur l\u2019UE et le voisinage Sud\"}]},{\"@type\":\"WebSite\",\"@id\":\"https:\/\/www.eumedbridge.eu\/#website\",\"url\":\"https:\/\/www.eumedbridge.eu\/\",\"name\":\"EU Medbridge\",\"description\":\"\",\"publisher\":{\"@id\":\"https:\/\/www.eumedbridge.eu\/#organization\"},\"potentialAction\":[{\"@type\":\"SearchAction\",\"target\":{\"@type\":\"EntryPoint\",\"urlTemplate\":\"https:\/\/www.eumedbridge.eu\/?s={search_term_string}\"},\"query-input\":{\"@type\":\"PropertyValueSpecification\",\"valueRequired\":true,\"valueName\":\"search_term_string\"}}],\"inLanguage\":\"fr-FR\"},{\"@type\":\"Organization\",\"@id\":\"https:\/\/www.eumedbridge.eu\/#organization\",\"name\":\"EU Medbridge\",\"url\":\"https:\/\/www.eumedbridge.eu\/\",\"logo\":{\"@type\":\"ImageObject\",\"inLanguage\":\"fr-FR\",\"@id\":\"https:\/\/www.eumedbridge.eu\/#\/schema\/logo\/image\/\",\"url\":\"https:\/\/www.eumedbridge.eu\/wp-content\/uploads\/2021\/12\/Logo.png\",\"contentUrl\":\"https:\/\/www.eumedbridge.eu\/wp-content\/uploads\/2021\/12\/Logo.png\",\"width\":325,\"height\":114,\"caption\":\"EU Medbridge\"},\"image\":{\"@id\":\"https:\/\/www.eumedbridge.eu\/#\/schema\/logo\/image\/\"},\"sameAs\":[\"https:\/\/www.facebook.com\/eumedbridge\/\",\"https:\/\/x.com\/eumedbridge\",\"https:\/\/www.linkedin.com\/company\/eumedbridge\",\"https:\/\/www.youtube.com\/@eumedbridge\",\"https:\/\/www.instagram.com\/eumedbridge\",\"https:\/\/www.flickr.com\/photos\/euneighbours-south\/\"]}]}<\/script>\n<!-- \/ Yoast SEO plugin. -->","yoast_head_json":{"title":"Le projet CREACT4MED organise le troisi\u00e8me dialogue sur l\u2019UE et le voisinage Sud - Voisins de l'UE","robots":{"index":"index","follow":"follow","max-snippet":"max-snippet:-1","max-image-preview":"max-image-preview:large","max-video-preview":"max-video-preview:-1"},"canonical":"https:\/\/www.eumedbridge.eu\/fr\/news\/le-projet-creact4med-organise-le-troisieme-dialogue-sur-lue-et-le-voisinage-sud\/","og_locale":"fr_FR","og_type":"article","og_title":"Le projet CREACT4MED organise le troisi\u00e8me dialogue sur l\u2019UE et le voisinage Sud - Voisins de l'UE","og_description":"Le 29\u00a0janvier 2024, le projet CREACT4MED a tenu son troisi\u00e8me dialogue sur l\u2019UE et le voisinage Sud, cette fois-ci en ligne. Celui-ci a r\u00e9uni plus de 30\u00a0experts des rives nord et sud de la M\u00e9diterran\u00e9e pour r\u00e9fl\u00e9chir aux moyens de renforcer la coop\u00e9ration dans la r\u00e9gion en mettant l\u2019accent sur les interm\u00e9diaires, notamment les organisations [&hellip;]","og_url":"https:\/\/www.eumedbridge.eu\/fr\/news\/le-projet-creact4med-organise-le-troisieme-dialogue-sur-lue-et-le-voisinage-sud\/","og_site_name":"Voisins de l'UE","article_publisher":"https:\/\/www.facebook.com\/eumedbridge\/","og_image":[{"width":1200,"height":682,"url":"https:\/\/www.eumedbridge.eu\/wp-content\/uploads\/2024\/02\/c4m-holds-3rd-Eu-SND-cover.jpeg","type":"image\/jpeg"}],"twitter_card":"summary_large_image","twitter_site":"@eumedbridge","twitter_misc":{"Dur\u00e9e de lecture estim\u00e9e":"2 minutes"},"schema":{"@context":"https:\/\/schema.org","@graph":[{"@type":"WebPage","@id":"https:\/\/www.eumedbridge.eu\/fr\/news\/le-projet-creact4med-organise-le-troisieme-dialogue-sur-lue-et-le-voisinage-sud\/","url":"https:\/\/www.eumedbridge.eu\/fr\/news\/le-projet-creact4med-organise-le-troisieme-dialogue-sur-lue-et-le-voisinage-sud\/","name":"Le projet CREACT4MED organise le troisi\u00e8me dialogue sur l\u2019UE et le voisinage Sud - Voisins de l'UE","isPartOf":{"@id":"https:\/\/www.eumedbridge.eu\/#website"},"primaryImageOfPage":{"@id":"https:\/\/www.eumedbridge.eu\/fr\/news\/le-projet-creact4med-organise-le-troisieme-dialogue-sur-lue-et-le-voisinage-sud\/#primaryimage"},"image":{"@id":"https:\/\/www.eumedbridge.eu\/fr\/news\/le-projet-creact4med-organise-le-troisieme-dialogue-sur-lue-et-le-voisinage-sud\/#primaryimage"},"thumbnailUrl":"https:\/\/www.eumedbridge.eu\/wp-content\/uploads\/2024\/02\/c4m-holds-3rd-Eu-SND-cover.jpeg","datePublished":"2024-02-12T19:00:28+00:00","breadcrumb":{"@id":"https:\/\/www.eumedbridge.eu\/fr\/news\/le-projet-creact4med-organise-le-troisieme-dialogue-sur-lue-et-le-voisinage-sud\/#breadcrumb"},"inLanguage":"fr-FR","potentialAction":[{"@type":"ReadAction","target":["https:\/\/www.eumedbridge.eu\/fr\/news\/le-projet-creact4med-organise-le-troisieme-dialogue-sur-lue-et-le-voisinage-sud\/"]}]},{"@type":"ImageObject","inLanguage":"fr-FR","@id":"https:\/\/www.eumedbridge.eu\/fr\/news\/le-projet-creact4med-organise-le-troisieme-dialogue-sur-lue-et-le-voisinage-sud\/#primaryimage","url":"https:\/\/www.eumedbridge.eu\/wp-content\/uploads\/2024\/02\/c4m-holds-3rd-Eu-SND-cover.jpeg","contentUrl":"https:\/\/www.eumedbridge.eu\/wp-content\/uploads\/2024\/02\/c4m-holds-3rd-Eu-SND-cover.jpeg","width":1200,"height":682},{"@type":"BreadcrumbList","@id":"https:\/\/www.eumedbridge.eu\/fr\/news\/le-projet-creact4med-organise-le-troisieme-dialogue-sur-lue-et-le-voisinage-sud\/#breadcrumb","itemListElement":[{"@type":"ListItem","position":1,"name":"Home","item":"https:\/\/www.eumedbridge.eu\/fr\/home-page\/"},{"@type":"ListItem","position":2,"name":"Actualit\u00e9s","item":"https:\/\/www.eumedbridge.eu\/fr\/news\/"},{"@type":"ListItem","position":3,"name":"Le projet CREACT4MED organise le troisi\u00e8me dialogue sur l\u2019UE et le voisinage Sud"}]},{"@type":"WebSite","@id":"https:\/\/www.eumedbridge.eu\/#website","url":"https:\/\/www.eumedbridge.eu\/","name":"EU Medbridge","description":"","publisher":{"@id":"https:\/\/www.eumedbridge.eu\/#organization"},"potentialAction":[{"@type":"SearchAction","target":{"@type":"EntryPoint","urlTemplate":"https:\/\/www.eumedbridge.eu\/?s={search_term_string}"},"query-input":{"@type":"PropertyValueSpecification","valueRequired":true,"valueName":"search_term_string"}}],"inLanguage":"fr-FR"},{"@type":"Organization","@id":"https:\/\/www.eumedbridge.eu\/#organization","name":"EU Medbridge","url":"https:\/\/www.eumedbridge.eu\/","logo":{"@type":"ImageObject","inLanguage":"fr-FR","@id":"https:\/\/www.eumedbridge.eu\/#\/schema\/logo\/image\/","url":"https:\/\/www.eumedbridge.eu\/wp-content\/uploads\/2021\/12\/Logo.png","contentUrl":"https:\/\/www.eumedbridge.eu\/wp-content\/uploads\/2021\/12\/Logo.png","width":325,"height":114,"caption":"EU Medbridge"},"image":{"@id":"https:\/\/www.eumedbridge.eu\/#\/schema\/logo\/image\/"},"sameAs":["https:\/\/www.facebook.com\/eumedbridge\/","https:\/\/x.com\/eumedbridge","https:\/\/www.linkedin.com\/company\/eumedbridge","https:\/\/www.youtube.com\/@eumedbridge","https:\/\/www.instagram.com\/eumedbridge","https:\/\/www.flickr.com\/photos\/euneighbours-south\/"]}]}},"_links":{"self":[{"href":"https:\/\/www.eumedbridge.eu\/fr\/wp-json\/wp\/v2\/news\/225714","targetHints":{"allow":["GET"]}}],"collection":[{"href":"https:\/\/www.eumedbridge.eu\/fr\/wp-json\/wp\/v2\/news"}],"about":[{"href":"https:\/\/www.eumedbridge.eu\/fr\/wp-json\/wp\/v2\/types\/news"}],"wp:featuredmedia":[{"embeddable":true,"href":"https:\/\/www.eumedbridge.eu\/fr\/wp-json\/wp\/v2\/media\/225442"}],"wp:attachment":[{"href":"https:\/\/www.eumedbridge.eu\/fr\/wp-json\/wp\/v2\/media?parent=225714"}],"wp:term":[{"taxonomy":"news_category","embeddable":true,"href":"https:\/\/www.eumedbridge.eu\/fr\/wp-json\/wp\/v2\/news_category?post=225714"},{"taxonomy":"country","embeddable":true,"href":"https:\/\/www.eumedbridge.eu\/fr\/wp-json\/wp\/v2\/country?post=225714"},{"taxonomy":"special_action","embeddable":true,"href":"https:\/\/www.eumedbridge.eu\/fr\/wp-json\/wp\/v2\/special_action?post=225714"},{"taxonomy":"custom_tag","embeddable":true,"href":"https:\/\/www.eumedbridge.eu\/fr\/wp-json\/wp\/v2\/custom_tag?post=225714"}],"curies":[{"name":"wp","href":"https:\/\/api.w.org\/{rel}","templated":true}]}}