{"id":225724,"date":"2024-02-12T21:28:40","date_gmt":"2024-02-12T19:28:40","guid":{"rendered":"https:\/\/eumedbridge.eu\/?post_type=news&#038;p=225724"},"modified":"2024-02-12T21:28:40","modified_gmt":"2024-02-12T19:28:40","slug":"programme-knowledge-for-action-de-la-fal-appel-a-participation-deuxieme-edition","status":"publish","type":"news","link":"https:\/\/www.eumedbridge.eu\/fr\/news\/programme-knowledge-for-action-de-la-fal-appel-a-participation-deuxieme-edition\/","title":{"rendered":"Programme Knowledge for Action de la FAL : appel \u00e0 participation ! \u2013 Deuxi\u00e8me \u00e9dition"},"content":{"rendered":"<p>Le programme <strong>Knowledge for Action<\/strong> de la <a href=\"https:\/\/www.annalindhfoundation.org\/fr\"><strong>FAL<\/strong><\/a> (Fondation Anna Lindh) vise \u00e0 promouvoir la production de <u>documents de recherche fond\u00e9s sur des donn\u00e9es probantes et ax\u00e9s sur les politiques qui abordent les dimensions pertinentes du dialogue interculturel dans la r\u00e9gion euro-m\u00e9diterran\u00e9enne<\/u>. Le programme cherche \u00e0 <u>accro\u00eetre la collaboration<\/u> entre les <u>institutions de recherche\/acad\u00e9miques<\/u> (groupes de r\u00e9flexion, centres sp\u00e9cialis\u00e9s et universit\u00e9s) et les <u>organisations de la soci\u00e9t\u00e9 civile<\/u>. Cette collaboration est accentu\u00e9e par la production de notes de synth\u00e8se ou de documents d\u2019orientation portant sur les sujets suivants\u00a0:<\/p>\n<p>&nbsp;<\/p>\n<p>&nbsp;<\/p>\n<ul>\n<li>la consolidation de la paix, la r\u00e9solution et la pr\u00e9vention des conflits, la coexistence et les dynamiques inclusives\u00a0;<\/li>\n<li>la d\u00e9sinformation et les fausses informations dans la r\u00e9gion euro-m\u00e9diterran\u00e9enne\u00a0;<\/li>\n<li>le vivre-ensemble dans le contexte euro-m\u00e9diterran\u00e9en\u00a0;<\/li>\n<li>l\u2019engagement de la jeunesse dans les dialogues participatifs et les processus de prise de d\u00e9cision dans la r\u00e9gion euro-m\u00e9diterran\u00e9enne\u00a0;<\/li>\n<li>l\u2019\u00e9thique et la gouvernance des technologies d\u2019intelligence artificielle dans la r\u00e9gion euro-m\u00e9diterran\u00e9enne\u00a0;<\/li>\n<li>l\u2019innovation sociale comme catalyseur de l\u2019inclusion sociale dans les soci\u00e9t\u00e9s euro-m\u00e9diterran\u00e9ennes de diverses cultures\u00a0;<\/li>\n<li>l\u2019autonomisation des femmes dans la r\u00e9gion euro-m\u00e9diterran\u00e9enne comme moyen de lutte contre les st\u00e9r\u00e9otypes sexistes\u00a0;<\/li>\n<li>l\u2019int\u00e9gration des dimensions sociales dans les politiques relatives au changement climatique dans la r\u00e9gion euro-m\u00e9diterran\u00e9enne ;<\/li>\n<li>les relations culturelles internationales et la diplomatie culturelle pour cr\u00e9er des ponts entre les deux rives de la M\u00e9diterran\u00e9e.<\/li>\n<\/ul>\n<p>&nbsp;<\/p>\n<p>&nbsp;<\/p>\n<p>Les auteurs int\u00e9ress\u00e9s, <u>affili\u00e9s \u00e0 des institutions de recherche, acad\u00e9miques ou sp\u00e9cialis\u00e9es<\/u>, peuvent soumettre leur projet uniquement par l\u2019interm\u00e9diaire du formulaire en ligne* disponible {<a href=\"https:\/\/4w1uxk1pf0v.typeform.com\/to\/EU2WsJvb\"><strong>ICI<\/strong><\/a>} avant le 3\u00a0mars 2024 \u00e0 23\u00a0h\u00a059 (heure de l\u2019Europe centrale).<\/p>\n","protected":false},"featured_media":225182,"parent":0,"template":"","news_category":[],"country":[1956],"special_action":[],"custom_tag":[1874,2817,2315],"class_list":["post-225724","news","type-news","status-publish","has-post-thumbnail","hentry","country-region-sud","custom_tag-culture-fr","custom_tag-education-fr","custom_tag-emploi-et-entrpreuneuriat"],"acf":[],"yoast_head":"<!-- This site is optimized with the Yoast SEO plugin v26.5 - https:\/\/yoast.com\/wordpress\/plugins\/seo\/ -->\n<title>Programme Knowledge for Action de la FAL : appel \u00e0 participation ! \u2013 Deuxi\u00e8me \u00e9dition - Voisins de l&#039;UE<\/title>\n<meta name=\"robots\" content=\"index, follow, max-snippet:-1, max-image-preview:large, max-video-preview:-1\" \/>\n<link rel=\"canonical\" href=\"https:\/\/www.eumedbridge.eu\/fr\/news\/programme-knowledge-for-action-de-la-fal-appel-a-participation-deuxieme-edition\/\" \/>\n<meta property=\"og:locale\" content=\"fr_FR\" \/>\n<meta property=\"og:type\" content=\"article\" \/>\n<meta property=\"og:title\" content=\"Programme Knowledge for Action de la FAL : appel \u00e0 participation ! \u2013 Deuxi\u00e8me \u00e9dition - Voisins de l&#039;UE\" \/>\n<meta property=\"og:description\" content=\"Le programme Knowledge for Action de la FAL (Fondation Anna Lindh) vise \u00e0 promouvoir la production de documents de recherche fond\u00e9s sur des donn\u00e9es probantes et ax\u00e9s sur les politiques qui abordent les dimensions pertinentes du dialogue interculturel dans la r\u00e9gion euro-m\u00e9diterran\u00e9enne. Le programme cherche \u00e0 accro\u00eetre la collaboration entre les institutions de recherche\/acad\u00e9miques (groupes [&hellip;]\" \/>\n<meta property=\"og:url\" content=\"https:\/\/www.eumedbridge.eu\/fr\/news\/programme-knowledge-for-action-de-la-fal-appel-a-participation-deuxieme-edition\/\" \/>\n<meta property=\"og:site_name\" content=\"Voisins de l&#039;UE\" \/>\n<meta property=\"article:publisher\" content=\"https:\/\/www.facebook.com\/eumedbridge\/\" \/>\n<meta property=\"og:image\" content=\"https:\/\/www.eumedbridge.eu\/wp-content\/uploads\/2024\/02\/new-english-ALFK4A-Banner-3-1.png\" \/>\n\t<meta property=\"og:image:width\" content=\"880\" \/>\n\t<meta property=\"og:image:height\" content=\"472\" \/>\n\t<meta property=\"og:image:type\" content=\"image\/png\" \/>\n<meta name=\"twitter:card\" content=\"summary_large_image\" \/>\n<meta name=\"twitter:site\" content=\"@eumedbridge\" \/>\n<meta name=\"twitter:label1\" content=\"Dur\u00e9e de lecture estim\u00e9e\" \/>\n\t<meta name=\"twitter:data1\" content=\"2 minutes\" \/>\n<script type=\"application\/ld+json\" class=\"yoast-schema-graph\">{\"@context\":\"https:\/\/schema.org\",\"@graph\":[{\"@type\":\"WebPage\",\"@id\":\"https:\/\/www.eumedbridge.eu\/fr\/news\/programme-knowledge-for-action-de-la-fal-appel-a-participation-deuxieme-edition\/\",\"url\":\"https:\/\/www.eumedbridge.eu\/fr\/news\/programme-knowledge-for-action-de-la-fal-appel-a-participation-deuxieme-edition\/\",\"name\":\"Programme Knowledge for Action de la FAL : appel \u00e0 participation ! \u2013 Deuxi\u00e8me \u00e9dition - Voisins de l'UE\",\"isPartOf\":{\"@id\":\"https:\/\/www.eumedbridge.eu\/#website\"},\"primaryImageOfPage\":{\"@id\":\"https:\/\/www.eumedbridge.eu\/fr\/news\/programme-knowledge-for-action-de-la-fal-appel-a-participation-deuxieme-edition\/#primaryimage\"},\"image\":{\"@id\":\"https:\/\/www.eumedbridge.eu\/fr\/news\/programme-knowledge-for-action-de-la-fal-appel-a-participation-deuxieme-edition\/#primaryimage\"},\"thumbnailUrl\":\"https:\/\/www.eumedbridge.eu\/wp-content\/uploads\/2024\/02\/new-english-ALFK4A-Banner-3-1.png\",\"datePublished\":\"2024-02-12T19:28:40+00:00\",\"breadcrumb\":{\"@id\":\"https:\/\/www.eumedbridge.eu\/fr\/news\/programme-knowledge-for-action-de-la-fal-appel-a-participation-deuxieme-edition\/#breadcrumb\"},\"inLanguage\":\"fr-FR\",\"potentialAction\":[{\"@type\":\"ReadAction\",\"target\":[\"https:\/\/www.eumedbridge.eu\/fr\/news\/programme-knowledge-for-action-de-la-fal-appel-a-participation-deuxieme-edition\/\"]}]},{\"@type\":\"ImageObject\",\"inLanguage\":\"fr-FR\",\"@id\":\"https:\/\/www.eumedbridge.eu\/fr\/news\/programme-knowledge-for-action-de-la-fal-appel-a-participation-deuxieme-edition\/#primaryimage\",\"url\":\"https:\/\/www.eumedbridge.eu\/wp-content\/uploads\/2024\/02\/new-english-ALFK4A-Banner-3-1.png\",\"contentUrl\":\"https:\/\/www.eumedbridge.eu\/wp-content\/uploads\/2024\/02\/new-english-ALFK4A-Banner-3-1.png\",\"width\":880,\"height\":472},{\"@type\":\"BreadcrumbList\",\"@id\":\"https:\/\/www.eumedbridge.eu\/fr\/news\/programme-knowledge-for-action-de-la-fal-appel-a-participation-deuxieme-edition\/#breadcrumb\",\"itemListElement\":[{\"@type\":\"ListItem\",\"position\":1,\"name\":\"Home\",\"item\":\"https:\/\/www.eumedbridge.eu\/fr\/home-page\/\"},{\"@type\":\"ListItem\",\"position\":2,\"name\":\"Actualit\u00e9s\",\"item\":\"https:\/\/www.eumedbridge.eu\/fr\/news\/\"},{\"@type\":\"ListItem\",\"position\":3,\"name\":\"Programme Knowledge for Action de la FAL : appel \u00e0 participation ! \u2013 Deuxi\u00e8me \u00e9dition\"}]},{\"@type\":\"WebSite\",\"@id\":\"https:\/\/www.eumedbridge.eu\/#website\",\"url\":\"https:\/\/www.eumedbridge.eu\/\",\"name\":\"EU Medbridge\",\"description\":\"\",\"publisher\":{\"@id\":\"https:\/\/www.eumedbridge.eu\/#organization\"},\"potentialAction\":[{\"@type\":\"SearchAction\",\"target\":{\"@type\":\"EntryPoint\",\"urlTemplate\":\"https:\/\/www.eumedbridge.eu\/?s={search_term_string}\"},\"query-input\":{\"@type\":\"PropertyValueSpecification\",\"valueRequired\":true,\"valueName\":\"search_term_string\"}}],\"inLanguage\":\"fr-FR\"},{\"@type\":\"Organization\",\"@id\":\"https:\/\/www.eumedbridge.eu\/#organization\",\"name\":\"EU Medbridge\",\"url\":\"https:\/\/www.eumedbridge.eu\/\",\"logo\":{\"@type\":\"ImageObject\",\"inLanguage\":\"fr-FR\",\"@id\":\"https:\/\/www.eumedbridge.eu\/#\/schema\/logo\/image\/\",\"url\":\"https:\/\/www.eumedbridge.eu\/wp-content\/uploads\/2021\/12\/Logo.png\",\"contentUrl\":\"https:\/\/www.eumedbridge.eu\/wp-content\/uploads\/2021\/12\/Logo.png\",\"width\":325,\"height\":114,\"caption\":\"EU Medbridge\"},\"image\":{\"@id\":\"https:\/\/www.eumedbridge.eu\/#\/schema\/logo\/image\/\"},\"sameAs\":[\"https:\/\/www.facebook.com\/eumedbridge\/\",\"https:\/\/x.com\/eumedbridge\",\"https:\/\/www.linkedin.com\/company\/eumedbridge\",\"https:\/\/www.youtube.com\/@eumedbridge\",\"https:\/\/www.instagram.com\/eumedbridge\",\"https:\/\/www.flickr.com\/photos\/euneighbours-south\/\"]}]}<\/script>\n<!-- \/ Yoast SEO plugin. -->","yoast_head_json":{"title":"Programme Knowledge for Action de la FAL : appel \u00e0 participation ! \u2013 Deuxi\u00e8me \u00e9dition - Voisins de l'UE","robots":{"index":"index","follow":"follow","max-snippet":"max-snippet:-1","max-image-preview":"max-image-preview:large","max-video-preview":"max-video-preview:-1"},"canonical":"https:\/\/www.eumedbridge.eu\/fr\/news\/programme-knowledge-for-action-de-la-fal-appel-a-participation-deuxieme-edition\/","og_locale":"fr_FR","og_type":"article","og_title":"Programme Knowledge for Action de la FAL : appel \u00e0 participation ! \u2013 Deuxi\u00e8me \u00e9dition - Voisins de l'UE","og_description":"Le programme Knowledge for Action de la FAL (Fondation Anna Lindh) vise \u00e0 promouvoir la production de documents de recherche fond\u00e9s sur des donn\u00e9es probantes et ax\u00e9s sur les politiques qui abordent les dimensions pertinentes du dialogue interculturel dans la r\u00e9gion euro-m\u00e9diterran\u00e9enne. Le programme cherche \u00e0 accro\u00eetre la collaboration entre les institutions de recherche\/acad\u00e9miques (groupes [&hellip;]","og_url":"https:\/\/www.eumedbridge.eu\/fr\/news\/programme-knowledge-for-action-de-la-fal-appel-a-participation-deuxieme-edition\/","og_site_name":"Voisins de l'UE","article_publisher":"https:\/\/www.facebook.com\/eumedbridge\/","og_image":[{"width":880,"height":472,"url":"https:\/\/www.eumedbridge.eu\/wp-content\/uploads\/2024\/02\/new-english-ALFK4A-Banner-3-1.png","type":"image\/png"}],"twitter_card":"summary_large_image","twitter_site":"@eumedbridge","twitter_misc":{"Dur\u00e9e de lecture estim\u00e9e":"2 minutes"},"schema":{"@context":"https:\/\/schema.org","@graph":[{"@type":"WebPage","@id":"https:\/\/www.eumedbridge.eu\/fr\/news\/programme-knowledge-for-action-de-la-fal-appel-a-participation-deuxieme-edition\/","url":"https:\/\/www.eumedbridge.eu\/fr\/news\/programme-knowledge-for-action-de-la-fal-appel-a-participation-deuxieme-edition\/","name":"Programme Knowledge for Action de la FAL : appel \u00e0 participation ! \u2013 Deuxi\u00e8me \u00e9dition - Voisins de l'UE","isPartOf":{"@id":"https:\/\/www.eumedbridge.eu\/#website"},"primaryImageOfPage":{"@id":"https:\/\/www.eumedbridge.eu\/fr\/news\/programme-knowledge-for-action-de-la-fal-appel-a-participation-deuxieme-edition\/#primaryimage"},"image":{"@id":"https:\/\/www.eumedbridge.eu\/fr\/news\/programme-knowledge-for-action-de-la-fal-appel-a-participation-deuxieme-edition\/#primaryimage"},"thumbnailUrl":"https:\/\/www.eumedbridge.eu\/wp-content\/uploads\/2024\/02\/new-english-ALFK4A-Banner-3-1.png","datePublished":"2024-02-12T19:28:40+00:00","breadcrumb":{"@id":"https:\/\/www.eumedbridge.eu\/fr\/news\/programme-knowledge-for-action-de-la-fal-appel-a-participation-deuxieme-edition\/#breadcrumb"},"inLanguage":"fr-FR","potentialAction":[{"@type":"ReadAction","target":["https:\/\/www.eumedbridge.eu\/fr\/news\/programme-knowledge-for-action-de-la-fal-appel-a-participation-deuxieme-edition\/"]}]},{"@type":"ImageObject","inLanguage":"fr-FR","@id":"https:\/\/www.eumedbridge.eu\/fr\/news\/programme-knowledge-for-action-de-la-fal-appel-a-participation-deuxieme-edition\/#primaryimage","url":"https:\/\/www.eumedbridge.eu\/wp-content\/uploads\/2024\/02\/new-english-ALFK4A-Banner-3-1.png","contentUrl":"https:\/\/www.eumedbridge.eu\/wp-content\/uploads\/2024\/02\/new-english-ALFK4A-Banner-3-1.png","width":880,"height":472},{"@type":"BreadcrumbList","@id":"https:\/\/www.eumedbridge.eu\/fr\/news\/programme-knowledge-for-action-de-la-fal-appel-a-participation-deuxieme-edition\/#breadcrumb","itemListElement":[{"@type":"ListItem","position":1,"name":"Home","item":"https:\/\/www.eumedbridge.eu\/fr\/home-page\/"},{"@type":"ListItem","position":2,"name":"Actualit\u00e9s","item":"https:\/\/www.eumedbridge.eu\/fr\/news\/"},{"@type":"ListItem","position":3,"name":"Programme Knowledge for Action de la FAL : appel \u00e0 participation ! \u2013 Deuxi\u00e8me \u00e9dition"}]},{"@type":"WebSite","@id":"https:\/\/www.eumedbridge.eu\/#website","url":"https:\/\/www.eumedbridge.eu\/","name":"EU Medbridge","description":"","publisher":{"@id":"https:\/\/www.eumedbridge.eu\/#organization"},"potentialAction":[{"@type":"SearchAction","target":{"@type":"EntryPoint","urlTemplate":"https:\/\/www.eumedbridge.eu\/?s={search_term_string}"},"query-input":{"@type":"PropertyValueSpecification","valueRequired":true,"valueName":"search_term_string"}}],"inLanguage":"fr-FR"},{"@type":"Organization","@id":"https:\/\/www.eumedbridge.eu\/#organization","name":"EU Medbridge","url":"https:\/\/www.eumedbridge.eu\/","logo":{"@type":"ImageObject","inLanguage":"fr-FR","@id":"https:\/\/www.eumedbridge.eu\/#\/schema\/logo\/image\/","url":"https:\/\/www.eumedbridge.eu\/wp-content\/uploads\/2021\/12\/Logo.png","contentUrl":"https:\/\/www.eumedbridge.eu\/wp-content\/uploads\/2021\/12\/Logo.png","width":325,"height":114,"caption":"EU Medbridge"},"image":{"@id":"https:\/\/www.eumedbridge.eu\/#\/schema\/logo\/image\/"},"sameAs":["https:\/\/www.facebook.com\/eumedbridge\/","https:\/\/x.com\/eumedbridge","https:\/\/www.linkedin.com\/company\/eumedbridge","https:\/\/www.youtube.com\/@eumedbridge","https:\/\/www.instagram.com\/eumedbridge","https:\/\/www.flickr.com\/photos\/euneighbours-south\/"]}]}},"_links":{"self":[{"href":"https:\/\/www.eumedbridge.eu\/fr\/wp-json\/wp\/v2\/news\/225724","targetHints":{"allow":["GET"]}}],"collection":[{"href":"https:\/\/www.eumedbridge.eu\/fr\/wp-json\/wp\/v2\/news"}],"about":[{"href":"https:\/\/www.eumedbridge.eu\/fr\/wp-json\/wp\/v2\/types\/news"}],"wp:featuredmedia":[{"embeddable":true,"href":"https:\/\/www.eumedbridge.eu\/fr\/wp-json\/wp\/v2\/media\/225182"}],"wp:attachment":[{"href":"https:\/\/www.eumedbridge.eu\/fr\/wp-json\/wp\/v2\/media?parent=225724"}],"wp:term":[{"taxonomy":"news_category","embeddable":true,"href":"https:\/\/www.eumedbridge.eu\/fr\/wp-json\/wp\/v2\/news_category?post=225724"},{"taxonomy":"country","embeddable":true,"href":"https:\/\/www.eumedbridge.eu\/fr\/wp-json\/wp\/v2\/country?post=225724"},{"taxonomy":"special_action","embeddable":true,"href":"https:\/\/www.eumedbridge.eu\/fr\/wp-json\/wp\/v2\/special_action?post=225724"},{"taxonomy":"custom_tag","embeddable":true,"href":"https:\/\/www.eumedbridge.eu\/fr\/wp-json\/wp\/v2\/custom_tag?post=225724"}],"curies":[{"name":"wp","href":"https:\/\/api.w.org\/{rel}","templated":true}]}}