{"id":225726,"date":"2024-02-12T21:31:43","date_gmt":"2024-02-12T19:31:43","guid":{"rendered":"https:\/\/eumedbridge.eu\/?post_type=news&#038;p=225726"},"modified":"2024-02-12T21:31:43","modified_gmt":"2024-02-12T19:31:43","slug":"2e-table-ronde-regionale-sur-le-lien-entre-leau-lenergie-lalimentation-et-les-ecosystemes-eeae-dans-la-region-mediterraneenne","status":"publish","type":"news","link":"https:\/\/www.eumedbridge.eu\/fr\/news\/2e-table-ronde-regionale-sur-le-lien-entre-leau-lenergie-lalimentation-et-les-ecosystemes-eeae-dans-la-region-mediterraneenne\/","title":{"rendered":"2e table ronde r\u00e9gionale sur le lien entre l\u2019eau, l\u2019\u00e9nergie, l\u2019alimentation et les \u00e9cosyst\u00e8mes (EEAE) dans la r\u00e9gion m\u00e9diterran\u00e9enne"},"content":{"rendered":"<p>entre l\u2019eau, l\u2019\u00e9nergie, l\u2019alimentation et les \u00e9cosyst\u00e8mes (EEAE) dans la r\u00e9gion m\u00e9diterran\u00e9enne\u00a0aura lieu le 5\u00a0f\u00e9vrier 2024\u00a0(de 14\u00a0h\u00a000 \u00e0 17\u00a0h\u00a030)\u00a0\u00e0 l\u2019h\u00f4tel Laico de Tunis (Tunisie), en marge du\u00a0<a href=\"https:\/\/www.5forummw.com\/\">5<sup>e<\/sup>\u00a0Forum M\u00e9diterran\u00e9en de l\u2019Eau (5-7\u00a0f\u00e9vrier 2024)<\/a>.<\/p>\n<p>&nbsp;<\/p>\n<p>Le <strong>cinqui\u00e8me Forum M\u00e9diterran\u00e9en de l\u2019Eau<\/strong>, pr\u00e9vu du 5 au 7\u00a0f\u00e9vrier 2024, est un \u00e9v\u00e9nement majeur coorganis\u00e9 par le <strong>gouvernement tunisien<\/strong>, l\u2019<strong>Institut M\u00e9diterran\u00e9en de l\u2019Eau<\/strong> (IME) et l\u2019<a href=\"https:\/\/ufmsecretariat.org\/fr\/\"><strong>Union pour la M\u00e9diterran\u00e9e<\/strong><\/a> (UpM). Le th\u00e8me du forum, \u00ab\u00a0Ensemble pour une sobri\u00e9t\u00e9 hydrique partag\u00e9e\u00a0\u00bb, souligne la n\u00e9cessit\u00e9 d\u2019une nouvelle perspective sur l\u2019utilisation de l\u2019eau dans divers secteurs de l\u2019\u00e9conomie mondiale, notamment l\u2019agriculture, l\u2019industrie, les zones urbaines et rurales, le tourisme et la nature. Il souligne \u00e9galement le lien essentiel avec d\u2019autres biens communs majeurs, tels que l\u2019alimentation, la sant\u00e9, l\u2019\u00e9nergie, l\u2019\u00e9ducation et la biodiversit\u00e9.<\/p>\n<p>&nbsp;<\/p>\n<p>L\u2019objectif du forum est de mettre \u00e0 la disposition des repr\u00e9sentants des pays et des organisations de la r\u00e9gion m\u00e9diterran\u00e9enne une plate-forme pour s\u2019exprimer en se concentrant sur les besoins locaux et les meilleures pratiques et technologies qui permettront de relever les d\u00e9fis li\u00e9s \u00e0 la s\u00e9curit\u00e9 de l\u2019eau dans la r\u00e9gion. Compte tenu des tendances d\u00e9mographiques, des difficult\u00e9s socio-\u00e9conomiques et de l\u2019incidence du changement climatique sur la gestion de l\u2019eau dans la r\u00e9gion m\u00e9diterran\u00e9enne, les discussions devraient \u00eatre centr\u00e9es sur le recensement de solutions efficaces pour garantir la s\u00e9curit\u00e9 de l\u2019eau, faisant ainsi de ce forum une plate-forme cruciale pour relever les d\u00e9fis li\u00e9s \u00e0 l\u2019eau auxquels est confront\u00e9e la r\u00e9gion et pour favoriser la collaboration entre divers acteurs.<\/p>\n","protected":false},"featured_media":225186,"parent":0,"template":"","news_category":[],"country":[1956],"special_action":[],"custom_tag":[1884],"class_list":["post-225726","news","type-news","status-publish","has-post-thumbnail","hentry","country-region-sud","custom_tag-environnement-et-changement-climatique"],"acf":[],"yoast_head":"<!-- This site is optimized with the Yoast SEO plugin v26.5 - https:\/\/yoast.com\/wordpress\/plugins\/seo\/ -->\n<title>2e table ronde r\u00e9gionale sur le lien entre l\u2019eau, l\u2019\u00e9nergie, l\u2019alimentation et les \u00e9cosyst\u00e8mes (EEAE) dans la r\u00e9gion m\u00e9diterran\u00e9enne - Voisins de l&#039;UE<\/title>\n<meta name=\"robots\" content=\"index, follow, max-snippet:-1, max-image-preview:large, max-video-preview:-1\" \/>\n<link rel=\"canonical\" href=\"https:\/\/www.eumedbridge.eu\/fr\/news\/2e-table-ronde-regionale-sur-le-lien-entre-leau-lenergie-lalimentation-et-les-ecosystemes-eeae-dans-la-region-mediterraneenne\/\" \/>\n<meta property=\"og:locale\" content=\"fr_FR\" \/>\n<meta property=\"og:type\" content=\"article\" \/>\n<meta property=\"og:title\" content=\"2e table ronde r\u00e9gionale sur le lien entre l\u2019eau, l\u2019\u00e9nergie, l\u2019alimentation et les \u00e9cosyst\u00e8mes (EEAE) dans la r\u00e9gion m\u00e9diterran\u00e9enne - Voisins de l&#039;UE\" \/>\n<meta property=\"og:description\" content=\"entre l\u2019eau, l\u2019\u00e9nergie, l\u2019alimentation et les \u00e9cosyst\u00e8mes (EEAE) dans la r\u00e9gion m\u00e9diterran\u00e9enne\u00a0aura lieu le 5\u00a0f\u00e9vrier 2024\u00a0(de 14\u00a0h\u00a000 \u00e0 17\u00a0h\u00a030)\u00a0\u00e0 l\u2019h\u00f4tel Laico de Tunis (Tunisie), en marge du\u00a05e\u00a0Forum M\u00e9diterran\u00e9en de l\u2019Eau (5-7\u00a0f\u00e9vrier 2024). &nbsp; Le cinqui\u00e8me Forum M\u00e9diterran\u00e9en de l\u2019Eau, pr\u00e9vu du 5 au 7\u00a0f\u00e9vrier 2024, est un \u00e9v\u00e9nement majeur coorganis\u00e9 par le gouvernement tunisien, l\u2019Institut [&hellip;]\" \/>\n<meta property=\"og:url\" content=\"https:\/\/www.eumedbridge.eu\/fr\/news\/2e-table-ronde-regionale-sur-le-lien-entre-leau-lenergie-lalimentation-et-les-ecosystemes-eeae-dans-la-region-mediterraneenne\/\" \/>\n<meta property=\"og:site_name\" content=\"Voisins de l&#039;UE\" \/>\n<meta property=\"article:publisher\" content=\"https:\/\/www.facebook.com\/eumedbridge\/\" \/>\n<meta property=\"og:image\" content=\"https:\/\/www.eumedbridge.eu\/wp-content\/uploads\/2024\/02\/13_small.png\" \/>\n\t<meta property=\"og:image:width\" content=\"1080\" \/>\n\t<meta property=\"og:image:height\" content=\"540\" \/>\n\t<meta property=\"og:image:type\" content=\"image\/png\" \/>\n<meta name=\"twitter:card\" content=\"summary_large_image\" \/>\n<meta name=\"twitter:site\" content=\"@eumedbridge\" \/>\n<meta name=\"twitter:label1\" content=\"Dur\u00e9e de lecture estim\u00e9e\" \/>\n\t<meta name=\"twitter:data1\" content=\"2 minutes\" \/>\n<script type=\"application\/ld+json\" class=\"yoast-schema-graph\">{\"@context\":\"https:\/\/schema.org\",\"@graph\":[{\"@type\":\"WebPage\",\"@id\":\"https:\/\/www.eumedbridge.eu\/fr\/news\/2e-table-ronde-regionale-sur-le-lien-entre-leau-lenergie-lalimentation-et-les-ecosystemes-eeae-dans-la-region-mediterraneenne\/\",\"url\":\"https:\/\/www.eumedbridge.eu\/fr\/news\/2e-table-ronde-regionale-sur-le-lien-entre-leau-lenergie-lalimentation-et-les-ecosystemes-eeae-dans-la-region-mediterraneenne\/\",\"name\":\"2e table ronde r\u00e9gionale sur le lien entre l\u2019eau, l\u2019\u00e9nergie, l\u2019alimentation et les \u00e9cosyst\u00e8mes (EEAE) dans la r\u00e9gion m\u00e9diterran\u00e9enne - Voisins de l'UE\",\"isPartOf\":{\"@id\":\"https:\/\/www.eumedbridge.eu\/#website\"},\"primaryImageOfPage\":{\"@id\":\"https:\/\/www.eumedbridge.eu\/fr\/news\/2e-table-ronde-regionale-sur-le-lien-entre-leau-lenergie-lalimentation-et-les-ecosystemes-eeae-dans-la-region-mediterraneenne\/#primaryimage\"},\"image\":{\"@id\":\"https:\/\/www.eumedbridge.eu\/fr\/news\/2e-table-ronde-regionale-sur-le-lien-entre-leau-lenergie-lalimentation-et-les-ecosystemes-eeae-dans-la-region-mediterraneenne\/#primaryimage\"},\"thumbnailUrl\":\"https:\/\/www.eumedbridge.eu\/wp-content\/uploads\/2024\/02\/13_small.png\",\"datePublished\":\"2024-02-12T19:31:43+00:00\",\"breadcrumb\":{\"@id\":\"https:\/\/www.eumedbridge.eu\/fr\/news\/2e-table-ronde-regionale-sur-le-lien-entre-leau-lenergie-lalimentation-et-les-ecosystemes-eeae-dans-la-region-mediterraneenne\/#breadcrumb\"},\"inLanguage\":\"fr-FR\",\"potentialAction\":[{\"@type\":\"ReadAction\",\"target\":[\"https:\/\/www.eumedbridge.eu\/fr\/news\/2e-table-ronde-regionale-sur-le-lien-entre-leau-lenergie-lalimentation-et-les-ecosystemes-eeae-dans-la-region-mediterraneenne\/\"]}]},{\"@type\":\"ImageObject\",\"inLanguage\":\"fr-FR\",\"@id\":\"https:\/\/www.eumedbridge.eu\/fr\/news\/2e-table-ronde-regionale-sur-le-lien-entre-leau-lenergie-lalimentation-et-les-ecosystemes-eeae-dans-la-region-mediterraneenne\/#primaryimage\",\"url\":\"https:\/\/www.eumedbridge.eu\/wp-content\/uploads\/2024\/02\/13_small.png\",\"contentUrl\":\"https:\/\/www.eumedbridge.eu\/wp-content\/uploads\/2024\/02\/13_small.png\",\"width\":1080,\"height\":540},{\"@type\":\"BreadcrumbList\",\"@id\":\"https:\/\/www.eumedbridge.eu\/fr\/news\/2e-table-ronde-regionale-sur-le-lien-entre-leau-lenergie-lalimentation-et-les-ecosystemes-eeae-dans-la-region-mediterraneenne\/#breadcrumb\",\"itemListElement\":[{\"@type\":\"ListItem\",\"position\":1,\"name\":\"Home\",\"item\":\"https:\/\/www.eumedbridge.eu\/fr\/home-page\/\"},{\"@type\":\"ListItem\",\"position\":2,\"name\":\"Actualit\u00e9s\",\"item\":\"https:\/\/www.eumedbridge.eu\/fr\/news\/\"},{\"@type\":\"ListItem\",\"position\":3,\"name\":\"2e table ronde r\u00e9gionale sur le lien entre l\u2019eau, l\u2019\u00e9nergie, l\u2019alimentation et les \u00e9cosyst\u00e8mes (EEAE) dans la r\u00e9gion m\u00e9diterran\u00e9enne\"}]},{\"@type\":\"WebSite\",\"@id\":\"https:\/\/www.eumedbridge.eu\/#website\",\"url\":\"https:\/\/www.eumedbridge.eu\/\",\"name\":\"EU Medbridge\",\"description\":\"\",\"publisher\":{\"@id\":\"https:\/\/www.eumedbridge.eu\/#organization\"},\"potentialAction\":[{\"@type\":\"SearchAction\",\"target\":{\"@type\":\"EntryPoint\",\"urlTemplate\":\"https:\/\/www.eumedbridge.eu\/?s={search_term_string}\"},\"query-input\":{\"@type\":\"PropertyValueSpecification\",\"valueRequired\":true,\"valueName\":\"search_term_string\"}}],\"inLanguage\":\"fr-FR\"},{\"@type\":\"Organization\",\"@id\":\"https:\/\/www.eumedbridge.eu\/#organization\",\"name\":\"EU Medbridge\",\"url\":\"https:\/\/www.eumedbridge.eu\/\",\"logo\":{\"@type\":\"ImageObject\",\"inLanguage\":\"fr-FR\",\"@id\":\"https:\/\/www.eumedbridge.eu\/#\/schema\/logo\/image\/\",\"url\":\"https:\/\/www.eumedbridge.eu\/wp-content\/uploads\/2021\/12\/Logo.png\",\"contentUrl\":\"https:\/\/www.eumedbridge.eu\/wp-content\/uploads\/2021\/12\/Logo.png\",\"width\":325,\"height\":114,\"caption\":\"EU Medbridge\"},\"image\":{\"@id\":\"https:\/\/www.eumedbridge.eu\/#\/schema\/logo\/image\/\"},\"sameAs\":[\"https:\/\/www.facebook.com\/eumedbridge\/\",\"https:\/\/x.com\/eumedbridge\",\"https:\/\/www.linkedin.com\/company\/eumedbridge\",\"https:\/\/www.youtube.com\/@eumedbridge\",\"https:\/\/www.instagram.com\/eumedbridge\",\"https:\/\/www.flickr.com\/photos\/euneighbours-south\/\"]}]}<\/script>\n<!-- \/ Yoast SEO plugin. -->","yoast_head_json":{"title":"2e table ronde r\u00e9gionale sur le lien entre l\u2019eau, l\u2019\u00e9nergie, l\u2019alimentation et les \u00e9cosyst\u00e8mes (EEAE) dans la r\u00e9gion m\u00e9diterran\u00e9enne - Voisins de l'UE","robots":{"index":"index","follow":"follow","max-snippet":"max-snippet:-1","max-image-preview":"max-image-preview:large","max-video-preview":"max-video-preview:-1"},"canonical":"https:\/\/www.eumedbridge.eu\/fr\/news\/2e-table-ronde-regionale-sur-le-lien-entre-leau-lenergie-lalimentation-et-les-ecosystemes-eeae-dans-la-region-mediterraneenne\/","og_locale":"fr_FR","og_type":"article","og_title":"2e table ronde r\u00e9gionale sur le lien entre l\u2019eau, l\u2019\u00e9nergie, l\u2019alimentation et les \u00e9cosyst\u00e8mes (EEAE) dans la r\u00e9gion m\u00e9diterran\u00e9enne - Voisins de l'UE","og_description":"entre l\u2019eau, l\u2019\u00e9nergie, l\u2019alimentation et les \u00e9cosyst\u00e8mes (EEAE) dans la r\u00e9gion m\u00e9diterran\u00e9enne\u00a0aura lieu le 5\u00a0f\u00e9vrier 2024\u00a0(de 14\u00a0h\u00a000 \u00e0 17\u00a0h\u00a030)\u00a0\u00e0 l\u2019h\u00f4tel Laico de Tunis (Tunisie), en marge du\u00a05e\u00a0Forum M\u00e9diterran\u00e9en de l\u2019Eau (5-7\u00a0f\u00e9vrier 2024). &nbsp; Le cinqui\u00e8me Forum M\u00e9diterran\u00e9en de l\u2019Eau, pr\u00e9vu du 5 au 7\u00a0f\u00e9vrier 2024, est un \u00e9v\u00e9nement majeur coorganis\u00e9 par le gouvernement tunisien, l\u2019Institut [&hellip;]","og_url":"https:\/\/www.eumedbridge.eu\/fr\/news\/2e-table-ronde-regionale-sur-le-lien-entre-leau-lenergie-lalimentation-et-les-ecosystemes-eeae-dans-la-region-mediterraneenne\/","og_site_name":"Voisins de l'UE","article_publisher":"https:\/\/www.facebook.com\/eumedbridge\/","og_image":[{"width":1080,"height":540,"url":"https:\/\/www.eumedbridge.eu\/wp-content\/uploads\/2024\/02\/13_small.png","type":"image\/png"}],"twitter_card":"summary_large_image","twitter_site":"@eumedbridge","twitter_misc":{"Dur\u00e9e de lecture estim\u00e9e":"2 minutes"},"schema":{"@context":"https:\/\/schema.org","@graph":[{"@type":"WebPage","@id":"https:\/\/www.eumedbridge.eu\/fr\/news\/2e-table-ronde-regionale-sur-le-lien-entre-leau-lenergie-lalimentation-et-les-ecosystemes-eeae-dans-la-region-mediterraneenne\/","url":"https:\/\/www.eumedbridge.eu\/fr\/news\/2e-table-ronde-regionale-sur-le-lien-entre-leau-lenergie-lalimentation-et-les-ecosystemes-eeae-dans-la-region-mediterraneenne\/","name":"2e table ronde r\u00e9gionale sur le lien entre l\u2019eau, l\u2019\u00e9nergie, l\u2019alimentation et les \u00e9cosyst\u00e8mes (EEAE) dans la r\u00e9gion m\u00e9diterran\u00e9enne - Voisins de l'UE","isPartOf":{"@id":"https:\/\/www.eumedbridge.eu\/#website"},"primaryImageOfPage":{"@id":"https:\/\/www.eumedbridge.eu\/fr\/news\/2e-table-ronde-regionale-sur-le-lien-entre-leau-lenergie-lalimentation-et-les-ecosystemes-eeae-dans-la-region-mediterraneenne\/#primaryimage"},"image":{"@id":"https:\/\/www.eumedbridge.eu\/fr\/news\/2e-table-ronde-regionale-sur-le-lien-entre-leau-lenergie-lalimentation-et-les-ecosystemes-eeae-dans-la-region-mediterraneenne\/#primaryimage"},"thumbnailUrl":"https:\/\/www.eumedbridge.eu\/wp-content\/uploads\/2024\/02\/13_small.png","datePublished":"2024-02-12T19:31:43+00:00","breadcrumb":{"@id":"https:\/\/www.eumedbridge.eu\/fr\/news\/2e-table-ronde-regionale-sur-le-lien-entre-leau-lenergie-lalimentation-et-les-ecosystemes-eeae-dans-la-region-mediterraneenne\/#breadcrumb"},"inLanguage":"fr-FR","potentialAction":[{"@type":"ReadAction","target":["https:\/\/www.eumedbridge.eu\/fr\/news\/2e-table-ronde-regionale-sur-le-lien-entre-leau-lenergie-lalimentation-et-les-ecosystemes-eeae-dans-la-region-mediterraneenne\/"]}]},{"@type":"ImageObject","inLanguage":"fr-FR","@id":"https:\/\/www.eumedbridge.eu\/fr\/news\/2e-table-ronde-regionale-sur-le-lien-entre-leau-lenergie-lalimentation-et-les-ecosystemes-eeae-dans-la-region-mediterraneenne\/#primaryimage","url":"https:\/\/www.eumedbridge.eu\/wp-content\/uploads\/2024\/02\/13_small.png","contentUrl":"https:\/\/www.eumedbridge.eu\/wp-content\/uploads\/2024\/02\/13_small.png","width":1080,"height":540},{"@type":"BreadcrumbList","@id":"https:\/\/www.eumedbridge.eu\/fr\/news\/2e-table-ronde-regionale-sur-le-lien-entre-leau-lenergie-lalimentation-et-les-ecosystemes-eeae-dans-la-region-mediterraneenne\/#breadcrumb","itemListElement":[{"@type":"ListItem","position":1,"name":"Home","item":"https:\/\/www.eumedbridge.eu\/fr\/home-page\/"},{"@type":"ListItem","position":2,"name":"Actualit\u00e9s","item":"https:\/\/www.eumedbridge.eu\/fr\/news\/"},{"@type":"ListItem","position":3,"name":"2e table ronde r\u00e9gionale sur le lien entre l\u2019eau, l\u2019\u00e9nergie, l\u2019alimentation et les \u00e9cosyst\u00e8mes (EEAE) dans la r\u00e9gion m\u00e9diterran\u00e9enne"}]},{"@type":"WebSite","@id":"https:\/\/www.eumedbridge.eu\/#website","url":"https:\/\/www.eumedbridge.eu\/","name":"EU Medbridge","description":"","publisher":{"@id":"https:\/\/www.eumedbridge.eu\/#organization"},"potentialAction":[{"@type":"SearchAction","target":{"@type":"EntryPoint","urlTemplate":"https:\/\/www.eumedbridge.eu\/?s={search_term_string}"},"query-input":{"@type":"PropertyValueSpecification","valueRequired":true,"valueName":"search_term_string"}}],"inLanguage":"fr-FR"},{"@type":"Organization","@id":"https:\/\/www.eumedbridge.eu\/#organization","name":"EU Medbridge","url":"https:\/\/www.eumedbridge.eu\/","logo":{"@type":"ImageObject","inLanguage":"fr-FR","@id":"https:\/\/www.eumedbridge.eu\/#\/schema\/logo\/image\/","url":"https:\/\/www.eumedbridge.eu\/wp-content\/uploads\/2021\/12\/Logo.png","contentUrl":"https:\/\/www.eumedbridge.eu\/wp-content\/uploads\/2021\/12\/Logo.png","width":325,"height":114,"caption":"EU Medbridge"},"image":{"@id":"https:\/\/www.eumedbridge.eu\/#\/schema\/logo\/image\/"},"sameAs":["https:\/\/www.facebook.com\/eumedbridge\/","https:\/\/x.com\/eumedbridge","https:\/\/www.linkedin.com\/company\/eumedbridge","https:\/\/www.youtube.com\/@eumedbridge","https:\/\/www.instagram.com\/eumedbridge","https:\/\/www.flickr.com\/photos\/euneighbours-south\/"]}]}},"_links":{"self":[{"href":"https:\/\/www.eumedbridge.eu\/fr\/wp-json\/wp\/v2\/news\/225726","targetHints":{"allow":["GET"]}}],"collection":[{"href":"https:\/\/www.eumedbridge.eu\/fr\/wp-json\/wp\/v2\/news"}],"about":[{"href":"https:\/\/www.eumedbridge.eu\/fr\/wp-json\/wp\/v2\/types\/news"}],"wp:featuredmedia":[{"embeddable":true,"href":"https:\/\/www.eumedbridge.eu\/fr\/wp-json\/wp\/v2\/media\/225186"}],"wp:attachment":[{"href":"https:\/\/www.eumedbridge.eu\/fr\/wp-json\/wp\/v2\/media?parent=225726"}],"wp:term":[{"taxonomy":"news_category","embeddable":true,"href":"https:\/\/www.eumedbridge.eu\/fr\/wp-json\/wp\/v2\/news_category?post=225726"},{"taxonomy":"country","embeddable":true,"href":"https:\/\/www.eumedbridge.eu\/fr\/wp-json\/wp\/v2\/country?post=225726"},{"taxonomy":"special_action","embeddable":true,"href":"https:\/\/www.eumedbridge.eu\/fr\/wp-json\/wp\/v2\/special_action?post=225726"},{"taxonomy":"custom_tag","embeddable":true,"href":"https:\/\/www.eumedbridge.eu\/fr\/wp-json\/wp\/v2\/custom_tag?post=225726"}],"curies":[{"name":"wp","href":"https:\/\/api.w.org\/{rel}","templated":true}]}}