{"id":226370,"date":"2024-03-06T21:14:43","date_gmt":"2024-03-06T19:14:43","guid":{"rendered":"https:\/\/eumedbridge.eu\/?post_type=news&#038;p=226370"},"modified":"2024-03-06T21:14:43","modified_gmt":"2024-03-06T19:14:43","slug":"gaza-israel-declaration-du-haut-representant-sur-les-citoyens-palestiniens-tues-lors-dune-distribution-daide-humanitaire","status":"publish","type":"news","link":"https:\/\/www.eumedbridge.eu\/fr\/news\/gaza-israel-declaration-du-haut-representant-sur-les-citoyens-palestiniens-tues-lors-dune-distribution-daide-humanitaire\/","title":{"rendered":"Gaza\/Isra\u00ebl : d\u00e9claration du haut repr\u00e9sentant sur les citoyens palestiniens tu\u00e9s lors d\u2019une distribution d\u2019aide humanitaire"},"content":{"rendered":"<p>et de nombreux autres ont \u00e9t\u00e9 bless\u00e9s alors qu\u2019ils tentaient d\u00e9sesp\u00e9r\u00e9ment d\u2019obtenir de la nourriture aupr\u00e8s d\u2019un convoi, beaucoup d\u2019entre eux ayant \u00e9t\u00e9 victimes des tirs de l\u2019arm\u00e9e isra\u00e9lienne lors de la bousculade qui a suivi. Les tirs de soldats isra\u00e9liens contre des civils tentant d\u2019acc\u00e9der \u00e0 des denr\u00e9es alimentaires sont injustifiables.<\/p>\n<p>&nbsp;<\/p>\n<p>Nous demandons une enqu\u00eate internationale impartiale sur cet \u00e9v\u00e9nement tragique pour faire la lumi\u00e8re sur ces \u00e9v\u00e9nements et sur les responsabilit\u00e9s. En tout \u00e9tat de cause, il incombe \u00e0 Isra\u00ebl de respecter les r\u00e8gles du droit international et de prot\u00e9ger la distribution de l\u2019aide humanitaire aux populations civiles.<\/p>\n<p>&nbsp;<\/p>\n<p>Cet incident est d\u00fb aux restrictions impos\u00e9es par l\u2019arm\u00e9e isra\u00e9lienne et \u00e0 l\u2019obstruction de l\u2019approvisionnement de l\u2019aide humanitaire par des extr\u00e9mistes violents.<\/p>\n<p>&nbsp;<\/p>\n<p>Cet incident extr\u00eamement grave d\u00e9montre que les restrictions \u00e0 l\u2019entr\u00e9e de l\u2019aide humanitaire contribuent \u00e0 entra\u00eener des p\u00e9nuries, la famine et des maladies, mais \u00e9galement un niveau de d\u00e9sespoir qui engendre la violence.<\/p>\n","protected":false},"featured_media":225029,"parent":0,"template":"","news_category":[],"country":[1952],"special_action":[],"custom_tag":[2313],"class_list":["post-226370","news","type-news","status-publish","has-post-thumbnail","hentry","country-palestine-fr","custom_tag-droit-de-lhomme"],"acf":[],"yoast_head":"<!-- This site is optimized with the Yoast SEO plugin v26.5 - https:\/\/yoast.com\/wordpress\/plugins\/seo\/ -->\n<title>Gaza\/Isra\u00ebl : d\u00e9claration du haut repr\u00e9sentant sur les citoyens palestiniens tu\u00e9s lors d\u2019une distribution d\u2019aide humanitaire - Voisins de l&#039;UE<\/title>\n<meta name=\"robots\" content=\"index, follow, max-snippet:-1, max-image-preview:large, max-video-preview:-1\" \/>\n<link rel=\"canonical\" href=\"https:\/\/www.eumedbridge.eu\/fr\/news\/gaza-israel-declaration-du-haut-representant-sur-les-citoyens-palestiniens-tues-lors-dune-distribution-daide-humanitaire\/\" \/>\n<meta property=\"og:locale\" content=\"fr_FR\" \/>\n<meta property=\"og:type\" content=\"article\" \/>\n<meta property=\"og:title\" content=\"Gaza\/Isra\u00ebl : d\u00e9claration du haut repr\u00e9sentant sur les citoyens palestiniens tu\u00e9s lors d\u2019une distribution d\u2019aide humanitaire - Voisins de l&#039;UE\" \/>\n<meta property=\"og:description\" content=\"et de nombreux autres ont \u00e9t\u00e9 bless\u00e9s alors qu\u2019ils tentaient d\u00e9sesp\u00e9r\u00e9ment d\u2019obtenir de la nourriture aupr\u00e8s d\u2019un convoi, beaucoup d\u2019entre eux ayant \u00e9t\u00e9 victimes des tirs de l\u2019arm\u00e9e isra\u00e9lienne lors de la bousculade qui a suivi. Les tirs de soldats isra\u00e9liens contre des civils tentant d\u2019acc\u00e9der \u00e0 des denr\u00e9es alimentaires sont injustifiables. &nbsp; Nous demandons [&hellip;]\" \/>\n<meta property=\"og:url\" content=\"https:\/\/www.eumedbridge.eu\/fr\/news\/gaza-israel-declaration-du-haut-representant-sur-les-citoyens-palestiniens-tues-lors-dune-distribution-daide-humanitaire\/\" \/>\n<meta property=\"og:site_name\" content=\"Voisins de l&#039;UE\" \/>\n<meta property=\"article:publisher\" content=\"https:\/\/www.facebook.com\/eumedbridge\/\" \/>\n<meta property=\"og:image\" content=\"https:\/\/www.eumedbridge.eu\/wp-content\/uploads\/2024\/01\/eu_flag_02.jpg\" \/>\n\t<meta property=\"og:image:width\" content=\"900\" \/>\n\t<meta property=\"og:image:height\" content=\"600\" \/>\n\t<meta property=\"og:image:type\" content=\"image\/jpeg\" \/>\n<meta name=\"twitter:card\" content=\"summary_large_image\" \/>\n<meta name=\"twitter:site\" content=\"@eumedbridge\" \/>\n<meta name=\"twitter:label1\" content=\"Dur\u00e9e de lecture estim\u00e9e\" \/>\n\t<meta name=\"twitter:data1\" content=\"1 minute\" \/>\n<script type=\"application\/ld+json\" class=\"yoast-schema-graph\">{\"@context\":\"https:\/\/schema.org\",\"@graph\":[{\"@type\":\"WebPage\",\"@id\":\"https:\/\/www.eumedbridge.eu\/fr\/news\/gaza-israel-declaration-du-haut-representant-sur-les-citoyens-palestiniens-tues-lors-dune-distribution-daide-humanitaire\/\",\"url\":\"https:\/\/www.eumedbridge.eu\/fr\/news\/gaza-israel-declaration-du-haut-representant-sur-les-citoyens-palestiniens-tues-lors-dune-distribution-daide-humanitaire\/\",\"name\":\"Gaza\/Isra\u00ebl : d\u00e9claration du haut repr\u00e9sentant sur les citoyens palestiniens tu\u00e9s lors d\u2019une distribution d\u2019aide humanitaire - Voisins de l'UE\",\"isPartOf\":{\"@id\":\"https:\/\/www.eumedbridge.eu\/#website\"},\"primaryImageOfPage\":{\"@id\":\"https:\/\/www.eumedbridge.eu\/fr\/news\/gaza-israel-declaration-du-haut-representant-sur-les-citoyens-palestiniens-tues-lors-dune-distribution-daide-humanitaire\/#primaryimage\"},\"image\":{\"@id\":\"https:\/\/www.eumedbridge.eu\/fr\/news\/gaza-israel-declaration-du-haut-representant-sur-les-citoyens-palestiniens-tues-lors-dune-distribution-daide-humanitaire\/#primaryimage\"},\"thumbnailUrl\":\"https:\/\/www.eumedbridge.eu\/wp-content\/uploads\/2024\/01\/eu_flag_02.jpg\",\"datePublished\":\"2024-03-06T19:14:43+00:00\",\"breadcrumb\":{\"@id\":\"https:\/\/www.eumedbridge.eu\/fr\/news\/gaza-israel-declaration-du-haut-representant-sur-les-citoyens-palestiniens-tues-lors-dune-distribution-daide-humanitaire\/#breadcrumb\"},\"inLanguage\":\"fr-FR\",\"potentialAction\":[{\"@type\":\"ReadAction\",\"target\":[\"https:\/\/www.eumedbridge.eu\/fr\/news\/gaza-israel-declaration-du-haut-representant-sur-les-citoyens-palestiniens-tues-lors-dune-distribution-daide-humanitaire\/\"]}]},{\"@type\":\"ImageObject\",\"inLanguage\":\"fr-FR\",\"@id\":\"https:\/\/www.eumedbridge.eu\/fr\/news\/gaza-israel-declaration-du-haut-representant-sur-les-citoyens-palestiniens-tues-lors-dune-distribution-daide-humanitaire\/#primaryimage\",\"url\":\"https:\/\/www.eumedbridge.eu\/wp-content\/uploads\/2024\/01\/eu_flag_02.jpg\",\"contentUrl\":\"https:\/\/www.eumedbridge.eu\/wp-content\/uploads\/2024\/01\/eu_flag_02.jpg\",\"width\":900,\"height\":600},{\"@type\":\"BreadcrumbList\",\"@id\":\"https:\/\/www.eumedbridge.eu\/fr\/news\/gaza-israel-declaration-du-haut-representant-sur-les-citoyens-palestiniens-tues-lors-dune-distribution-daide-humanitaire\/#breadcrumb\",\"itemListElement\":[{\"@type\":\"ListItem\",\"position\":1,\"name\":\"Home\",\"item\":\"https:\/\/www.eumedbridge.eu\/fr\/home-page\/\"},{\"@type\":\"ListItem\",\"position\":2,\"name\":\"Actualit\u00e9s\",\"item\":\"https:\/\/www.eumedbridge.eu\/fr\/news\/\"},{\"@type\":\"ListItem\",\"position\":3,\"name\":\"Gaza\/Isra\u00ebl : d\u00e9claration du haut repr\u00e9sentant sur les citoyens palestiniens tu\u00e9s lors d\u2019une distribution d\u2019aide humanitaire\"}]},{\"@type\":\"WebSite\",\"@id\":\"https:\/\/www.eumedbridge.eu\/#website\",\"url\":\"https:\/\/www.eumedbridge.eu\/\",\"name\":\"EU Medbridge\",\"description\":\"\",\"publisher\":{\"@id\":\"https:\/\/www.eumedbridge.eu\/#organization\"},\"potentialAction\":[{\"@type\":\"SearchAction\",\"target\":{\"@type\":\"EntryPoint\",\"urlTemplate\":\"https:\/\/www.eumedbridge.eu\/?s={search_term_string}\"},\"query-input\":{\"@type\":\"PropertyValueSpecification\",\"valueRequired\":true,\"valueName\":\"search_term_string\"}}],\"inLanguage\":\"fr-FR\"},{\"@type\":\"Organization\",\"@id\":\"https:\/\/www.eumedbridge.eu\/#organization\",\"name\":\"EU Medbridge\",\"url\":\"https:\/\/www.eumedbridge.eu\/\",\"logo\":{\"@type\":\"ImageObject\",\"inLanguage\":\"fr-FR\",\"@id\":\"https:\/\/www.eumedbridge.eu\/#\/schema\/logo\/image\/\",\"url\":\"https:\/\/www.eumedbridge.eu\/wp-content\/uploads\/2021\/12\/Logo.png\",\"contentUrl\":\"https:\/\/www.eumedbridge.eu\/wp-content\/uploads\/2021\/12\/Logo.png\",\"width\":325,\"height\":114,\"caption\":\"EU Medbridge\"},\"image\":{\"@id\":\"https:\/\/www.eumedbridge.eu\/#\/schema\/logo\/image\/\"},\"sameAs\":[\"https:\/\/www.facebook.com\/eumedbridge\/\",\"https:\/\/x.com\/eumedbridge\",\"https:\/\/www.linkedin.com\/company\/eumedbridge\",\"https:\/\/www.youtube.com\/@eumedbridge\",\"https:\/\/www.instagram.com\/eumedbridge\",\"https:\/\/www.flickr.com\/photos\/euneighbours-south\/\"]}]}<\/script>\n<!-- \/ Yoast SEO plugin. -->","yoast_head_json":{"title":"Gaza\/Isra\u00ebl : d\u00e9claration du haut repr\u00e9sentant sur les citoyens palestiniens tu\u00e9s lors d\u2019une distribution d\u2019aide humanitaire - Voisins de l'UE","robots":{"index":"index","follow":"follow","max-snippet":"max-snippet:-1","max-image-preview":"max-image-preview:large","max-video-preview":"max-video-preview:-1"},"canonical":"https:\/\/www.eumedbridge.eu\/fr\/news\/gaza-israel-declaration-du-haut-representant-sur-les-citoyens-palestiniens-tues-lors-dune-distribution-daide-humanitaire\/","og_locale":"fr_FR","og_type":"article","og_title":"Gaza\/Isra\u00ebl : d\u00e9claration du haut repr\u00e9sentant sur les citoyens palestiniens tu\u00e9s lors d\u2019une distribution d\u2019aide humanitaire - Voisins de l'UE","og_description":"et de nombreux autres ont \u00e9t\u00e9 bless\u00e9s alors qu\u2019ils tentaient d\u00e9sesp\u00e9r\u00e9ment d\u2019obtenir de la nourriture aupr\u00e8s d\u2019un convoi, beaucoup d\u2019entre eux ayant \u00e9t\u00e9 victimes des tirs de l\u2019arm\u00e9e isra\u00e9lienne lors de la bousculade qui a suivi. Les tirs de soldats isra\u00e9liens contre des civils tentant d\u2019acc\u00e9der \u00e0 des denr\u00e9es alimentaires sont injustifiables. &nbsp; Nous demandons [&hellip;]","og_url":"https:\/\/www.eumedbridge.eu\/fr\/news\/gaza-israel-declaration-du-haut-representant-sur-les-citoyens-palestiniens-tues-lors-dune-distribution-daide-humanitaire\/","og_site_name":"Voisins de l'UE","article_publisher":"https:\/\/www.facebook.com\/eumedbridge\/","og_image":[{"width":900,"height":600,"url":"https:\/\/www.eumedbridge.eu\/wp-content\/uploads\/2024\/01\/eu_flag_02.jpg","type":"image\/jpeg"}],"twitter_card":"summary_large_image","twitter_site":"@eumedbridge","twitter_misc":{"Dur\u00e9e de lecture estim\u00e9e":"1 minute"},"schema":{"@context":"https:\/\/schema.org","@graph":[{"@type":"WebPage","@id":"https:\/\/www.eumedbridge.eu\/fr\/news\/gaza-israel-declaration-du-haut-representant-sur-les-citoyens-palestiniens-tues-lors-dune-distribution-daide-humanitaire\/","url":"https:\/\/www.eumedbridge.eu\/fr\/news\/gaza-israel-declaration-du-haut-representant-sur-les-citoyens-palestiniens-tues-lors-dune-distribution-daide-humanitaire\/","name":"Gaza\/Isra\u00ebl : d\u00e9claration du haut repr\u00e9sentant sur les citoyens palestiniens tu\u00e9s lors d\u2019une distribution d\u2019aide humanitaire - Voisins de l'UE","isPartOf":{"@id":"https:\/\/www.eumedbridge.eu\/#website"},"primaryImageOfPage":{"@id":"https:\/\/www.eumedbridge.eu\/fr\/news\/gaza-israel-declaration-du-haut-representant-sur-les-citoyens-palestiniens-tues-lors-dune-distribution-daide-humanitaire\/#primaryimage"},"image":{"@id":"https:\/\/www.eumedbridge.eu\/fr\/news\/gaza-israel-declaration-du-haut-representant-sur-les-citoyens-palestiniens-tues-lors-dune-distribution-daide-humanitaire\/#primaryimage"},"thumbnailUrl":"https:\/\/www.eumedbridge.eu\/wp-content\/uploads\/2024\/01\/eu_flag_02.jpg","datePublished":"2024-03-06T19:14:43+00:00","breadcrumb":{"@id":"https:\/\/www.eumedbridge.eu\/fr\/news\/gaza-israel-declaration-du-haut-representant-sur-les-citoyens-palestiniens-tues-lors-dune-distribution-daide-humanitaire\/#breadcrumb"},"inLanguage":"fr-FR","potentialAction":[{"@type":"ReadAction","target":["https:\/\/www.eumedbridge.eu\/fr\/news\/gaza-israel-declaration-du-haut-representant-sur-les-citoyens-palestiniens-tues-lors-dune-distribution-daide-humanitaire\/"]}]},{"@type":"ImageObject","inLanguage":"fr-FR","@id":"https:\/\/www.eumedbridge.eu\/fr\/news\/gaza-israel-declaration-du-haut-representant-sur-les-citoyens-palestiniens-tues-lors-dune-distribution-daide-humanitaire\/#primaryimage","url":"https:\/\/www.eumedbridge.eu\/wp-content\/uploads\/2024\/01\/eu_flag_02.jpg","contentUrl":"https:\/\/www.eumedbridge.eu\/wp-content\/uploads\/2024\/01\/eu_flag_02.jpg","width":900,"height":600},{"@type":"BreadcrumbList","@id":"https:\/\/www.eumedbridge.eu\/fr\/news\/gaza-israel-declaration-du-haut-representant-sur-les-citoyens-palestiniens-tues-lors-dune-distribution-daide-humanitaire\/#breadcrumb","itemListElement":[{"@type":"ListItem","position":1,"name":"Home","item":"https:\/\/www.eumedbridge.eu\/fr\/home-page\/"},{"@type":"ListItem","position":2,"name":"Actualit\u00e9s","item":"https:\/\/www.eumedbridge.eu\/fr\/news\/"},{"@type":"ListItem","position":3,"name":"Gaza\/Isra\u00ebl : d\u00e9claration du haut repr\u00e9sentant sur les citoyens palestiniens tu\u00e9s lors d\u2019une distribution d\u2019aide humanitaire"}]},{"@type":"WebSite","@id":"https:\/\/www.eumedbridge.eu\/#website","url":"https:\/\/www.eumedbridge.eu\/","name":"EU Medbridge","description":"","publisher":{"@id":"https:\/\/www.eumedbridge.eu\/#organization"},"potentialAction":[{"@type":"SearchAction","target":{"@type":"EntryPoint","urlTemplate":"https:\/\/www.eumedbridge.eu\/?s={search_term_string}"},"query-input":{"@type":"PropertyValueSpecification","valueRequired":true,"valueName":"search_term_string"}}],"inLanguage":"fr-FR"},{"@type":"Organization","@id":"https:\/\/www.eumedbridge.eu\/#organization","name":"EU Medbridge","url":"https:\/\/www.eumedbridge.eu\/","logo":{"@type":"ImageObject","inLanguage":"fr-FR","@id":"https:\/\/www.eumedbridge.eu\/#\/schema\/logo\/image\/","url":"https:\/\/www.eumedbridge.eu\/wp-content\/uploads\/2021\/12\/Logo.png","contentUrl":"https:\/\/www.eumedbridge.eu\/wp-content\/uploads\/2021\/12\/Logo.png","width":325,"height":114,"caption":"EU Medbridge"},"image":{"@id":"https:\/\/www.eumedbridge.eu\/#\/schema\/logo\/image\/"},"sameAs":["https:\/\/www.facebook.com\/eumedbridge\/","https:\/\/x.com\/eumedbridge","https:\/\/www.linkedin.com\/company\/eumedbridge","https:\/\/www.youtube.com\/@eumedbridge","https:\/\/www.instagram.com\/eumedbridge","https:\/\/www.flickr.com\/photos\/euneighbours-south\/"]}]}},"_links":{"self":[{"href":"https:\/\/www.eumedbridge.eu\/fr\/wp-json\/wp\/v2\/news\/226370","targetHints":{"allow":["GET"]}}],"collection":[{"href":"https:\/\/www.eumedbridge.eu\/fr\/wp-json\/wp\/v2\/news"}],"about":[{"href":"https:\/\/www.eumedbridge.eu\/fr\/wp-json\/wp\/v2\/types\/news"}],"wp:featuredmedia":[{"embeddable":true,"href":"https:\/\/www.eumedbridge.eu\/fr\/wp-json\/wp\/v2\/media\/225029"}],"wp:attachment":[{"href":"https:\/\/www.eumedbridge.eu\/fr\/wp-json\/wp\/v2\/media?parent=226370"}],"wp:term":[{"taxonomy":"news_category","embeddable":true,"href":"https:\/\/www.eumedbridge.eu\/fr\/wp-json\/wp\/v2\/news_category?post=226370"},{"taxonomy":"country","embeddable":true,"href":"https:\/\/www.eumedbridge.eu\/fr\/wp-json\/wp\/v2\/country?post=226370"},{"taxonomy":"special_action","embeddable":true,"href":"https:\/\/www.eumedbridge.eu\/fr\/wp-json\/wp\/v2\/special_action?post=226370"},{"taxonomy":"custom_tag","embeddable":true,"href":"https:\/\/www.eumedbridge.eu\/fr\/wp-json\/wp\/v2\/custom_tag?post=226370"}],"curies":[{"name":"wp","href":"https:\/\/api.w.org\/{rel}","templated":true}]}}