{"id":229176,"date":"2024-06-11T19:34:23","date_gmt":"2024-06-11T16:34:23","guid":{"rendered":"https:\/\/eumedbridge.eu\/?post_type=news&#038;p=229176"},"modified":"2024-06-11T19:34:23","modified_gmt":"2024-06-11T16:34:23","slug":"premier-forum-des-entreprises-ue-jordanie-a-amman","status":"publish","type":"news","link":"https:\/\/www.eumedbridge.eu\/fr\/news\/premier-forum-des-entreprises-ue-jordanie-a-amman\/","title":{"rendered":"Premier Forum des entreprises UE-Jordanie \u00e0 Amman"},"content":{"rendered":"<p>Le 11\u00a0juin 2024 se tiendra le premier Forum des entreprises UE-Jordanie sous le patronage de Son Altesse Royale le Prince h\u00e9ritier Al\u00a0Hussein\u00a0bin\u00a0Abdullah\u00a0II. Organis\u00e9 par la d\u00e9l\u00e9gation de l\u2019Union europ\u00e9enne au Royaume hach\u00e9mite de Jordanie en collaboration avec le minist\u00e8re de l\u2019Investissement, le forum vise <strong>\u00e0 stimuler la coop\u00e9ration \u00e9conomique, \u00e0 promouvoir les possibilit\u00e9s d\u2019investissement et \u00e0 renforcer les relations commerciales entre l\u2019UE et la Jordanie<\/strong>.<\/p>\n<p>&nbsp;<\/p>\n<p>Dans un message adress\u00e9 avant la tenue du forum, <strong>Kholoud\u00a0Saqqaf, ministre jordanien de l\u2019Investissement<\/strong>, a d\u00e9clar\u00e9\u00a0: \u00ab\u00a0<em>Le Forum des entreprises UE-Jordanie\u00a02024 est un \u00e9v\u00e9nement majeur qui souligne l\u2019engagement de la Jordanie \u00e0 instaurer un environnement favorable aux entreprises et \u00e0 attirer des investissements \u00e9trangers. En collaborant \u00e9troitement avec nos partenaires europ\u00e9ens, nous visons \u00e0 ouvrir de nouvelles voies de croissance \u00e9conomique et d\u2019innovation, et \u00e0 faire de la Jordanie un p\u00f4le d\u2019investissement majeur dans la r\u00e9gion<\/em>\u00a0\u00bb.<\/p>\n<p>&nbsp;<\/p>\n<p>L\u2019<strong>ambassadeur de l\u2019UE, M.\u00a0Chatzisavas<\/strong>, a quant \u00e0 lui d\u00e9clar\u00e9\u00a0: \u00ab\u00a0<em>Le Forum des entreprises UE-Jordanie t\u00e9moigne des relations durables entre la Jordanie et l\u2019Union europ\u00e9enne, qui sont fond\u00e9es sur une vision commune de la prosp\u00e9rit\u00e9 \u00e9conomique et du d\u00e9veloppement durable. Il permettra aux entreprises jordaniennes et europ\u00e9ennes ainsi qu\u2019\u00e0 leurs partenaires de pr\u00e9senter leurs produits et services, tout en <\/em><em>offrant un espace pour approfondir le dialogue entre entreprises\u00a0\u00bb.<\/em><\/p>\n<p>&nbsp;<\/p>\n<p>Ce forum d\u2019une journ\u00e9e r\u00e9unira des acteurs cl\u00e9s des deux r\u00e9gions, notamment des membres de cabinets, la vice-pr\u00e9sidente de la Banque europ\u00e9enne d\u2019investissement, Mme\u00a0Vigliotti, des repr\u00e9sentants de gouvernements, des chefs d\u2019entreprise, des investisseurs, des banques publiques et priv\u00e9es, ainsi que des experts de l\u2019industrie. D\u2019\u00e9minents experts et intervenants discuteront des principaux probl\u00e8mes qui entravent le commerce et les investissements bilat\u00e9raux, ainsi que des moyens concrets de les surmonter. Parmi les sujets abord\u00e9s figureront les possibilit\u00e9s d\u2019investissement pour les entreprises europ\u00e9ennes sur les march\u00e9s jordaniens et r\u00e9gionaux, les <strong>r\u00e9ussites des entreprises europ\u00e9ennes et jordaniennes<\/strong>\u00a0op\u00e9rant dans le Royaume, ainsi que les initiatives durables et les d\u00e9bouch\u00e9s dans les industries vertes, l\u2019\u00e9conomie num\u00e9rique et le commerce.<\/p>\n<p>&nbsp;<\/p>\n<p>Le forum est soutenu par des partenaires majeurs, tels que l\u2019Association des entreprises de Jordanie et d\u2019Europe et d\u2019autres associations d\u2019entreprises.\u00a0Les participants pourront percevoir le lien \u00e9troit entre le forum et les objectifs de la strat\u00e9gie \u00ab\u00a0Global Gateway\u00a0\u00bb, qui vise \u00e0 encourager les investissements dans des infrastructures intelligentes, durables et s\u00fbres \u00e0 l\u2019\u00e9chelle mondiale.<\/p>\n","protected":false},"featured_media":229109,"parent":0,"template":"","news_category":[],"country":[2124],"special_action":[],"custom_tag":[2312,2315,1884,1970,1870],"class_list":["post-229176","news","type-news","status-publish","has-post-thumbnail","hentry","country-jordanie","custom_tag-developpement-durable","custom_tag-emploi-et-entrpreuneuriat","custom_tag-environnement-et-changement-climatique","custom_tag-jeunesse","custom_tag-societe-civile"],"acf":[],"yoast_head":"<!-- This site is optimized with the Yoast SEO plugin v26.5 - https:\/\/yoast.com\/wordpress\/plugins\/seo\/ -->\n<title>Premier Forum des entreprises UE-Jordanie \u00e0 Amman - Voisins de l&#039;UE<\/title>\n<meta name=\"robots\" content=\"index, follow, max-snippet:-1, max-image-preview:large, max-video-preview:-1\" \/>\n<link rel=\"canonical\" href=\"https:\/\/www.eumedbridge.eu\/fr\/news\/premier-forum-des-entreprises-ue-jordanie-a-amman\/\" \/>\n<meta property=\"og:locale\" content=\"fr_FR\" \/>\n<meta property=\"og:type\" content=\"article\" \/>\n<meta property=\"og:title\" content=\"Premier Forum des entreprises UE-Jordanie \u00e0 Amman - Voisins de l&#039;UE\" \/>\n<meta property=\"og:description\" content=\"Le 11\u00a0juin 2024 se tiendra le premier Forum des entreprises UE-Jordanie sous le patronage de Son Altesse Royale le Prince h\u00e9ritier Al\u00a0Hussein\u00a0bin\u00a0Abdullah\u00a0II. Organis\u00e9 par la d\u00e9l\u00e9gation de l\u2019Union europ\u00e9enne au Royaume hach\u00e9mite de Jordanie en collaboration avec le minist\u00e8re de l\u2019Investissement, le forum vise \u00e0 stimuler la coop\u00e9ration \u00e9conomique, \u00e0 promouvoir les possibilit\u00e9s d\u2019investissement et [&hellip;]\" \/>\n<meta property=\"og:url\" content=\"https:\/\/www.eumedbridge.eu\/fr\/news\/premier-forum-des-entreprises-ue-jordanie-a-amman\/\" \/>\n<meta property=\"og:site_name\" content=\"Voisins de l&#039;UE\" \/>\n<meta property=\"article:publisher\" content=\"https:\/\/www.facebook.com\/eumedbridge\/\" \/>\n<meta property=\"og:image\" content=\"https:\/\/www.eumedbridge.eu\/wp-content\/uploads\/2024\/06\/Capture-decran-2024-06-09-a-12.03.49-PM.png\" \/>\n\t<meta property=\"og:image:width\" content=\"2374\" \/>\n\t<meta property=\"og:image:height\" content=\"1344\" \/>\n\t<meta property=\"og:image:type\" content=\"image\/png\" \/>\n<meta name=\"twitter:card\" content=\"summary_large_image\" \/>\n<meta name=\"twitter:site\" content=\"@eumedbridge\" \/>\n<meta name=\"twitter:label1\" content=\"Dur\u00e9e de lecture estim\u00e9e\" \/>\n\t<meta name=\"twitter:data1\" content=\"2 minutes\" \/>\n<script type=\"application\/ld+json\" class=\"yoast-schema-graph\">{\"@context\":\"https:\/\/schema.org\",\"@graph\":[{\"@type\":\"WebPage\",\"@id\":\"https:\/\/www.eumedbridge.eu\/fr\/news\/premier-forum-des-entreprises-ue-jordanie-a-amman\/\",\"url\":\"https:\/\/www.eumedbridge.eu\/fr\/news\/premier-forum-des-entreprises-ue-jordanie-a-amman\/\",\"name\":\"Premier Forum des entreprises UE-Jordanie \u00e0 Amman - Voisins de l'UE\",\"isPartOf\":{\"@id\":\"https:\/\/www.eumedbridge.eu\/#website\"},\"primaryImageOfPage\":{\"@id\":\"https:\/\/www.eumedbridge.eu\/fr\/news\/premier-forum-des-entreprises-ue-jordanie-a-amman\/#primaryimage\"},\"image\":{\"@id\":\"https:\/\/www.eumedbridge.eu\/fr\/news\/premier-forum-des-entreprises-ue-jordanie-a-amman\/#primaryimage\"},\"thumbnailUrl\":\"https:\/\/www.eumedbridge.eu\/wp-content\/uploads\/2024\/06\/Capture-decran-2024-06-09-a-12.03.49-PM.png\",\"datePublished\":\"2024-06-11T16:34:23+00:00\",\"breadcrumb\":{\"@id\":\"https:\/\/www.eumedbridge.eu\/fr\/news\/premier-forum-des-entreprises-ue-jordanie-a-amman\/#breadcrumb\"},\"inLanguage\":\"fr-FR\",\"potentialAction\":[{\"@type\":\"ReadAction\",\"target\":[\"https:\/\/www.eumedbridge.eu\/fr\/news\/premier-forum-des-entreprises-ue-jordanie-a-amman\/\"]}]},{\"@type\":\"ImageObject\",\"inLanguage\":\"fr-FR\",\"@id\":\"https:\/\/www.eumedbridge.eu\/fr\/news\/premier-forum-des-entreprises-ue-jordanie-a-amman\/#primaryimage\",\"url\":\"https:\/\/www.eumedbridge.eu\/wp-content\/uploads\/2024\/06\/Capture-decran-2024-06-09-a-12.03.49-PM.png\",\"contentUrl\":\"https:\/\/www.eumedbridge.eu\/wp-content\/uploads\/2024\/06\/Capture-decran-2024-06-09-a-12.03.49-PM.png\",\"width\":2374,\"height\":1344},{\"@type\":\"BreadcrumbList\",\"@id\":\"https:\/\/www.eumedbridge.eu\/fr\/news\/premier-forum-des-entreprises-ue-jordanie-a-amman\/#breadcrumb\",\"itemListElement\":[{\"@type\":\"ListItem\",\"position\":1,\"name\":\"Home\",\"item\":\"https:\/\/www.eumedbridge.eu\/fr\/home-page\/\"},{\"@type\":\"ListItem\",\"position\":2,\"name\":\"Actualit\u00e9s\",\"item\":\"https:\/\/www.eumedbridge.eu\/fr\/news\/\"},{\"@type\":\"ListItem\",\"position\":3,\"name\":\"Premier Forum des entreprises UE-Jordanie \u00e0 Amman\"}]},{\"@type\":\"WebSite\",\"@id\":\"https:\/\/www.eumedbridge.eu\/#website\",\"url\":\"https:\/\/www.eumedbridge.eu\/\",\"name\":\"EU Medbridge\",\"description\":\"\",\"publisher\":{\"@id\":\"https:\/\/www.eumedbridge.eu\/#organization\"},\"potentialAction\":[{\"@type\":\"SearchAction\",\"target\":{\"@type\":\"EntryPoint\",\"urlTemplate\":\"https:\/\/www.eumedbridge.eu\/?s={search_term_string}\"},\"query-input\":{\"@type\":\"PropertyValueSpecification\",\"valueRequired\":true,\"valueName\":\"search_term_string\"}}],\"inLanguage\":\"fr-FR\"},{\"@type\":\"Organization\",\"@id\":\"https:\/\/www.eumedbridge.eu\/#organization\",\"name\":\"EU Medbridge\",\"url\":\"https:\/\/www.eumedbridge.eu\/\",\"logo\":{\"@type\":\"ImageObject\",\"inLanguage\":\"fr-FR\",\"@id\":\"https:\/\/www.eumedbridge.eu\/#\/schema\/logo\/image\/\",\"url\":\"https:\/\/www.eumedbridge.eu\/wp-content\/uploads\/2021\/12\/Logo.png\",\"contentUrl\":\"https:\/\/www.eumedbridge.eu\/wp-content\/uploads\/2021\/12\/Logo.png\",\"width\":325,\"height\":114,\"caption\":\"EU Medbridge\"},\"image\":{\"@id\":\"https:\/\/www.eumedbridge.eu\/#\/schema\/logo\/image\/\"},\"sameAs\":[\"https:\/\/www.facebook.com\/eumedbridge\/\",\"https:\/\/x.com\/eumedbridge\",\"https:\/\/www.linkedin.com\/company\/eumedbridge\",\"https:\/\/www.youtube.com\/@eumedbridge\",\"https:\/\/www.instagram.com\/eumedbridge\",\"https:\/\/www.flickr.com\/photos\/euneighbours-south\/\"]}]}<\/script>\n<!-- \/ Yoast SEO plugin. -->","yoast_head_json":{"title":"Premier Forum des entreprises UE-Jordanie \u00e0 Amman - Voisins de l'UE","robots":{"index":"index","follow":"follow","max-snippet":"max-snippet:-1","max-image-preview":"max-image-preview:large","max-video-preview":"max-video-preview:-1"},"canonical":"https:\/\/www.eumedbridge.eu\/fr\/news\/premier-forum-des-entreprises-ue-jordanie-a-amman\/","og_locale":"fr_FR","og_type":"article","og_title":"Premier Forum des entreprises UE-Jordanie \u00e0 Amman - Voisins de l'UE","og_description":"Le 11\u00a0juin 2024 se tiendra le premier Forum des entreprises UE-Jordanie sous le patronage de Son Altesse Royale le Prince h\u00e9ritier Al\u00a0Hussein\u00a0bin\u00a0Abdullah\u00a0II. Organis\u00e9 par la d\u00e9l\u00e9gation de l\u2019Union europ\u00e9enne au Royaume hach\u00e9mite de Jordanie en collaboration avec le minist\u00e8re de l\u2019Investissement, le forum vise \u00e0 stimuler la coop\u00e9ration \u00e9conomique, \u00e0 promouvoir les possibilit\u00e9s d\u2019investissement et [&hellip;]","og_url":"https:\/\/www.eumedbridge.eu\/fr\/news\/premier-forum-des-entreprises-ue-jordanie-a-amman\/","og_site_name":"Voisins de l'UE","article_publisher":"https:\/\/www.facebook.com\/eumedbridge\/","og_image":[{"width":2374,"height":1344,"url":"https:\/\/www.eumedbridge.eu\/wp-content\/uploads\/2024\/06\/Capture-decran-2024-06-09-a-12.03.49-PM.png","type":"image\/png"}],"twitter_card":"summary_large_image","twitter_site":"@eumedbridge","twitter_misc":{"Dur\u00e9e de lecture estim\u00e9e":"2 minutes"},"schema":{"@context":"https:\/\/schema.org","@graph":[{"@type":"WebPage","@id":"https:\/\/www.eumedbridge.eu\/fr\/news\/premier-forum-des-entreprises-ue-jordanie-a-amman\/","url":"https:\/\/www.eumedbridge.eu\/fr\/news\/premier-forum-des-entreprises-ue-jordanie-a-amman\/","name":"Premier Forum des entreprises UE-Jordanie \u00e0 Amman - Voisins de l'UE","isPartOf":{"@id":"https:\/\/www.eumedbridge.eu\/#website"},"primaryImageOfPage":{"@id":"https:\/\/www.eumedbridge.eu\/fr\/news\/premier-forum-des-entreprises-ue-jordanie-a-amman\/#primaryimage"},"image":{"@id":"https:\/\/www.eumedbridge.eu\/fr\/news\/premier-forum-des-entreprises-ue-jordanie-a-amman\/#primaryimage"},"thumbnailUrl":"https:\/\/www.eumedbridge.eu\/wp-content\/uploads\/2024\/06\/Capture-decran-2024-06-09-a-12.03.49-PM.png","datePublished":"2024-06-11T16:34:23+00:00","breadcrumb":{"@id":"https:\/\/www.eumedbridge.eu\/fr\/news\/premier-forum-des-entreprises-ue-jordanie-a-amman\/#breadcrumb"},"inLanguage":"fr-FR","potentialAction":[{"@type":"ReadAction","target":["https:\/\/www.eumedbridge.eu\/fr\/news\/premier-forum-des-entreprises-ue-jordanie-a-amman\/"]}]},{"@type":"ImageObject","inLanguage":"fr-FR","@id":"https:\/\/www.eumedbridge.eu\/fr\/news\/premier-forum-des-entreprises-ue-jordanie-a-amman\/#primaryimage","url":"https:\/\/www.eumedbridge.eu\/wp-content\/uploads\/2024\/06\/Capture-decran-2024-06-09-a-12.03.49-PM.png","contentUrl":"https:\/\/www.eumedbridge.eu\/wp-content\/uploads\/2024\/06\/Capture-decran-2024-06-09-a-12.03.49-PM.png","width":2374,"height":1344},{"@type":"BreadcrumbList","@id":"https:\/\/www.eumedbridge.eu\/fr\/news\/premier-forum-des-entreprises-ue-jordanie-a-amman\/#breadcrumb","itemListElement":[{"@type":"ListItem","position":1,"name":"Home","item":"https:\/\/www.eumedbridge.eu\/fr\/home-page\/"},{"@type":"ListItem","position":2,"name":"Actualit\u00e9s","item":"https:\/\/www.eumedbridge.eu\/fr\/news\/"},{"@type":"ListItem","position":3,"name":"Premier Forum des entreprises UE-Jordanie \u00e0 Amman"}]},{"@type":"WebSite","@id":"https:\/\/www.eumedbridge.eu\/#website","url":"https:\/\/www.eumedbridge.eu\/","name":"EU Medbridge","description":"","publisher":{"@id":"https:\/\/www.eumedbridge.eu\/#organization"},"potentialAction":[{"@type":"SearchAction","target":{"@type":"EntryPoint","urlTemplate":"https:\/\/www.eumedbridge.eu\/?s={search_term_string}"},"query-input":{"@type":"PropertyValueSpecification","valueRequired":true,"valueName":"search_term_string"}}],"inLanguage":"fr-FR"},{"@type":"Organization","@id":"https:\/\/www.eumedbridge.eu\/#organization","name":"EU Medbridge","url":"https:\/\/www.eumedbridge.eu\/","logo":{"@type":"ImageObject","inLanguage":"fr-FR","@id":"https:\/\/www.eumedbridge.eu\/#\/schema\/logo\/image\/","url":"https:\/\/www.eumedbridge.eu\/wp-content\/uploads\/2021\/12\/Logo.png","contentUrl":"https:\/\/www.eumedbridge.eu\/wp-content\/uploads\/2021\/12\/Logo.png","width":325,"height":114,"caption":"EU Medbridge"},"image":{"@id":"https:\/\/www.eumedbridge.eu\/#\/schema\/logo\/image\/"},"sameAs":["https:\/\/www.facebook.com\/eumedbridge\/","https:\/\/x.com\/eumedbridge","https:\/\/www.linkedin.com\/company\/eumedbridge","https:\/\/www.youtube.com\/@eumedbridge","https:\/\/www.instagram.com\/eumedbridge","https:\/\/www.flickr.com\/photos\/euneighbours-south\/"]}]}},"_links":{"self":[{"href":"https:\/\/www.eumedbridge.eu\/fr\/wp-json\/wp\/v2\/news\/229176","targetHints":{"allow":["GET"]}}],"collection":[{"href":"https:\/\/www.eumedbridge.eu\/fr\/wp-json\/wp\/v2\/news"}],"about":[{"href":"https:\/\/www.eumedbridge.eu\/fr\/wp-json\/wp\/v2\/types\/news"}],"wp:featuredmedia":[{"embeddable":true,"href":"https:\/\/www.eumedbridge.eu\/fr\/wp-json\/wp\/v2\/media\/229109"}],"wp:attachment":[{"href":"https:\/\/www.eumedbridge.eu\/fr\/wp-json\/wp\/v2\/media?parent=229176"}],"wp:term":[{"taxonomy":"news_category","embeddable":true,"href":"https:\/\/www.eumedbridge.eu\/fr\/wp-json\/wp\/v2\/news_category?post=229176"},{"taxonomy":"country","embeddable":true,"href":"https:\/\/www.eumedbridge.eu\/fr\/wp-json\/wp\/v2\/country?post=229176"},{"taxonomy":"special_action","embeddable":true,"href":"https:\/\/www.eumedbridge.eu\/fr\/wp-json\/wp\/v2\/special_action?post=229176"},{"taxonomy":"custom_tag","embeddable":true,"href":"https:\/\/www.eumedbridge.eu\/fr\/wp-json\/wp\/v2\/custom_tag?post=229176"}],"curies":[{"name":"wp","href":"https:\/\/api.w.org\/{rel}","templated":true}]}}