{"id":230008,"date":"2024-07-01T13:33:34","date_gmt":"2024-07-01T10:33:34","guid":{"rendered":"https:\/\/eumedbridge.eu\/?post_type=news&#038;p=230008"},"modified":"2024-07-01T13:33:34","modified_gmt":"2024-07-01T10:33:34","slug":"leudif-celebre-cinq-annees-de-developpement-des-diasporas-aux-effets-concrets","status":"publish","type":"news","link":"https:\/\/www.eumedbridge.eu\/fr\/news\/leudif-celebre-cinq-annees-de-developpement-des-diasporas-aux-effets-concrets\/","title":{"rendered":"L\u2019EUDiF c\u00e9l\u00e8bre cinq ann\u00e9es de d\u00e9veloppement des diasporas aux effets concrets"},"content":{"rendered":"<p>Le 19\u00a0juin 2024 a marqu\u00e9 le cinqui\u00e8me anniversaire de la cr\u00e9ation de la <strong>Facilit\u00e9 de l\u2019UE pour les diasporas<\/strong> (EUDiF), bas\u00e9e au bureau du Centre international pour le d\u00e9veloppement des politiques migratoires (<a href=\"https:\/\/www.icmpd.org\/\"><strong>CIDPM<\/strong><\/a>) de Bruxelles. Simultan\u00e9ment, l\u2019EUDiF a c\u00e9l\u00e9br\u00e9 la fin de sa premi\u00e8re phase et entam\u00e9 la deuxi\u00e8me pour poursuivre ses travaux visant \u00e0 soutenir un \u00e9cosyst\u00e8me de d\u00e9veloppement des diasporas inform\u00e9, inclusif et efficace.<\/p>\n<p>&nbsp;<\/p>\n<p>&nbsp;<\/p>\n<p>L\u2019engagement des diasporas, qui offre un \u00e9norme potentiel pour le d\u00e9veloppement, est un sujet sur lequel travaille le CIDPM depuis plusieurs d\u00e9cennies. Le CIDPM met en \u0153uvre la Facilit\u00e9 de l\u2019Union europ\u00e9enne pour les diasporas (EUDiF) depuis sa cr\u00e9ation en juin 2019. L\u2019EUDiF, qui en est \u00e0 sa cinqui\u00e8me ann\u00e9e d\u2019existence, continue de se renforcer alors qu\u2019elle entame sa deuxi\u00e8me phase, financ\u00e9e par l\u2019Union europ\u00e9enne.<\/p>\n<p>&nbsp;<\/p>\n<p>&nbsp;<\/p>\n<p>Au cours des cinq premi\u00e8res ann\u00e9es, le projet a g\u00e9n\u00e9r\u00e9 \u00e9norm\u00e9ment de connaissances, dirig\u00e9 et inform\u00e9 des dialogues r\u00e9gionaux et internationaux, et men\u00e9 des actions par l\u2019interm\u00e9diaire d\u2019un ensemble diversifi\u00e9 de micro-projets ax\u00e9s sur le renforcement des capacit\u00e9s.<\/p>\n<p>&nbsp;<\/p>\n<p>&nbsp;<\/p>\n<p>&nbsp;<\/p>\n<p>Avec plus de 220\u00a0publications, le site web de l\u2019EUDiF, <a href=\"https:\/\/diasporafordevelopment.eu\/\">diasporafordevelpment.eu<\/a>, est le site de r\u00e9f\u00e9rence pour acc\u00e9der aux connaissances sur l\u2019engagement des diasporas d\u2019Afrique, d\u2019Asie, d\u2019Europe de l\u2019Est et d\u2019Europe centrale, d\u2019Am\u00e9rique latine et des Cara\u00efbes, du Moyen-Orient, et du Pacifique. Ces connaissances ont permis d\u2019alimenter des discussions approfondies avec plus de 4\u00a0000\u00a0participants aux dialogues et aux activit\u00e9s. En outre, l\u2019EUDiF a \u00e9tudi\u00e9 des domaines nouveaux de l\u2019engagement des diasporas au moyen de 5\u00a0\u00e9tudes de cas et de 16\u00a0projets consacr\u00e9s \u00e0 la transition \u00e9cologique, aux partenariats de talents, au tourisme li\u00e9 au patrimoine, \u00e0 l\u2019entrepreneuriat des jeunes et \u00e0 de nombreux autres domaines.<\/p>\n","protected":false},"featured_media":229755,"parent":0,"template":"","news_category":[],"country":[1956],"special_action":[],"custom_tag":[2821],"class_list":["post-230008","news","type-news","status-publish","has-post-thumbnail","hentry","country-region-sud","custom_tag-migration-fr"],"acf":[],"yoast_head":"<!-- This site is optimized with the Yoast SEO plugin v26.5 - https:\/\/yoast.com\/wordpress\/plugins\/seo\/ -->\n<title>L\u2019EUDiF c\u00e9l\u00e8bre cinq ann\u00e9es de d\u00e9veloppement des diasporas aux effets concrets - Voisins de l&#039;UE<\/title>\n<meta name=\"robots\" content=\"index, follow, max-snippet:-1, max-image-preview:large, max-video-preview:-1\" \/>\n<link rel=\"canonical\" href=\"https:\/\/www.eumedbridge.eu\/fr\/news\/leudif-celebre-cinq-annees-de-developpement-des-diasporas-aux-effets-concrets\/\" \/>\n<meta property=\"og:locale\" content=\"fr_FR\" \/>\n<meta property=\"og:type\" content=\"article\" \/>\n<meta property=\"og:title\" content=\"L\u2019EUDiF c\u00e9l\u00e8bre cinq ann\u00e9es de d\u00e9veloppement des diasporas aux effets concrets - Voisins de l&#039;UE\" \/>\n<meta property=\"og:description\" content=\"Le 19\u00a0juin 2024 a marqu\u00e9 le cinqui\u00e8me anniversaire de la cr\u00e9ation de la Facilit\u00e9 de l\u2019UE pour les diasporas (EUDiF), bas\u00e9e au bureau du Centre international pour le d\u00e9veloppement des politiques migratoires (CIDPM) de Bruxelles. Simultan\u00e9ment, l\u2019EUDiF a c\u00e9l\u00e9br\u00e9 la fin de sa premi\u00e8re phase et entam\u00e9 la deuxi\u00e8me pour poursuivre ses travaux visant \u00e0 [&hellip;]\" \/>\n<meta property=\"og:url\" content=\"https:\/\/www.eumedbridge.eu\/fr\/news\/leudif-celebre-cinq-annees-de-developpement-des-diasporas-aux-effets-concrets\/\" \/>\n<meta property=\"og:site_name\" content=\"Voisins de l&#039;UE\" \/>\n<meta property=\"article:publisher\" content=\"https:\/\/www.facebook.com\/eumedbridge\/\" \/>\n<meta property=\"og:image\" content=\"https:\/\/www.eumedbridge.eu\/wp-content\/uploads\/2024\/06\/Capture-decran-2024-06-24-110229.png\" \/>\n\t<meta property=\"og:image:width\" content=\"1071\" \/>\n\t<meta property=\"og:image:height\" content=\"482\" \/>\n\t<meta property=\"og:image:type\" content=\"image\/png\" \/>\n<meta name=\"twitter:card\" content=\"summary_large_image\" \/>\n<meta name=\"twitter:site\" content=\"@eumedbridge\" \/>\n<meta name=\"twitter:label1\" content=\"Dur\u00e9e de lecture estim\u00e9e\" \/>\n\t<meta name=\"twitter:data1\" content=\"2 minutes\" \/>\n<script type=\"application\/ld+json\" class=\"yoast-schema-graph\">{\"@context\":\"https:\/\/schema.org\",\"@graph\":[{\"@type\":\"WebPage\",\"@id\":\"https:\/\/www.eumedbridge.eu\/fr\/news\/leudif-celebre-cinq-annees-de-developpement-des-diasporas-aux-effets-concrets\/\",\"url\":\"https:\/\/www.eumedbridge.eu\/fr\/news\/leudif-celebre-cinq-annees-de-developpement-des-diasporas-aux-effets-concrets\/\",\"name\":\"L\u2019EUDiF c\u00e9l\u00e8bre cinq ann\u00e9es de d\u00e9veloppement des diasporas aux effets concrets - Voisins de l'UE\",\"isPartOf\":{\"@id\":\"https:\/\/www.eumedbridge.eu\/#website\"},\"primaryImageOfPage\":{\"@id\":\"https:\/\/www.eumedbridge.eu\/fr\/news\/leudif-celebre-cinq-annees-de-developpement-des-diasporas-aux-effets-concrets\/#primaryimage\"},\"image\":{\"@id\":\"https:\/\/www.eumedbridge.eu\/fr\/news\/leudif-celebre-cinq-annees-de-developpement-des-diasporas-aux-effets-concrets\/#primaryimage\"},\"thumbnailUrl\":\"https:\/\/www.eumedbridge.eu\/wp-content\/uploads\/2024\/06\/Capture-decran-2024-06-24-110229.png\",\"datePublished\":\"2024-07-01T10:33:34+00:00\",\"breadcrumb\":{\"@id\":\"https:\/\/www.eumedbridge.eu\/fr\/news\/leudif-celebre-cinq-annees-de-developpement-des-diasporas-aux-effets-concrets\/#breadcrumb\"},\"inLanguage\":\"fr-FR\",\"potentialAction\":[{\"@type\":\"ReadAction\",\"target\":[\"https:\/\/www.eumedbridge.eu\/fr\/news\/leudif-celebre-cinq-annees-de-developpement-des-diasporas-aux-effets-concrets\/\"]}]},{\"@type\":\"ImageObject\",\"inLanguage\":\"fr-FR\",\"@id\":\"https:\/\/www.eumedbridge.eu\/fr\/news\/leudif-celebre-cinq-annees-de-developpement-des-diasporas-aux-effets-concrets\/#primaryimage\",\"url\":\"https:\/\/www.eumedbridge.eu\/wp-content\/uploads\/2024\/06\/Capture-decran-2024-06-24-110229.png\",\"contentUrl\":\"https:\/\/www.eumedbridge.eu\/wp-content\/uploads\/2024\/06\/Capture-decran-2024-06-24-110229.png\",\"width\":1071,\"height\":482},{\"@type\":\"BreadcrumbList\",\"@id\":\"https:\/\/www.eumedbridge.eu\/fr\/news\/leudif-celebre-cinq-annees-de-developpement-des-diasporas-aux-effets-concrets\/#breadcrumb\",\"itemListElement\":[{\"@type\":\"ListItem\",\"position\":1,\"name\":\"Home\",\"item\":\"https:\/\/www.eumedbridge.eu\/fr\/home-page\/\"},{\"@type\":\"ListItem\",\"position\":2,\"name\":\"Actualit\u00e9s\",\"item\":\"https:\/\/www.eumedbridge.eu\/fr\/news\/\"},{\"@type\":\"ListItem\",\"position\":3,\"name\":\"L\u2019EUDiF c\u00e9l\u00e8bre cinq ann\u00e9es de d\u00e9veloppement des diasporas aux effets concrets\"}]},{\"@type\":\"WebSite\",\"@id\":\"https:\/\/www.eumedbridge.eu\/#website\",\"url\":\"https:\/\/www.eumedbridge.eu\/\",\"name\":\"EU Medbridge\",\"description\":\"\",\"publisher\":{\"@id\":\"https:\/\/www.eumedbridge.eu\/#organization\"},\"potentialAction\":[{\"@type\":\"SearchAction\",\"target\":{\"@type\":\"EntryPoint\",\"urlTemplate\":\"https:\/\/www.eumedbridge.eu\/?s={search_term_string}\"},\"query-input\":{\"@type\":\"PropertyValueSpecification\",\"valueRequired\":true,\"valueName\":\"search_term_string\"}}],\"inLanguage\":\"fr-FR\"},{\"@type\":\"Organization\",\"@id\":\"https:\/\/www.eumedbridge.eu\/#organization\",\"name\":\"EU Medbridge\",\"url\":\"https:\/\/www.eumedbridge.eu\/\",\"logo\":{\"@type\":\"ImageObject\",\"inLanguage\":\"fr-FR\",\"@id\":\"https:\/\/www.eumedbridge.eu\/#\/schema\/logo\/image\/\",\"url\":\"https:\/\/www.eumedbridge.eu\/wp-content\/uploads\/2021\/12\/Logo.png\",\"contentUrl\":\"https:\/\/www.eumedbridge.eu\/wp-content\/uploads\/2021\/12\/Logo.png\",\"width\":325,\"height\":114,\"caption\":\"EU Medbridge\"},\"image\":{\"@id\":\"https:\/\/www.eumedbridge.eu\/#\/schema\/logo\/image\/\"},\"sameAs\":[\"https:\/\/www.facebook.com\/eumedbridge\/\",\"https:\/\/x.com\/eumedbridge\",\"https:\/\/www.linkedin.com\/company\/eumedbridge\",\"https:\/\/www.youtube.com\/@eumedbridge\",\"https:\/\/www.instagram.com\/eumedbridge\",\"https:\/\/www.flickr.com\/photos\/euneighbours-south\/\"]}]}<\/script>\n<!-- \/ Yoast SEO plugin. -->","yoast_head_json":{"title":"L\u2019EUDiF c\u00e9l\u00e8bre cinq ann\u00e9es de d\u00e9veloppement des diasporas aux effets concrets - Voisins de l'UE","robots":{"index":"index","follow":"follow","max-snippet":"max-snippet:-1","max-image-preview":"max-image-preview:large","max-video-preview":"max-video-preview:-1"},"canonical":"https:\/\/www.eumedbridge.eu\/fr\/news\/leudif-celebre-cinq-annees-de-developpement-des-diasporas-aux-effets-concrets\/","og_locale":"fr_FR","og_type":"article","og_title":"L\u2019EUDiF c\u00e9l\u00e8bre cinq ann\u00e9es de d\u00e9veloppement des diasporas aux effets concrets - Voisins de l'UE","og_description":"Le 19\u00a0juin 2024 a marqu\u00e9 le cinqui\u00e8me anniversaire de la cr\u00e9ation de la Facilit\u00e9 de l\u2019UE pour les diasporas (EUDiF), bas\u00e9e au bureau du Centre international pour le d\u00e9veloppement des politiques migratoires (CIDPM) de Bruxelles. Simultan\u00e9ment, l\u2019EUDiF a c\u00e9l\u00e9br\u00e9 la fin de sa premi\u00e8re phase et entam\u00e9 la deuxi\u00e8me pour poursuivre ses travaux visant \u00e0 [&hellip;]","og_url":"https:\/\/www.eumedbridge.eu\/fr\/news\/leudif-celebre-cinq-annees-de-developpement-des-diasporas-aux-effets-concrets\/","og_site_name":"Voisins de l'UE","article_publisher":"https:\/\/www.facebook.com\/eumedbridge\/","og_image":[{"width":1071,"height":482,"url":"https:\/\/www.eumedbridge.eu\/wp-content\/uploads\/2024\/06\/Capture-decran-2024-06-24-110229.png","type":"image\/png"}],"twitter_card":"summary_large_image","twitter_site":"@eumedbridge","twitter_misc":{"Dur\u00e9e de lecture estim\u00e9e":"2 minutes"},"schema":{"@context":"https:\/\/schema.org","@graph":[{"@type":"WebPage","@id":"https:\/\/www.eumedbridge.eu\/fr\/news\/leudif-celebre-cinq-annees-de-developpement-des-diasporas-aux-effets-concrets\/","url":"https:\/\/www.eumedbridge.eu\/fr\/news\/leudif-celebre-cinq-annees-de-developpement-des-diasporas-aux-effets-concrets\/","name":"L\u2019EUDiF c\u00e9l\u00e8bre cinq ann\u00e9es de d\u00e9veloppement des diasporas aux effets concrets - Voisins de l'UE","isPartOf":{"@id":"https:\/\/www.eumedbridge.eu\/#website"},"primaryImageOfPage":{"@id":"https:\/\/www.eumedbridge.eu\/fr\/news\/leudif-celebre-cinq-annees-de-developpement-des-diasporas-aux-effets-concrets\/#primaryimage"},"image":{"@id":"https:\/\/www.eumedbridge.eu\/fr\/news\/leudif-celebre-cinq-annees-de-developpement-des-diasporas-aux-effets-concrets\/#primaryimage"},"thumbnailUrl":"https:\/\/www.eumedbridge.eu\/wp-content\/uploads\/2024\/06\/Capture-decran-2024-06-24-110229.png","datePublished":"2024-07-01T10:33:34+00:00","breadcrumb":{"@id":"https:\/\/www.eumedbridge.eu\/fr\/news\/leudif-celebre-cinq-annees-de-developpement-des-diasporas-aux-effets-concrets\/#breadcrumb"},"inLanguage":"fr-FR","potentialAction":[{"@type":"ReadAction","target":["https:\/\/www.eumedbridge.eu\/fr\/news\/leudif-celebre-cinq-annees-de-developpement-des-diasporas-aux-effets-concrets\/"]}]},{"@type":"ImageObject","inLanguage":"fr-FR","@id":"https:\/\/www.eumedbridge.eu\/fr\/news\/leudif-celebre-cinq-annees-de-developpement-des-diasporas-aux-effets-concrets\/#primaryimage","url":"https:\/\/www.eumedbridge.eu\/wp-content\/uploads\/2024\/06\/Capture-decran-2024-06-24-110229.png","contentUrl":"https:\/\/www.eumedbridge.eu\/wp-content\/uploads\/2024\/06\/Capture-decran-2024-06-24-110229.png","width":1071,"height":482},{"@type":"BreadcrumbList","@id":"https:\/\/www.eumedbridge.eu\/fr\/news\/leudif-celebre-cinq-annees-de-developpement-des-diasporas-aux-effets-concrets\/#breadcrumb","itemListElement":[{"@type":"ListItem","position":1,"name":"Home","item":"https:\/\/www.eumedbridge.eu\/fr\/home-page\/"},{"@type":"ListItem","position":2,"name":"Actualit\u00e9s","item":"https:\/\/www.eumedbridge.eu\/fr\/news\/"},{"@type":"ListItem","position":3,"name":"L\u2019EUDiF c\u00e9l\u00e8bre cinq ann\u00e9es de d\u00e9veloppement des diasporas aux effets concrets"}]},{"@type":"WebSite","@id":"https:\/\/www.eumedbridge.eu\/#website","url":"https:\/\/www.eumedbridge.eu\/","name":"EU Medbridge","description":"","publisher":{"@id":"https:\/\/www.eumedbridge.eu\/#organization"},"potentialAction":[{"@type":"SearchAction","target":{"@type":"EntryPoint","urlTemplate":"https:\/\/www.eumedbridge.eu\/?s={search_term_string}"},"query-input":{"@type":"PropertyValueSpecification","valueRequired":true,"valueName":"search_term_string"}}],"inLanguage":"fr-FR"},{"@type":"Organization","@id":"https:\/\/www.eumedbridge.eu\/#organization","name":"EU Medbridge","url":"https:\/\/www.eumedbridge.eu\/","logo":{"@type":"ImageObject","inLanguage":"fr-FR","@id":"https:\/\/www.eumedbridge.eu\/#\/schema\/logo\/image\/","url":"https:\/\/www.eumedbridge.eu\/wp-content\/uploads\/2021\/12\/Logo.png","contentUrl":"https:\/\/www.eumedbridge.eu\/wp-content\/uploads\/2021\/12\/Logo.png","width":325,"height":114,"caption":"EU Medbridge"},"image":{"@id":"https:\/\/www.eumedbridge.eu\/#\/schema\/logo\/image\/"},"sameAs":["https:\/\/www.facebook.com\/eumedbridge\/","https:\/\/x.com\/eumedbridge","https:\/\/www.linkedin.com\/company\/eumedbridge","https:\/\/www.youtube.com\/@eumedbridge","https:\/\/www.instagram.com\/eumedbridge","https:\/\/www.flickr.com\/photos\/euneighbours-south\/"]}]}},"_links":{"self":[{"href":"https:\/\/www.eumedbridge.eu\/fr\/wp-json\/wp\/v2\/news\/230008","targetHints":{"allow":["GET"]}}],"collection":[{"href":"https:\/\/www.eumedbridge.eu\/fr\/wp-json\/wp\/v2\/news"}],"about":[{"href":"https:\/\/www.eumedbridge.eu\/fr\/wp-json\/wp\/v2\/types\/news"}],"wp:featuredmedia":[{"embeddable":true,"href":"https:\/\/www.eumedbridge.eu\/fr\/wp-json\/wp\/v2\/media\/229755"}],"wp:attachment":[{"href":"https:\/\/www.eumedbridge.eu\/fr\/wp-json\/wp\/v2\/media?parent=230008"}],"wp:term":[{"taxonomy":"news_category","embeddable":true,"href":"https:\/\/www.eumedbridge.eu\/fr\/wp-json\/wp\/v2\/news_category?post=230008"},{"taxonomy":"country","embeddable":true,"href":"https:\/\/www.eumedbridge.eu\/fr\/wp-json\/wp\/v2\/country?post=230008"},{"taxonomy":"special_action","embeddable":true,"href":"https:\/\/www.eumedbridge.eu\/fr\/wp-json\/wp\/v2\/special_action?post=230008"},{"taxonomy":"custom_tag","embeddable":true,"href":"https:\/\/www.eumedbridge.eu\/fr\/wp-json\/wp\/v2\/custom_tag?post=230008"}],"curies":[{"name":"wp","href":"https:\/\/api.w.org\/{rel}","templated":true}]}}