{"id":230304,"date":"2024-07-07T22:27:07","date_gmt":"2024-07-07T19:27:07","guid":{"rendered":"https:\/\/eumedbridge.eu\/?post_type=news&#038;p=230304"},"modified":"2024-07-07T22:27:07","modified_gmt":"2024-07-07T19:27:07","slug":"medreg-soutient-la-mise-en-place-du-regulateur-libanais-de-lenergie","status":"publish","type":"news","link":"https:\/\/www.eumedbridge.eu\/fr\/news\/medreg-soutient-la-mise-en-place-du-regulateur-libanais-de-lenergie\/","title":{"rendered":"MEDREG soutient la mise en place du r\u00e9gulateur libanais de l\u2019\u00e9nergie"},"content":{"rendered":"<p><span style=\"font-weight: 400;\">Alors que le Liban est en train de mettre en place son autorit\u00e9 de r\u00e9gulation dans le secteur de l\u2019\u00e9nergie, il doit observer les diff\u00e9rentes exp\u00e9riences dans le domaine de la r\u00e9gulation et conna\u00eetre les obstacles rencontr\u00e9s lors de la cr\u00e9ation d\u2019autres r\u00e9gulateurs de l\u2019\u00e9nergie.<\/span><\/p>\n<p><span style=\"font-weight: 400;\">\u00a0<\/span><\/p>\n<p><span style=\"font-weight: 400;\">C\u2019est dans ce contexte que le <\/span><b>Centre libanais pour la conservation de l\u2019\u00e9nergie (CLCE) a effectu\u00e9 une visite \u00e0 la Commission de r\u00e9gulation de l\u2019\u00e9nergie (CRE) de la France<\/b><span style=\"font-weight: 400;\">, \u00e0 Paris du 2 au 4\u00a0juillet, pour discuter de son exp\u00e9rience et comprendre comment elle a \u00e9labor\u00e9 les strat\u00e9gies de r\u00e9gulation en France.<\/span><\/p>\n<p><span style=\"font-weight: 400;\">\u00a0<\/span><\/p>\n<p><span style=\"font-weight: 400;\">Cette visite d\u2019\u00e9tude a couvert plusieurs sujets, tels que <\/span><b>les missions et l\u2019organisation de la CRE<\/b><span style=\"font-weight: 400;\">, sa <\/span><b>gouvernance<\/b><span style=\"font-weight: 400;\">, les pratiques en mati\u00e8re de <\/span><b>protection des consommateurs<\/b><span style=\"font-weight: 400;\">, l\u2019<\/span><b>\u00e9volution des missions et des m\u00e9thodes de fixation des prix<\/b><span style=\"font-weight: 400;\">, <\/span><b>le budget et les finances<\/b><span style=\"font-weight: 400;\">, <\/span><b>les ressources humaines<\/b><span style=\"font-weight: 400;\">, et les <\/span><b>aspects concernant l\u2019\u00e9thique et la conformit\u00e9<\/b><span style=\"font-weight: 400;\">.<\/span><\/p>\n<p><span style=\"font-weight: 400;\">\u00a0<\/span><\/p>\n<p><span style=\"font-weight: 400;\">La d\u00e9l\u00e9gation du CLCE a \u00e9galement visit\u00e9 le Centre national d\u2019exploitation du r\u00e9seau de transport d\u2019\u00e9lectricit\u00e9 (RTE) fran\u00e7ais.\u00a0<\/span><\/p>\n<p><span style=\"font-weight: 400;\">\u00a0<\/span><\/p>\n<p><span style=\"font-weight: 400;\">L\u2019objectif \u00e9tait d\u2019<\/span><b>apporter \u00e0 la d\u00e9l\u00e9gation libanaise des informations utiles en \u00e9tudiant le d\u00e9veloppement d\u2019autres march\u00e9s<\/b><span style=\"font-weight: 400;\"> et <\/span><b>en adaptant l\u2019exp\u00e9rience europ\u00e9enne aux circonstances du Liban<\/b><span style=\"font-weight: 400;\">.<\/span><\/p>\n<p><span style=\"font-weight: 400;\">\u00a0<\/span><\/p>\n<p><span style=\"font-weight: 400;\">Cette visite d\u2019\u00e9tude a \u00e9t\u00e9 organis\u00e9e dans le cadre du soutien continu apport\u00e9 par MEDREG \u00e0 ses membres gr\u00e2ce \u00e0 l\u2019\u00e9change d\u2019exp\u00e9riences et de bonnes pratiques entre pairs, afin de renforcer leurs capacit\u00e9s techniques et r\u00e9glementaires en tant que leviers du d\u00e9veloppement de leurs r\u00e9glementations dans le secteur de l\u2019\u00e9nergie.<\/span><\/p>\n","protected":false},"featured_media":230254,"parent":0,"template":"","news_category":[],"country":[1949],"special_action":[],"custom_tag":[2315],"class_list":["post-230304","news","type-news","status-publish","has-post-thumbnail","hentry","country-liban","custom_tag-emploi-et-entrpreuneuriat"],"acf":[],"yoast_head":"<!-- This site is optimized with the Yoast SEO plugin v26.5 - https:\/\/yoast.com\/wordpress\/plugins\/seo\/ -->\n<title>MEDREG soutient la mise en place du r\u00e9gulateur libanais de l\u2019\u00e9nergie - Voisins de l&#039;UE<\/title>\n<meta name=\"robots\" content=\"index, follow, max-snippet:-1, max-image-preview:large, max-video-preview:-1\" \/>\n<link rel=\"canonical\" href=\"https:\/\/www.eumedbridge.eu\/fr\/news\/medreg-soutient-la-mise-en-place-du-regulateur-libanais-de-lenergie\/\" \/>\n<meta property=\"og:locale\" content=\"fr_FR\" \/>\n<meta property=\"og:type\" content=\"article\" \/>\n<meta property=\"og:title\" content=\"MEDREG soutient la mise en place du r\u00e9gulateur libanais de l\u2019\u00e9nergie - Voisins de l&#039;UE\" \/>\n<meta property=\"og:description\" content=\"Alors que le Liban est en train de mettre en place son autorit\u00e9 de r\u00e9gulation dans le secteur de l\u2019\u00e9nergie, il doit observer les diff\u00e9rentes exp\u00e9riences dans le domaine de la r\u00e9gulation et conna\u00eetre les obstacles rencontr\u00e9s lors de la cr\u00e9ation d\u2019autres r\u00e9gulateurs de l\u2019\u00e9nergie. \u00a0 C\u2019est dans ce contexte que le Centre libanais pour [&hellip;]\" \/>\n<meta property=\"og:url\" content=\"https:\/\/www.eumedbridge.eu\/fr\/news\/medreg-soutient-la-mise-en-place-du-regulateur-libanais-de-lenergie\/\" \/>\n<meta property=\"og:site_name\" content=\"Voisins de l&#039;UE\" \/>\n<meta property=\"article:publisher\" content=\"https:\/\/www.facebook.com\/eumedbridge\/\" \/>\n<meta property=\"og:image\" content=\"https:\/\/www.eumedbridge.eu\/wp-content\/uploads\/2024\/07\/2-Site-Visit-RTE-CNES-03-07-24.jpg\" \/>\n\t<meta property=\"og:image:width\" content=\"2400\" \/>\n\t<meta property=\"og:image:height\" content=\"1348\" \/>\n\t<meta property=\"og:image:type\" content=\"image\/jpeg\" \/>\n<meta name=\"twitter:card\" content=\"summary_large_image\" \/>\n<meta name=\"twitter:site\" content=\"@eumedbridge\" \/>\n<meta name=\"twitter:label1\" content=\"Dur\u00e9e de lecture estim\u00e9e\" \/>\n\t<meta name=\"twitter:data1\" content=\"2 minutes\" \/>\n<script type=\"application\/ld+json\" class=\"yoast-schema-graph\">{\"@context\":\"https:\/\/schema.org\",\"@graph\":[{\"@type\":\"WebPage\",\"@id\":\"https:\/\/www.eumedbridge.eu\/fr\/news\/medreg-soutient-la-mise-en-place-du-regulateur-libanais-de-lenergie\/\",\"url\":\"https:\/\/www.eumedbridge.eu\/fr\/news\/medreg-soutient-la-mise-en-place-du-regulateur-libanais-de-lenergie\/\",\"name\":\"MEDREG soutient la mise en place du r\u00e9gulateur libanais de l\u2019\u00e9nergie - Voisins de l'UE\",\"isPartOf\":{\"@id\":\"https:\/\/www.eumedbridge.eu\/#website\"},\"primaryImageOfPage\":{\"@id\":\"https:\/\/www.eumedbridge.eu\/fr\/news\/medreg-soutient-la-mise-en-place-du-regulateur-libanais-de-lenergie\/#primaryimage\"},\"image\":{\"@id\":\"https:\/\/www.eumedbridge.eu\/fr\/news\/medreg-soutient-la-mise-en-place-du-regulateur-libanais-de-lenergie\/#primaryimage\"},\"thumbnailUrl\":\"https:\/\/www.eumedbridge.eu\/wp-content\/uploads\/2024\/07\/2-Site-Visit-RTE-CNES-03-07-24.jpg\",\"datePublished\":\"2024-07-07T19:27:07+00:00\",\"breadcrumb\":{\"@id\":\"https:\/\/www.eumedbridge.eu\/fr\/news\/medreg-soutient-la-mise-en-place-du-regulateur-libanais-de-lenergie\/#breadcrumb\"},\"inLanguage\":\"fr-FR\",\"potentialAction\":[{\"@type\":\"ReadAction\",\"target\":[\"https:\/\/www.eumedbridge.eu\/fr\/news\/medreg-soutient-la-mise-en-place-du-regulateur-libanais-de-lenergie\/\"]}]},{\"@type\":\"ImageObject\",\"inLanguage\":\"fr-FR\",\"@id\":\"https:\/\/www.eumedbridge.eu\/fr\/news\/medreg-soutient-la-mise-en-place-du-regulateur-libanais-de-lenergie\/#primaryimage\",\"url\":\"https:\/\/www.eumedbridge.eu\/wp-content\/uploads\/2024\/07\/2-Site-Visit-RTE-CNES-03-07-24.jpg\",\"contentUrl\":\"https:\/\/www.eumedbridge.eu\/wp-content\/uploads\/2024\/07\/2-Site-Visit-RTE-CNES-03-07-24.jpg\",\"width\":2400,\"height\":1348},{\"@type\":\"BreadcrumbList\",\"@id\":\"https:\/\/www.eumedbridge.eu\/fr\/news\/medreg-soutient-la-mise-en-place-du-regulateur-libanais-de-lenergie\/#breadcrumb\",\"itemListElement\":[{\"@type\":\"ListItem\",\"position\":1,\"name\":\"Home\",\"item\":\"https:\/\/www.eumedbridge.eu\/fr\/home-page\/\"},{\"@type\":\"ListItem\",\"position\":2,\"name\":\"Actualit\u00e9s\",\"item\":\"https:\/\/www.eumedbridge.eu\/fr\/news\/\"},{\"@type\":\"ListItem\",\"position\":3,\"name\":\"MEDREG soutient la mise en place du r\u00e9gulateur libanais de l\u2019\u00e9nergie\"}]},{\"@type\":\"WebSite\",\"@id\":\"https:\/\/www.eumedbridge.eu\/#website\",\"url\":\"https:\/\/www.eumedbridge.eu\/\",\"name\":\"EU Medbridge\",\"description\":\"\",\"publisher\":{\"@id\":\"https:\/\/www.eumedbridge.eu\/#organization\"},\"potentialAction\":[{\"@type\":\"SearchAction\",\"target\":{\"@type\":\"EntryPoint\",\"urlTemplate\":\"https:\/\/www.eumedbridge.eu\/?s={search_term_string}\"},\"query-input\":{\"@type\":\"PropertyValueSpecification\",\"valueRequired\":true,\"valueName\":\"search_term_string\"}}],\"inLanguage\":\"fr-FR\"},{\"@type\":\"Organization\",\"@id\":\"https:\/\/www.eumedbridge.eu\/#organization\",\"name\":\"EU Medbridge\",\"url\":\"https:\/\/www.eumedbridge.eu\/\",\"logo\":{\"@type\":\"ImageObject\",\"inLanguage\":\"fr-FR\",\"@id\":\"https:\/\/www.eumedbridge.eu\/#\/schema\/logo\/image\/\",\"url\":\"https:\/\/www.eumedbridge.eu\/wp-content\/uploads\/2021\/12\/Logo.png\",\"contentUrl\":\"https:\/\/www.eumedbridge.eu\/wp-content\/uploads\/2021\/12\/Logo.png\",\"width\":325,\"height\":114,\"caption\":\"EU Medbridge\"},\"image\":{\"@id\":\"https:\/\/www.eumedbridge.eu\/#\/schema\/logo\/image\/\"},\"sameAs\":[\"https:\/\/www.facebook.com\/eumedbridge\/\",\"https:\/\/x.com\/eumedbridge\",\"https:\/\/www.linkedin.com\/company\/eumedbridge\",\"https:\/\/www.youtube.com\/@eumedbridge\",\"https:\/\/www.instagram.com\/eumedbridge\",\"https:\/\/www.flickr.com\/photos\/euneighbours-south\/\"]}]}<\/script>\n<!-- \/ Yoast SEO plugin. -->","yoast_head_json":{"title":"MEDREG soutient la mise en place du r\u00e9gulateur libanais de l\u2019\u00e9nergie - Voisins de l'UE","robots":{"index":"index","follow":"follow","max-snippet":"max-snippet:-1","max-image-preview":"max-image-preview:large","max-video-preview":"max-video-preview:-1"},"canonical":"https:\/\/www.eumedbridge.eu\/fr\/news\/medreg-soutient-la-mise-en-place-du-regulateur-libanais-de-lenergie\/","og_locale":"fr_FR","og_type":"article","og_title":"MEDREG soutient la mise en place du r\u00e9gulateur libanais de l\u2019\u00e9nergie - Voisins de l'UE","og_description":"Alors que le Liban est en train de mettre en place son autorit\u00e9 de r\u00e9gulation dans le secteur de l\u2019\u00e9nergie, il doit observer les diff\u00e9rentes exp\u00e9riences dans le domaine de la r\u00e9gulation et conna\u00eetre les obstacles rencontr\u00e9s lors de la cr\u00e9ation d\u2019autres r\u00e9gulateurs de l\u2019\u00e9nergie. \u00a0 C\u2019est dans ce contexte que le Centre libanais pour [&hellip;]","og_url":"https:\/\/www.eumedbridge.eu\/fr\/news\/medreg-soutient-la-mise-en-place-du-regulateur-libanais-de-lenergie\/","og_site_name":"Voisins de l'UE","article_publisher":"https:\/\/www.facebook.com\/eumedbridge\/","og_image":[{"width":2400,"height":1348,"url":"https:\/\/www.eumedbridge.eu\/wp-content\/uploads\/2024\/07\/2-Site-Visit-RTE-CNES-03-07-24.jpg","type":"image\/jpeg"}],"twitter_card":"summary_large_image","twitter_site":"@eumedbridge","twitter_misc":{"Dur\u00e9e de lecture estim\u00e9e":"2 minutes"},"schema":{"@context":"https:\/\/schema.org","@graph":[{"@type":"WebPage","@id":"https:\/\/www.eumedbridge.eu\/fr\/news\/medreg-soutient-la-mise-en-place-du-regulateur-libanais-de-lenergie\/","url":"https:\/\/www.eumedbridge.eu\/fr\/news\/medreg-soutient-la-mise-en-place-du-regulateur-libanais-de-lenergie\/","name":"MEDREG soutient la mise en place du r\u00e9gulateur libanais de l\u2019\u00e9nergie - Voisins de l'UE","isPartOf":{"@id":"https:\/\/www.eumedbridge.eu\/#website"},"primaryImageOfPage":{"@id":"https:\/\/www.eumedbridge.eu\/fr\/news\/medreg-soutient-la-mise-en-place-du-regulateur-libanais-de-lenergie\/#primaryimage"},"image":{"@id":"https:\/\/www.eumedbridge.eu\/fr\/news\/medreg-soutient-la-mise-en-place-du-regulateur-libanais-de-lenergie\/#primaryimage"},"thumbnailUrl":"https:\/\/www.eumedbridge.eu\/wp-content\/uploads\/2024\/07\/2-Site-Visit-RTE-CNES-03-07-24.jpg","datePublished":"2024-07-07T19:27:07+00:00","breadcrumb":{"@id":"https:\/\/www.eumedbridge.eu\/fr\/news\/medreg-soutient-la-mise-en-place-du-regulateur-libanais-de-lenergie\/#breadcrumb"},"inLanguage":"fr-FR","potentialAction":[{"@type":"ReadAction","target":["https:\/\/www.eumedbridge.eu\/fr\/news\/medreg-soutient-la-mise-en-place-du-regulateur-libanais-de-lenergie\/"]}]},{"@type":"ImageObject","inLanguage":"fr-FR","@id":"https:\/\/www.eumedbridge.eu\/fr\/news\/medreg-soutient-la-mise-en-place-du-regulateur-libanais-de-lenergie\/#primaryimage","url":"https:\/\/www.eumedbridge.eu\/wp-content\/uploads\/2024\/07\/2-Site-Visit-RTE-CNES-03-07-24.jpg","contentUrl":"https:\/\/www.eumedbridge.eu\/wp-content\/uploads\/2024\/07\/2-Site-Visit-RTE-CNES-03-07-24.jpg","width":2400,"height":1348},{"@type":"BreadcrumbList","@id":"https:\/\/www.eumedbridge.eu\/fr\/news\/medreg-soutient-la-mise-en-place-du-regulateur-libanais-de-lenergie\/#breadcrumb","itemListElement":[{"@type":"ListItem","position":1,"name":"Home","item":"https:\/\/www.eumedbridge.eu\/fr\/home-page\/"},{"@type":"ListItem","position":2,"name":"Actualit\u00e9s","item":"https:\/\/www.eumedbridge.eu\/fr\/news\/"},{"@type":"ListItem","position":3,"name":"MEDREG soutient la mise en place du r\u00e9gulateur libanais de l\u2019\u00e9nergie"}]},{"@type":"WebSite","@id":"https:\/\/www.eumedbridge.eu\/#website","url":"https:\/\/www.eumedbridge.eu\/","name":"EU Medbridge","description":"","publisher":{"@id":"https:\/\/www.eumedbridge.eu\/#organization"},"potentialAction":[{"@type":"SearchAction","target":{"@type":"EntryPoint","urlTemplate":"https:\/\/www.eumedbridge.eu\/?s={search_term_string}"},"query-input":{"@type":"PropertyValueSpecification","valueRequired":true,"valueName":"search_term_string"}}],"inLanguage":"fr-FR"},{"@type":"Organization","@id":"https:\/\/www.eumedbridge.eu\/#organization","name":"EU Medbridge","url":"https:\/\/www.eumedbridge.eu\/","logo":{"@type":"ImageObject","inLanguage":"fr-FR","@id":"https:\/\/www.eumedbridge.eu\/#\/schema\/logo\/image\/","url":"https:\/\/www.eumedbridge.eu\/wp-content\/uploads\/2021\/12\/Logo.png","contentUrl":"https:\/\/www.eumedbridge.eu\/wp-content\/uploads\/2021\/12\/Logo.png","width":325,"height":114,"caption":"EU Medbridge"},"image":{"@id":"https:\/\/www.eumedbridge.eu\/#\/schema\/logo\/image\/"},"sameAs":["https:\/\/www.facebook.com\/eumedbridge\/","https:\/\/x.com\/eumedbridge","https:\/\/www.linkedin.com\/company\/eumedbridge","https:\/\/www.youtube.com\/@eumedbridge","https:\/\/www.instagram.com\/eumedbridge","https:\/\/www.flickr.com\/photos\/euneighbours-south\/"]}]}},"_links":{"self":[{"href":"https:\/\/www.eumedbridge.eu\/fr\/wp-json\/wp\/v2\/news\/230304","targetHints":{"allow":["GET"]}}],"collection":[{"href":"https:\/\/www.eumedbridge.eu\/fr\/wp-json\/wp\/v2\/news"}],"about":[{"href":"https:\/\/www.eumedbridge.eu\/fr\/wp-json\/wp\/v2\/types\/news"}],"wp:featuredmedia":[{"embeddable":true,"href":"https:\/\/www.eumedbridge.eu\/fr\/wp-json\/wp\/v2\/media\/230254"}],"wp:attachment":[{"href":"https:\/\/www.eumedbridge.eu\/fr\/wp-json\/wp\/v2\/media?parent=230304"}],"wp:term":[{"taxonomy":"news_category","embeddable":true,"href":"https:\/\/www.eumedbridge.eu\/fr\/wp-json\/wp\/v2\/news_category?post=230304"},{"taxonomy":"country","embeddable":true,"href":"https:\/\/www.eumedbridge.eu\/fr\/wp-json\/wp\/v2\/country?post=230304"},{"taxonomy":"special_action","embeddable":true,"href":"https:\/\/www.eumedbridge.eu\/fr\/wp-json\/wp\/v2\/special_action?post=230304"},{"taxonomy":"custom_tag","embeddable":true,"href":"https:\/\/www.eumedbridge.eu\/fr\/wp-json\/wp\/v2\/custom_tag?post=230304"}],"curies":[{"name":"wp","href":"https:\/\/api.w.org\/{rel}","templated":true}]}}