{"id":231801,"date":"2024-09-16T11:03:34","date_gmt":"2024-09-16T08:03:34","guid":{"rendered":"https:\/\/eumedbridge.eu\/?post_type=news&#038;p=231801"},"modified":"2024-09-16T11:03:34","modified_gmt":"2024-09-16T08:03:34","slug":"declaration-a-loccasion-de-la-journee-internationale-pour-la-protection-de-leducation-contre-les-attaques","status":"publish","type":"news","link":"https:\/\/www.eumedbridge.eu\/fr\/news\/declaration-a-loccasion-de-la-journee-internationale-pour-la-protection-de-leducation-contre-les-attaques\/","title":{"rendered":"D\u00e9claration \u00e0 l\u2019occasion de la Journ\u00e9e internationale pour la protection de l\u2019\u00e9ducation contre les attaques"},"content":{"rendered":"<p><span style=\"font-weight: 400;\">Le commissaire \u00e0 la gestion des crises, Janez\u00a0<\/span><b>Lenar\u010di\u010d<\/b><span style=\"font-weight: 400;\">, a publi\u00e9 la d\u00e9claration suivante\u00a0:<\/span><\/p>\n<p><i><span style=\"font-weight: 400;\">\u00ab\u00a0\u00c0 l\u2019occasion de la Journ\u00e9e internationale pour la protection de l\u2019\u00e9ducation contre les attaques, l\u2019UE rappelle que les attaques contre l\u2019\u00e9ducation privent les enfants de leur droit fondamental \u00e0 l\u2019apprentissage, ont une incidence sur leur d\u00e9veloppement imm\u00e9diat et \u00e0 long terme et les privent d\u2019un avenir meilleur et plus pacifique. Il est dramatique de constater que le nombre d\u2019attaques contre des \u00e9coles et des \u00e9tablissements d\u2019enseignement a consid\u00e9rablement augment\u00e9, ce qui constitue une violation du droit international humanitaire.<\/span><\/i><\/p>\n<p><span style=\"font-weight: 400;\">\u00a0<\/span><\/p>\n<p><i><span style=\"font-weight: 400;\">La coalition mondiale pour la protection de l\u2019\u00e9ducation contre les attaques a recens\u00e9 environ 6\u00a0000\u00a0attaques contre des \u00e9tudiants, des \u00e9ducateurs, des \u00e9coles et des universit\u00e9s en 2022 et 2023, soit une moyenne de 8\u00a0attaques par jour et une augmentation de pr\u00e8s de 20\u00a0% par rapport aux deux ann\u00e9es pr\u00e9c\u00e9dentes. Plus de 10\u00a0000\u00a0\u00e9tudiants et \u00e9ducateurs auraient \u00e9t\u00e9 tu\u00e9s, bless\u00e9s, enlev\u00e9s, arr\u00eat\u00e9s ou pris pour cible lors d\u2019attaques contre l\u2019\u00e9ducation en 2022 et 2023.\u00a0<\/span><\/i><\/p>\n<p><span style=\"font-weight: 400;\">\u00a0<\/span><\/p>\n<p><i><span style=\"font-weight: 400;\">L\u2019invasion \u00e0 grande \u00e9chelle de l\u2019Ukraine par la Russie a d\u00e9vast\u00e9 les \u00e9coles et les jardins d\u2019enfants dans tout le pays. Depuis f\u00e9vrier 2022, plus de 3\u00a0790\u00a0\u00e9tablissements d\u2019enseignement ont \u00e9t\u00e9 endommag\u00e9s ou d\u00e9truits.<\/span><\/i><\/p>\n<p><span style=\"font-weight: 400;\">\u00a0<\/span><\/p>\n<p><i><span style=\"font-weight: 400;\">\u00c0 Gaza, plus de 92\u00a0% de l\u2019ensemble des b\u00e2timents scolaires ont \u00e9t\u00e9 endommag\u00e9s ou d\u00e9truits. Toutes les universit\u00e9s ont \u00e9galement \u00e9t\u00e9 d\u00e9truites. C\u2019est pourquoi, en juin 2024, l\u2019UE, conjointement avec les missions de la Jordanie et de la Belgique, a lanc\u00e9 un appel \u00e0 l\u2019action en faveur des enfants palestiniens en Cisjordanie et \u00e0 Gaza afin de sensibiliser le public et d\u2019augmenter l\u2019aide humanitaire.<\/span><\/i><\/p>\n<p><span style=\"font-weight: 400;\">\u00a0<\/span><\/p>\n<p><i><span style=\"font-weight: 400;\">L\u2019UE r\u00e9affirme sa volont\u00e9 in\u00e9branlable de continuer \u00e0 promouvoir et \u00e0 prot\u00e9ger le droit de chaque enfant \u00e0 grandir dans un environnement s\u00fbr et \u00e0 avoir acc\u00e8s \u00e0 l\u2019\u00e9ducation, comme l\u2019exige le droit international et conform\u00e9ment \u00e0 la r\u00e9solution\u00a02601 du Conseil de s\u00e9curit\u00e9 de l\u2019ONU.\u00a0 Conform\u00e9ment aux<\/span><\/i> <a href=\"https:\/\/www.eeas.europa.eu\/sites\/default\/files\/documents\/2024\/EEAS-EU-Guidelines-CAAC.pdf\"><i><span style=\"font-weight: 400;\">orientations de l\u2019UE sur les enfants face aux conflits arm\u00e9s<\/span><\/i><\/a><i><span style=\"font-weight: 400;\">, qui ont \u00e9t\u00e9 r\u00e9vis\u00e9es r\u00e9cemment, l\u2019UE continue de pr\u00e9voir des mesures globales de protection de l\u2019enfance, de pr\u00e9server l\u2019\u00e9ducation des enfants dans les zones de conflit arm\u00e9 et de soutenir la mise en \u0153uvre des engagements pris dans le cadre de la d\u00e9claration sur la s\u00e9curit\u00e9 des \u00e9coles. L\u2019ann\u00e9e derni\u00e8re, l\u2019UE a investi plus de 162\u00a0millions d\u2019euros pour l\u2019\u00e9ducation dans des projets li\u00e9s \u00e0 des situations d\u2019urgence donnant acc\u00e8s \u00e0 un apprentissage s\u00fbr et de qualit\u00e9, ainsi qu\u2019\u00e0 un soutien psychosocial. Le montant \u00e9galement consacr\u00e9 par l\u2019UE \u00e0 des activit\u00e9s de protection de l\u2019enfance est estim\u00e9 \u00e0 142\u00a0millions d\u2019euros, ce qui repr\u00e9sentait pr\u00e8s de 42\u00a0% du budget total pour la protection dans le cadre de l\u2019aide humanitaire de l\u2019UE.\u00a0\u00bb<\/span><\/i><\/p>\n<p>&nbsp;<\/p>\n","protected":false},"featured_media":231673,"parent":0,"template":"","news_category":[],"country":[1956],"special_action":[],"custom_tag":[2313,1970],"class_list":["post-231801","news","type-news","status-publish","has-post-thumbnail","hentry","country-region-sud","custom_tag-droit-de-lhomme","custom_tag-jeunesse"],"acf":[],"yoast_head":"<!-- This site is optimized with the Yoast SEO plugin v26.5 - https:\/\/yoast.com\/wordpress\/plugins\/seo\/ -->\n<title>D\u00e9claration \u00e0 l\u2019occasion de la Journ\u00e9e internationale pour la protection de l\u2019\u00e9ducation contre les attaques - Voisins de l&#039;UE<\/title>\n<meta name=\"robots\" content=\"index, follow, max-snippet:-1, max-image-preview:large, max-video-preview:-1\" \/>\n<link rel=\"canonical\" href=\"https:\/\/www.eumedbridge.eu\/news\/statement-on-the-international-day-to-protect-education-from-attack\/\" \/>\n<meta property=\"og:locale\" content=\"fr_FR\" \/>\n<meta property=\"og:type\" content=\"article\" \/>\n<meta property=\"og:title\" content=\"D\u00e9claration \u00e0 l\u2019occasion de la Journ\u00e9e internationale pour la protection de l\u2019\u00e9ducation contre les attaques - Voisins de l&#039;UE\" \/>\n<meta property=\"og:description\" content=\"Le commissaire \u00e0 la gestion des crises, Janez\u00a0Lenar\u010di\u010d, a publi\u00e9 la d\u00e9claration suivante\u00a0: \u00ab\u00a0\u00c0 l\u2019occasion de la Journ\u00e9e internationale pour la protection de l\u2019\u00e9ducation contre les attaques, l\u2019UE rappelle que les attaques contre l\u2019\u00e9ducation privent les enfants de leur droit fondamental \u00e0 l\u2019apprentissage, ont une incidence sur leur d\u00e9veloppement imm\u00e9diat et \u00e0 long terme et [&hellip;]\" \/>\n<meta property=\"og:url\" content=\"https:\/\/www.eumedbridge.eu\/news\/statement-on-the-international-day-to-protect-education-from-attack\/\" \/>\n<meta property=\"og:site_name\" content=\"Voisins de l&#039;UE\" \/>\n<meta property=\"article:publisher\" content=\"https:\/\/www.facebook.com\/eumedbridge\/\" \/>\n<meta property=\"og:image\" content=\"https:\/\/www.eumedbridge.eu\/wp-content\/uploads\/2024\/09\/lenarcic_podium_web.jpg\" \/>\n\t<meta property=\"og:image:width\" content=\"700\" \/>\n\t<meta property=\"og:image:height\" content=\"300\" \/>\n\t<meta property=\"og:image:type\" content=\"image\/jpeg\" \/>\n<meta name=\"twitter:card\" content=\"summary_large_image\" \/>\n<meta name=\"twitter:site\" content=\"@eumedbridge\" \/>\n<meta name=\"twitter:label1\" content=\"Dur\u00e9e de lecture estim\u00e9e\" \/>\n\t<meta name=\"twitter:data1\" content=\"2 minutes\" \/>\n<script type=\"application\/ld+json\" class=\"yoast-schema-graph\">{\"@context\":\"https:\/\/schema.org\",\"@graph\":[{\"@type\":\"WebPage\",\"@id\":\"https:\/\/www.eumedbridge.eu\/news\/statement-on-the-international-day-to-protect-education-from-attack\/\",\"url\":\"https:\/\/www.eumedbridge.eu\/news\/statement-on-the-international-day-to-protect-education-from-attack\/\",\"name\":\"D\u00e9claration \u00e0 l\u2019occasion de la Journ\u00e9e internationale pour la protection de l\u2019\u00e9ducation contre les attaques - Voisins de l'UE\",\"isPartOf\":{\"@id\":\"https:\/\/www.eumedbridge.eu\/#website\"},\"primaryImageOfPage\":{\"@id\":\"https:\/\/www.eumedbridge.eu\/news\/statement-on-the-international-day-to-protect-education-from-attack\/#primaryimage\"},\"image\":{\"@id\":\"https:\/\/www.eumedbridge.eu\/news\/statement-on-the-international-day-to-protect-education-from-attack\/#primaryimage\"},\"thumbnailUrl\":\"https:\/\/www.eumedbridge.eu\/wp-content\/uploads\/2024\/09\/lenarcic_podium_web.jpg\",\"datePublished\":\"2024-09-16T08:03:34+00:00\",\"breadcrumb\":{\"@id\":\"https:\/\/www.eumedbridge.eu\/news\/statement-on-the-international-day-to-protect-education-from-attack\/#breadcrumb\"},\"inLanguage\":\"fr-FR\",\"potentialAction\":[{\"@type\":\"ReadAction\",\"target\":[\"https:\/\/www.eumedbridge.eu\/news\/statement-on-the-international-day-to-protect-education-from-attack\/\"]}]},{\"@type\":\"ImageObject\",\"inLanguage\":\"fr-FR\",\"@id\":\"https:\/\/www.eumedbridge.eu\/news\/statement-on-the-international-day-to-protect-education-from-attack\/#primaryimage\",\"url\":\"https:\/\/www.eumedbridge.eu\/wp-content\/uploads\/2024\/09\/lenarcic_podium_web.jpg\",\"contentUrl\":\"https:\/\/www.eumedbridge.eu\/wp-content\/uploads\/2024\/09\/lenarcic_podium_web.jpg\",\"width\":700,\"height\":300},{\"@type\":\"BreadcrumbList\",\"@id\":\"https:\/\/www.eumedbridge.eu\/news\/statement-on-the-international-day-to-protect-education-from-attack\/#breadcrumb\",\"itemListElement\":[{\"@type\":\"ListItem\",\"position\":1,\"name\":\"Home\",\"item\":\"https:\/\/www.eumedbridge.eu\/fr\/home-page\/\"},{\"@type\":\"ListItem\",\"position\":2,\"name\":\"Actualit\u00e9s\",\"item\":\"https:\/\/www.eumedbridge.eu\/fr\/news\/\"},{\"@type\":\"ListItem\",\"position\":3,\"name\":\"D\u00e9claration \u00e0 l\u2019occasion de la Journ\u00e9e internationale pour la protection de l\u2019\u00e9ducation contre les attaques\"}]},{\"@type\":\"WebSite\",\"@id\":\"https:\/\/www.eumedbridge.eu\/#website\",\"url\":\"https:\/\/www.eumedbridge.eu\/\",\"name\":\"EU Medbridge\",\"description\":\"\",\"publisher\":{\"@id\":\"https:\/\/www.eumedbridge.eu\/#organization\"},\"potentialAction\":[{\"@type\":\"SearchAction\",\"target\":{\"@type\":\"EntryPoint\",\"urlTemplate\":\"https:\/\/www.eumedbridge.eu\/?s={search_term_string}\"},\"query-input\":{\"@type\":\"PropertyValueSpecification\",\"valueRequired\":true,\"valueName\":\"search_term_string\"}}],\"inLanguage\":\"fr-FR\"},{\"@type\":\"Organization\",\"@id\":\"https:\/\/www.eumedbridge.eu\/#organization\",\"name\":\"EU Medbridge\",\"url\":\"https:\/\/www.eumedbridge.eu\/\",\"logo\":{\"@type\":\"ImageObject\",\"inLanguage\":\"fr-FR\",\"@id\":\"https:\/\/www.eumedbridge.eu\/#\/schema\/logo\/image\/\",\"url\":\"https:\/\/www.eumedbridge.eu\/wp-content\/uploads\/2021\/12\/Logo.png\",\"contentUrl\":\"https:\/\/www.eumedbridge.eu\/wp-content\/uploads\/2021\/12\/Logo.png\",\"width\":325,\"height\":114,\"caption\":\"EU Medbridge\"},\"image\":{\"@id\":\"https:\/\/www.eumedbridge.eu\/#\/schema\/logo\/image\/\"},\"sameAs\":[\"https:\/\/www.facebook.com\/eumedbridge\/\",\"https:\/\/x.com\/eumedbridge\",\"https:\/\/www.linkedin.com\/company\/eumedbridge\",\"https:\/\/www.youtube.com\/@eumedbridge\",\"https:\/\/www.instagram.com\/eumedbridge\",\"https:\/\/www.flickr.com\/photos\/euneighbours-south\/\"]}]}<\/script>\n<!-- \/ Yoast SEO plugin. -->","yoast_head_json":{"title":"D\u00e9claration \u00e0 l\u2019occasion de la Journ\u00e9e internationale pour la protection de l\u2019\u00e9ducation contre les attaques - Voisins de l'UE","robots":{"index":"index","follow":"follow","max-snippet":"max-snippet:-1","max-image-preview":"max-image-preview:large","max-video-preview":"max-video-preview:-1"},"canonical":"https:\/\/www.eumedbridge.eu\/news\/statement-on-the-international-day-to-protect-education-from-attack\/","og_locale":"fr_FR","og_type":"article","og_title":"D\u00e9claration \u00e0 l\u2019occasion de la Journ\u00e9e internationale pour la protection de l\u2019\u00e9ducation contre les attaques - Voisins de l'UE","og_description":"Le commissaire \u00e0 la gestion des crises, Janez\u00a0Lenar\u010di\u010d, a publi\u00e9 la d\u00e9claration suivante\u00a0: \u00ab\u00a0\u00c0 l\u2019occasion de la Journ\u00e9e internationale pour la protection de l\u2019\u00e9ducation contre les attaques, l\u2019UE rappelle que les attaques contre l\u2019\u00e9ducation privent les enfants de leur droit fondamental \u00e0 l\u2019apprentissage, ont une incidence sur leur d\u00e9veloppement imm\u00e9diat et \u00e0 long terme et [&hellip;]","og_url":"https:\/\/www.eumedbridge.eu\/news\/statement-on-the-international-day-to-protect-education-from-attack\/","og_site_name":"Voisins de l'UE","article_publisher":"https:\/\/www.facebook.com\/eumedbridge\/","og_image":[{"width":700,"height":300,"url":"https:\/\/www.eumedbridge.eu\/wp-content\/uploads\/2024\/09\/lenarcic_podium_web.jpg","type":"image\/jpeg"}],"twitter_card":"summary_large_image","twitter_site":"@eumedbridge","twitter_misc":{"Dur\u00e9e de lecture estim\u00e9e":"2 minutes"},"schema":{"@context":"https:\/\/schema.org","@graph":[{"@type":"WebPage","@id":"https:\/\/www.eumedbridge.eu\/news\/statement-on-the-international-day-to-protect-education-from-attack\/","url":"https:\/\/www.eumedbridge.eu\/news\/statement-on-the-international-day-to-protect-education-from-attack\/","name":"D\u00e9claration \u00e0 l\u2019occasion de la Journ\u00e9e internationale pour la protection de l\u2019\u00e9ducation contre les attaques - Voisins de l'UE","isPartOf":{"@id":"https:\/\/www.eumedbridge.eu\/#website"},"primaryImageOfPage":{"@id":"https:\/\/www.eumedbridge.eu\/news\/statement-on-the-international-day-to-protect-education-from-attack\/#primaryimage"},"image":{"@id":"https:\/\/www.eumedbridge.eu\/news\/statement-on-the-international-day-to-protect-education-from-attack\/#primaryimage"},"thumbnailUrl":"https:\/\/www.eumedbridge.eu\/wp-content\/uploads\/2024\/09\/lenarcic_podium_web.jpg","datePublished":"2024-09-16T08:03:34+00:00","breadcrumb":{"@id":"https:\/\/www.eumedbridge.eu\/news\/statement-on-the-international-day-to-protect-education-from-attack\/#breadcrumb"},"inLanguage":"fr-FR","potentialAction":[{"@type":"ReadAction","target":["https:\/\/www.eumedbridge.eu\/news\/statement-on-the-international-day-to-protect-education-from-attack\/"]}]},{"@type":"ImageObject","inLanguage":"fr-FR","@id":"https:\/\/www.eumedbridge.eu\/news\/statement-on-the-international-day-to-protect-education-from-attack\/#primaryimage","url":"https:\/\/www.eumedbridge.eu\/wp-content\/uploads\/2024\/09\/lenarcic_podium_web.jpg","contentUrl":"https:\/\/www.eumedbridge.eu\/wp-content\/uploads\/2024\/09\/lenarcic_podium_web.jpg","width":700,"height":300},{"@type":"BreadcrumbList","@id":"https:\/\/www.eumedbridge.eu\/news\/statement-on-the-international-day-to-protect-education-from-attack\/#breadcrumb","itemListElement":[{"@type":"ListItem","position":1,"name":"Home","item":"https:\/\/www.eumedbridge.eu\/fr\/home-page\/"},{"@type":"ListItem","position":2,"name":"Actualit\u00e9s","item":"https:\/\/www.eumedbridge.eu\/fr\/news\/"},{"@type":"ListItem","position":3,"name":"D\u00e9claration \u00e0 l\u2019occasion de la Journ\u00e9e internationale pour la protection de l\u2019\u00e9ducation contre les attaques"}]},{"@type":"WebSite","@id":"https:\/\/www.eumedbridge.eu\/#website","url":"https:\/\/www.eumedbridge.eu\/","name":"EU Medbridge","description":"","publisher":{"@id":"https:\/\/www.eumedbridge.eu\/#organization"},"potentialAction":[{"@type":"SearchAction","target":{"@type":"EntryPoint","urlTemplate":"https:\/\/www.eumedbridge.eu\/?s={search_term_string}"},"query-input":{"@type":"PropertyValueSpecification","valueRequired":true,"valueName":"search_term_string"}}],"inLanguage":"fr-FR"},{"@type":"Organization","@id":"https:\/\/www.eumedbridge.eu\/#organization","name":"EU Medbridge","url":"https:\/\/www.eumedbridge.eu\/","logo":{"@type":"ImageObject","inLanguage":"fr-FR","@id":"https:\/\/www.eumedbridge.eu\/#\/schema\/logo\/image\/","url":"https:\/\/www.eumedbridge.eu\/wp-content\/uploads\/2021\/12\/Logo.png","contentUrl":"https:\/\/www.eumedbridge.eu\/wp-content\/uploads\/2021\/12\/Logo.png","width":325,"height":114,"caption":"EU Medbridge"},"image":{"@id":"https:\/\/www.eumedbridge.eu\/#\/schema\/logo\/image\/"},"sameAs":["https:\/\/www.facebook.com\/eumedbridge\/","https:\/\/x.com\/eumedbridge","https:\/\/www.linkedin.com\/company\/eumedbridge","https:\/\/www.youtube.com\/@eumedbridge","https:\/\/www.instagram.com\/eumedbridge","https:\/\/www.flickr.com\/photos\/euneighbours-south\/"]}]}},"_links":{"self":[{"href":"https:\/\/www.eumedbridge.eu\/fr\/wp-json\/wp\/v2\/news\/231801","targetHints":{"allow":["GET"]}}],"collection":[{"href":"https:\/\/www.eumedbridge.eu\/fr\/wp-json\/wp\/v2\/news"}],"about":[{"href":"https:\/\/www.eumedbridge.eu\/fr\/wp-json\/wp\/v2\/types\/news"}],"wp:featuredmedia":[{"embeddable":true,"href":"https:\/\/www.eumedbridge.eu\/fr\/wp-json\/wp\/v2\/media\/231673"}],"wp:attachment":[{"href":"https:\/\/www.eumedbridge.eu\/fr\/wp-json\/wp\/v2\/media?parent=231801"}],"wp:term":[{"taxonomy":"news_category","embeddable":true,"href":"https:\/\/www.eumedbridge.eu\/fr\/wp-json\/wp\/v2\/news_category?post=231801"},{"taxonomy":"country","embeddable":true,"href":"https:\/\/www.eumedbridge.eu\/fr\/wp-json\/wp\/v2\/country?post=231801"},{"taxonomy":"special_action","embeddable":true,"href":"https:\/\/www.eumedbridge.eu\/fr\/wp-json\/wp\/v2\/special_action?post=231801"},{"taxonomy":"custom_tag","embeddable":true,"href":"https:\/\/www.eumedbridge.eu\/fr\/wp-json\/wp\/v2\/custom_tag?post=231801"}],"curies":[{"name":"wp","href":"https:\/\/api.w.org\/{rel}","templated":true}]}}