{"id":231967,"date":"2024-09-19T12:23:15","date_gmt":"2024-09-19T09:23:15","guid":{"rendered":"https:\/\/eumedbridge.eu\/?post_type=news&#038;p=231967"},"modified":"2024-09-19T12:23:15","modified_gmt":"2024-09-19T09:23:15","slug":"fe3il-a-organise-une-seance-de-travail-a-ben-guerdane-et-djerba-ajim","status":"publish","type":"news","link":"https:\/\/www.eumedbridge.eu\/fr\/news\/fe3il-a-organise-une-seance-de-travail-a-ben-guerdane-et-djerba-ajim\/","title":{"rendered":"Fe3il.a organise une s\u00e9ance de travail \u00e0 Ben Guerdane et Djerba Ajim"},"content":{"rendered":"<p><span style=\"font-weight: 400;\">Le mercredi 18 septembre 2024, des membres de plateformes intersectorielles de Ben Guerdane et Djerba Ajim se sont r\u00e9unis pour \u00e9changer et discuter autour des deux id\u00e9es de projets pilotes innovants :<\/span><\/p>\n<ul>\n<li style=\"font-weight: 400;\" aria-level=\"1\"><span style=\"font-weight: 400;\">Ben Guerdane : \u00ab\u00a0Cr\u00e9ation d\u2019un mini-th\u00e9\u00e2tre en plein air au village artisanal\u00a0\u00bb<\/span><\/li>\n<li style=\"font-weight: 400;\" aria-level=\"1\"><span style=\"font-weight: 400;\">Djerba Ajim: \u00ab\u00a0cr\u00e9ation d\u2019une r\u00e9sidence artistique \u00e0 la Maison de la Culture\u00a0\u00bb<\/span><\/li>\n<\/ul>\n<p>&nbsp;<\/p>\n<p><span style=\"font-weight: 400;\">La rencontre a offert une v\u00e9ritable opportunit\u00e9 d&rsquo;\u00e9changer autour de la mise en \u0153uvre de ces projets, qui visent \u00e0 promouvoir la cr\u00e9ativit\u00e9 artistique et culturelle dans les deux r\u00e9gions et de d\u00e9finir les prochaines \u00e9tapes pour.<\/span><\/p>\n<p>&nbsp;<\/p>\n<p><span style=\"font-weight: 400;\">Cette activit\u00e9 s&rsquo;inscrit dans le cadre du projet \u00abPolitiques de jeunesse et participation des jeunes aux politiques publiques en Tunisie &#8211; Fe3il.a \u00bb, en partenariat avec le Minist\u00e8re de la Jeunesse et des Sports, et soutenue par l&rsquo;Union Europ\u00e9enne et le Royaume des Pays-Bas.<\/span><\/p>\n","protected":false},"featured_media":231968,"parent":0,"template":"","news_category":[],"country":[1955],"special_action":[],"custom_tag":[2312,1970,1870],"class_list":["post-231967","news","type-news","status-publish","has-post-thumbnail","hentry","country-tunisie","custom_tag-developpement-durable","custom_tag-jeunesse","custom_tag-societe-civile"],"acf":[],"yoast_head":"<!-- This site is optimized with the Yoast SEO plugin v26.5 - https:\/\/yoast.com\/wordpress\/plugins\/seo\/ -->\n<title>Fe3il.a organise une s\u00e9ance de travail \u00e0 Ben Guerdane et Djerba Ajim - Voisins de l&#039;UE<\/title>\n<meta name=\"robots\" content=\"index, follow, max-snippet:-1, max-image-preview:large, max-video-preview:-1\" \/>\n<link rel=\"canonical\" href=\"https:\/\/www.eumedbridge.eu\/fr\/news\/fe3il-a-organise-une-seance-de-travail-a-ben-guerdane-et-djerba-ajim\/\" \/>\n<meta property=\"og:locale\" content=\"fr_FR\" \/>\n<meta property=\"og:type\" content=\"article\" \/>\n<meta property=\"og:title\" content=\"Fe3il.a organise une s\u00e9ance de travail \u00e0 Ben Guerdane et Djerba Ajim - Voisins de l&#039;UE\" \/>\n<meta property=\"og:description\" content=\"Le mercredi 18 septembre 2024, des membres de plateformes intersectorielles de Ben Guerdane et Djerba Ajim se sont r\u00e9unis pour \u00e9changer et discuter autour des deux id\u00e9es de projets pilotes innovants : Ben Guerdane : \u00ab\u00a0Cr\u00e9ation d\u2019un mini-th\u00e9\u00e2tre en plein air au village artisanal\u00a0\u00bb Djerba Ajim: \u00ab\u00a0cr\u00e9ation d\u2019une r\u00e9sidence artistique \u00e0 la Maison de la [&hellip;]\" \/>\n<meta property=\"og:url\" content=\"https:\/\/www.eumedbridge.eu\/fr\/news\/fe3il-a-organise-une-seance-de-travail-a-ben-guerdane-et-djerba-ajim\/\" \/>\n<meta property=\"og:site_name\" content=\"Voisins de l&#039;UE\" \/>\n<meta property=\"article:publisher\" content=\"https:\/\/www.facebook.com\/eumedbridge\/\" \/>\n<meta property=\"og:image\" content=\"https:\/\/www.eumedbridge.eu\/wp-content\/uploads\/2024\/09\/460022910_489203287320434_2891135644315627967_n.jpg\" \/>\n\t<meta property=\"og:image:width\" content=\"1200\" \/>\n\t<meta property=\"og:image:height\" content=\"849\" \/>\n\t<meta property=\"og:image:type\" content=\"image\/jpeg\" \/>\n<meta name=\"twitter:card\" content=\"summary_large_image\" \/>\n<meta name=\"twitter:site\" content=\"@eumedbridge\" \/>\n<meta name=\"twitter:label1\" content=\"Dur\u00e9e de lecture estim\u00e9e\" \/>\n\t<meta name=\"twitter:data1\" content=\"1 minute\" \/>\n<script type=\"application\/ld+json\" class=\"yoast-schema-graph\">{\"@context\":\"https:\/\/schema.org\",\"@graph\":[{\"@type\":\"WebPage\",\"@id\":\"https:\/\/www.eumedbridge.eu\/fr\/news\/fe3il-a-organise-une-seance-de-travail-a-ben-guerdane-et-djerba-ajim\/\",\"url\":\"https:\/\/www.eumedbridge.eu\/fr\/news\/fe3il-a-organise-une-seance-de-travail-a-ben-guerdane-et-djerba-ajim\/\",\"name\":\"Fe3il.a organise une s\u00e9ance de travail \u00e0 Ben Guerdane et Djerba Ajim - Voisins de l'UE\",\"isPartOf\":{\"@id\":\"https:\/\/www.eumedbridge.eu\/#website\"},\"primaryImageOfPage\":{\"@id\":\"https:\/\/www.eumedbridge.eu\/fr\/news\/fe3il-a-organise-une-seance-de-travail-a-ben-guerdane-et-djerba-ajim\/#primaryimage\"},\"image\":{\"@id\":\"https:\/\/www.eumedbridge.eu\/fr\/news\/fe3il-a-organise-une-seance-de-travail-a-ben-guerdane-et-djerba-ajim\/#primaryimage\"},\"thumbnailUrl\":\"https:\/\/www.eumedbridge.eu\/wp-content\/uploads\/2024\/09\/460022910_489203287320434_2891135644315627967_n.jpg\",\"datePublished\":\"2024-09-19T09:23:15+00:00\",\"breadcrumb\":{\"@id\":\"https:\/\/www.eumedbridge.eu\/fr\/news\/fe3il-a-organise-une-seance-de-travail-a-ben-guerdane-et-djerba-ajim\/#breadcrumb\"},\"inLanguage\":\"fr-FR\",\"potentialAction\":[{\"@type\":\"ReadAction\",\"target\":[\"https:\/\/www.eumedbridge.eu\/fr\/news\/fe3il-a-organise-une-seance-de-travail-a-ben-guerdane-et-djerba-ajim\/\"]}]},{\"@type\":\"ImageObject\",\"inLanguage\":\"fr-FR\",\"@id\":\"https:\/\/www.eumedbridge.eu\/fr\/news\/fe3il-a-organise-une-seance-de-travail-a-ben-guerdane-et-djerba-ajim\/#primaryimage\",\"url\":\"https:\/\/www.eumedbridge.eu\/wp-content\/uploads\/2024\/09\/460022910_489203287320434_2891135644315627967_n.jpg\",\"contentUrl\":\"https:\/\/www.eumedbridge.eu\/wp-content\/uploads\/2024\/09\/460022910_489203287320434_2891135644315627967_n.jpg\",\"width\":1200,\"height\":849},{\"@type\":\"BreadcrumbList\",\"@id\":\"https:\/\/www.eumedbridge.eu\/fr\/news\/fe3il-a-organise-une-seance-de-travail-a-ben-guerdane-et-djerba-ajim\/#breadcrumb\",\"itemListElement\":[{\"@type\":\"ListItem\",\"position\":1,\"name\":\"Home\",\"item\":\"https:\/\/www.eumedbridge.eu\/fr\/home-page\/\"},{\"@type\":\"ListItem\",\"position\":2,\"name\":\"Actualit\u00e9s\",\"item\":\"https:\/\/www.eumedbridge.eu\/fr\/news\/\"},{\"@type\":\"ListItem\",\"position\":3,\"name\":\"Fe3il.a organise une s\u00e9ance de travail \u00e0 Ben Guerdane et Djerba Ajim\"}]},{\"@type\":\"WebSite\",\"@id\":\"https:\/\/www.eumedbridge.eu\/#website\",\"url\":\"https:\/\/www.eumedbridge.eu\/\",\"name\":\"EU Medbridge\",\"description\":\"\",\"publisher\":{\"@id\":\"https:\/\/www.eumedbridge.eu\/#organization\"},\"potentialAction\":[{\"@type\":\"SearchAction\",\"target\":{\"@type\":\"EntryPoint\",\"urlTemplate\":\"https:\/\/www.eumedbridge.eu\/?s={search_term_string}\"},\"query-input\":{\"@type\":\"PropertyValueSpecification\",\"valueRequired\":true,\"valueName\":\"search_term_string\"}}],\"inLanguage\":\"fr-FR\"},{\"@type\":\"Organization\",\"@id\":\"https:\/\/www.eumedbridge.eu\/#organization\",\"name\":\"EU Medbridge\",\"url\":\"https:\/\/www.eumedbridge.eu\/\",\"logo\":{\"@type\":\"ImageObject\",\"inLanguage\":\"fr-FR\",\"@id\":\"https:\/\/www.eumedbridge.eu\/#\/schema\/logo\/image\/\",\"url\":\"https:\/\/www.eumedbridge.eu\/wp-content\/uploads\/2021\/12\/Logo.png\",\"contentUrl\":\"https:\/\/www.eumedbridge.eu\/wp-content\/uploads\/2021\/12\/Logo.png\",\"width\":325,\"height\":114,\"caption\":\"EU Medbridge\"},\"image\":{\"@id\":\"https:\/\/www.eumedbridge.eu\/#\/schema\/logo\/image\/\"},\"sameAs\":[\"https:\/\/www.facebook.com\/eumedbridge\/\",\"https:\/\/x.com\/eumedbridge\",\"https:\/\/www.linkedin.com\/company\/eumedbridge\",\"https:\/\/www.youtube.com\/@eumedbridge\",\"https:\/\/www.instagram.com\/eumedbridge\",\"https:\/\/www.flickr.com\/photos\/euneighbours-south\/\"]}]}<\/script>\n<!-- \/ Yoast SEO plugin. -->","yoast_head_json":{"title":"Fe3il.a organise une s\u00e9ance de travail \u00e0 Ben Guerdane et Djerba Ajim - Voisins de l'UE","robots":{"index":"index","follow":"follow","max-snippet":"max-snippet:-1","max-image-preview":"max-image-preview:large","max-video-preview":"max-video-preview:-1"},"canonical":"https:\/\/www.eumedbridge.eu\/fr\/news\/fe3il-a-organise-une-seance-de-travail-a-ben-guerdane-et-djerba-ajim\/","og_locale":"fr_FR","og_type":"article","og_title":"Fe3il.a organise une s\u00e9ance de travail \u00e0 Ben Guerdane et Djerba Ajim - Voisins de l'UE","og_description":"Le mercredi 18 septembre 2024, des membres de plateformes intersectorielles de Ben Guerdane et Djerba Ajim se sont r\u00e9unis pour \u00e9changer et discuter autour des deux id\u00e9es de projets pilotes innovants : Ben Guerdane : \u00ab\u00a0Cr\u00e9ation d\u2019un mini-th\u00e9\u00e2tre en plein air au village artisanal\u00a0\u00bb Djerba Ajim: \u00ab\u00a0cr\u00e9ation d\u2019une r\u00e9sidence artistique \u00e0 la Maison de la [&hellip;]","og_url":"https:\/\/www.eumedbridge.eu\/fr\/news\/fe3il-a-organise-une-seance-de-travail-a-ben-guerdane-et-djerba-ajim\/","og_site_name":"Voisins de l'UE","article_publisher":"https:\/\/www.facebook.com\/eumedbridge\/","og_image":[{"width":1200,"height":849,"url":"https:\/\/www.eumedbridge.eu\/wp-content\/uploads\/2024\/09\/460022910_489203287320434_2891135644315627967_n.jpg","type":"image\/jpeg"}],"twitter_card":"summary_large_image","twitter_site":"@eumedbridge","twitter_misc":{"Dur\u00e9e de lecture estim\u00e9e":"1 minute"},"schema":{"@context":"https:\/\/schema.org","@graph":[{"@type":"WebPage","@id":"https:\/\/www.eumedbridge.eu\/fr\/news\/fe3il-a-organise-une-seance-de-travail-a-ben-guerdane-et-djerba-ajim\/","url":"https:\/\/www.eumedbridge.eu\/fr\/news\/fe3il-a-organise-une-seance-de-travail-a-ben-guerdane-et-djerba-ajim\/","name":"Fe3il.a organise une s\u00e9ance de travail \u00e0 Ben Guerdane et Djerba Ajim - Voisins de l'UE","isPartOf":{"@id":"https:\/\/www.eumedbridge.eu\/#website"},"primaryImageOfPage":{"@id":"https:\/\/www.eumedbridge.eu\/fr\/news\/fe3il-a-organise-une-seance-de-travail-a-ben-guerdane-et-djerba-ajim\/#primaryimage"},"image":{"@id":"https:\/\/www.eumedbridge.eu\/fr\/news\/fe3il-a-organise-une-seance-de-travail-a-ben-guerdane-et-djerba-ajim\/#primaryimage"},"thumbnailUrl":"https:\/\/www.eumedbridge.eu\/wp-content\/uploads\/2024\/09\/460022910_489203287320434_2891135644315627967_n.jpg","datePublished":"2024-09-19T09:23:15+00:00","breadcrumb":{"@id":"https:\/\/www.eumedbridge.eu\/fr\/news\/fe3il-a-organise-une-seance-de-travail-a-ben-guerdane-et-djerba-ajim\/#breadcrumb"},"inLanguage":"fr-FR","potentialAction":[{"@type":"ReadAction","target":["https:\/\/www.eumedbridge.eu\/fr\/news\/fe3il-a-organise-une-seance-de-travail-a-ben-guerdane-et-djerba-ajim\/"]}]},{"@type":"ImageObject","inLanguage":"fr-FR","@id":"https:\/\/www.eumedbridge.eu\/fr\/news\/fe3il-a-organise-une-seance-de-travail-a-ben-guerdane-et-djerba-ajim\/#primaryimage","url":"https:\/\/www.eumedbridge.eu\/wp-content\/uploads\/2024\/09\/460022910_489203287320434_2891135644315627967_n.jpg","contentUrl":"https:\/\/www.eumedbridge.eu\/wp-content\/uploads\/2024\/09\/460022910_489203287320434_2891135644315627967_n.jpg","width":1200,"height":849},{"@type":"BreadcrumbList","@id":"https:\/\/www.eumedbridge.eu\/fr\/news\/fe3il-a-organise-une-seance-de-travail-a-ben-guerdane-et-djerba-ajim\/#breadcrumb","itemListElement":[{"@type":"ListItem","position":1,"name":"Home","item":"https:\/\/www.eumedbridge.eu\/fr\/home-page\/"},{"@type":"ListItem","position":2,"name":"Actualit\u00e9s","item":"https:\/\/www.eumedbridge.eu\/fr\/news\/"},{"@type":"ListItem","position":3,"name":"Fe3il.a organise une s\u00e9ance de travail \u00e0 Ben Guerdane et Djerba Ajim"}]},{"@type":"WebSite","@id":"https:\/\/www.eumedbridge.eu\/#website","url":"https:\/\/www.eumedbridge.eu\/","name":"EU Medbridge","description":"","publisher":{"@id":"https:\/\/www.eumedbridge.eu\/#organization"},"potentialAction":[{"@type":"SearchAction","target":{"@type":"EntryPoint","urlTemplate":"https:\/\/www.eumedbridge.eu\/?s={search_term_string}"},"query-input":{"@type":"PropertyValueSpecification","valueRequired":true,"valueName":"search_term_string"}}],"inLanguage":"fr-FR"},{"@type":"Organization","@id":"https:\/\/www.eumedbridge.eu\/#organization","name":"EU Medbridge","url":"https:\/\/www.eumedbridge.eu\/","logo":{"@type":"ImageObject","inLanguage":"fr-FR","@id":"https:\/\/www.eumedbridge.eu\/#\/schema\/logo\/image\/","url":"https:\/\/www.eumedbridge.eu\/wp-content\/uploads\/2021\/12\/Logo.png","contentUrl":"https:\/\/www.eumedbridge.eu\/wp-content\/uploads\/2021\/12\/Logo.png","width":325,"height":114,"caption":"EU Medbridge"},"image":{"@id":"https:\/\/www.eumedbridge.eu\/#\/schema\/logo\/image\/"},"sameAs":["https:\/\/www.facebook.com\/eumedbridge\/","https:\/\/x.com\/eumedbridge","https:\/\/www.linkedin.com\/company\/eumedbridge","https:\/\/www.youtube.com\/@eumedbridge","https:\/\/www.instagram.com\/eumedbridge","https:\/\/www.flickr.com\/photos\/euneighbours-south\/"]}]}},"_links":{"self":[{"href":"https:\/\/www.eumedbridge.eu\/fr\/wp-json\/wp\/v2\/news\/231967","targetHints":{"allow":["GET"]}}],"collection":[{"href":"https:\/\/www.eumedbridge.eu\/fr\/wp-json\/wp\/v2\/news"}],"about":[{"href":"https:\/\/www.eumedbridge.eu\/fr\/wp-json\/wp\/v2\/types\/news"}],"wp:featuredmedia":[{"embeddable":true,"href":"https:\/\/www.eumedbridge.eu\/fr\/wp-json\/wp\/v2\/media\/231968"}],"wp:attachment":[{"href":"https:\/\/www.eumedbridge.eu\/fr\/wp-json\/wp\/v2\/media?parent=231967"}],"wp:term":[{"taxonomy":"news_category","embeddable":true,"href":"https:\/\/www.eumedbridge.eu\/fr\/wp-json\/wp\/v2\/news_category?post=231967"},{"taxonomy":"country","embeddable":true,"href":"https:\/\/www.eumedbridge.eu\/fr\/wp-json\/wp\/v2\/country?post=231967"},{"taxonomy":"special_action","embeddable":true,"href":"https:\/\/www.eumedbridge.eu\/fr\/wp-json\/wp\/v2\/special_action?post=231967"},{"taxonomy":"custom_tag","embeddable":true,"href":"https:\/\/www.eumedbridge.eu\/fr\/wp-json\/wp\/v2\/custom_tag?post=231967"}],"curies":[{"name":"wp","href":"https:\/\/api.w.org\/{rel}","templated":true}]}}