{"id":233022,"date":"2024-10-11T12:21:54","date_gmt":"2024-10-11T09:21:54","guid":{"rendered":"https:\/\/eumedbridge.eu\/?post_type=news&#038;p=233022"},"modified":"2024-10-11T12:21:54","modified_gmt":"2024-10-11T09:21:54","slug":"le-think-tank-du-parlement-europeen-publie-une-etude-co-ecrite-par-le-president-de-lemea-et-les-membres-du-conseil-consultatif","status":"publish","type":"news","link":"https:\/\/www.eumedbridge.eu\/fr\/news\/le-think-tank-du-parlement-europeen-publie-une-etude-co-ecrite-par-le-president-de-lemea-et-les-membres-du-conseil-consultatif\/","title":{"rendered":"Le think tank du Parlement europ\u00e9en publie une \u00e9tude co-\u00e9crite par le pr\u00e9sident de l\u2019EMEA et les membres du conseil consultatif"},"content":{"rendered":"<p><span style=\"font-weight: 400;\">Le think tank du Parlement europ\u00e9en a publi\u00e9 le 3\u00a0octobre\u00a02024 l\u2019analyse approfondie intitul\u00e9e \u00ab\u00a0Can the Banking Union foster market integration, and what lessons does that hold for the Capital Markets Union?\u00a0\u00bb (\u00ab\u00a0L\u2019Union bancaire peut-elle favoriser l\u2019int\u00e9gration des march\u00e9s, et quelles le\u00e7ons en tirer pour l\u2019union des march\u00e9s de capitaux\u00a0?) . Le document a \u00e9t\u00e9 r\u00e9dig\u00e9 par l\u2019unit\u00e9 de surveillance de la gouvernance \u00e9conomique et de l\u2019UEM (EGOV) \u00e0 la demande de la commission des affaires \u00e9conomiques et mon\u00e9taires (ECON).<\/span><\/p>\n<p>&nbsp;<\/p>\n<p><span style=\"font-weight: 400;\">Le document traite du r\u00f4le de l\u2019Union bancaire (UB) dans la promotion de l\u2019int\u00e9gration des march\u00e9s, et des le\u00e7ons \u00e0 en tirer pour l\u2019union des march\u00e9s de capitaux (UMC). Les auteurs abordent tout d\u2019abord la cr\u00e9ation de l\u2019UB, se demandant si elle a atteint ses objectifs initiaux, et ils discutent de ses principales lacunes. Ils abordent ensuite la question de l\u2019int\u00e9gration des march\u00e9s dans l\u2019UB et avancent quelques propositions pour finaliser l\u2019UB en acc\u00e9l\u00e9rant l\u2019int\u00e9gration des march\u00e9s Enfin, ils explorent diverses interconnexions entre l\u2019UB l\u2019UMC et pr\u00e9sentent certaines consid\u00e9rations politiques afin de soutenir le d\u00e9veloppement d\u2019une UMC fonctionnelle.<\/span><\/p>\n<p>&nbsp;<\/p>\n<p><span style=\"font-weight: 400;\">Les co-auteurs de l\u2019\u00e9tude sont Rym Ayadi, professeur \u00e0 la Bayes Business School, City University of London, conseill\u00e8re principale au CEPS et pr\u00e9sidente de l\u2019EMEA\u00a0; les membres du comit\u00e9 consultatif de l\u2019EMEA, le professeur Giovanni Ferri, professeur d\u2019\u00e9conomie au Department of Law, Economics, Politics &amp; Modern Languages de l\u2019universit\u00e9 LUMSA\u00a0; la professeur Barbara Casu, professeur d\u2019\u00e9conomie bancaire et de finance, et directrice du Centre for Banking Research \u00e0 la Bayes Business School, City University of London\u00a0; et Marco Bodellini, de l\u2019universit\u00e9 du Luxembourg.<\/span><\/p>\n","protected":false},"featured_media":232821,"parent":0,"template":"","news_category":[],"country":[1956],"special_action":[],"custom_tag":[2312],"class_list":["post-233022","news","type-news","status-publish","has-post-thumbnail","hentry","country-region-sud","custom_tag-developpement-durable"],"acf":[],"yoast_head":"<!-- This site is optimized with the Yoast SEO plugin v26.5 - https:\/\/yoast.com\/wordpress\/plugins\/seo\/ -->\n<title>Le think tank du Parlement europ\u00e9en publie une \u00e9tude co-\u00e9crite par le pr\u00e9sident de l\u2019EMEA et les membres du conseil consultatif - Voisins de l&#039;UE<\/title>\n<meta name=\"robots\" content=\"index, follow, max-snippet:-1, max-image-preview:large, max-video-preview:-1\" \/>\n<link rel=\"canonical\" href=\"https:\/\/www.eumedbridge.eu\/fr\/news\/le-think-tank-du-parlement-europeen-publie-une-etude-co-ecrite-par-le-president-de-lemea-et-les-membres-du-conseil-consultatif\/\" \/>\n<meta property=\"og:locale\" content=\"fr_FR\" \/>\n<meta property=\"og:type\" content=\"article\" \/>\n<meta property=\"og:title\" content=\"Le think tank du Parlement europ\u00e9en publie une \u00e9tude co-\u00e9crite par le pr\u00e9sident de l\u2019EMEA et les membres du conseil consultatif - Voisins de l&#039;UE\" \/>\n<meta property=\"og:description\" content=\"Le think tank du Parlement europ\u00e9en a publi\u00e9 le 3\u00a0octobre\u00a02024 l\u2019analyse approfondie intitul\u00e9e \u00ab\u00a0Can the Banking Union foster market integration, and what lessons does that hold for the Capital Markets Union?\u00a0\u00bb (\u00ab\u00a0L\u2019Union bancaire peut-elle favoriser l\u2019int\u00e9gration des march\u00e9s, et quelles le\u00e7ons en tirer pour l\u2019union des march\u00e9s de capitaux\u00a0?) . Le document a \u00e9t\u00e9 r\u00e9dig\u00e9 [&hellip;]\" \/>\n<meta property=\"og:url\" content=\"https:\/\/www.eumedbridge.eu\/fr\/news\/le-think-tank-du-parlement-europeen-publie-une-etude-co-ecrite-par-le-president-de-lemea-et-les-membres-du-conseil-consultatif\/\" \/>\n<meta property=\"og:site_name\" content=\"Voisins de l&#039;UE\" \/>\n<meta property=\"article:publisher\" content=\"https:\/\/www.facebook.com\/eumedbridge\/\" \/>\n<meta property=\"og:image\" content=\"https:\/\/www.eumedbridge.eu\/wp-content\/uploads\/2024\/10\/The-EU-Parliament-Think-Tank-publishes-study-co-authored-by-EMEA-President-Rym-Ayadi-and-EMEA-Advisory-Board-Members.webp\" \/>\n\t<meta property=\"og:image:width\" content=\"1200\" \/>\n\t<meta property=\"og:image:height\" content=\"630\" \/>\n\t<meta property=\"og:image:type\" content=\"image\/webp\" \/>\n<meta name=\"twitter:card\" content=\"summary_large_image\" \/>\n<meta name=\"twitter:site\" content=\"@eumedbridge\" \/>\n<meta name=\"twitter:label1\" content=\"Dur\u00e9e de lecture estim\u00e9e\" \/>\n\t<meta name=\"twitter:data1\" content=\"2 minutes\" \/>\n<script type=\"application\/ld+json\" class=\"yoast-schema-graph\">{\"@context\":\"https:\/\/schema.org\",\"@graph\":[{\"@type\":\"WebPage\",\"@id\":\"https:\/\/www.eumedbridge.eu\/fr\/news\/le-think-tank-du-parlement-europeen-publie-une-etude-co-ecrite-par-le-president-de-lemea-et-les-membres-du-conseil-consultatif\/\",\"url\":\"https:\/\/www.eumedbridge.eu\/fr\/news\/le-think-tank-du-parlement-europeen-publie-une-etude-co-ecrite-par-le-president-de-lemea-et-les-membres-du-conseil-consultatif\/\",\"name\":\"Le think tank du Parlement europ\u00e9en publie une \u00e9tude co-\u00e9crite par le pr\u00e9sident de l\u2019EMEA et les membres du conseil consultatif - Voisins de l'UE\",\"isPartOf\":{\"@id\":\"https:\/\/www.eumedbridge.eu\/#website\"},\"primaryImageOfPage\":{\"@id\":\"https:\/\/www.eumedbridge.eu\/fr\/news\/le-think-tank-du-parlement-europeen-publie-une-etude-co-ecrite-par-le-president-de-lemea-et-les-membres-du-conseil-consultatif\/#primaryimage\"},\"image\":{\"@id\":\"https:\/\/www.eumedbridge.eu\/fr\/news\/le-think-tank-du-parlement-europeen-publie-une-etude-co-ecrite-par-le-president-de-lemea-et-les-membres-du-conseil-consultatif\/#primaryimage\"},\"thumbnailUrl\":\"https:\/\/www.eumedbridge.eu\/wp-content\/uploads\/2024\/10\/The-EU-Parliament-Think-Tank-publishes-study-co-authored-by-EMEA-President-Rym-Ayadi-and-EMEA-Advisory-Board-Members.webp\",\"datePublished\":\"2024-10-11T09:21:54+00:00\",\"breadcrumb\":{\"@id\":\"https:\/\/www.eumedbridge.eu\/fr\/news\/le-think-tank-du-parlement-europeen-publie-une-etude-co-ecrite-par-le-president-de-lemea-et-les-membres-du-conseil-consultatif\/#breadcrumb\"},\"inLanguage\":\"fr-FR\",\"potentialAction\":[{\"@type\":\"ReadAction\",\"target\":[\"https:\/\/www.eumedbridge.eu\/fr\/news\/le-think-tank-du-parlement-europeen-publie-une-etude-co-ecrite-par-le-president-de-lemea-et-les-membres-du-conseil-consultatif\/\"]}]},{\"@type\":\"ImageObject\",\"inLanguage\":\"fr-FR\",\"@id\":\"https:\/\/www.eumedbridge.eu\/fr\/news\/le-think-tank-du-parlement-europeen-publie-une-etude-co-ecrite-par-le-president-de-lemea-et-les-membres-du-conseil-consultatif\/#primaryimage\",\"url\":\"https:\/\/www.eumedbridge.eu\/wp-content\/uploads\/2024\/10\/The-EU-Parliament-Think-Tank-publishes-study-co-authored-by-EMEA-President-Rym-Ayadi-and-EMEA-Advisory-Board-Members.webp\",\"contentUrl\":\"https:\/\/www.eumedbridge.eu\/wp-content\/uploads\/2024\/10\/The-EU-Parliament-Think-Tank-publishes-study-co-authored-by-EMEA-President-Rym-Ayadi-and-EMEA-Advisory-Board-Members.webp\",\"width\":1200,\"height\":630},{\"@type\":\"BreadcrumbList\",\"@id\":\"https:\/\/www.eumedbridge.eu\/fr\/news\/le-think-tank-du-parlement-europeen-publie-une-etude-co-ecrite-par-le-president-de-lemea-et-les-membres-du-conseil-consultatif\/#breadcrumb\",\"itemListElement\":[{\"@type\":\"ListItem\",\"position\":1,\"name\":\"Home\",\"item\":\"https:\/\/www.eumedbridge.eu\/fr\/home-page\/\"},{\"@type\":\"ListItem\",\"position\":2,\"name\":\"Actualit\u00e9s\",\"item\":\"https:\/\/www.eumedbridge.eu\/fr\/news\/\"},{\"@type\":\"ListItem\",\"position\":3,\"name\":\"Le think tank du Parlement europ\u00e9en publie une \u00e9tude co-\u00e9crite par le pr\u00e9sident de l\u2019EMEA et les membres du conseil consultatif\"}]},{\"@type\":\"WebSite\",\"@id\":\"https:\/\/www.eumedbridge.eu\/#website\",\"url\":\"https:\/\/www.eumedbridge.eu\/\",\"name\":\"EU Medbridge\",\"description\":\"\",\"publisher\":{\"@id\":\"https:\/\/www.eumedbridge.eu\/#organization\"},\"potentialAction\":[{\"@type\":\"SearchAction\",\"target\":{\"@type\":\"EntryPoint\",\"urlTemplate\":\"https:\/\/www.eumedbridge.eu\/?s={search_term_string}\"},\"query-input\":{\"@type\":\"PropertyValueSpecification\",\"valueRequired\":true,\"valueName\":\"search_term_string\"}}],\"inLanguage\":\"fr-FR\"},{\"@type\":\"Organization\",\"@id\":\"https:\/\/www.eumedbridge.eu\/#organization\",\"name\":\"EU Medbridge\",\"url\":\"https:\/\/www.eumedbridge.eu\/\",\"logo\":{\"@type\":\"ImageObject\",\"inLanguage\":\"fr-FR\",\"@id\":\"https:\/\/www.eumedbridge.eu\/#\/schema\/logo\/image\/\",\"url\":\"https:\/\/www.eumedbridge.eu\/wp-content\/uploads\/2021\/12\/Logo.png\",\"contentUrl\":\"https:\/\/www.eumedbridge.eu\/wp-content\/uploads\/2021\/12\/Logo.png\",\"width\":325,\"height\":114,\"caption\":\"EU Medbridge\"},\"image\":{\"@id\":\"https:\/\/www.eumedbridge.eu\/#\/schema\/logo\/image\/\"},\"sameAs\":[\"https:\/\/www.facebook.com\/eumedbridge\/\",\"https:\/\/x.com\/eumedbridge\",\"https:\/\/www.linkedin.com\/company\/eumedbridge\",\"https:\/\/www.youtube.com\/@eumedbridge\",\"https:\/\/www.instagram.com\/eumedbridge\",\"https:\/\/www.flickr.com\/photos\/euneighbours-south\/\"]}]}<\/script>\n<!-- \/ Yoast SEO plugin. -->","yoast_head_json":{"title":"Le think tank du Parlement europ\u00e9en publie une \u00e9tude co-\u00e9crite par le pr\u00e9sident de l\u2019EMEA et les membres du conseil consultatif - Voisins de l'UE","robots":{"index":"index","follow":"follow","max-snippet":"max-snippet:-1","max-image-preview":"max-image-preview:large","max-video-preview":"max-video-preview:-1"},"canonical":"https:\/\/www.eumedbridge.eu\/fr\/news\/le-think-tank-du-parlement-europeen-publie-une-etude-co-ecrite-par-le-president-de-lemea-et-les-membres-du-conseil-consultatif\/","og_locale":"fr_FR","og_type":"article","og_title":"Le think tank du Parlement europ\u00e9en publie une \u00e9tude co-\u00e9crite par le pr\u00e9sident de l\u2019EMEA et les membres du conseil consultatif - Voisins de l'UE","og_description":"Le think tank du Parlement europ\u00e9en a publi\u00e9 le 3\u00a0octobre\u00a02024 l\u2019analyse approfondie intitul\u00e9e \u00ab\u00a0Can the Banking Union foster market integration, and what lessons does that hold for the Capital Markets Union?\u00a0\u00bb (\u00ab\u00a0L\u2019Union bancaire peut-elle favoriser l\u2019int\u00e9gration des march\u00e9s, et quelles le\u00e7ons en tirer pour l\u2019union des march\u00e9s de capitaux\u00a0?) . Le document a \u00e9t\u00e9 r\u00e9dig\u00e9 [&hellip;]","og_url":"https:\/\/www.eumedbridge.eu\/fr\/news\/le-think-tank-du-parlement-europeen-publie-une-etude-co-ecrite-par-le-president-de-lemea-et-les-membres-du-conseil-consultatif\/","og_site_name":"Voisins de l'UE","article_publisher":"https:\/\/www.facebook.com\/eumedbridge\/","og_image":[{"width":1200,"height":630,"url":"https:\/\/www.eumedbridge.eu\/wp-content\/uploads\/2024\/10\/The-EU-Parliament-Think-Tank-publishes-study-co-authored-by-EMEA-President-Rym-Ayadi-and-EMEA-Advisory-Board-Members.webp","type":"image\/webp"}],"twitter_card":"summary_large_image","twitter_site":"@eumedbridge","twitter_misc":{"Dur\u00e9e de lecture estim\u00e9e":"2 minutes"},"schema":{"@context":"https:\/\/schema.org","@graph":[{"@type":"WebPage","@id":"https:\/\/www.eumedbridge.eu\/fr\/news\/le-think-tank-du-parlement-europeen-publie-une-etude-co-ecrite-par-le-president-de-lemea-et-les-membres-du-conseil-consultatif\/","url":"https:\/\/www.eumedbridge.eu\/fr\/news\/le-think-tank-du-parlement-europeen-publie-une-etude-co-ecrite-par-le-president-de-lemea-et-les-membres-du-conseil-consultatif\/","name":"Le think tank du Parlement europ\u00e9en publie une \u00e9tude co-\u00e9crite par le pr\u00e9sident de l\u2019EMEA et les membres du conseil consultatif - Voisins de l'UE","isPartOf":{"@id":"https:\/\/www.eumedbridge.eu\/#website"},"primaryImageOfPage":{"@id":"https:\/\/www.eumedbridge.eu\/fr\/news\/le-think-tank-du-parlement-europeen-publie-une-etude-co-ecrite-par-le-president-de-lemea-et-les-membres-du-conseil-consultatif\/#primaryimage"},"image":{"@id":"https:\/\/www.eumedbridge.eu\/fr\/news\/le-think-tank-du-parlement-europeen-publie-une-etude-co-ecrite-par-le-president-de-lemea-et-les-membres-du-conseil-consultatif\/#primaryimage"},"thumbnailUrl":"https:\/\/www.eumedbridge.eu\/wp-content\/uploads\/2024\/10\/The-EU-Parliament-Think-Tank-publishes-study-co-authored-by-EMEA-President-Rym-Ayadi-and-EMEA-Advisory-Board-Members.webp","datePublished":"2024-10-11T09:21:54+00:00","breadcrumb":{"@id":"https:\/\/www.eumedbridge.eu\/fr\/news\/le-think-tank-du-parlement-europeen-publie-une-etude-co-ecrite-par-le-president-de-lemea-et-les-membres-du-conseil-consultatif\/#breadcrumb"},"inLanguage":"fr-FR","potentialAction":[{"@type":"ReadAction","target":["https:\/\/www.eumedbridge.eu\/fr\/news\/le-think-tank-du-parlement-europeen-publie-une-etude-co-ecrite-par-le-president-de-lemea-et-les-membres-du-conseil-consultatif\/"]}]},{"@type":"ImageObject","inLanguage":"fr-FR","@id":"https:\/\/www.eumedbridge.eu\/fr\/news\/le-think-tank-du-parlement-europeen-publie-une-etude-co-ecrite-par-le-president-de-lemea-et-les-membres-du-conseil-consultatif\/#primaryimage","url":"https:\/\/www.eumedbridge.eu\/wp-content\/uploads\/2024\/10\/The-EU-Parliament-Think-Tank-publishes-study-co-authored-by-EMEA-President-Rym-Ayadi-and-EMEA-Advisory-Board-Members.webp","contentUrl":"https:\/\/www.eumedbridge.eu\/wp-content\/uploads\/2024\/10\/The-EU-Parliament-Think-Tank-publishes-study-co-authored-by-EMEA-President-Rym-Ayadi-and-EMEA-Advisory-Board-Members.webp","width":1200,"height":630},{"@type":"BreadcrumbList","@id":"https:\/\/www.eumedbridge.eu\/fr\/news\/le-think-tank-du-parlement-europeen-publie-une-etude-co-ecrite-par-le-president-de-lemea-et-les-membres-du-conseil-consultatif\/#breadcrumb","itemListElement":[{"@type":"ListItem","position":1,"name":"Home","item":"https:\/\/www.eumedbridge.eu\/fr\/home-page\/"},{"@type":"ListItem","position":2,"name":"Actualit\u00e9s","item":"https:\/\/www.eumedbridge.eu\/fr\/news\/"},{"@type":"ListItem","position":3,"name":"Le think tank du Parlement europ\u00e9en publie une \u00e9tude co-\u00e9crite par le pr\u00e9sident de l\u2019EMEA et les membres du conseil consultatif"}]},{"@type":"WebSite","@id":"https:\/\/www.eumedbridge.eu\/#website","url":"https:\/\/www.eumedbridge.eu\/","name":"EU Medbridge","description":"","publisher":{"@id":"https:\/\/www.eumedbridge.eu\/#organization"},"potentialAction":[{"@type":"SearchAction","target":{"@type":"EntryPoint","urlTemplate":"https:\/\/www.eumedbridge.eu\/?s={search_term_string}"},"query-input":{"@type":"PropertyValueSpecification","valueRequired":true,"valueName":"search_term_string"}}],"inLanguage":"fr-FR"},{"@type":"Organization","@id":"https:\/\/www.eumedbridge.eu\/#organization","name":"EU Medbridge","url":"https:\/\/www.eumedbridge.eu\/","logo":{"@type":"ImageObject","inLanguage":"fr-FR","@id":"https:\/\/www.eumedbridge.eu\/#\/schema\/logo\/image\/","url":"https:\/\/www.eumedbridge.eu\/wp-content\/uploads\/2021\/12\/Logo.png","contentUrl":"https:\/\/www.eumedbridge.eu\/wp-content\/uploads\/2021\/12\/Logo.png","width":325,"height":114,"caption":"EU Medbridge"},"image":{"@id":"https:\/\/www.eumedbridge.eu\/#\/schema\/logo\/image\/"},"sameAs":["https:\/\/www.facebook.com\/eumedbridge\/","https:\/\/x.com\/eumedbridge","https:\/\/www.linkedin.com\/company\/eumedbridge","https:\/\/www.youtube.com\/@eumedbridge","https:\/\/www.instagram.com\/eumedbridge","https:\/\/www.flickr.com\/photos\/euneighbours-south\/"]}]}},"_links":{"self":[{"href":"https:\/\/www.eumedbridge.eu\/fr\/wp-json\/wp\/v2\/news\/233022","targetHints":{"allow":["GET"]}}],"collection":[{"href":"https:\/\/www.eumedbridge.eu\/fr\/wp-json\/wp\/v2\/news"}],"about":[{"href":"https:\/\/www.eumedbridge.eu\/fr\/wp-json\/wp\/v2\/types\/news"}],"wp:featuredmedia":[{"embeddable":true,"href":"https:\/\/www.eumedbridge.eu\/fr\/wp-json\/wp\/v2\/media\/232821"}],"wp:attachment":[{"href":"https:\/\/www.eumedbridge.eu\/fr\/wp-json\/wp\/v2\/media?parent=233022"}],"wp:term":[{"taxonomy":"news_category","embeddable":true,"href":"https:\/\/www.eumedbridge.eu\/fr\/wp-json\/wp\/v2\/news_category?post=233022"},{"taxonomy":"country","embeddable":true,"href":"https:\/\/www.eumedbridge.eu\/fr\/wp-json\/wp\/v2\/country?post=233022"},{"taxonomy":"special_action","embeddable":true,"href":"https:\/\/www.eumedbridge.eu\/fr\/wp-json\/wp\/v2\/special_action?post=233022"},{"taxonomy":"custom_tag","embeddable":true,"href":"https:\/\/www.eumedbridge.eu\/fr\/wp-json\/wp\/v2\/custom_tag?post=233022"}],"curies":[{"name":"wp","href":"https:\/\/api.w.org\/{rel}","templated":true}]}}