{"id":234308,"date":"2024-11-22T16:01:06","date_gmt":"2024-11-22T14:01:06","guid":{"rendered":"https:\/\/eumedbridge.eu\/?post_type=news&#038;p=234308"},"modified":"2024-11-22T16:01:06","modified_gmt":"2024-11-22T14:01:06","slug":"fondation-europeenne-pour-la-formation-etf-qualifications-comparaisons-et-confiance","status":"publish","type":"news","link":"https:\/\/www.eumedbridge.eu\/fr\/news\/fondation-europeenne-pour-la-formation-etf-qualifications-comparaisons-et-confiance\/","title":{"rendered":"Fondation europ\u00e9enne pour la formation (ETF) : qualifications, comparaisons et confiance"},"content":{"rendered":"<p><span style=\"font-weight: 400;\">Le <\/span><a href=\"https:\/\/europass.europa.eu\/en\/europass-digital-tools\/european-qualifications-framework\"><span style=\"font-weight: 400;\">cadre europ\u00e9en des certifications<\/span><\/a><span style=\"font-weight: 400;\"> (CEC) constitue une r\u00e9f\u00e9rence pour l\u2019\u00e9laboration de cadres nationaux et r\u00e9gionaux con\u00e7us pour am\u00e9liorer la reconnaissance des certifications dans un contexte toujours plus mobile et globalis\u00e9. La comparaison des cadres de certification est essentielle pour aider les \u00e9tudiants, les demandeurs d\u2019emploi et les employeurs \u00e0 exploiter les talents et les comp\u00e9tences au-del\u00e0 des fronti\u00e8res.<\/span><\/p>\n<p><span style=\"font-weight: 400;\">\u00a0<\/span><\/p>\n<p><span style=\"font-weight: 400;\">Pour renforcer davantage les cadres et l\u2019engagement, la Fondation europ\u00e9enne pour la formation (ETF) a organis\u00e9 une activit\u00e9 d\u2019apprentissage entre pairs (PLA) en collaboration avec la Commission europ\u00e9enne. Intitul\u00e9e \u00ab\u00a0Comparaison entre le CEC et les cadres nationaux de qualifications de pays tiers\u00a0: enseignements tir\u00e9s des projets pilotes et perspectives d\u2019avenir \u00bb, cette rencontre s\u2019est tenue les 29 et 30\u00a0octobre au si\u00e8ge de l\u2019ETF \u00e0 Turin.<\/span><\/p>\n<p><span style=\"font-weight: 400;\">\u00a0<\/span><\/p>\n<p><span style=\"font-weight: 400;\">R\u00e9unissant des repr\u00e9sentants de 15\u00a0pays ainsi que des agences et des organisations \u00e9tudiantes, cette PLA portait sur le d\u00e9veloppement du CEC, des cadres nationaux de certifications (CNC) et des cadres r\u00e9gionaux de certifications (CRC). Les discussions portaient \u00e9galement sur les mesures n\u00e9cessaires pour am\u00e9liorer le processus de comparaison, tandis qu\u2019un nombre croissant de pays \u00e9tablissent ou perfectionnent leurs propres cadres.<\/span><\/p>\n<p><span style=\"font-weight: 400;\">\u00a0<\/span><\/p>\n<p><span style=\"font-weight: 400;\">Selon Michael Graham, expert de l\u2019ETF en d\u00e9veloppement du capital humain sur les syst\u00e8mes de certifications \u00e0 la Fondation europ\u00e9enne pour la formation, \u00ab\u00a0l\u2019examen de l\u2019historique des comparaisons r\u00e9alis\u00e9es jusqu\u2019\u00e0 pr\u00e9sent permet d\u2019analyser et d\u2019\u00e9valuer l\u2019efficacit\u00e9 des processus\u00a0\u00bb.<\/span><\/p>\n<p><span style=\"font-weight: 400;\">\u00a0<\/span><\/p>\n<p><span style=\"font-weight: 400;\">Bien que chaque \u00c9tat membre de l\u2019UE dispose d\u00e9sormais d\u2019un cadre national de certifications (CNC) align\u00e9 sur le Cadre europ\u00e9en des certifications (CEC), l\u2019articulation des comparaisons est uniquement possible depuis la r\u00e9vision de la Recommandation concernant le CEC du 22\u00a0mai 2017. Le CEC regroupe 41\u00a0pays, parmi lesquels les \u00c9tats membres de l\u2019UE, les pays de l\u2019Espace \u00e9conomique europ\u00e9en, les pays candidats \u00e0 l\u2019adh\u00e9sion \u00e0 l\u2019UE ainsi que les candidats potentiels. Parall\u00e8lement, l\u2019ETF cherche \u00e0 soutenir le d\u00e9veloppement des cadres de certifications dans ses pays partenaires et au-del\u00e0, notamment en contribuant au <\/span><a href=\"https:\/\/acqf.africa\/\"><span style=\"font-weight: 400;\">Cadre continental africain des certifications<\/span><\/a><span style=\"font-weight: 400;\"> (ACQF).<\/span><\/p>\n<p><span style=\"font-weight: 400;\">\u00a0<\/span><\/p>\n<p><span style=\"font-weight: 400;\">\u00ab\u00a0Les demandes adress\u00e9es \u00e0 l\u2019ETF pour soutenir l\u2019\u00e9laboration de cadres de qualifications et renforcer la transparence ont montr\u00e9 l\u2019int\u00e9r\u00eat de telles comparaisons\u00a0\u00bb, commente M.\u00a0Graham. \u00ab\u00a0Cela repr\u00e9sente un atout pour l\u2019UE, et de telles sollicitations t\u00e9moignent de la valeur du CEC et des syst\u00e8mes nationaux qui lui sont associ\u00e9s\u00a0\u00bb, poursuit-il.<\/span><\/p>\n<p><span style=\"font-weight: 400;\">\u00a0<\/span><\/p>\n<p><span style=\"font-weight: 400;\">Cet engagement accru a \u00e9t\u00e9 renforc\u00e9 par le <\/span><a href=\"https:\/\/year-of-skills.europa.eu\/news\/introduction-skills-and-talent-mobility-package-2023-12-19_en\"><span style=\"font-weight: 400;\">train de mesures sur la mobilit\u00e9 des talents et des comp\u00e9tences<\/span><\/a><span style=\"font-weight: 400;\"> adopt\u00e9 par la Commission europ\u00e9enne en 2023, une p\u00e9riode \u00e9galement marqu\u00e9e par <\/span><a href=\"https:\/\/c\/Users\/nomdekn\/AppData\/Local\/Microsoft\/Windows\/INetCache\/Content.Outlook\/7IO552P0\/EU%20Year%20of%20Skills\"><span style=\"font-weight: 400;\">l\u2019Ann\u00e9e europ\u00e9enne des comp\u00e9tences<\/span><\/a><span style=\"font-weight: 400;\">. \u00ab\u00a0Il s\u2019agit de mesures importantes, car l\u2019un de leurs objectifs est d\u2019attirer, via la migration l\u00e9gale, des travailleurs en Europe afin de r\u00e9pondre aux p\u00e9nuries sur le march\u00e9 du travail\u00a0\u00bb, commente Koen Nomden, de la Direction g\u00e9n\u00e9rale de l\u2019emploi, des affaires sociales et de l\u2019inclusion (DG EMPL) de la Commission europ\u00e9enne.<\/span><\/p>\n<p><span style=\"font-weight: 400;\">\u00a0<\/span><\/p>\n<p><span style=\"font-weight: 400;\">Au sein de l\u2019UE, 42\u00a0professions sont concern\u00e9es par une p\u00e9nurie de main-d\u2019\u0153uvre qualifi\u00e9e, avec notamment un d\u00e9ficit de plus de 10\u00a0millions de personnes par rapport \u00e0 l\u2019objectif consistant \u00e0 disposer de 20\u00a0millions de professionnels des TIC <\/span><a href=\"https:\/\/ec.europa.eu\/eurostat\/statistics-explained\/index.php?oldid=646257\"><span style=\"font-weight: 400;\">d\u2019ici 2030<\/span><\/a><span style=\"font-weight: 400;\">, mais \u00e9galement par rapport \u00e0 la cr\u00e9ation de 1 \u00e0 2,5\u00a0millions d\u2019emplois suppl\u00e9mentaires dans le cadre de la transition verte.<\/span><\/p>\n","protected":false},"featured_media":234218,"parent":0,"template":"","news_category":[],"country":[1956],"special_action":[],"custom_tag":[2817,2315],"class_list":["post-234308","news","type-news","status-publish","has-post-thumbnail","hentry","country-region-sud","custom_tag-education-fr","custom_tag-emploi-et-entrpreuneuriat"],"acf":[],"yoast_head":"<!-- This site is optimized with the Yoast SEO plugin v26.5 - https:\/\/yoast.com\/wordpress\/plugins\/seo\/ -->\n<title>Fondation europ\u00e9enne pour la formation (ETF) : qualifications, comparaisons et confiance - Voisins de l&#039;UE<\/title>\n<meta name=\"robots\" content=\"index, follow, max-snippet:-1, max-image-preview:large, max-video-preview:-1\" \/>\n<link rel=\"canonical\" href=\"https:\/\/www.eumedbridge.eu\/fr\/news\/fondation-europeenne-pour-la-formation-etf-qualifications-comparaisons-et-confiance\/\" \/>\n<meta property=\"og:locale\" content=\"fr_FR\" \/>\n<meta property=\"og:type\" content=\"article\" \/>\n<meta property=\"og:title\" content=\"Fondation europ\u00e9enne pour la formation (ETF) : qualifications, comparaisons et confiance - Voisins de l&#039;UE\" \/>\n<meta property=\"og:description\" content=\"Le cadre europ\u00e9en des certifications (CEC) constitue une r\u00e9f\u00e9rence pour l\u2019\u00e9laboration de cadres nationaux et r\u00e9gionaux con\u00e7us pour am\u00e9liorer la reconnaissance des certifications dans un contexte toujours plus mobile et globalis\u00e9. La comparaison des cadres de certification est essentielle pour aider les \u00e9tudiants, les demandeurs d\u2019emploi et les employeurs \u00e0 exploiter les talents et les [&hellip;]\" \/>\n<meta property=\"og:url\" content=\"https:\/\/www.eumedbridge.eu\/fr\/news\/fondation-europeenne-pour-la-formation-etf-qualifications-comparaisons-et-confiance\/\" \/>\n<meta property=\"og:site_name\" content=\"Voisins de l&#039;UE\" \/>\n<meta property=\"article:publisher\" content=\"https:\/\/www.facebook.com\/eumedbridge\/\" \/>\n<meta property=\"og:image\" content=\"https:\/\/www.eumedbridge.eu\/wp-content\/uploads\/2024\/11\/54105014065_f93b7fe537_k.jpg\" \/>\n\t<meta property=\"og:image:width\" content=\"810\" \/>\n\t<meta property=\"og:image:height\" content=\"540\" \/>\n\t<meta property=\"og:image:type\" content=\"image\/jpeg\" \/>\n<meta name=\"twitter:card\" content=\"summary_large_image\" \/>\n<meta name=\"twitter:site\" content=\"@eumedbridge\" \/>\n<meta name=\"twitter:label1\" content=\"Dur\u00e9e de lecture estim\u00e9e\" \/>\n\t<meta name=\"twitter:data1\" content=\"3 minutes\" \/>\n<script type=\"application\/ld+json\" class=\"yoast-schema-graph\">{\"@context\":\"https:\/\/schema.org\",\"@graph\":[{\"@type\":\"WebPage\",\"@id\":\"https:\/\/www.eumedbridge.eu\/fr\/news\/fondation-europeenne-pour-la-formation-etf-qualifications-comparaisons-et-confiance\/\",\"url\":\"https:\/\/www.eumedbridge.eu\/fr\/news\/fondation-europeenne-pour-la-formation-etf-qualifications-comparaisons-et-confiance\/\",\"name\":\"Fondation europ\u00e9enne pour la formation (ETF) : qualifications, comparaisons et confiance - Voisins de l'UE\",\"isPartOf\":{\"@id\":\"https:\/\/www.eumedbridge.eu\/#website\"},\"primaryImageOfPage\":{\"@id\":\"https:\/\/www.eumedbridge.eu\/fr\/news\/fondation-europeenne-pour-la-formation-etf-qualifications-comparaisons-et-confiance\/#primaryimage\"},\"image\":{\"@id\":\"https:\/\/www.eumedbridge.eu\/fr\/news\/fondation-europeenne-pour-la-formation-etf-qualifications-comparaisons-et-confiance\/#primaryimage\"},\"thumbnailUrl\":\"https:\/\/www.eumedbridge.eu\/wp-content\/uploads\/2024\/11\/54105014065_f93b7fe537_k.jpg\",\"datePublished\":\"2024-11-22T14:01:06+00:00\",\"breadcrumb\":{\"@id\":\"https:\/\/www.eumedbridge.eu\/fr\/news\/fondation-europeenne-pour-la-formation-etf-qualifications-comparaisons-et-confiance\/#breadcrumb\"},\"inLanguage\":\"fr-FR\",\"potentialAction\":[{\"@type\":\"ReadAction\",\"target\":[\"https:\/\/www.eumedbridge.eu\/fr\/news\/fondation-europeenne-pour-la-formation-etf-qualifications-comparaisons-et-confiance\/\"]}]},{\"@type\":\"ImageObject\",\"inLanguage\":\"fr-FR\",\"@id\":\"https:\/\/www.eumedbridge.eu\/fr\/news\/fondation-europeenne-pour-la-formation-etf-qualifications-comparaisons-et-confiance\/#primaryimage\",\"url\":\"https:\/\/www.eumedbridge.eu\/wp-content\/uploads\/2024\/11\/54105014065_f93b7fe537_k.jpg\",\"contentUrl\":\"https:\/\/www.eumedbridge.eu\/wp-content\/uploads\/2024\/11\/54105014065_f93b7fe537_k.jpg\",\"width\":810,\"height\":540},{\"@type\":\"BreadcrumbList\",\"@id\":\"https:\/\/www.eumedbridge.eu\/fr\/news\/fondation-europeenne-pour-la-formation-etf-qualifications-comparaisons-et-confiance\/#breadcrumb\",\"itemListElement\":[{\"@type\":\"ListItem\",\"position\":1,\"name\":\"Home\",\"item\":\"https:\/\/www.eumedbridge.eu\/fr\/home-page\/\"},{\"@type\":\"ListItem\",\"position\":2,\"name\":\"Actualit\u00e9s\",\"item\":\"https:\/\/www.eumedbridge.eu\/fr\/news\/\"},{\"@type\":\"ListItem\",\"position\":3,\"name\":\"Fondation europ\u00e9enne pour la formation (ETF) : qualifications, comparaisons et confiance\"}]},{\"@type\":\"WebSite\",\"@id\":\"https:\/\/www.eumedbridge.eu\/#website\",\"url\":\"https:\/\/www.eumedbridge.eu\/\",\"name\":\"EU Medbridge\",\"description\":\"\",\"publisher\":{\"@id\":\"https:\/\/www.eumedbridge.eu\/#organization\"},\"potentialAction\":[{\"@type\":\"SearchAction\",\"target\":{\"@type\":\"EntryPoint\",\"urlTemplate\":\"https:\/\/www.eumedbridge.eu\/?s={search_term_string}\"},\"query-input\":{\"@type\":\"PropertyValueSpecification\",\"valueRequired\":true,\"valueName\":\"search_term_string\"}}],\"inLanguage\":\"fr-FR\"},{\"@type\":\"Organization\",\"@id\":\"https:\/\/www.eumedbridge.eu\/#organization\",\"name\":\"EU Medbridge\",\"url\":\"https:\/\/www.eumedbridge.eu\/\",\"logo\":{\"@type\":\"ImageObject\",\"inLanguage\":\"fr-FR\",\"@id\":\"https:\/\/www.eumedbridge.eu\/#\/schema\/logo\/image\/\",\"url\":\"https:\/\/www.eumedbridge.eu\/wp-content\/uploads\/2021\/12\/Logo.png\",\"contentUrl\":\"https:\/\/www.eumedbridge.eu\/wp-content\/uploads\/2021\/12\/Logo.png\",\"width\":325,\"height\":114,\"caption\":\"EU Medbridge\"},\"image\":{\"@id\":\"https:\/\/www.eumedbridge.eu\/#\/schema\/logo\/image\/\"},\"sameAs\":[\"https:\/\/www.facebook.com\/eumedbridge\/\",\"https:\/\/x.com\/eumedbridge\",\"https:\/\/www.linkedin.com\/company\/eumedbridge\",\"https:\/\/www.youtube.com\/@eumedbridge\",\"https:\/\/www.instagram.com\/eumedbridge\",\"https:\/\/www.flickr.com\/photos\/euneighbours-south\/\"]}]}<\/script>\n<!-- \/ Yoast SEO plugin. -->","yoast_head_json":{"title":"Fondation europ\u00e9enne pour la formation (ETF) : qualifications, comparaisons et confiance - Voisins de l'UE","robots":{"index":"index","follow":"follow","max-snippet":"max-snippet:-1","max-image-preview":"max-image-preview:large","max-video-preview":"max-video-preview:-1"},"canonical":"https:\/\/www.eumedbridge.eu\/fr\/news\/fondation-europeenne-pour-la-formation-etf-qualifications-comparaisons-et-confiance\/","og_locale":"fr_FR","og_type":"article","og_title":"Fondation europ\u00e9enne pour la formation (ETF) : qualifications, comparaisons et confiance - Voisins de l'UE","og_description":"Le cadre europ\u00e9en des certifications (CEC) constitue une r\u00e9f\u00e9rence pour l\u2019\u00e9laboration de cadres nationaux et r\u00e9gionaux con\u00e7us pour am\u00e9liorer la reconnaissance des certifications dans un contexte toujours plus mobile et globalis\u00e9. La comparaison des cadres de certification est essentielle pour aider les \u00e9tudiants, les demandeurs d\u2019emploi et les employeurs \u00e0 exploiter les talents et les [&hellip;]","og_url":"https:\/\/www.eumedbridge.eu\/fr\/news\/fondation-europeenne-pour-la-formation-etf-qualifications-comparaisons-et-confiance\/","og_site_name":"Voisins de l'UE","article_publisher":"https:\/\/www.facebook.com\/eumedbridge\/","og_image":[{"width":810,"height":540,"url":"https:\/\/www.eumedbridge.eu\/wp-content\/uploads\/2024\/11\/54105014065_f93b7fe537_k.jpg","type":"image\/jpeg"}],"twitter_card":"summary_large_image","twitter_site":"@eumedbridge","twitter_misc":{"Dur\u00e9e de lecture estim\u00e9e":"3 minutes"},"schema":{"@context":"https:\/\/schema.org","@graph":[{"@type":"WebPage","@id":"https:\/\/www.eumedbridge.eu\/fr\/news\/fondation-europeenne-pour-la-formation-etf-qualifications-comparaisons-et-confiance\/","url":"https:\/\/www.eumedbridge.eu\/fr\/news\/fondation-europeenne-pour-la-formation-etf-qualifications-comparaisons-et-confiance\/","name":"Fondation europ\u00e9enne pour la formation (ETF) : qualifications, comparaisons et confiance - Voisins de l'UE","isPartOf":{"@id":"https:\/\/www.eumedbridge.eu\/#website"},"primaryImageOfPage":{"@id":"https:\/\/www.eumedbridge.eu\/fr\/news\/fondation-europeenne-pour-la-formation-etf-qualifications-comparaisons-et-confiance\/#primaryimage"},"image":{"@id":"https:\/\/www.eumedbridge.eu\/fr\/news\/fondation-europeenne-pour-la-formation-etf-qualifications-comparaisons-et-confiance\/#primaryimage"},"thumbnailUrl":"https:\/\/www.eumedbridge.eu\/wp-content\/uploads\/2024\/11\/54105014065_f93b7fe537_k.jpg","datePublished":"2024-11-22T14:01:06+00:00","breadcrumb":{"@id":"https:\/\/www.eumedbridge.eu\/fr\/news\/fondation-europeenne-pour-la-formation-etf-qualifications-comparaisons-et-confiance\/#breadcrumb"},"inLanguage":"fr-FR","potentialAction":[{"@type":"ReadAction","target":["https:\/\/www.eumedbridge.eu\/fr\/news\/fondation-europeenne-pour-la-formation-etf-qualifications-comparaisons-et-confiance\/"]}]},{"@type":"ImageObject","inLanguage":"fr-FR","@id":"https:\/\/www.eumedbridge.eu\/fr\/news\/fondation-europeenne-pour-la-formation-etf-qualifications-comparaisons-et-confiance\/#primaryimage","url":"https:\/\/www.eumedbridge.eu\/wp-content\/uploads\/2024\/11\/54105014065_f93b7fe537_k.jpg","contentUrl":"https:\/\/www.eumedbridge.eu\/wp-content\/uploads\/2024\/11\/54105014065_f93b7fe537_k.jpg","width":810,"height":540},{"@type":"BreadcrumbList","@id":"https:\/\/www.eumedbridge.eu\/fr\/news\/fondation-europeenne-pour-la-formation-etf-qualifications-comparaisons-et-confiance\/#breadcrumb","itemListElement":[{"@type":"ListItem","position":1,"name":"Home","item":"https:\/\/www.eumedbridge.eu\/fr\/home-page\/"},{"@type":"ListItem","position":2,"name":"Actualit\u00e9s","item":"https:\/\/www.eumedbridge.eu\/fr\/news\/"},{"@type":"ListItem","position":3,"name":"Fondation europ\u00e9enne pour la formation (ETF) : qualifications, comparaisons et confiance"}]},{"@type":"WebSite","@id":"https:\/\/www.eumedbridge.eu\/#website","url":"https:\/\/www.eumedbridge.eu\/","name":"EU Medbridge","description":"","publisher":{"@id":"https:\/\/www.eumedbridge.eu\/#organization"},"potentialAction":[{"@type":"SearchAction","target":{"@type":"EntryPoint","urlTemplate":"https:\/\/www.eumedbridge.eu\/?s={search_term_string}"},"query-input":{"@type":"PropertyValueSpecification","valueRequired":true,"valueName":"search_term_string"}}],"inLanguage":"fr-FR"},{"@type":"Organization","@id":"https:\/\/www.eumedbridge.eu\/#organization","name":"EU Medbridge","url":"https:\/\/www.eumedbridge.eu\/","logo":{"@type":"ImageObject","inLanguage":"fr-FR","@id":"https:\/\/www.eumedbridge.eu\/#\/schema\/logo\/image\/","url":"https:\/\/www.eumedbridge.eu\/wp-content\/uploads\/2021\/12\/Logo.png","contentUrl":"https:\/\/www.eumedbridge.eu\/wp-content\/uploads\/2021\/12\/Logo.png","width":325,"height":114,"caption":"EU Medbridge"},"image":{"@id":"https:\/\/www.eumedbridge.eu\/#\/schema\/logo\/image\/"},"sameAs":["https:\/\/www.facebook.com\/eumedbridge\/","https:\/\/x.com\/eumedbridge","https:\/\/www.linkedin.com\/company\/eumedbridge","https:\/\/www.youtube.com\/@eumedbridge","https:\/\/www.instagram.com\/eumedbridge","https:\/\/www.flickr.com\/photos\/euneighbours-south\/"]}]}},"_links":{"self":[{"href":"https:\/\/www.eumedbridge.eu\/fr\/wp-json\/wp\/v2\/news\/234308","targetHints":{"allow":["GET"]}}],"collection":[{"href":"https:\/\/www.eumedbridge.eu\/fr\/wp-json\/wp\/v2\/news"}],"about":[{"href":"https:\/\/www.eumedbridge.eu\/fr\/wp-json\/wp\/v2\/types\/news"}],"wp:featuredmedia":[{"embeddable":true,"href":"https:\/\/www.eumedbridge.eu\/fr\/wp-json\/wp\/v2\/media\/234218"}],"wp:attachment":[{"href":"https:\/\/www.eumedbridge.eu\/fr\/wp-json\/wp\/v2\/media?parent=234308"}],"wp:term":[{"taxonomy":"news_category","embeddable":true,"href":"https:\/\/www.eumedbridge.eu\/fr\/wp-json\/wp\/v2\/news_category?post=234308"},{"taxonomy":"country","embeddable":true,"href":"https:\/\/www.eumedbridge.eu\/fr\/wp-json\/wp\/v2\/country?post=234308"},{"taxonomy":"special_action","embeddable":true,"href":"https:\/\/www.eumedbridge.eu\/fr\/wp-json\/wp\/v2\/special_action?post=234308"},{"taxonomy":"custom_tag","embeddable":true,"href":"https:\/\/www.eumedbridge.eu\/fr\/wp-json\/wp\/v2\/custom_tag?post=234308"}],"curies":[{"name":"wp","href":"https:\/\/api.w.org\/{rel}","templated":true}]}}