{"id":234964,"date":"2024-12-12T12:50:08","date_gmt":"2024-12-12T10:50:08","guid":{"rendered":"https:\/\/eumedbridge.eu\/?post_type=news&#038;p=234964"},"modified":"2024-12-12T12:50:08","modified_gmt":"2024-12-12T10:50:08","slug":"med-youth-lab-de-jeunes-esprits-unis-pour-le-progres-de-la-region-mediterraneenne","status":"publish","type":"news","link":"https:\/\/www.eumedbridge.eu\/fr\/news\/med-youth-lab-de-jeunes-esprits-unis-pour-le-progres-de-la-region-mediterraneenne\/","title":{"rendered":"Med Youth Lab : de jeunes esprits unis pour le progr\u00e8s de la r\u00e9gion m\u00e9diterran\u00e9enne"},"content":{"rendered":"<p><span style=\"font-weight: 400;\">L\u2019Union pour la M\u00e9diterran\u00e9e (UpM) a organis\u00e9 l\u2019\u00e9v\u00e9nement \u00ab\u00a0<\/span><a href=\"https:\/\/ufmsecretariat.org\/fr\/ufm-med-youth-lab-2024-call-for-applications\/\"><span style=\"font-weight: 400;\">Med Youth Lab<\/span><\/a><span style=\"font-weight: 400;\">\u00a0\u00bb du 25 au 29\u00a0novembre 2024 sur le campus de l\u2019<\/span><a href=\"https:\/\/www.linkedin.com\/company\/universit-euro-m-diterran-enne-de-f-s\/\"><span style=\"font-weight: 400;\">Universit\u00e9 Euro-M\u00e9diterran\u00e9enne de F\u00e8s<\/span><\/a><span style=\"font-weight: 400;\"> au Maroc. Cet atelier de cinq jours a permis \u00e0 plus de 60\u00a0jeunes m\u00e9diterran\u00e9ens de 18 \u00e0 29\u00a0ans d\u2019une vingtaine de pays d\u2019apprendre, d\u2019\u00e9changer et de travailler ensemble dans trois domaines diff\u00e9rents, \u00e0 savoir les comp\u00e9tences vertes, la mobilit\u00e9 des jeunes pour les \u00e9changes \u00e9ducatifs et professionnels, et la <\/span><b>participation des jeunes au dialogue entre les parties int\u00e9ress\u00e9es<\/b><span style=\"font-weight: 400;\">.<\/span><\/p>\n<p><span style=\"font-weight: 400;\">\u00a0<\/span><\/p>\n<p><span style=\"font-weight: 400;\">Le personnel du programme Interreg\u00a0NEXT\u00a0MED a particip\u00e9 au troisi\u00e8me groupe th\u00e9matique en tant que membre du jury des projets pr\u00e9sent\u00e9s par les jeunes participants. Ce fut une excellente occasion de rencontrer ces jeunes dynamiques et motiv\u00e9s qui ont pr\u00e9sent\u00e9 des propositions brillantes. Dans ce laps de temps aussi court, ils ont appris non seulement \u00e0 r\u00e9diger une proposition de projet, mais \u00e9galement \u00e0 faire face aux nombreux participants et \u00e0 pr\u00e9senter leurs id\u00e9es devant un jury. Cet \u00e9v\u00e9nement \u00e9tait la meilleure fa\u00e7on de c\u00e9l\u00e9brer la Journ\u00e9e de la M\u00e9diterran\u00e9e (28\u00a0novembre 2024) et de donner un peu d\u2019espoir dans une r\u00e9gion en proie \u00e0 des bouleversements majeurs.<\/span><\/p>\n","protected":false},"featured_media":234873,"parent":0,"template":"","news_category":[],"country":[1956],"special_action":[],"custom_tag":[1970],"class_list":["post-234964","news","type-news","status-publish","has-post-thumbnail","hentry","country-region-sud","custom_tag-jeunesse"],"acf":[],"yoast_head":"<!-- This site is optimized with the Yoast SEO plugin v26.5 - https:\/\/yoast.com\/wordpress\/plugins\/seo\/ -->\n<title>Med Youth Lab : de jeunes esprits unis pour le progr\u00e8s de la r\u00e9gion m\u00e9diterran\u00e9enne - Voisins de l&#039;UE<\/title>\n<meta name=\"robots\" content=\"index, follow, max-snippet:-1, max-image-preview:large, max-video-preview:-1\" \/>\n<link rel=\"canonical\" href=\"https:\/\/www.eumedbridge.eu\/fr\/news\/med-youth-lab-de-jeunes-esprits-unis-pour-le-progres-de-la-region-mediterraneenne\/\" \/>\n<meta property=\"og:locale\" content=\"fr_FR\" \/>\n<meta property=\"og:type\" content=\"article\" \/>\n<meta property=\"og:title\" content=\"Med Youth Lab : de jeunes esprits unis pour le progr\u00e8s de la r\u00e9gion m\u00e9diterran\u00e9enne - Voisins de l&#039;UE\" \/>\n<meta property=\"og:description\" content=\"L\u2019Union pour la M\u00e9diterran\u00e9e (UpM) a organis\u00e9 l\u2019\u00e9v\u00e9nement \u00ab\u00a0Med Youth Lab\u00a0\u00bb du 25 au 29\u00a0novembre 2024 sur le campus de l\u2019Universit\u00e9 Euro-M\u00e9diterran\u00e9enne de F\u00e8s au Maroc. Cet atelier de cinq jours a permis \u00e0 plus de 60\u00a0jeunes m\u00e9diterran\u00e9ens de 18 \u00e0 29\u00a0ans d\u2019une vingtaine de pays d\u2019apprendre, d\u2019\u00e9changer et de travailler ensemble dans trois domaines [&hellip;]\" \/>\n<meta property=\"og:url\" content=\"https:\/\/www.eumedbridge.eu\/fr\/news\/med-youth-lab-de-jeunes-esprits-unis-pour-le-progres-de-la-region-mediterraneenne\/\" \/>\n<meta property=\"og:site_name\" content=\"Voisins de l&#039;UE\" \/>\n<meta property=\"article:publisher\" content=\"https:\/\/www.facebook.com\/eumedbridge\/\" \/>\n<meta property=\"og:image\" content=\"https:\/\/www.eumedbridge.eu\/wp-content\/uploads\/2024\/12\/Young-people-Med-Youth-Lab_29-11-2024-1536x1152-1.jpg\" \/>\n\t<meta property=\"og:image:width\" content=\"1536\" \/>\n\t<meta property=\"og:image:height\" content=\"1152\" \/>\n\t<meta property=\"og:image:type\" content=\"image\/jpeg\" \/>\n<meta name=\"twitter:card\" content=\"summary_large_image\" \/>\n<meta name=\"twitter:site\" content=\"@eumedbridge\" \/>\n<meta name=\"twitter:label1\" content=\"Dur\u00e9e de lecture estim\u00e9e\" \/>\n\t<meta name=\"twitter:data1\" content=\"1 minute\" \/>\n<script type=\"application\/ld+json\" class=\"yoast-schema-graph\">{\"@context\":\"https:\/\/schema.org\",\"@graph\":[{\"@type\":\"WebPage\",\"@id\":\"https:\/\/www.eumedbridge.eu\/fr\/news\/med-youth-lab-de-jeunes-esprits-unis-pour-le-progres-de-la-region-mediterraneenne\/\",\"url\":\"https:\/\/www.eumedbridge.eu\/fr\/news\/med-youth-lab-de-jeunes-esprits-unis-pour-le-progres-de-la-region-mediterraneenne\/\",\"name\":\"Med Youth Lab : de jeunes esprits unis pour le progr\u00e8s de la r\u00e9gion m\u00e9diterran\u00e9enne - Voisins de l'UE\",\"isPartOf\":{\"@id\":\"https:\/\/www.eumedbridge.eu\/#website\"},\"primaryImageOfPage\":{\"@id\":\"https:\/\/www.eumedbridge.eu\/fr\/news\/med-youth-lab-de-jeunes-esprits-unis-pour-le-progres-de-la-region-mediterraneenne\/#primaryimage\"},\"image\":{\"@id\":\"https:\/\/www.eumedbridge.eu\/fr\/news\/med-youth-lab-de-jeunes-esprits-unis-pour-le-progres-de-la-region-mediterraneenne\/#primaryimage\"},\"thumbnailUrl\":\"https:\/\/www.eumedbridge.eu\/wp-content\/uploads\/2024\/12\/Young-people-Med-Youth-Lab_29-11-2024-1536x1152-1.jpg\",\"datePublished\":\"2024-12-12T10:50:08+00:00\",\"breadcrumb\":{\"@id\":\"https:\/\/www.eumedbridge.eu\/fr\/news\/med-youth-lab-de-jeunes-esprits-unis-pour-le-progres-de-la-region-mediterraneenne\/#breadcrumb\"},\"inLanguage\":\"fr-FR\",\"potentialAction\":[{\"@type\":\"ReadAction\",\"target\":[\"https:\/\/www.eumedbridge.eu\/fr\/news\/med-youth-lab-de-jeunes-esprits-unis-pour-le-progres-de-la-region-mediterraneenne\/\"]}]},{\"@type\":\"ImageObject\",\"inLanguage\":\"fr-FR\",\"@id\":\"https:\/\/www.eumedbridge.eu\/fr\/news\/med-youth-lab-de-jeunes-esprits-unis-pour-le-progres-de-la-region-mediterraneenne\/#primaryimage\",\"url\":\"https:\/\/www.eumedbridge.eu\/wp-content\/uploads\/2024\/12\/Young-people-Med-Youth-Lab_29-11-2024-1536x1152-1.jpg\",\"contentUrl\":\"https:\/\/www.eumedbridge.eu\/wp-content\/uploads\/2024\/12\/Young-people-Med-Youth-Lab_29-11-2024-1536x1152-1.jpg\",\"width\":1536,\"height\":1152},{\"@type\":\"BreadcrumbList\",\"@id\":\"https:\/\/www.eumedbridge.eu\/fr\/news\/med-youth-lab-de-jeunes-esprits-unis-pour-le-progres-de-la-region-mediterraneenne\/#breadcrumb\",\"itemListElement\":[{\"@type\":\"ListItem\",\"position\":1,\"name\":\"Home\",\"item\":\"https:\/\/www.eumedbridge.eu\/fr\/home-page\/\"},{\"@type\":\"ListItem\",\"position\":2,\"name\":\"Actualit\u00e9s\",\"item\":\"https:\/\/www.eumedbridge.eu\/fr\/news\/\"},{\"@type\":\"ListItem\",\"position\":3,\"name\":\"Med Youth Lab : de jeunes esprits unis pour le progr\u00e8s de la r\u00e9gion m\u00e9diterran\u00e9enne\"}]},{\"@type\":\"WebSite\",\"@id\":\"https:\/\/www.eumedbridge.eu\/#website\",\"url\":\"https:\/\/www.eumedbridge.eu\/\",\"name\":\"EU Medbridge\",\"description\":\"\",\"publisher\":{\"@id\":\"https:\/\/www.eumedbridge.eu\/#organization\"},\"potentialAction\":[{\"@type\":\"SearchAction\",\"target\":{\"@type\":\"EntryPoint\",\"urlTemplate\":\"https:\/\/www.eumedbridge.eu\/?s={search_term_string}\"},\"query-input\":{\"@type\":\"PropertyValueSpecification\",\"valueRequired\":true,\"valueName\":\"search_term_string\"}}],\"inLanguage\":\"fr-FR\"},{\"@type\":\"Organization\",\"@id\":\"https:\/\/www.eumedbridge.eu\/#organization\",\"name\":\"EU Medbridge\",\"url\":\"https:\/\/www.eumedbridge.eu\/\",\"logo\":{\"@type\":\"ImageObject\",\"inLanguage\":\"fr-FR\",\"@id\":\"https:\/\/www.eumedbridge.eu\/#\/schema\/logo\/image\/\",\"url\":\"https:\/\/www.eumedbridge.eu\/wp-content\/uploads\/2021\/12\/Logo.png\",\"contentUrl\":\"https:\/\/www.eumedbridge.eu\/wp-content\/uploads\/2021\/12\/Logo.png\",\"width\":325,\"height\":114,\"caption\":\"EU Medbridge\"},\"image\":{\"@id\":\"https:\/\/www.eumedbridge.eu\/#\/schema\/logo\/image\/\"},\"sameAs\":[\"https:\/\/www.facebook.com\/eumedbridge\/\",\"https:\/\/x.com\/eumedbridge\",\"https:\/\/www.linkedin.com\/company\/eumedbridge\",\"https:\/\/www.youtube.com\/@eumedbridge\",\"https:\/\/www.instagram.com\/eumedbridge\",\"https:\/\/www.flickr.com\/photos\/euneighbours-south\/\"]}]}<\/script>\n<!-- \/ Yoast SEO plugin. -->","yoast_head_json":{"title":"Med Youth Lab : de jeunes esprits unis pour le progr\u00e8s de la r\u00e9gion m\u00e9diterran\u00e9enne - Voisins de l'UE","robots":{"index":"index","follow":"follow","max-snippet":"max-snippet:-1","max-image-preview":"max-image-preview:large","max-video-preview":"max-video-preview:-1"},"canonical":"https:\/\/www.eumedbridge.eu\/fr\/news\/med-youth-lab-de-jeunes-esprits-unis-pour-le-progres-de-la-region-mediterraneenne\/","og_locale":"fr_FR","og_type":"article","og_title":"Med Youth Lab : de jeunes esprits unis pour le progr\u00e8s de la r\u00e9gion m\u00e9diterran\u00e9enne - Voisins de l'UE","og_description":"L\u2019Union pour la M\u00e9diterran\u00e9e (UpM) a organis\u00e9 l\u2019\u00e9v\u00e9nement \u00ab\u00a0Med Youth Lab\u00a0\u00bb du 25 au 29\u00a0novembre 2024 sur le campus de l\u2019Universit\u00e9 Euro-M\u00e9diterran\u00e9enne de F\u00e8s au Maroc. Cet atelier de cinq jours a permis \u00e0 plus de 60\u00a0jeunes m\u00e9diterran\u00e9ens de 18 \u00e0 29\u00a0ans d\u2019une vingtaine de pays d\u2019apprendre, d\u2019\u00e9changer et de travailler ensemble dans trois domaines [&hellip;]","og_url":"https:\/\/www.eumedbridge.eu\/fr\/news\/med-youth-lab-de-jeunes-esprits-unis-pour-le-progres-de-la-region-mediterraneenne\/","og_site_name":"Voisins de l'UE","article_publisher":"https:\/\/www.facebook.com\/eumedbridge\/","og_image":[{"width":1536,"height":1152,"url":"https:\/\/www.eumedbridge.eu\/wp-content\/uploads\/2024\/12\/Young-people-Med-Youth-Lab_29-11-2024-1536x1152-1.jpg","type":"image\/jpeg"}],"twitter_card":"summary_large_image","twitter_site":"@eumedbridge","twitter_misc":{"Dur\u00e9e de lecture estim\u00e9e":"1 minute"},"schema":{"@context":"https:\/\/schema.org","@graph":[{"@type":"WebPage","@id":"https:\/\/www.eumedbridge.eu\/fr\/news\/med-youth-lab-de-jeunes-esprits-unis-pour-le-progres-de-la-region-mediterraneenne\/","url":"https:\/\/www.eumedbridge.eu\/fr\/news\/med-youth-lab-de-jeunes-esprits-unis-pour-le-progres-de-la-region-mediterraneenne\/","name":"Med Youth Lab : de jeunes esprits unis pour le progr\u00e8s de la r\u00e9gion m\u00e9diterran\u00e9enne - Voisins de l'UE","isPartOf":{"@id":"https:\/\/www.eumedbridge.eu\/#website"},"primaryImageOfPage":{"@id":"https:\/\/www.eumedbridge.eu\/fr\/news\/med-youth-lab-de-jeunes-esprits-unis-pour-le-progres-de-la-region-mediterraneenne\/#primaryimage"},"image":{"@id":"https:\/\/www.eumedbridge.eu\/fr\/news\/med-youth-lab-de-jeunes-esprits-unis-pour-le-progres-de-la-region-mediterraneenne\/#primaryimage"},"thumbnailUrl":"https:\/\/www.eumedbridge.eu\/wp-content\/uploads\/2024\/12\/Young-people-Med-Youth-Lab_29-11-2024-1536x1152-1.jpg","datePublished":"2024-12-12T10:50:08+00:00","breadcrumb":{"@id":"https:\/\/www.eumedbridge.eu\/fr\/news\/med-youth-lab-de-jeunes-esprits-unis-pour-le-progres-de-la-region-mediterraneenne\/#breadcrumb"},"inLanguage":"fr-FR","potentialAction":[{"@type":"ReadAction","target":["https:\/\/www.eumedbridge.eu\/fr\/news\/med-youth-lab-de-jeunes-esprits-unis-pour-le-progres-de-la-region-mediterraneenne\/"]}]},{"@type":"ImageObject","inLanguage":"fr-FR","@id":"https:\/\/www.eumedbridge.eu\/fr\/news\/med-youth-lab-de-jeunes-esprits-unis-pour-le-progres-de-la-region-mediterraneenne\/#primaryimage","url":"https:\/\/www.eumedbridge.eu\/wp-content\/uploads\/2024\/12\/Young-people-Med-Youth-Lab_29-11-2024-1536x1152-1.jpg","contentUrl":"https:\/\/www.eumedbridge.eu\/wp-content\/uploads\/2024\/12\/Young-people-Med-Youth-Lab_29-11-2024-1536x1152-1.jpg","width":1536,"height":1152},{"@type":"BreadcrumbList","@id":"https:\/\/www.eumedbridge.eu\/fr\/news\/med-youth-lab-de-jeunes-esprits-unis-pour-le-progres-de-la-region-mediterraneenne\/#breadcrumb","itemListElement":[{"@type":"ListItem","position":1,"name":"Home","item":"https:\/\/www.eumedbridge.eu\/fr\/home-page\/"},{"@type":"ListItem","position":2,"name":"Actualit\u00e9s","item":"https:\/\/www.eumedbridge.eu\/fr\/news\/"},{"@type":"ListItem","position":3,"name":"Med Youth Lab : de jeunes esprits unis pour le progr\u00e8s de la r\u00e9gion m\u00e9diterran\u00e9enne"}]},{"@type":"WebSite","@id":"https:\/\/www.eumedbridge.eu\/#website","url":"https:\/\/www.eumedbridge.eu\/","name":"EU Medbridge","description":"","publisher":{"@id":"https:\/\/www.eumedbridge.eu\/#organization"},"potentialAction":[{"@type":"SearchAction","target":{"@type":"EntryPoint","urlTemplate":"https:\/\/www.eumedbridge.eu\/?s={search_term_string}"},"query-input":{"@type":"PropertyValueSpecification","valueRequired":true,"valueName":"search_term_string"}}],"inLanguage":"fr-FR"},{"@type":"Organization","@id":"https:\/\/www.eumedbridge.eu\/#organization","name":"EU Medbridge","url":"https:\/\/www.eumedbridge.eu\/","logo":{"@type":"ImageObject","inLanguage":"fr-FR","@id":"https:\/\/www.eumedbridge.eu\/#\/schema\/logo\/image\/","url":"https:\/\/www.eumedbridge.eu\/wp-content\/uploads\/2021\/12\/Logo.png","contentUrl":"https:\/\/www.eumedbridge.eu\/wp-content\/uploads\/2021\/12\/Logo.png","width":325,"height":114,"caption":"EU Medbridge"},"image":{"@id":"https:\/\/www.eumedbridge.eu\/#\/schema\/logo\/image\/"},"sameAs":["https:\/\/www.facebook.com\/eumedbridge\/","https:\/\/x.com\/eumedbridge","https:\/\/www.linkedin.com\/company\/eumedbridge","https:\/\/www.youtube.com\/@eumedbridge","https:\/\/www.instagram.com\/eumedbridge","https:\/\/www.flickr.com\/photos\/euneighbours-south\/"]}]}},"_links":{"self":[{"href":"https:\/\/www.eumedbridge.eu\/fr\/wp-json\/wp\/v2\/news\/234964","targetHints":{"allow":["GET"]}}],"collection":[{"href":"https:\/\/www.eumedbridge.eu\/fr\/wp-json\/wp\/v2\/news"}],"about":[{"href":"https:\/\/www.eumedbridge.eu\/fr\/wp-json\/wp\/v2\/types\/news"}],"wp:featuredmedia":[{"embeddable":true,"href":"https:\/\/www.eumedbridge.eu\/fr\/wp-json\/wp\/v2\/media\/234873"}],"wp:attachment":[{"href":"https:\/\/www.eumedbridge.eu\/fr\/wp-json\/wp\/v2\/media?parent=234964"}],"wp:term":[{"taxonomy":"news_category","embeddable":true,"href":"https:\/\/www.eumedbridge.eu\/fr\/wp-json\/wp\/v2\/news_category?post=234964"},{"taxonomy":"country","embeddable":true,"href":"https:\/\/www.eumedbridge.eu\/fr\/wp-json\/wp\/v2\/country?post=234964"},{"taxonomy":"special_action","embeddable":true,"href":"https:\/\/www.eumedbridge.eu\/fr\/wp-json\/wp\/v2\/special_action?post=234964"},{"taxonomy":"custom_tag","embeddable":true,"href":"https:\/\/www.eumedbridge.eu\/fr\/wp-json\/wp\/v2\/custom_tag?post=234964"}],"curies":[{"name":"wp","href":"https:\/\/api.w.org\/{rel}","templated":true}]}}