{"id":236306,"date":"2025-01-28T14:12:59","date_gmt":"2025-01-28T12:12:59","guid":{"rendered":"https:\/\/eumedbridge.eu\/?post_type=news&#038;p=236306"},"modified":"2025-01-28T14:12:59","modified_gmt":"2025-01-28T12:12:59","slug":"la-berd-realise-une-mobilisation-record-en-2024","status":"publish","type":"news","link":"https:\/\/www.eumedbridge.eu\/fr\/news\/la-berd-realise-une-mobilisation-record-en-2024\/","title":{"rendered":"La BERD r\u00e9alise une mobilisation record en 2024"},"content":{"rendered":"<p>La Banque europ\u00e9enne pour la reconstruction et le d\u00e9veloppement (BERD) a intensifi\u00e9 ses efforts de mobilisation du secteur priv\u00e9 pour mieux soutenir ses clients et aider ses \u00e9conomies \u00e0 r\u00e9pondre \u00e0 leurs besoins d\u2019investissement. En 2024, la Banque a r\u00e9alis\u00e9 des volumes de mobilisation financi\u00e8re sans pr\u00e9c\u00e9dent. La mobilisation totale, un indicateur qui inclut les financements priv\u00e9s, publics, directs et indirects mobilis\u00e9s, a atteint un record de 26,8 milliards d\u2019euros. La Banque a intensifi\u00e9 ses efforts de mobilisation directe, atteignant un record de 4,82 milliards d\u2019euros, tandis que la mobilisation indirecte s\u2019\u00e9levait \u00e0 21,97 milliards d\u2019euros.<\/p>\n<p>&nbsp;<\/p>\n<p>Christian Kleboth, responsable de la mobilisation de la dette \u00e0 la BERD, a d\u00e9clar\u00e9 : \u00ab Gr\u00e2ce aux efforts consid\u00e9rablement accrus de la BERD et \u00e0 la grande coop\u00e9ration de nos partenaires dans le domaine de la banque commerciale, de l\u2019assurance et des investisseurs institutionnels, nous avons consid\u00e9rablement augment\u00e9 notre mobilisation directe l\u2019ann\u00e9e derni\u00e8re. Les activit\u00e9s globales de la BERD ont permis de verser pr\u00e8s de 27 milliards d\u2019euros de financements suppl\u00e9mentaires \u00e0 nos clients et \u00e0 nos \u00e9conomies. Nous continuons de lancer de nouveaux produits de mobilisation attrayants pour les investisseurs institutionnels et autres partenaires de cofinancement afin d\u2019accro\u00eetre les capacit\u00e9s de financement de la BERD et d\u2019am\u00e9liorer ainsi la vie dans les \u00e9conomies o\u00f9 nous op\u00e9rons. \u00bb<\/p>\n","protected":false},"featured_media":236121,"parent":0,"template":"","news_category":[],"country":[1956],"special_action":[],"custom_tag":[2315],"class_list":["post-236306","news","type-news","status-publish","has-post-thumbnail","hentry","country-region-sud","custom_tag-emploi-et-entrpreuneuriat"],"acf":[],"yoast_head":"<!-- This site is optimized with the Yoast SEO plugin v26.5 - https:\/\/yoast.com\/wordpress\/plugins\/seo\/ -->\n<title>La BERD r\u00e9alise une mobilisation record en 2024 - Voisins de l&#039;UE<\/title>\n<meta name=\"robots\" content=\"index, follow, max-snippet:-1, max-image-preview:large, max-video-preview:-1\" \/>\n<link rel=\"canonical\" href=\"https:\/\/www.eumedbridge.eu\/fr\/news\/la-berd-realise-une-mobilisation-record-en-2024\/\" \/>\n<meta property=\"og:locale\" content=\"fr_FR\" \/>\n<meta property=\"og:type\" content=\"article\" \/>\n<meta property=\"og:title\" content=\"La BERD r\u00e9alise une mobilisation record en 2024 - Voisins de l&#039;UE\" \/>\n<meta property=\"og:description\" content=\"La Banque europ\u00e9enne pour la reconstruction et le d\u00e9veloppement (BERD) a intensifi\u00e9 ses efforts de mobilisation du secteur priv\u00e9 pour mieux soutenir ses clients et aider ses \u00e9conomies \u00e0 r\u00e9pondre \u00e0 leurs besoins d\u2019investissement. En 2024, la Banque a r\u00e9alis\u00e9 des volumes de mobilisation financi\u00e8re sans pr\u00e9c\u00e9dent. La mobilisation totale, un indicateur qui inclut les [&hellip;]\" \/>\n<meta property=\"og:url\" content=\"https:\/\/www.eumedbridge.eu\/fr\/news\/la-berd-realise-une-mobilisation-record-en-2024\/\" \/>\n<meta property=\"og:site_name\" content=\"Voisins de l&#039;UE\" \/>\n<meta property=\"article:publisher\" content=\"https:\/\/www.facebook.com\/eumedbridge\/\" \/>\n<meta property=\"og:image\" content=\"https:\/\/www.eumedbridge.eu\/wp-content\/uploads\/2025\/01\/1395324585662.jpg\" \/>\n\t<meta property=\"og:image:width\" content=\"750\" \/>\n\t<meta property=\"og:image:height\" content=\"354\" \/>\n\t<meta property=\"og:image:type\" content=\"image\/jpeg\" \/>\n<meta name=\"twitter:card\" content=\"summary_large_image\" \/>\n<meta name=\"twitter:site\" content=\"@eumedbridge\" \/>\n<meta name=\"twitter:label1\" content=\"Dur\u00e9e de lecture estim\u00e9e\" \/>\n\t<meta name=\"twitter:data1\" content=\"1 minute\" \/>\n<script type=\"application\/ld+json\" class=\"yoast-schema-graph\">{\"@context\":\"https:\/\/schema.org\",\"@graph\":[{\"@type\":\"WebPage\",\"@id\":\"https:\/\/www.eumedbridge.eu\/fr\/news\/la-berd-realise-une-mobilisation-record-en-2024\/\",\"url\":\"https:\/\/www.eumedbridge.eu\/fr\/news\/la-berd-realise-une-mobilisation-record-en-2024\/\",\"name\":\"La BERD r\u00e9alise une mobilisation record en 2024 - Voisins de l'UE\",\"isPartOf\":{\"@id\":\"https:\/\/www.eumedbridge.eu\/#website\"},\"primaryImageOfPage\":{\"@id\":\"https:\/\/www.eumedbridge.eu\/fr\/news\/la-berd-realise-une-mobilisation-record-en-2024\/#primaryimage\"},\"image\":{\"@id\":\"https:\/\/www.eumedbridge.eu\/fr\/news\/la-berd-realise-une-mobilisation-record-en-2024\/#primaryimage\"},\"thumbnailUrl\":\"https:\/\/www.eumedbridge.eu\/wp-content\/uploads\/2025\/01\/1395324585662.jpg\",\"datePublished\":\"2025-01-28T12:12:59+00:00\",\"breadcrumb\":{\"@id\":\"https:\/\/www.eumedbridge.eu\/fr\/news\/la-berd-realise-une-mobilisation-record-en-2024\/#breadcrumb\"},\"inLanguage\":\"fr-FR\",\"potentialAction\":[{\"@type\":\"ReadAction\",\"target\":[\"https:\/\/www.eumedbridge.eu\/fr\/news\/la-berd-realise-une-mobilisation-record-en-2024\/\"]}]},{\"@type\":\"ImageObject\",\"inLanguage\":\"fr-FR\",\"@id\":\"https:\/\/www.eumedbridge.eu\/fr\/news\/la-berd-realise-une-mobilisation-record-en-2024\/#primaryimage\",\"url\":\"https:\/\/www.eumedbridge.eu\/wp-content\/uploads\/2025\/01\/1395324585662.jpg\",\"contentUrl\":\"https:\/\/www.eumedbridge.eu\/wp-content\/uploads\/2025\/01\/1395324585662.jpg\",\"width\":750,\"height\":354},{\"@type\":\"BreadcrumbList\",\"@id\":\"https:\/\/www.eumedbridge.eu\/fr\/news\/la-berd-realise-une-mobilisation-record-en-2024\/#breadcrumb\",\"itemListElement\":[{\"@type\":\"ListItem\",\"position\":1,\"name\":\"Home\",\"item\":\"https:\/\/www.eumedbridge.eu\/fr\/home-page\/\"},{\"@type\":\"ListItem\",\"position\":2,\"name\":\"Actualit\u00e9s\",\"item\":\"https:\/\/www.eumedbridge.eu\/fr\/news\/\"},{\"@type\":\"ListItem\",\"position\":3,\"name\":\"La BERD r\u00e9alise une mobilisation record en 2024\"}]},{\"@type\":\"WebSite\",\"@id\":\"https:\/\/www.eumedbridge.eu\/#website\",\"url\":\"https:\/\/www.eumedbridge.eu\/\",\"name\":\"EU Medbridge\",\"description\":\"\",\"publisher\":{\"@id\":\"https:\/\/www.eumedbridge.eu\/#organization\"},\"potentialAction\":[{\"@type\":\"SearchAction\",\"target\":{\"@type\":\"EntryPoint\",\"urlTemplate\":\"https:\/\/www.eumedbridge.eu\/?s={search_term_string}\"},\"query-input\":{\"@type\":\"PropertyValueSpecification\",\"valueRequired\":true,\"valueName\":\"search_term_string\"}}],\"inLanguage\":\"fr-FR\"},{\"@type\":\"Organization\",\"@id\":\"https:\/\/www.eumedbridge.eu\/#organization\",\"name\":\"EU Medbridge\",\"url\":\"https:\/\/www.eumedbridge.eu\/\",\"logo\":{\"@type\":\"ImageObject\",\"inLanguage\":\"fr-FR\",\"@id\":\"https:\/\/www.eumedbridge.eu\/#\/schema\/logo\/image\/\",\"url\":\"https:\/\/www.eumedbridge.eu\/wp-content\/uploads\/2021\/12\/Logo.png\",\"contentUrl\":\"https:\/\/www.eumedbridge.eu\/wp-content\/uploads\/2021\/12\/Logo.png\",\"width\":325,\"height\":114,\"caption\":\"EU Medbridge\"},\"image\":{\"@id\":\"https:\/\/www.eumedbridge.eu\/#\/schema\/logo\/image\/\"},\"sameAs\":[\"https:\/\/www.facebook.com\/eumedbridge\/\",\"https:\/\/x.com\/eumedbridge\",\"https:\/\/www.linkedin.com\/company\/eumedbridge\",\"https:\/\/www.youtube.com\/@eumedbridge\",\"https:\/\/www.instagram.com\/eumedbridge\",\"https:\/\/www.flickr.com\/photos\/euneighbours-south\/\"]}]}<\/script>\n<!-- \/ Yoast SEO plugin. -->","yoast_head_json":{"title":"La BERD r\u00e9alise une mobilisation record en 2024 - Voisins de l'UE","robots":{"index":"index","follow":"follow","max-snippet":"max-snippet:-1","max-image-preview":"max-image-preview:large","max-video-preview":"max-video-preview:-1"},"canonical":"https:\/\/www.eumedbridge.eu\/fr\/news\/la-berd-realise-une-mobilisation-record-en-2024\/","og_locale":"fr_FR","og_type":"article","og_title":"La BERD r\u00e9alise une mobilisation record en 2024 - Voisins de l'UE","og_description":"La Banque europ\u00e9enne pour la reconstruction et le d\u00e9veloppement (BERD) a intensifi\u00e9 ses efforts de mobilisation du secteur priv\u00e9 pour mieux soutenir ses clients et aider ses \u00e9conomies \u00e0 r\u00e9pondre \u00e0 leurs besoins d\u2019investissement. En 2024, la Banque a r\u00e9alis\u00e9 des volumes de mobilisation financi\u00e8re sans pr\u00e9c\u00e9dent. La mobilisation totale, un indicateur qui inclut les [&hellip;]","og_url":"https:\/\/www.eumedbridge.eu\/fr\/news\/la-berd-realise-une-mobilisation-record-en-2024\/","og_site_name":"Voisins de l'UE","article_publisher":"https:\/\/www.facebook.com\/eumedbridge\/","og_image":[{"width":750,"height":354,"url":"https:\/\/www.eumedbridge.eu\/wp-content\/uploads\/2025\/01\/1395324585662.jpg","type":"image\/jpeg"}],"twitter_card":"summary_large_image","twitter_site":"@eumedbridge","twitter_misc":{"Dur\u00e9e de lecture estim\u00e9e":"1 minute"},"schema":{"@context":"https:\/\/schema.org","@graph":[{"@type":"WebPage","@id":"https:\/\/www.eumedbridge.eu\/fr\/news\/la-berd-realise-une-mobilisation-record-en-2024\/","url":"https:\/\/www.eumedbridge.eu\/fr\/news\/la-berd-realise-une-mobilisation-record-en-2024\/","name":"La BERD r\u00e9alise une mobilisation record en 2024 - Voisins de l'UE","isPartOf":{"@id":"https:\/\/www.eumedbridge.eu\/#website"},"primaryImageOfPage":{"@id":"https:\/\/www.eumedbridge.eu\/fr\/news\/la-berd-realise-une-mobilisation-record-en-2024\/#primaryimage"},"image":{"@id":"https:\/\/www.eumedbridge.eu\/fr\/news\/la-berd-realise-une-mobilisation-record-en-2024\/#primaryimage"},"thumbnailUrl":"https:\/\/www.eumedbridge.eu\/wp-content\/uploads\/2025\/01\/1395324585662.jpg","datePublished":"2025-01-28T12:12:59+00:00","breadcrumb":{"@id":"https:\/\/www.eumedbridge.eu\/fr\/news\/la-berd-realise-une-mobilisation-record-en-2024\/#breadcrumb"},"inLanguage":"fr-FR","potentialAction":[{"@type":"ReadAction","target":["https:\/\/www.eumedbridge.eu\/fr\/news\/la-berd-realise-une-mobilisation-record-en-2024\/"]}]},{"@type":"ImageObject","inLanguage":"fr-FR","@id":"https:\/\/www.eumedbridge.eu\/fr\/news\/la-berd-realise-une-mobilisation-record-en-2024\/#primaryimage","url":"https:\/\/www.eumedbridge.eu\/wp-content\/uploads\/2025\/01\/1395324585662.jpg","contentUrl":"https:\/\/www.eumedbridge.eu\/wp-content\/uploads\/2025\/01\/1395324585662.jpg","width":750,"height":354},{"@type":"BreadcrumbList","@id":"https:\/\/www.eumedbridge.eu\/fr\/news\/la-berd-realise-une-mobilisation-record-en-2024\/#breadcrumb","itemListElement":[{"@type":"ListItem","position":1,"name":"Home","item":"https:\/\/www.eumedbridge.eu\/fr\/home-page\/"},{"@type":"ListItem","position":2,"name":"Actualit\u00e9s","item":"https:\/\/www.eumedbridge.eu\/fr\/news\/"},{"@type":"ListItem","position":3,"name":"La BERD r\u00e9alise une mobilisation record en 2024"}]},{"@type":"WebSite","@id":"https:\/\/www.eumedbridge.eu\/#website","url":"https:\/\/www.eumedbridge.eu\/","name":"EU Medbridge","description":"","publisher":{"@id":"https:\/\/www.eumedbridge.eu\/#organization"},"potentialAction":[{"@type":"SearchAction","target":{"@type":"EntryPoint","urlTemplate":"https:\/\/www.eumedbridge.eu\/?s={search_term_string}"},"query-input":{"@type":"PropertyValueSpecification","valueRequired":true,"valueName":"search_term_string"}}],"inLanguage":"fr-FR"},{"@type":"Organization","@id":"https:\/\/www.eumedbridge.eu\/#organization","name":"EU Medbridge","url":"https:\/\/www.eumedbridge.eu\/","logo":{"@type":"ImageObject","inLanguage":"fr-FR","@id":"https:\/\/www.eumedbridge.eu\/#\/schema\/logo\/image\/","url":"https:\/\/www.eumedbridge.eu\/wp-content\/uploads\/2021\/12\/Logo.png","contentUrl":"https:\/\/www.eumedbridge.eu\/wp-content\/uploads\/2021\/12\/Logo.png","width":325,"height":114,"caption":"EU Medbridge"},"image":{"@id":"https:\/\/www.eumedbridge.eu\/#\/schema\/logo\/image\/"},"sameAs":["https:\/\/www.facebook.com\/eumedbridge\/","https:\/\/x.com\/eumedbridge","https:\/\/www.linkedin.com\/company\/eumedbridge","https:\/\/www.youtube.com\/@eumedbridge","https:\/\/www.instagram.com\/eumedbridge","https:\/\/www.flickr.com\/photos\/euneighbours-south\/"]}]}},"_links":{"self":[{"href":"https:\/\/www.eumedbridge.eu\/fr\/wp-json\/wp\/v2\/news\/236306","targetHints":{"allow":["GET"]}}],"collection":[{"href":"https:\/\/www.eumedbridge.eu\/fr\/wp-json\/wp\/v2\/news"}],"about":[{"href":"https:\/\/www.eumedbridge.eu\/fr\/wp-json\/wp\/v2\/types\/news"}],"wp:featuredmedia":[{"embeddable":true,"href":"https:\/\/www.eumedbridge.eu\/fr\/wp-json\/wp\/v2\/media\/236121"}],"wp:attachment":[{"href":"https:\/\/www.eumedbridge.eu\/fr\/wp-json\/wp\/v2\/media?parent=236306"}],"wp:term":[{"taxonomy":"news_category","embeddable":true,"href":"https:\/\/www.eumedbridge.eu\/fr\/wp-json\/wp\/v2\/news_category?post=236306"},{"taxonomy":"country","embeddable":true,"href":"https:\/\/www.eumedbridge.eu\/fr\/wp-json\/wp\/v2\/country?post=236306"},{"taxonomy":"special_action","embeddable":true,"href":"https:\/\/www.eumedbridge.eu\/fr\/wp-json\/wp\/v2\/special_action?post=236306"},{"taxonomy":"custom_tag","embeddable":true,"href":"https:\/\/www.eumedbridge.eu\/fr\/wp-json\/wp\/v2\/custom_tag?post=236306"}],"curies":[{"name":"wp","href":"https:\/\/api.w.org\/{rel}","templated":true}]}}