{"id":237706,"date":"2025-04-15T13:28:57","date_gmt":"2025-04-15T10:28:57","guid":{"rendered":"https:\/\/eumedbridge.eu\/?post_type=news&#038;p=237706"},"modified":"2025-04-15T13:28:57","modified_gmt":"2025-04-15T10:28:57","slug":"reunion-des-points-focaux-nationaux-de-lupm-sur-lenseignement-superieur-appel-a-un-renforcement-de-la-cooperation-regionale","status":"publish","type":"news","link":"https:\/\/www.eumedbridge.eu\/fr\/news\/reunion-des-points-focaux-nationaux-de-lupm-sur-lenseignement-superieur-appel-a-un-renforcement-de-la-cooperation-regionale\/","title":{"rendered":"R\u00e9union des points focaux nationaux de l\u2019UpM sur l\u2019enseignement sup\u00e9rieur : appel \u00e0 un renforcement de la coop\u00e9ration r\u00e9gionale"},"content":{"rendered":"<article class=\"text-token-text-primary w-full\" dir=\"auto\" data-testid=\"conversation-turn-86\" data-scroll-anchor=\"true\">\n<div class=\"text-base my-auto mx-auto py-5 [--thread-content-margin:--spacing(4)] @[37rem]:[--thread-content-margin:--spacing(6)] @[70rem]:[--thread-content-margin:--spacing(12)] px-(--thread-content-margin)\">\n<div class=\"[--thread-content-max-width:32rem] @[34rem]:[--thread-content-max-width:40rem] @[64rem]:[--thread-content-max-width:48rem] mx-auto flex max-w-(--thread-content-max-width) flex-1 text-base gap-4 md:gap-5 lg:gap-6 group\/turn-messages focus-visible:outline-hidden\" tabindex=\"-1\">\n<div class=\"group\/conversation-turn relative flex w-full min-w-0 flex-col agent-turn\">\n<div class=\"relative flex-col gap-1 md:gap-3\">\n<div class=\"flex max-w-full flex-col grow\">\n<div class=\"min-h-8 text-message relative flex w-full flex-col items-end gap-2 text-start break-words whitespace-normal [.text-message+&amp;]:mt-5\" dir=\"auto\" data-message-author-role=\"assistant\" data-message-id=\"a09a2872-6436-408c-9748-461f15708a0b\" data-message-model-slug=\"gpt-4o\">\n<div class=\"flex w-full flex-col gap-1 empty:hidden first:pt-[3px]\">\n<div class=\"markdown prose dark:prose-invert w-full break-words light\">\n<p class=\"\" data-start=\"133\" data-end=\"631\"><strong data-start=\"133\" data-end=\"160\">Barcelone, 9 avril 2025<\/strong> \u2014 L\u2019Union pour la M\u00e9diterran\u00e9e (UpM) a tenu aujourd\u2019hui, dans ses locaux \u00e0 Barcelone, la <strong data-start=\"250\" data-end=\"321\">r\u00e9union de ses points focaux nationaux sur l\u2019enseignement sup\u00e9rieur<\/strong>, r\u00e9unissant des repr\u00e9sentants de plus de <strong data-start=\"363\" data-end=\"383\">20 \u00c9tats membres<\/strong> de l\u2019UpM ainsi que l\u2019ensemble des principaux acteurs r\u00e9gionaux de l\u2019enseignement sup\u00e9rieur. Cette r\u00e9union a marqu\u00e9 une \u00e9tape d\u00e9cisive vers la construction d\u2019un <strong data-start=\"544\" data-end=\"630\">espace euro-m\u00e9diterran\u00e9en de l\u2019enseignement sup\u00e9rieur plus fort et mieux coordonn\u00e9<\/strong>.<\/p>\n<p data-start=\"133\" data-end=\"631\">\n<p class=\"\" data-start=\"633\" data-end=\"1210\">La r\u00e9union a \u00e9t\u00e9 ouverte par le <strong data-start=\"665\" data-end=\"710\">Secr\u00e9taire g\u00e9n\u00e9ral de l\u2019UpM, Nasser Kamel<\/strong>, qui a soulign\u00e9 le <strong data-start=\"730\" data-end=\"771\">pouvoir transformateur de l\u2019\u00e9ducation<\/strong> et la n\u00e9cessit\u00e9 de traduire la rh\u00e9torique politique en <strong data-start=\"827\" data-end=\"848\">actions concr\u00e8tes<\/strong>. \u00ab L\u2019enseignement sup\u00e9rieur est l\u2019un des investissements les plus strat\u00e9giques que nous puissions faire \u2013 pour le d\u00e9veloppement, pour la r\u00e9silience, et pour la paix dans notre r\u00e9gion \u00bb, a-t-il d\u00e9clar\u00e9. \u00ab Pourtant, le niveau d\u2019attention politique et de coordination consacr\u00e9 \u00e0 ce secteur reste bien trop limit\u00e9. Cela doit changer \u2013 et c\u2019est le moment d\u2019agir. \u00bb<\/p>\n<\/div>\n<\/div>\n<p data-start=\"633\" data-end=\"1210\">\n<div class=\"flex w-full flex-col gap-1 empty:hidden first:pt-[3px]\">\n<div class=\"markdown prose dark:prose-invert w-full break-words light\">\n<p class=\"\" data-start=\"1212\" data-end=\"1679\">La r\u00e9union a vu la participation active des pr\u00e9sidents des <strong data-start=\"1271\" data-end=\"1323\">universit\u00e9s labellis\u00e9es par l\u2019UpM, EMUNI et UEMF<\/strong>, des responsables des principaux r\u00e9seaux universitaires <strong data-start=\"1380\" data-end=\"1390\">UNIMED<\/strong> et <strong data-start=\"1394\" data-end=\"1404\">T\u00e9thys<\/strong>, ainsi qu\u2019une forte repr\u00e9sentation du <strong data-start=\"1443\" data-end=\"1501\">r\u00e9seau des \u00e9tudiants Erasmus (Erasmus Student Network)<\/strong>. Leur engagement a mis en \u00e9vidence le r\u00f4le essentiel des institutions acad\u00e9miques r\u00e9gionales dans la construction d\u2019un espace d\u2019enseignement sup\u00e9rieur coh\u00e9rent et interconnect\u00e9.<\/p>\n<\/div>\n<p data-start=\"1212\" data-end=\"1679\">\n<div class=\"markdown prose dark:prose-invert w-full break-words light\">\n<p class=\"\" data-start=\"1681\" data-end=\"2106\">Tout au long de la journ\u00e9e, les participants ont pris part \u00e0 des <strong data-start=\"1746\" data-end=\"1775\">tables rondes th\u00e9matiques<\/strong>, des <strong data-start=\"1781\" data-end=\"1805\">ateliers interactifs<\/strong> et des <strong data-start=\"1813\" data-end=\"1849\">sessions de dialogue strat\u00e9gique<\/strong> visant \u00e0 \u00e9laborer un <strong data-start=\"1871\" data-end=\"1948\">nouveau cadre r\u00e9gional de coop\u00e9ration en mati\u00e8re d\u2019enseignement sup\u00e9rieur<\/strong>. Les discussions se sont appuy\u00e9es sur les <strong data-start=\"1991\" data-end=\"2023\">consultations men\u00e9es en 2023<\/strong> et nourriront directement les prochaines \u00e9tapes vers la <strong data-start=\"2080\" data-end=\"2105\">r\u00e9union minist\u00e9rielle<\/strong>.<\/p>\n<\/div>\n<p data-start=\"1681\" data-end=\"2106\">\n<div class=\"markdown prose dark:prose-invert w-full break-words light\">\n<p class=\"\" data-start=\"2108\" data-end=\"2611\">Alors que l\u2019UpM c\u00e9l\u00e8bre le <strong data-start=\"2135\" data-end=\"2181\">30\u1d49 anniversaire du Processus de Barcelone<\/strong>, cette r\u00e9union a r\u00e9affirm\u00e9 <strong data-start=\"2209\" data-end=\"2245\">l\u2019engagement commun de la r\u00e9gion<\/strong> envers l\u2019enseignement sup\u00e9rieur comme <strong data-start=\"2284\" data-end=\"2358\">levier puissant d\u2019int\u00e9gration, d\u2019innovation et de paix en M\u00e9diterran\u00e9e<\/strong>. Elle a \u00e9galement fourni des contributions pr\u00e9cieuses au <strong data-start=\"2416\" data-end=\"2454\">Nouveau Pacte pour la M\u00e9diterran\u00e9e<\/strong> \u2013 une \u00e9tape r\u00e9gionale importante et une opportunit\u00e9 opportune de faire de l\u2019enseignement sup\u00e9rieur une <strong data-start=\"2558\" data-end=\"2582\">priorit\u00e9 strat\u00e9gique<\/strong> de la coop\u00e9ration r\u00e9gionale.<\/p>\n<\/div>\n<\/div>\n<\/div>\n<\/div>\n<\/div>\n<div class=\"absolute\">\n<div class=\"flex items-center justify-center\"><\/div>\n<\/div>\n<\/div>\n<\/div>\n<\/div>\n<\/article>\n<div class=\"pointer-events-none h-px w-px\" aria-hidden=\"true\" data-edge=\"true\"><\/div>\n","protected":false},"featured_media":237531,"parent":0,"template":"","news_category":[],"country":[1956],"special_action":[],"custom_tag":[2817,1970],"class_list":["post-237706","news","type-news","status-publish","has-post-thumbnail","hentry","country-region-sud","custom_tag-education-fr","custom_tag-jeunesse"],"acf":[],"yoast_head":"<!-- This site is optimized with the Yoast SEO plugin v26.5 - https:\/\/yoast.com\/wordpress\/plugins\/seo\/ -->\n<title>R\u00e9union des points focaux nationaux de l\u2019UpM sur l\u2019enseignement sup\u00e9rieur : appel \u00e0 un renforcement de la coop\u00e9ration r\u00e9gionale - Voisins de l&#039;UE<\/title>\n<meta name=\"robots\" content=\"index, follow, max-snippet:-1, max-image-preview:large, max-video-preview:-1\" \/>\n<link rel=\"canonical\" href=\"https:\/\/www.eumedbridge.eu\/fr\/news\/reunion-des-points-focaux-nationaux-de-lupm-sur-lenseignement-superieur-appel-a-un-renforcement-de-la-cooperation-regionale\/\" \/>\n<meta property=\"og:locale\" content=\"fr_FR\" \/>\n<meta property=\"og:type\" content=\"article\" \/>\n<meta property=\"og:title\" content=\"R\u00e9union des points focaux nationaux de l\u2019UpM sur l\u2019enseignement sup\u00e9rieur : appel \u00e0 un renforcement de la coop\u00e9ration r\u00e9gionale - Voisins de l&#039;UE\" \/>\n<meta property=\"og:description\" content=\"Barcelone, 9 avril 2025 \u2014 L\u2019Union pour la M\u00e9diterran\u00e9e (UpM) a tenu aujourd\u2019hui, dans ses locaux \u00e0 Barcelone, la r\u00e9union de ses points focaux nationaux sur l\u2019enseignement sup\u00e9rieur, r\u00e9unissant des repr\u00e9sentants de plus de 20 \u00c9tats membres de l\u2019UpM ainsi que l\u2019ensemble des principaux acteurs r\u00e9gionaux de l\u2019enseignement sup\u00e9rieur. Cette r\u00e9union a marqu\u00e9 une \u00e9tape [&hellip;]\" \/>\n<meta property=\"og:url\" content=\"https:\/\/www.eumedbridge.eu\/fr\/news\/reunion-des-points-focaux-nationaux-de-lupm-sur-lenseignement-superieur-appel-a-un-renforcement-de-la-cooperation-regionale\/\" \/>\n<meta property=\"og:site_name\" content=\"Voisins de l&#039;UE\" \/>\n<meta property=\"article:publisher\" content=\"https:\/\/www.facebook.com\/eumedbridge\/\" \/>\n<meta property=\"og:image\" content=\"https:\/\/www.eumedbridge.eu\/wp-content\/uploads\/2025\/04\/HER-focalpoints-1400x530-1.jpg\" \/>\n\t<meta property=\"og:image:width\" content=\"1400\" \/>\n\t<meta property=\"og:image:height\" content=\"530\" \/>\n\t<meta property=\"og:image:type\" content=\"image\/jpeg\" \/>\n<meta name=\"twitter:card\" content=\"summary_large_image\" \/>\n<meta name=\"twitter:site\" content=\"@eumedbridge\" \/>\n<meta name=\"twitter:label1\" content=\"Dur\u00e9e de lecture estim\u00e9e\" \/>\n\t<meta name=\"twitter:data1\" content=\"2 minutes\" \/>\n<script type=\"application\/ld+json\" class=\"yoast-schema-graph\">{\"@context\":\"https:\/\/schema.org\",\"@graph\":[{\"@type\":\"WebPage\",\"@id\":\"https:\/\/www.eumedbridge.eu\/fr\/news\/reunion-des-points-focaux-nationaux-de-lupm-sur-lenseignement-superieur-appel-a-un-renforcement-de-la-cooperation-regionale\/\",\"url\":\"https:\/\/www.eumedbridge.eu\/fr\/news\/reunion-des-points-focaux-nationaux-de-lupm-sur-lenseignement-superieur-appel-a-un-renforcement-de-la-cooperation-regionale\/\",\"name\":\"R\u00e9union des points focaux nationaux de l\u2019UpM sur l\u2019enseignement sup\u00e9rieur : appel \u00e0 un renforcement de la coop\u00e9ration r\u00e9gionale - Voisins de l'UE\",\"isPartOf\":{\"@id\":\"https:\/\/www.eumedbridge.eu\/#website\"},\"primaryImageOfPage\":{\"@id\":\"https:\/\/www.eumedbridge.eu\/fr\/news\/reunion-des-points-focaux-nationaux-de-lupm-sur-lenseignement-superieur-appel-a-un-renforcement-de-la-cooperation-regionale\/#primaryimage\"},\"image\":{\"@id\":\"https:\/\/www.eumedbridge.eu\/fr\/news\/reunion-des-points-focaux-nationaux-de-lupm-sur-lenseignement-superieur-appel-a-un-renforcement-de-la-cooperation-regionale\/#primaryimage\"},\"thumbnailUrl\":\"https:\/\/www.eumedbridge.eu\/wp-content\/uploads\/2025\/04\/HER-focalpoints-1400x530-1.jpg\",\"datePublished\":\"2025-04-15T10:28:57+00:00\",\"breadcrumb\":{\"@id\":\"https:\/\/www.eumedbridge.eu\/fr\/news\/reunion-des-points-focaux-nationaux-de-lupm-sur-lenseignement-superieur-appel-a-un-renforcement-de-la-cooperation-regionale\/#breadcrumb\"},\"inLanguage\":\"fr-FR\",\"potentialAction\":[{\"@type\":\"ReadAction\",\"target\":[\"https:\/\/www.eumedbridge.eu\/fr\/news\/reunion-des-points-focaux-nationaux-de-lupm-sur-lenseignement-superieur-appel-a-un-renforcement-de-la-cooperation-regionale\/\"]}]},{\"@type\":\"ImageObject\",\"inLanguage\":\"fr-FR\",\"@id\":\"https:\/\/www.eumedbridge.eu\/fr\/news\/reunion-des-points-focaux-nationaux-de-lupm-sur-lenseignement-superieur-appel-a-un-renforcement-de-la-cooperation-regionale\/#primaryimage\",\"url\":\"https:\/\/www.eumedbridge.eu\/wp-content\/uploads\/2025\/04\/HER-focalpoints-1400x530-1.jpg\",\"contentUrl\":\"https:\/\/www.eumedbridge.eu\/wp-content\/uploads\/2025\/04\/HER-focalpoints-1400x530-1.jpg\",\"width\":1400,\"height\":530},{\"@type\":\"BreadcrumbList\",\"@id\":\"https:\/\/www.eumedbridge.eu\/fr\/news\/reunion-des-points-focaux-nationaux-de-lupm-sur-lenseignement-superieur-appel-a-un-renforcement-de-la-cooperation-regionale\/#breadcrumb\",\"itemListElement\":[{\"@type\":\"ListItem\",\"position\":1,\"name\":\"Home\",\"item\":\"https:\/\/www.eumedbridge.eu\/fr\/home-page\/\"},{\"@type\":\"ListItem\",\"position\":2,\"name\":\"Actualit\u00e9s\",\"item\":\"https:\/\/www.eumedbridge.eu\/fr\/news\/\"},{\"@type\":\"ListItem\",\"position\":3,\"name\":\"R\u00e9union des points focaux nationaux de l\u2019UpM sur l\u2019enseignement sup\u00e9rieur : appel \u00e0 un renforcement de la coop\u00e9ration r\u00e9gionale\"}]},{\"@type\":\"WebSite\",\"@id\":\"https:\/\/www.eumedbridge.eu\/#website\",\"url\":\"https:\/\/www.eumedbridge.eu\/\",\"name\":\"EU Medbridge\",\"description\":\"\",\"publisher\":{\"@id\":\"https:\/\/www.eumedbridge.eu\/#organization\"},\"potentialAction\":[{\"@type\":\"SearchAction\",\"target\":{\"@type\":\"EntryPoint\",\"urlTemplate\":\"https:\/\/www.eumedbridge.eu\/?s={search_term_string}\"},\"query-input\":{\"@type\":\"PropertyValueSpecification\",\"valueRequired\":true,\"valueName\":\"search_term_string\"}}],\"inLanguage\":\"fr-FR\"},{\"@type\":\"Organization\",\"@id\":\"https:\/\/www.eumedbridge.eu\/#organization\",\"name\":\"EU Medbridge\",\"url\":\"https:\/\/www.eumedbridge.eu\/\",\"logo\":{\"@type\":\"ImageObject\",\"inLanguage\":\"fr-FR\",\"@id\":\"https:\/\/www.eumedbridge.eu\/#\/schema\/logo\/image\/\",\"url\":\"https:\/\/www.eumedbridge.eu\/wp-content\/uploads\/2021\/12\/Logo.png\",\"contentUrl\":\"https:\/\/www.eumedbridge.eu\/wp-content\/uploads\/2021\/12\/Logo.png\",\"width\":325,\"height\":114,\"caption\":\"EU Medbridge\"},\"image\":{\"@id\":\"https:\/\/www.eumedbridge.eu\/#\/schema\/logo\/image\/\"},\"sameAs\":[\"https:\/\/www.facebook.com\/eumedbridge\/\",\"https:\/\/x.com\/eumedbridge\",\"https:\/\/www.linkedin.com\/company\/eumedbridge\",\"https:\/\/www.youtube.com\/@eumedbridge\",\"https:\/\/www.instagram.com\/eumedbridge\",\"https:\/\/www.flickr.com\/photos\/euneighbours-south\/\"]}]}<\/script>\n<!-- \/ Yoast SEO plugin. -->","yoast_head_json":{"title":"R\u00e9union des points focaux nationaux de l\u2019UpM sur l\u2019enseignement sup\u00e9rieur : appel \u00e0 un renforcement de la coop\u00e9ration r\u00e9gionale - Voisins de l'UE","robots":{"index":"index","follow":"follow","max-snippet":"max-snippet:-1","max-image-preview":"max-image-preview:large","max-video-preview":"max-video-preview:-1"},"canonical":"https:\/\/www.eumedbridge.eu\/fr\/news\/reunion-des-points-focaux-nationaux-de-lupm-sur-lenseignement-superieur-appel-a-un-renforcement-de-la-cooperation-regionale\/","og_locale":"fr_FR","og_type":"article","og_title":"R\u00e9union des points focaux nationaux de l\u2019UpM sur l\u2019enseignement sup\u00e9rieur : appel \u00e0 un renforcement de la coop\u00e9ration r\u00e9gionale - Voisins de l'UE","og_description":"Barcelone, 9 avril 2025 \u2014 L\u2019Union pour la M\u00e9diterran\u00e9e (UpM) a tenu aujourd\u2019hui, dans ses locaux \u00e0 Barcelone, la r\u00e9union de ses points focaux nationaux sur l\u2019enseignement sup\u00e9rieur, r\u00e9unissant des repr\u00e9sentants de plus de 20 \u00c9tats membres de l\u2019UpM ainsi que l\u2019ensemble des principaux acteurs r\u00e9gionaux de l\u2019enseignement sup\u00e9rieur. Cette r\u00e9union a marqu\u00e9 une \u00e9tape [&hellip;]","og_url":"https:\/\/www.eumedbridge.eu\/fr\/news\/reunion-des-points-focaux-nationaux-de-lupm-sur-lenseignement-superieur-appel-a-un-renforcement-de-la-cooperation-regionale\/","og_site_name":"Voisins de l'UE","article_publisher":"https:\/\/www.facebook.com\/eumedbridge\/","og_image":[{"width":1400,"height":530,"url":"https:\/\/www.eumedbridge.eu\/wp-content\/uploads\/2025\/04\/HER-focalpoints-1400x530-1.jpg","type":"image\/jpeg"}],"twitter_card":"summary_large_image","twitter_site":"@eumedbridge","twitter_misc":{"Dur\u00e9e de lecture estim\u00e9e":"2 minutes"},"schema":{"@context":"https:\/\/schema.org","@graph":[{"@type":"WebPage","@id":"https:\/\/www.eumedbridge.eu\/fr\/news\/reunion-des-points-focaux-nationaux-de-lupm-sur-lenseignement-superieur-appel-a-un-renforcement-de-la-cooperation-regionale\/","url":"https:\/\/www.eumedbridge.eu\/fr\/news\/reunion-des-points-focaux-nationaux-de-lupm-sur-lenseignement-superieur-appel-a-un-renforcement-de-la-cooperation-regionale\/","name":"R\u00e9union des points focaux nationaux de l\u2019UpM sur l\u2019enseignement sup\u00e9rieur : appel \u00e0 un renforcement de la coop\u00e9ration r\u00e9gionale - Voisins de l'UE","isPartOf":{"@id":"https:\/\/www.eumedbridge.eu\/#website"},"primaryImageOfPage":{"@id":"https:\/\/www.eumedbridge.eu\/fr\/news\/reunion-des-points-focaux-nationaux-de-lupm-sur-lenseignement-superieur-appel-a-un-renforcement-de-la-cooperation-regionale\/#primaryimage"},"image":{"@id":"https:\/\/www.eumedbridge.eu\/fr\/news\/reunion-des-points-focaux-nationaux-de-lupm-sur-lenseignement-superieur-appel-a-un-renforcement-de-la-cooperation-regionale\/#primaryimage"},"thumbnailUrl":"https:\/\/www.eumedbridge.eu\/wp-content\/uploads\/2025\/04\/HER-focalpoints-1400x530-1.jpg","datePublished":"2025-04-15T10:28:57+00:00","breadcrumb":{"@id":"https:\/\/www.eumedbridge.eu\/fr\/news\/reunion-des-points-focaux-nationaux-de-lupm-sur-lenseignement-superieur-appel-a-un-renforcement-de-la-cooperation-regionale\/#breadcrumb"},"inLanguage":"fr-FR","potentialAction":[{"@type":"ReadAction","target":["https:\/\/www.eumedbridge.eu\/fr\/news\/reunion-des-points-focaux-nationaux-de-lupm-sur-lenseignement-superieur-appel-a-un-renforcement-de-la-cooperation-regionale\/"]}]},{"@type":"ImageObject","inLanguage":"fr-FR","@id":"https:\/\/www.eumedbridge.eu\/fr\/news\/reunion-des-points-focaux-nationaux-de-lupm-sur-lenseignement-superieur-appel-a-un-renforcement-de-la-cooperation-regionale\/#primaryimage","url":"https:\/\/www.eumedbridge.eu\/wp-content\/uploads\/2025\/04\/HER-focalpoints-1400x530-1.jpg","contentUrl":"https:\/\/www.eumedbridge.eu\/wp-content\/uploads\/2025\/04\/HER-focalpoints-1400x530-1.jpg","width":1400,"height":530},{"@type":"BreadcrumbList","@id":"https:\/\/www.eumedbridge.eu\/fr\/news\/reunion-des-points-focaux-nationaux-de-lupm-sur-lenseignement-superieur-appel-a-un-renforcement-de-la-cooperation-regionale\/#breadcrumb","itemListElement":[{"@type":"ListItem","position":1,"name":"Home","item":"https:\/\/www.eumedbridge.eu\/fr\/home-page\/"},{"@type":"ListItem","position":2,"name":"Actualit\u00e9s","item":"https:\/\/www.eumedbridge.eu\/fr\/news\/"},{"@type":"ListItem","position":3,"name":"R\u00e9union des points focaux nationaux de l\u2019UpM sur l\u2019enseignement sup\u00e9rieur : appel \u00e0 un renforcement de la coop\u00e9ration r\u00e9gionale"}]},{"@type":"WebSite","@id":"https:\/\/www.eumedbridge.eu\/#website","url":"https:\/\/www.eumedbridge.eu\/","name":"EU Medbridge","description":"","publisher":{"@id":"https:\/\/www.eumedbridge.eu\/#organization"},"potentialAction":[{"@type":"SearchAction","target":{"@type":"EntryPoint","urlTemplate":"https:\/\/www.eumedbridge.eu\/?s={search_term_string}"},"query-input":{"@type":"PropertyValueSpecification","valueRequired":true,"valueName":"search_term_string"}}],"inLanguage":"fr-FR"},{"@type":"Organization","@id":"https:\/\/www.eumedbridge.eu\/#organization","name":"EU Medbridge","url":"https:\/\/www.eumedbridge.eu\/","logo":{"@type":"ImageObject","inLanguage":"fr-FR","@id":"https:\/\/www.eumedbridge.eu\/#\/schema\/logo\/image\/","url":"https:\/\/www.eumedbridge.eu\/wp-content\/uploads\/2021\/12\/Logo.png","contentUrl":"https:\/\/www.eumedbridge.eu\/wp-content\/uploads\/2021\/12\/Logo.png","width":325,"height":114,"caption":"EU Medbridge"},"image":{"@id":"https:\/\/www.eumedbridge.eu\/#\/schema\/logo\/image\/"},"sameAs":["https:\/\/www.facebook.com\/eumedbridge\/","https:\/\/x.com\/eumedbridge","https:\/\/www.linkedin.com\/company\/eumedbridge","https:\/\/www.youtube.com\/@eumedbridge","https:\/\/www.instagram.com\/eumedbridge","https:\/\/www.flickr.com\/photos\/euneighbours-south\/"]}]}},"_links":{"self":[{"href":"https:\/\/www.eumedbridge.eu\/fr\/wp-json\/wp\/v2\/news\/237706","targetHints":{"allow":["GET"]}}],"collection":[{"href":"https:\/\/www.eumedbridge.eu\/fr\/wp-json\/wp\/v2\/news"}],"about":[{"href":"https:\/\/www.eumedbridge.eu\/fr\/wp-json\/wp\/v2\/types\/news"}],"wp:featuredmedia":[{"embeddable":true,"href":"https:\/\/www.eumedbridge.eu\/fr\/wp-json\/wp\/v2\/media\/237531"}],"wp:attachment":[{"href":"https:\/\/www.eumedbridge.eu\/fr\/wp-json\/wp\/v2\/media?parent=237706"}],"wp:term":[{"taxonomy":"news_category","embeddable":true,"href":"https:\/\/www.eumedbridge.eu\/fr\/wp-json\/wp\/v2\/news_category?post=237706"},{"taxonomy":"country","embeddable":true,"href":"https:\/\/www.eumedbridge.eu\/fr\/wp-json\/wp\/v2\/country?post=237706"},{"taxonomy":"special_action","embeddable":true,"href":"https:\/\/www.eumedbridge.eu\/fr\/wp-json\/wp\/v2\/special_action?post=237706"},{"taxonomy":"custom_tag","embeddable":true,"href":"https:\/\/www.eumedbridge.eu\/fr\/wp-json\/wp\/v2\/custom_tag?post=237706"}],"curies":[{"name":"wp","href":"https:\/\/api.w.org\/{rel}","templated":true}]}}