{"id":238941,"date":"2025-05-07T15:54:40","date_gmt":"2025-05-07T12:54:40","guid":{"rendered":"https:\/\/eumedbridge.eu\/?post_type=news&#038;p=238941"},"modified":"2025-05-07T15:54:40","modified_gmt":"2025-05-07T12:54:40","slug":"journee-mondiale-de-la-liberte-de-la-presse-declaration-de-la-haute-representante-au-nom-de-lunion-europeenne","status":"publish","type":"news","link":"https:\/\/www.eumedbridge.eu\/fr\/news\/journee-mondiale-de-la-liberte-de-la-presse-declaration-de-la-haute-representante-au-nom-de-lunion-europeenne\/","title":{"rendered":"Journ\u00e9e mondiale de la libert\u00e9 de la presse\u00a0: D\u00e9claration de la Haute Repr\u00e9sentante au nom de l\u2019Union europ\u00e9enne"},"content":{"rendered":"<p>Les combats men\u00e9s par Radio Free Europe\/Radio Liberty cette ann\u00e9e, ainsi que la pression exerc\u00e9e sur de nombreux autres m\u00e9dias \u00e0 travers le monde, soulignent les immenses risques auxquels sont confront\u00e9s les m\u00e9dias libres et ind\u00e9pendants en 2025. Les coupes budg\u00e9taires massives, aggrav\u00e9es par une r\u00e9pression politique croissante et une violence croissante envers les journalistes, plongent le secteur des m\u00e9dias dans une crise profonde. Alors que les m\u00e9dias d\u2019int\u00e9r\u00eat g\u00e9n\u00e9ral luttent pour leur survie, les r\u00e9gimes autoritaires et les acteurs de la d\u00e9sinformation s\u2019empressent de combler ce vide, d\u00e9formant les faits et manipulant l\u2019opinion publique. Nous sommes de plus en plus pr\u00e9occup\u00e9s par les menaces croissantes qui p\u00e8sent sur les journalistes et autres professionnels des m\u00e9dias, notamment les intimidations et les attaques en ligne et hors ligne, les d\u00e9tentions arbitraires, les pers\u00e9cutions judiciaires et la r\u00e9pression transnationale, toutes visant \u00e0 r\u00e9duire leur travail au silence. Les technologies \u00e9mergentes, notamment l\u2019intelligence artificielle, peuvent intensifier ces risques en permettant une surveillance g\u00e9n\u00e9ralis\u00e9e et un harc\u00e8lement cibl\u00e9.<\/p>\n<p>&nbsp;<\/p>\n<p>L\u2019Union europ\u00e9enne soutient les efforts essentiels de l\u2019UNESCO pour prot\u00e9ger les journalistes dans le monde entier, en accordant une attention particuli\u00e8re aux femmes journalistes qui sont confront\u00e9es \u00e0 des risques accrus li\u00e9s \u00e0 leur genre. Les donn\u00e9es et les efforts de suivi de l&rsquo;UNESCO jouent un r\u00f4le essentiel pour \u00e9clairer les r\u00e9ponses politiques efficaces visant \u00e0 lutter contre l&rsquo;impunit\u00e9 g\u00e9n\u00e9ralis\u00e9e des crimes contre les journalistes. Partout dans le monde, les m\u00e9dias libres et ind\u00e9pendants ont besoin d&rsquo;un soutien urgent et d\u00e9cisif. Sans leur survie, la d\u00e9mocratie vacille, tout comme la s\u00fbret\u00e9, la s\u00e9curit\u00e9 et la libert\u00e9 des citoyens. L&rsquo;Union europ\u00e9enne salue les Principes de coop\u00e9ration au d\u00e9veloppement de l&rsquo;OCDE pour un soutien pertinent et efficace aux m\u00e9dias et \u00e0 l&rsquo;environnement de l&rsquo;information, qui constituent notre feuille de route commune pour renforcer les \u00e9cosyst\u00e8mes m\u00e9diatiques dans le monde entier. Ces principes doivent inspirer des actions concr\u00e8tes et transformatrices pour restaurer et \u00e9largir le soutien au journalisme ind\u00e9pendant. En cette Journ\u00e9e mondiale de la libert\u00e9 de la presse, l&rsquo;Union europ\u00e9enne r\u00e9affirme son engagement r\u00e9solu \u00e0 d\u00e9fendre un journalisme libre et ind\u00e9pendant face \u00e0 des menaces sans pr\u00e9c\u00e9dent. Sans libert\u00e9 de la presse, notre droit \u00e0 l&rsquo;information, notre libert\u00e9 de pens\u00e9e critique et notre capacit\u00e9 \u00e0 demander des comptes aux personnes au pouvoir sont compromis. Un secteur m\u00e9diatique prosp\u00e8re, ind\u00e9pendant et pluraliste est essentiel \u00e0 la r\u00e9silience et \u00e0 la survie de la d\u00e9mocratie. Nous devons agir maintenant pour assurer son avenir.<\/p>\n","protected":false},"featured_media":232184,"parent":0,"template":"","news_category":[],"country":[1956],"special_action":[],"custom_tag":[1897],"class_list":["post-238941","news","type-news","status-publish","has-post-thumbnail","hentry","country-region-sud","custom_tag-medias"],"acf":[],"yoast_head":"<!-- This site is optimized with the Yoast SEO plugin v26.5 - https:\/\/yoast.com\/wordpress\/plugins\/seo\/ -->\n<title>Journ\u00e9e mondiale de la libert\u00e9 de la presse\u00a0: D\u00e9claration de la Haute Repr\u00e9sentante au nom de l\u2019Union europ\u00e9enne - Voisins de l&#039;UE<\/title>\n<meta name=\"robots\" content=\"index, follow, max-snippet:-1, max-image-preview:large, max-video-preview:-1\" \/>\n<link rel=\"canonical\" href=\"https:\/\/www.eumedbridge.eu\/fr\/news\/journee-mondiale-de-la-liberte-de-la-presse-declaration-de-la-haute-representante-au-nom-de-lunion-europeenne\/\" \/>\n<meta property=\"og:locale\" content=\"fr_FR\" \/>\n<meta property=\"og:type\" content=\"article\" \/>\n<meta property=\"og:title\" content=\"Journ\u00e9e mondiale de la libert\u00e9 de la presse\u00a0: D\u00e9claration de la Haute Repr\u00e9sentante au nom de l\u2019Union europ\u00e9enne - Voisins de l&#039;UE\" \/>\n<meta property=\"og:description\" content=\"Les combats men\u00e9s par Radio Free Europe\/Radio Liberty cette ann\u00e9e, ainsi que la pression exerc\u00e9e sur de nombreux autres m\u00e9dias \u00e0 travers le monde, soulignent les immenses risques auxquels sont confront\u00e9s les m\u00e9dias libres et ind\u00e9pendants en 2025. Les coupes budg\u00e9taires massives, aggrav\u00e9es par une r\u00e9pression politique croissante et une violence croissante envers les journalistes, [&hellip;]\" \/>\n<meta property=\"og:url\" content=\"https:\/\/www.eumedbridge.eu\/fr\/news\/journee-mondiale-de-la-liberte-de-la-presse-declaration-de-la-haute-representante-au-nom-de-lunion-europeenne\/\" \/>\n<meta property=\"og:site_name\" content=\"Voisins de l&#039;UE\" \/>\n<meta property=\"article:publisher\" content=\"https:\/\/www.facebook.com\/eumedbridge\/\" \/>\n<meta property=\"og:image\" content=\"https:\/\/www.eumedbridge.eu\/wp-content\/uploads\/2024\/09\/HD-wallpaper-flag-of-european-union-eu-europe-european-union-blue-silk-flag-eu-flag.jpg\" \/>\n\t<meta property=\"og:image:width\" content=\"800\" \/>\n\t<meta property=\"og:image:height\" content=\"500\" \/>\n\t<meta property=\"og:image:type\" content=\"image\/jpeg\" \/>\n<meta name=\"twitter:card\" content=\"summary_large_image\" \/>\n<meta name=\"twitter:site\" content=\"@eumedbridge\" \/>\n<meta name=\"twitter:label1\" content=\"Dur\u00e9e de lecture estim\u00e9e\" \/>\n\t<meta name=\"twitter:data1\" content=\"2 minutes\" \/>\n<script type=\"application\/ld+json\" class=\"yoast-schema-graph\">{\"@context\":\"https:\/\/schema.org\",\"@graph\":[{\"@type\":\"WebPage\",\"@id\":\"https:\/\/www.eumedbridge.eu\/fr\/news\/journee-mondiale-de-la-liberte-de-la-presse-declaration-de-la-haute-representante-au-nom-de-lunion-europeenne\/\",\"url\":\"https:\/\/www.eumedbridge.eu\/fr\/news\/journee-mondiale-de-la-liberte-de-la-presse-declaration-de-la-haute-representante-au-nom-de-lunion-europeenne\/\",\"name\":\"Journ\u00e9e mondiale de la libert\u00e9 de la presse\u00a0: D\u00e9claration de la Haute Repr\u00e9sentante au nom de l\u2019Union europ\u00e9enne - Voisins de l'UE\",\"isPartOf\":{\"@id\":\"https:\/\/www.eumedbridge.eu\/#website\"},\"primaryImageOfPage\":{\"@id\":\"https:\/\/www.eumedbridge.eu\/fr\/news\/journee-mondiale-de-la-liberte-de-la-presse-declaration-de-la-haute-representante-au-nom-de-lunion-europeenne\/#primaryimage\"},\"image\":{\"@id\":\"https:\/\/www.eumedbridge.eu\/fr\/news\/journee-mondiale-de-la-liberte-de-la-presse-declaration-de-la-haute-representante-au-nom-de-lunion-europeenne\/#primaryimage\"},\"thumbnailUrl\":\"https:\/\/www.eumedbridge.eu\/wp-content\/uploads\/2024\/09\/HD-wallpaper-flag-of-european-union-eu-europe-european-union-blue-silk-flag-eu-flag.jpg\",\"datePublished\":\"2025-05-07T12:54:40+00:00\",\"breadcrumb\":{\"@id\":\"https:\/\/www.eumedbridge.eu\/fr\/news\/journee-mondiale-de-la-liberte-de-la-presse-declaration-de-la-haute-representante-au-nom-de-lunion-europeenne\/#breadcrumb\"},\"inLanguage\":\"fr-FR\",\"potentialAction\":[{\"@type\":\"ReadAction\",\"target\":[\"https:\/\/www.eumedbridge.eu\/fr\/news\/journee-mondiale-de-la-liberte-de-la-presse-declaration-de-la-haute-representante-au-nom-de-lunion-europeenne\/\"]}]},{\"@type\":\"ImageObject\",\"inLanguage\":\"fr-FR\",\"@id\":\"https:\/\/www.eumedbridge.eu\/fr\/news\/journee-mondiale-de-la-liberte-de-la-presse-declaration-de-la-haute-representante-au-nom-de-lunion-europeenne\/#primaryimage\",\"url\":\"https:\/\/www.eumedbridge.eu\/wp-content\/uploads\/2024\/09\/HD-wallpaper-flag-of-european-union-eu-europe-european-union-blue-silk-flag-eu-flag.jpg\",\"contentUrl\":\"https:\/\/www.eumedbridge.eu\/wp-content\/uploads\/2024\/09\/HD-wallpaper-flag-of-european-union-eu-europe-european-union-blue-silk-flag-eu-flag.jpg\",\"width\":800,\"height\":500},{\"@type\":\"BreadcrumbList\",\"@id\":\"https:\/\/www.eumedbridge.eu\/fr\/news\/journee-mondiale-de-la-liberte-de-la-presse-declaration-de-la-haute-representante-au-nom-de-lunion-europeenne\/#breadcrumb\",\"itemListElement\":[{\"@type\":\"ListItem\",\"position\":1,\"name\":\"Home\",\"item\":\"https:\/\/www.eumedbridge.eu\/fr\/home-page\/\"},{\"@type\":\"ListItem\",\"position\":2,\"name\":\"Actualit\u00e9s\",\"item\":\"https:\/\/www.eumedbridge.eu\/fr\/news\/\"},{\"@type\":\"ListItem\",\"position\":3,\"name\":\"Journ\u00e9e mondiale de la libert\u00e9 de la presse\u00a0: D\u00e9claration de la Haute Repr\u00e9sentante au nom de l\u2019Union europ\u00e9enne\"}]},{\"@type\":\"WebSite\",\"@id\":\"https:\/\/www.eumedbridge.eu\/#website\",\"url\":\"https:\/\/www.eumedbridge.eu\/\",\"name\":\"EU Medbridge\",\"description\":\"\",\"publisher\":{\"@id\":\"https:\/\/www.eumedbridge.eu\/#organization\"},\"potentialAction\":[{\"@type\":\"SearchAction\",\"target\":{\"@type\":\"EntryPoint\",\"urlTemplate\":\"https:\/\/www.eumedbridge.eu\/?s={search_term_string}\"},\"query-input\":{\"@type\":\"PropertyValueSpecification\",\"valueRequired\":true,\"valueName\":\"search_term_string\"}}],\"inLanguage\":\"fr-FR\"},{\"@type\":\"Organization\",\"@id\":\"https:\/\/www.eumedbridge.eu\/#organization\",\"name\":\"EU Medbridge\",\"url\":\"https:\/\/www.eumedbridge.eu\/\",\"logo\":{\"@type\":\"ImageObject\",\"inLanguage\":\"fr-FR\",\"@id\":\"https:\/\/www.eumedbridge.eu\/#\/schema\/logo\/image\/\",\"url\":\"https:\/\/www.eumedbridge.eu\/wp-content\/uploads\/2021\/12\/Logo.png\",\"contentUrl\":\"https:\/\/www.eumedbridge.eu\/wp-content\/uploads\/2021\/12\/Logo.png\",\"width\":325,\"height\":114,\"caption\":\"EU Medbridge\"},\"image\":{\"@id\":\"https:\/\/www.eumedbridge.eu\/#\/schema\/logo\/image\/\"},\"sameAs\":[\"https:\/\/www.facebook.com\/eumedbridge\/\",\"https:\/\/x.com\/eumedbridge\",\"https:\/\/www.linkedin.com\/company\/eumedbridge\",\"https:\/\/www.youtube.com\/@eumedbridge\",\"https:\/\/www.instagram.com\/eumedbridge\",\"https:\/\/www.flickr.com\/photos\/euneighbours-south\/\"]}]}<\/script>\n<!-- \/ Yoast SEO plugin. -->","yoast_head_json":{"title":"Journ\u00e9e mondiale de la libert\u00e9 de la presse\u00a0: D\u00e9claration de la Haute Repr\u00e9sentante au nom de l\u2019Union europ\u00e9enne - Voisins de l'UE","robots":{"index":"index","follow":"follow","max-snippet":"max-snippet:-1","max-image-preview":"max-image-preview:large","max-video-preview":"max-video-preview:-1"},"canonical":"https:\/\/www.eumedbridge.eu\/fr\/news\/journee-mondiale-de-la-liberte-de-la-presse-declaration-de-la-haute-representante-au-nom-de-lunion-europeenne\/","og_locale":"fr_FR","og_type":"article","og_title":"Journ\u00e9e mondiale de la libert\u00e9 de la presse\u00a0: D\u00e9claration de la Haute Repr\u00e9sentante au nom de l\u2019Union europ\u00e9enne - Voisins de l'UE","og_description":"Les combats men\u00e9s par Radio Free Europe\/Radio Liberty cette ann\u00e9e, ainsi que la pression exerc\u00e9e sur de nombreux autres m\u00e9dias \u00e0 travers le monde, soulignent les immenses risques auxquels sont confront\u00e9s les m\u00e9dias libres et ind\u00e9pendants en 2025. Les coupes budg\u00e9taires massives, aggrav\u00e9es par une r\u00e9pression politique croissante et une violence croissante envers les journalistes, [&hellip;]","og_url":"https:\/\/www.eumedbridge.eu\/fr\/news\/journee-mondiale-de-la-liberte-de-la-presse-declaration-de-la-haute-representante-au-nom-de-lunion-europeenne\/","og_site_name":"Voisins de l'UE","article_publisher":"https:\/\/www.facebook.com\/eumedbridge\/","og_image":[{"width":800,"height":500,"url":"https:\/\/www.eumedbridge.eu\/wp-content\/uploads\/2024\/09\/HD-wallpaper-flag-of-european-union-eu-europe-european-union-blue-silk-flag-eu-flag.jpg","type":"image\/jpeg"}],"twitter_card":"summary_large_image","twitter_site":"@eumedbridge","twitter_misc":{"Dur\u00e9e de lecture estim\u00e9e":"2 minutes"},"schema":{"@context":"https:\/\/schema.org","@graph":[{"@type":"WebPage","@id":"https:\/\/www.eumedbridge.eu\/fr\/news\/journee-mondiale-de-la-liberte-de-la-presse-declaration-de-la-haute-representante-au-nom-de-lunion-europeenne\/","url":"https:\/\/www.eumedbridge.eu\/fr\/news\/journee-mondiale-de-la-liberte-de-la-presse-declaration-de-la-haute-representante-au-nom-de-lunion-europeenne\/","name":"Journ\u00e9e mondiale de la libert\u00e9 de la presse\u00a0: D\u00e9claration de la Haute Repr\u00e9sentante au nom de l\u2019Union europ\u00e9enne - Voisins de l'UE","isPartOf":{"@id":"https:\/\/www.eumedbridge.eu\/#website"},"primaryImageOfPage":{"@id":"https:\/\/www.eumedbridge.eu\/fr\/news\/journee-mondiale-de-la-liberte-de-la-presse-declaration-de-la-haute-representante-au-nom-de-lunion-europeenne\/#primaryimage"},"image":{"@id":"https:\/\/www.eumedbridge.eu\/fr\/news\/journee-mondiale-de-la-liberte-de-la-presse-declaration-de-la-haute-representante-au-nom-de-lunion-europeenne\/#primaryimage"},"thumbnailUrl":"https:\/\/www.eumedbridge.eu\/wp-content\/uploads\/2024\/09\/HD-wallpaper-flag-of-european-union-eu-europe-european-union-blue-silk-flag-eu-flag.jpg","datePublished":"2025-05-07T12:54:40+00:00","breadcrumb":{"@id":"https:\/\/www.eumedbridge.eu\/fr\/news\/journee-mondiale-de-la-liberte-de-la-presse-declaration-de-la-haute-representante-au-nom-de-lunion-europeenne\/#breadcrumb"},"inLanguage":"fr-FR","potentialAction":[{"@type":"ReadAction","target":["https:\/\/www.eumedbridge.eu\/fr\/news\/journee-mondiale-de-la-liberte-de-la-presse-declaration-de-la-haute-representante-au-nom-de-lunion-europeenne\/"]}]},{"@type":"ImageObject","inLanguage":"fr-FR","@id":"https:\/\/www.eumedbridge.eu\/fr\/news\/journee-mondiale-de-la-liberte-de-la-presse-declaration-de-la-haute-representante-au-nom-de-lunion-europeenne\/#primaryimage","url":"https:\/\/www.eumedbridge.eu\/wp-content\/uploads\/2024\/09\/HD-wallpaper-flag-of-european-union-eu-europe-european-union-blue-silk-flag-eu-flag.jpg","contentUrl":"https:\/\/www.eumedbridge.eu\/wp-content\/uploads\/2024\/09\/HD-wallpaper-flag-of-european-union-eu-europe-european-union-blue-silk-flag-eu-flag.jpg","width":800,"height":500},{"@type":"BreadcrumbList","@id":"https:\/\/www.eumedbridge.eu\/fr\/news\/journee-mondiale-de-la-liberte-de-la-presse-declaration-de-la-haute-representante-au-nom-de-lunion-europeenne\/#breadcrumb","itemListElement":[{"@type":"ListItem","position":1,"name":"Home","item":"https:\/\/www.eumedbridge.eu\/fr\/home-page\/"},{"@type":"ListItem","position":2,"name":"Actualit\u00e9s","item":"https:\/\/www.eumedbridge.eu\/fr\/news\/"},{"@type":"ListItem","position":3,"name":"Journ\u00e9e mondiale de la libert\u00e9 de la presse\u00a0: D\u00e9claration de la Haute Repr\u00e9sentante au nom de l\u2019Union europ\u00e9enne"}]},{"@type":"WebSite","@id":"https:\/\/www.eumedbridge.eu\/#website","url":"https:\/\/www.eumedbridge.eu\/","name":"EU Medbridge","description":"","publisher":{"@id":"https:\/\/www.eumedbridge.eu\/#organization"},"potentialAction":[{"@type":"SearchAction","target":{"@type":"EntryPoint","urlTemplate":"https:\/\/www.eumedbridge.eu\/?s={search_term_string}"},"query-input":{"@type":"PropertyValueSpecification","valueRequired":true,"valueName":"search_term_string"}}],"inLanguage":"fr-FR"},{"@type":"Organization","@id":"https:\/\/www.eumedbridge.eu\/#organization","name":"EU Medbridge","url":"https:\/\/www.eumedbridge.eu\/","logo":{"@type":"ImageObject","inLanguage":"fr-FR","@id":"https:\/\/www.eumedbridge.eu\/#\/schema\/logo\/image\/","url":"https:\/\/www.eumedbridge.eu\/wp-content\/uploads\/2021\/12\/Logo.png","contentUrl":"https:\/\/www.eumedbridge.eu\/wp-content\/uploads\/2021\/12\/Logo.png","width":325,"height":114,"caption":"EU Medbridge"},"image":{"@id":"https:\/\/www.eumedbridge.eu\/#\/schema\/logo\/image\/"},"sameAs":["https:\/\/www.facebook.com\/eumedbridge\/","https:\/\/x.com\/eumedbridge","https:\/\/www.linkedin.com\/company\/eumedbridge","https:\/\/www.youtube.com\/@eumedbridge","https:\/\/www.instagram.com\/eumedbridge","https:\/\/www.flickr.com\/photos\/euneighbours-south\/"]}]}},"_links":{"self":[{"href":"https:\/\/www.eumedbridge.eu\/fr\/wp-json\/wp\/v2\/news\/238941","targetHints":{"allow":["GET"]}}],"collection":[{"href":"https:\/\/www.eumedbridge.eu\/fr\/wp-json\/wp\/v2\/news"}],"about":[{"href":"https:\/\/www.eumedbridge.eu\/fr\/wp-json\/wp\/v2\/types\/news"}],"wp:featuredmedia":[{"embeddable":true,"href":"https:\/\/www.eumedbridge.eu\/fr\/wp-json\/wp\/v2\/media\/232184"}],"wp:attachment":[{"href":"https:\/\/www.eumedbridge.eu\/fr\/wp-json\/wp\/v2\/media?parent=238941"}],"wp:term":[{"taxonomy":"news_category","embeddable":true,"href":"https:\/\/www.eumedbridge.eu\/fr\/wp-json\/wp\/v2\/news_category?post=238941"},{"taxonomy":"country","embeddable":true,"href":"https:\/\/www.eumedbridge.eu\/fr\/wp-json\/wp\/v2\/country?post=238941"},{"taxonomy":"special_action","embeddable":true,"href":"https:\/\/www.eumedbridge.eu\/fr\/wp-json\/wp\/v2\/special_action?post=238941"},{"taxonomy":"custom_tag","embeddable":true,"href":"https:\/\/www.eumedbridge.eu\/fr\/wp-json\/wp\/v2\/custom_tag?post=238941"}],"curies":[{"name":"wp","href":"https:\/\/api.w.org\/{rel}","templated":true}]}}